{"id":51004,"date":"2016-05-21T14:13:40","date_gmt":"2016-05-21T13:13:40","guid":{"rendered":"http:\/\/kapitalis.com\/tunisie\/?p=51004"},"modified":"2016-05-21T14:13:40","modified_gmt":"2016-05-21T13:13:40","slug":"le-grand-frere-redonne-lespoir-aux-enfants-demunis","status":"publish","type":"post","link":"https:\/\/kapitalis.com\/tunisie\/2016\/05\/21\/le-grand-frere-redonne-lespoir-aux-enfants-demunis\/","title":{"rendered":"\u00ab Le Grand Fr\u00e8re \u00bb redonne l\u2019espoir aux enfants d\u00e9munis"},"content":{"rendered":"<p><img loading=\"lazy\" decoding=\"async\" class=\"alignnone size-full wp-image-51005 aligncenter\" src=\"http:\/\/kapitalis.com\/tunisie\/wp-content\/uploads\/2016\/05\/Le-Grand-Frere.jpg\" alt=\"Le-Grand-Frere\" width=\"626\" height=\"380\" \/><\/p>\n<p><em><strong>Cr\u00e9\u00e9e il y a deux ans, l\u2019association \u00ab Le Grand Fr\u00e8re \u00bb offre une prise en charge r\u00e9guli\u00e8re et durable aux enfants d\u2019\u00e2ge scolaire, vivant au dessous du seuil de la pauvret\u00e9.<\/strong><\/em><\/p>\n<p><!--more--><\/p>\n<p>Comme l\u2019affirme l\u2019un des membres fondateurs de cette association, Radhouane Gharbi, <em>\u00abl\u2019enfant, surtout lorsqu\u2019il est issu d\u2019une famille aux revenus pr\u00e9caires, a besoin de s\u2019affirmer, de cr\u00e9er et d\u2019\u00eatre optimiste. Notre mission est de l\u2019aider et de le soutenir afin qu\u2019il puisse profiter de son quotidien et r\u00eaver d\u2019un futur plus serein\u00bb.<\/em><\/p>\n<p>Pour venir en aide aux enfants n\u00e9cessiteux, les membres de l\u2019association organisent des actions sociales et assurent une prise en charge mat\u00e9rielle et psychologique de ces enfants.<\/p>\n<p>Les adh\u00e9rents de l\u2019association sont r\u00e9partis en deux cat\u00e9gories : les membres actifs qui choisissent et prennent en charge les familles et les parrains qui assurent une aide mat\u00e9rielle \u00e0 travers une somme mensuelle pay\u00e9e pour l\u2019une des familles affili\u00e9es \u00e0 l\u2019association.<br \/>\nActuellement, une dizaine de familles \u00e0 Tunis et six autres de la r\u00e9gion de Bizerte sont pris en charge par l\u2019association. <em>\u00abNotre aide et notre assistance ont permis de sauver des vies humaines de la d\u00e9tresse, de l\u2019absence de perspectives et de l\u2019\u00e9chec et leur a donn\u00e9 de l\u2019espoir en l\u2019avenir. Notre objectif est d\u2019encadrer un plus grand nombre de familles n\u00e9cessiteuses<\/em>\u00bb, a encore indiqu\u00e9, \u00e0 ce propos, Radhouane Gharbi.<\/p>\n<p>Outre l\u2019apport financier des parrains, des \u00e9v\u00e9nements caritatifs sont organis\u00e9s \u00e0 cet effet par l\u2019association. Le prochain en date a lieu ce weekend \u00e0 travers une une belle exposition d\u2019aquarelles, acryliques et peintures \u00e0 l\u2019huile r\u00e9alis\u00e9es par le talentueux peintre Chaher Mejri.<\/p>\n<p>L\u2019exposition est pr\u00e9vue au hall de l\u2019Institut Rachidia, \u00e0 la Kasbah, dans la m\u00e9dina de Tunis. La vente des \u0153uvres expos\u00e9es sera au b\u00e9n\u00e9fice de l\u2019association, qui utilisera les recettes ainsi r\u00e9alis\u00e9es pour financer son action la plus importante : les prix de fin d\u2019ann\u00e9e pour les petits fr\u00e8res.<br \/>\nCeux qui d\u00e9sirent soutenir cet \u00e9v\u00e9nement peuvent consulter la page Facebook de l\u2019association Le grand fr\u00e8re\/tunisie &#8211; \u062e\u0648\u064a\u0627 \u0627\u0644\u0643\u0628\u064a\u0631 ou s\u2019informer par mail envoy\u00e9 \u00e0 l\u2019adresse suivante : legrandfrere1@gmail.com. Un num\u00e9ro de t\u00e9l\u00e9phone est \u00e9galement mis \u00e0 leur disposition le 53.368.763.<\/p>\n<p><em><strong>Source<\/strong><\/em> : communiqu\u00e9.<\/p>\n","protected":false},"excerpt":{"rendered":"<p>Cr\u00e9\u00e9e il y a deux ans, l\u2019association \u00ab Le Grand Fr\u00e8re \u00bb offre une prise en charge r\u00e9guli\u00e8re et durable aux enfants d\u2019\u00e2ge scolaire, vivant au dessous du seuil de la pauvret\u00e9.<\/p>\n","protected":false},"author":8,"featured_media":51005,"comment_status":"open","ping_status":"open","sticky":false,"template":"","format":"standard","meta":{"footnotes":""},"categories":[998,2433],"tags":[95],"class_list":["post-51004","post","type-post","status-publish","format-standard","has-post-thumbnail","hentry","category-societe","category-tunisie","tag-association"],"yoast_head":"<!-- This site is optimized with the Yoast SEO plugin v26.6 - https:\/\/yoast.com\/wordpress\/plugins\/seo\/ -->\n<title>\u00ab Le Grand Fr\u00e8re \u00bb redonne l\u2019espoir aux enfants d\u00e9munis - Kapitalis<\/title>\n<meta name=\"robots\" content=\"index, follow, max-snippet:-1, max-image-preview:large, max-video-preview:-1\" \/>\n<link rel=\"canonical\" href=\"https:\/\/kapitalis.com\/tunisie\/2016\/05\/21\/le-grand-frere-redonne-lespoir-aux-enfants-demunis\/\" \/>\n<meta property=\"og:locale\" content=\"fr_FR\" \/>\n<meta property=\"og:type\" content=\"article\" \/>\n<meta property=\"og:title\" content=\"\u00ab Le Grand Fr\u00e8re \u00bb redonne l\u2019espoir aux enfants d\u00e9munis - Kapitalis\" \/>\n<meta property=\"og:description\" content=\"Cr\u00e9\u00e9e il y a deux ans, l\u2019association \u00ab Le Grand Fr\u00e8re \u00bb offre une prise en charge r\u00e9guli\u00e8re et durable aux enfants d\u2019\u00e2ge scolaire, vivant au dessous du seuil de la pauvret\u00e9.\" \/>\n<meta property=\"og:url\" content=\"https:\/\/kapitalis.com\/tunisie\/2016\/05\/21\/le-grand-frere-redonne-lespoir-aux-enfants-demunis\/\" \/>\n<meta property=\"og:site_name\" content=\"Kapitalis\" \/>\n<meta property=\"article:publisher\" content=\"https:\/\/www.facebook.com\/KapitalisInfo\/\" \/>\n<meta property=\"article:published_time\" content=\"2016-05-21T13:13:40+00:00\" \/>\n<meta property=\"og:image\" content=\"https:\/\/kapitalis.com\/tunisie\/wp-content\/uploads\/2022\/05\/kapitalis-logo-fb.png\" \/>\n\t<meta property=\"og:image:width\" content=\"1200\" \/>\n\t<meta property=\"og:image:height\" content=\"630\" \/>\n\t<meta property=\"og:image:type\" content=\"image\/png\" \/>\n<meta name=\"author\" content=\"webmaster kapitalis\" \/>\n<meta name=\"twitter:card\" content=\"summary_large_image\" \/>\n<meta name=\"twitter:creator\" content=\"@KapitalisInfo\" \/>\n<meta name=\"twitter:site\" content=\"@KapitalisInfo\" \/>\n<meta name=\"twitter:label1\" content=\"\u00c9crit par\" \/>\n\t<meta name=\"twitter:data1\" content=\"webmaster kapitalis\" \/>\n\t<meta name=\"twitter:label2\" content=\"Dur\u00e9e de lecture estim\u00e9e\" \/>\n\t<meta name=\"twitter:data2\" content=\"2 minutes\" \/>\n<script type=\"application\/ld+json\" class=\"yoast-schema-graph\">{\"@context\":\"https:\/\/schema.org\",\"@graph\":[{\"@type\":\"Article\",\"@id\":\"https:\/\/kapitalis.com\/tunisie\/2016\/05\/21\/le-grand-frere-redonne-lespoir-aux-enfants-demunis\/#article\",\"isPartOf\":{\"@id\":\"https:\/\/kapitalis.com\/tunisie\/2016\/05\/21\/le-grand-frere-redonne-lespoir-aux-enfants-demunis\/\"},\"author\":{\"name\":\"webmaster kapitalis\",\"@id\":\"https:\/\/kapitalis.com\/tunisie\/#\/schema\/person\/d71f33a9ca44f7bad4698210b480c8e9\"},\"headline\":\"\u00ab Le Grand Fr\u00e8re \u00bb redonne l\u2019espoir aux enfants d\u00e9munis\",\"datePublished\":\"2016-05-21T13:13:40+00:00\",\"mainEntityOfPage\":{\"@id\":\"https:\/\/kapitalis.com\/tunisie\/2016\/05\/21\/le-grand-frere-redonne-lespoir-aux-enfants-demunis\/\"},\"wordCount\":423,\"commentCount\":0,\"publisher\":{\"@id\":\"https:\/\/kapitalis.com\/tunisie\/#organization\"},\"image\":{\"@id\":\"https:\/\/kapitalis.com\/tunisie\/2016\/05\/21\/le-grand-frere-redonne-lespoir-aux-enfants-demunis\/#primaryimage\"},\"thumbnailUrl\":\"\",\"keywords\":[\"association\"],\"articleSection\":[\"SOCIETE\",\"Tunisie\"],\"inLanguage\":\"fr-FR\",\"potentialAction\":[{\"@type\":\"CommentAction\",\"name\":\"Comment\",\"target\":[\"https:\/\/kapitalis.com\/tunisie\/2016\/05\/21\/le-grand-frere-redonne-lespoir-aux-enfants-demunis\/#respond\"]}]},{\"@type\":\"WebPage\",\"@id\":\"https:\/\/kapitalis.com\/tunisie\/2016\/05\/21\/le-grand-frere-redonne-lespoir-aux-enfants-demunis\/\",\"url\":\"https:\/\/kapitalis.com\/tunisie\/2016\/05\/21\/le-grand-frere-redonne-lespoir-aux-enfants-demunis\/\",\"name\":\"\u00ab Le Grand Fr\u00e8re \u00bb redonne l\u2019espoir aux enfants d\u00e9munis - Kapitalis\",\"isPartOf\":{\"@id\":\"https:\/\/kapitalis.com\/tunisie\/#website\"},\"primaryImageOfPage\":{\"@id\":\"https:\/\/kapitalis.com\/tunisie\/2016\/05\/21\/le-grand-frere-redonne-lespoir-aux-enfants-demunis\/#primaryimage\"},\"image\":{\"@id\":\"https:\/\/kapitalis.com\/tunisie\/2016\/05\/21\/le-grand-frere-redonne-lespoir-aux-enfants-demunis\/#primaryimage\"},\"thumbnailUrl\":\"\",\"datePublished\":\"2016-05-21T13:13:40+00:00\",\"breadcrumb\":{\"@id\":\"https:\/\/kapitalis.com\/tunisie\/2016\/05\/21\/le-grand-frere-redonne-lespoir-aux-enfants-demunis\/#breadcrumb\"},\"inLanguage\":\"fr-FR\",\"potentialAction\":[{\"@type\":\"ReadAction\",\"target\":[\"https:\/\/kapitalis.com\/tunisie\/2016\/05\/21\/le-grand-frere-redonne-lespoir-aux-enfants-demunis\/\"]}]},{\"@type\":\"ImageObject\",\"inLanguage\":\"fr-FR\",\"@id\":\"https:\/\/kapitalis.com\/tunisie\/2016\/05\/21\/le-grand-frere-redonne-lespoir-aux-enfants-demunis\/#primaryimage\",\"url\":\"\",\"contentUrl\":\"\"},{\"@type\":\"BreadcrumbList\",\"@id\":\"https:\/\/kapitalis.com\/tunisie\/2016\/05\/21\/le-grand-frere-redonne-lespoir-aux-enfants-demunis\/#breadcrumb\",\"itemListElement\":[{\"@type\":\"ListItem\",\"position\":1,\"name\":\"Accueil\",\"item\":\"https:\/\/kapitalis.com\/tunisie\/\"},{\"@type\":\"ListItem\",\"position\":2,\"name\":\"\u00ab Le Grand Fr\u00e8re \u00bb redonne l\u2019espoir aux enfants d\u00e9munis\"}]},{\"@type\":\"WebSite\",\"@id\":\"https:\/\/kapitalis.com\/tunisie\/#website\",\"url\":\"https:\/\/kapitalis.com\/tunisie\/\",\"name\":\"Kapitalis\",\"description\":\"L&#039;actualit\u00e9 en Tunisie et dans le monde\",\"publisher\":{\"@id\":\"https:\/\/kapitalis.com\/tunisie\/#organization\"},\"potentialAction\":[{\"@type\":\"SearchAction\",\"target\":{\"@type\":\"EntryPoint\",\"urlTemplate\":\"https:\/\/kapitalis.com\/tunisie\/?s={search_term_string}\"},\"query-input\":{\"@type\":\"PropertyValueSpecification\",\"valueRequired\":true,\"valueName\":\"search_term_string\"}}],\"inLanguage\":\"fr-FR\"},{\"@type\":\"Organization\",\"@id\":\"https:\/\/kapitalis.com\/tunisie\/#organization\",\"name\":\"Kapitalis\",\"url\":\"https:\/\/kapitalis.com\/tunisie\/\",\"logo\":{\"@type\":\"ImageObject\",\"inLanguage\":\"fr-FR\",\"@id\":\"https:\/\/kapitalis.com\/tunisie\/#\/schema\/logo\/image\/\",\"url\":\"https:\/\/kapitalis.com\/tunisie\/wp-content\/uploads\/2022\/05\/Kapitalis-big-size.png\",\"contentUrl\":\"https:\/\/kapitalis.com\/tunisie\/wp-content\/uploads\/2022\/05\/Kapitalis-big-size.png\",\"width\":5000,\"height\":1500,\"caption\":\"Kapitalis\"},\"image\":{\"@id\":\"https:\/\/kapitalis.com\/tunisie\/#\/schema\/logo\/image\/\"},\"sameAs\":[\"https:\/\/www.facebook.com\/KapitalisInfo\/\",\"https:\/\/x.com\/KapitalisInfo\",\"https:\/\/www.youtube.com\/channel\/UC-yDYrHyfFBWWZaOw3FPg9Q\"]},{\"@type\":\"Person\",\"@id\":\"https:\/\/kapitalis.com\/tunisie\/#\/schema\/person\/d71f33a9ca44f7bad4698210b480c8e9\",\"name\":\"webmaster kapitalis\",\"url\":\"https:\/\/kapitalis.com\/tunisie\/author\/webmaster-kapitalis\/\"}]}<\/script>\n<!-- \/ Yoast SEO plugin. -->","yoast_head_json":{"title":"\u00ab Le Grand Fr\u00e8re \u00bb redonne l\u2019espoir aux enfants d\u00e9munis - Kapitalis","robots":{"index":"index","follow":"follow","max-snippet":"max-snippet:-1","max-image-preview":"max-image-preview:large","max-video-preview":"max-video-preview:-1"},"canonical":"https:\/\/kapitalis.com\/tunisie\/2016\/05\/21\/le-grand-frere-redonne-lespoir-aux-enfants-demunis\/","og_locale":"fr_FR","og_type":"article","og_title":"\u00ab Le Grand Fr\u00e8re \u00bb redonne l\u2019espoir aux enfants d\u00e9munis - Kapitalis","og_description":"Cr\u00e9\u00e9e il y a deux ans, l\u2019association \u00ab Le Grand Fr\u00e8re \u00bb offre une prise en charge r\u00e9guli\u00e8re et durable aux enfants d\u2019\u00e2ge scolaire, vivant au dessous du seuil de la pauvret\u00e9.","og_url":"https:\/\/kapitalis.com\/tunisie\/2016\/05\/21\/le-grand-frere-redonne-lespoir-aux-enfants-demunis\/","og_site_name":"Kapitalis","article_publisher":"https:\/\/www.facebook.com\/KapitalisInfo\/","article_published_time":"2016-05-21T13:13:40+00:00","og_image":[{"width":1200,"height":630,"url":"https:\/\/kapitalis.com\/tunisie\/wp-content\/uploads\/2022\/05\/kapitalis-logo-fb.png","type":"image\/png"}],"author":"webmaster kapitalis","twitter_card":"summary_large_image","twitter_creator":"@KapitalisInfo","twitter_site":"@KapitalisInfo","twitter_misc":{"\u00c9crit par":"webmaster kapitalis","Dur\u00e9e de lecture estim\u00e9e":"2 minutes"},"schema":{"@context":"https:\/\/schema.org","@graph":[{"@type":"Article","@id":"https:\/\/kapitalis.com\/tunisie\/2016\/05\/21\/le-grand-frere-redonne-lespoir-aux-enfants-demunis\/#article","isPartOf":{"@id":"https:\/\/kapitalis.com\/tunisie\/2016\/05\/21\/le-grand-frere-redonne-lespoir-aux-enfants-demunis\/"},"author":{"name":"webmaster kapitalis","@id":"https:\/\/kapitalis.com\/tunisie\/#\/schema\/person\/d71f33a9ca44f7bad4698210b480c8e9"},"headline":"\u00ab Le Grand Fr\u00e8re \u00bb redonne l\u2019espoir aux enfants d\u00e9munis","datePublished":"2016-05-21T13:13:40+00:00","mainEntityOfPage":{"@id":"https:\/\/kapitalis.com\/tunisie\/2016\/05\/21\/le-grand-frere-redonne-lespoir-aux-enfants-demunis\/"},"wordCount":423,"commentCount":0,"publisher":{"@id":"https:\/\/kapitalis.com\/tunisie\/#organization"},"image":{"@id":"https:\/\/kapitalis.com\/tunisie\/2016\/05\/21\/le-grand-frere-redonne-lespoir-aux-enfants-demunis\/#primaryimage"},"thumbnailUrl":"","keywords":["association"],"articleSection":["SOCIETE","Tunisie"],"inLanguage":"fr-FR","potentialAction":[{"@type":"CommentAction","name":"Comment","target":["https:\/\/kapitalis.com\/tunisie\/2016\/05\/21\/le-grand-frere-redonne-lespoir-aux-enfants-demunis\/#respond"]}]},{"@type":"WebPage","@id":"https:\/\/kapitalis.com\/tunisie\/2016\/05\/21\/le-grand-frere-redonne-lespoir-aux-enfants-demunis\/","url":"https:\/\/kapitalis.com\/tunisie\/2016\/05\/21\/le-grand-frere-redonne-lespoir-aux-enfants-demunis\/","name":"\u00ab Le Grand Fr\u00e8re \u00bb redonne l\u2019espoir aux enfants d\u00e9munis - Kapitalis","isPartOf":{"@id":"https:\/\/kapitalis.com\/tunisie\/#website"},"primaryImageOfPage":{"@id":"https:\/\/kapitalis.com\/tunisie\/2016\/05\/21\/le-grand-frere-redonne-lespoir-aux-enfants-demunis\/#primaryimage"},"image":{"@id":"https:\/\/kapitalis.com\/tunisie\/2016\/05\/21\/le-grand-frere-redonne-lespoir-aux-enfants-demunis\/#primaryimage"},"thumbnailUrl":"","datePublished":"2016-05-21T13:13:40+00:00","breadcrumb":{"@id":"https:\/\/kapitalis.com\/tunisie\/2016\/05\/21\/le-grand-frere-redonne-lespoir-aux-enfants-demunis\/#breadcrumb"},"inLanguage":"fr-FR","potentialAction":[{"@type":"ReadAction","target":["https:\/\/kapitalis.com\/tunisie\/2016\/05\/21\/le-grand-frere-redonne-lespoir-aux-enfants-demunis\/"]}]},{"@type":"ImageObject","inLanguage":"fr-FR","@id":"https:\/\/kapitalis.com\/tunisie\/2016\/05\/21\/le-grand-frere-redonne-lespoir-aux-enfants-demunis\/#primaryimage","url":"","contentUrl":""},{"@type":"BreadcrumbList","@id":"https:\/\/kapitalis.com\/tunisie\/2016\/05\/21\/le-grand-frere-redonne-lespoir-aux-enfants-demunis\/#breadcrumb","itemListElement":[{"@type":"ListItem","position":1,"name":"Accueil","item":"https:\/\/kapitalis.com\/tunisie\/"},{"@type":"ListItem","position":2,"name":"\u00ab Le Grand Fr\u00e8re \u00bb redonne l\u2019espoir aux enfants d\u00e9munis"}]},{"@type":"WebSite","@id":"https:\/\/kapitalis.com\/tunisie\/#website","url":"https:\/\/kapitalis.com\/tunisie\/","name":"Kapitalis","description":"L&#039;actualit\u00e9 en Tunisie et dans le monde","publisher":{"@id":"https:\/\/kapitalis.com\/tunisie\/#organization"},"potentialAction":[{"@type":"SearchAction","target":{"@type":"EntryPoint","urlTemplate":"https:\/\/kapitalis.com\/tunisie\/?s={search_term_string}"},"query-input":{"@type":"PropertyValueSpecification","valueRequired":true,"valueName":"search_term_string"}}],"inLanguage":"fr-FR"},{"@type":"Organization","@id":"https:\/\/kapitalis.com\/tunisie\/#organization","name":"Kapitalis","url":"https:\/\/kapitalis.com\/tunisie\/","logo":{"@type":"ImageObject","inLanguage":"fr-FR","@id":"https:\/\/kapitalis.com\/tunisie\/#\/schema\/logo\/image\/","url":"https:\/\/kapitalis.com\/tunisie\/wp-content\/uploads\/2022\/05\/Kapitalis-big-size.png","contentUrl":"https:\/\/kapitalis.com\/tunisie\/wp-content\/uploads\/2022\/05\/Kapitalis-big-size.png","width":5000,"height":1500,"caption":"Kapitalis"},"image":{"@id":"https:\/\/kapitalis.com\/tunisie\/#\/schema\/logo\/image\/"},"sameAs":["https:\/\/www.facebook.com\/KapitalisInfo\/","https:\/\/x.com\/KapitalisInfo","https:\/\/www.youtube.com\/channel\/UC-yDYrHyfFBWWZaOw3FPg9Q"]},{"@type":"Person","@id":"https:\/\/kapitalis.com\/tunisie\/#\/schema\/person\/d71f33a9ca44f7bad4698210b480c8e9","name":"webmaster kapitalis","url":"https:\/\/kapitalis.com\/tunisie\/author\/webmaster-kapitalis\/"}]}},"_links":{"self":[{"href":"https:\/\/kapitalis.com\/tunisie\/wp-json\/wp\/v2\/posts\/51004","targetHints":{"allow":["GET"]}}],"collection":[{"href":"https:\/\/kapitalis.com\/tunisie\/wp-json\/wp\/v2\/posts"}],"about":[{"href":"https:\/\/kapitalis.com\/tunisie\/wp-json\/wp\/v2\/types\/post"}],"author":[{"embeddable":true,"href":"https:\/\/kapitalis.com\/tunisie\/wp-json\/wp\/v2\/users\/8"}],"replies":[{"embeddable":true,"href":"https:\/\/kapitalis.com\/tunisie\/wp-json\/wp\/v2\/comments?post=51004"}],"version-history":[{"count":0,"href":"https:\/\/kapitalis.com\/tunisie\/wp-json\/wp\/v2\/posts\/51004\/revisions"}],"wp:featuredmedia":[{"embeddable":true,"href":"https:\/\/kapitalis.com\/tunisie\/wp-json\/wp\/v2\/media\/51005"}],"wp:attachment":[{"href":"https:\/\/kapitalis.com\/tunisie\/wp-json\/wp\/v2\/media?parent=51004"}],"wp:term":[{"taxonomy":"category","embeddable":true,"href":"https:\/\/kapitalis.com\/tunisie\/wp-json\/wp\/v2\/categories?post=51004"},{"taxonomy":"post_tag","embeddable":true,"href":"https:\/\/kapitalis.com\/tunisie\/wp-json\/wp\/v2\/tags?post=51004"}],"curies":[{"name":"wp","href":"https:\/\/api.w.org\/{rel}","templated":true}]}}