{"id":51025,"date":"2016-05-22T09:01:36","date_gmt":"2016-05-22T08:01:36","guid":{"rendered":"http:\/\/kapitalis.com\/tunisie\/?p=51025"},"modified":"2016-05-22T08:08:03","modified_gmt":"2016-05-22T07:08:03","slug":"les-tunisiens-sont-ils-capables-dexcellence","status":"publish","type":"post","link":"https:\/\/kapitalis.com\/tunisie\/2016\/05\/22\/les-tunisiens-sont-ils-capables-dexcellence\/","title":{"rendered":"Les Tunisiens sont-ils capables d\u2019excellence ?"},"content":{"rendered":"<p><img loading=\"lazy\" decoding=\"async\" class=\"alignnone size-full wp-image-12309 aligncenter\" src=\"http:\/\/kapitalis.com\/tunisie\/wp-content\/uploads\/2015\/09\/Tunisiens.jpg\" alt=\"Tunisiens\" width=\"626\" height=\"380\" \/><\/p>\n<p><em><strong>Les Tunisiens s\u2019adapteront, survivront et \u00e9viteront le pire, mais, sans vision et sans m\u00e9thode, et avec seulement le syst\u00e8me D, ils n\u2019arriveront pas \u00e0 l\u2019excellence.<\/strong><\/em><\/p>\n<p>Par <strong>Anis Wahabi<\/strong> *<\/p>\n<p><!--more--><\/p>\n<p>Apr\u00e8s cinq ans, quatre pr\u00e9sidents, deux \u00e9lections, plusieurs attentats et plusieurs gouvernements, le commun des Tunisiens vit avec une question existentielle omnipr\u00e9sente : <em>\u00abFaut-il garder l&rsquo;espoir dans son pays?\u00bb.<\/em><\/p>\n<p>Le commun des Tunisiens veut s\u2019assurer de son futur et de celui de ses enfants, une question dont les pseudo-politiques, qui font le destin de la Tunisie, se moquent \u00e0 force de se concentrer sur le choix du parti politique auquel il faut adh\u00e9rer, apr\u00e8s la faillite imminente des pseudo-partis occupent temporairement le devant de la sc\u00e8ne.<\/p>\n<p>Le Tunisien veut savoir s\u2019il peut compter sur l\u2019avenir. Malheureusement, Taleb Ammar n\u2019est plus et les apprentis sorciers d\u2019aujourd&rsquo;hui sont \u00e0 l\u2019image de nos politiques, trop de paroles en l\u2019air.<\/p>\n<p>Pour pr\u00e9dire le futur, on serait oblig\u00e9 d\u2019adopter des m\u00e9thodes plus scientifiques. Cela n\u2019est pas coh\u00e9rent avec les mani\u00e8res de Yassine Brahim, mais on n\u2019a pas malheureusement le choix.<\/p>\n<p><strong>Un destin low-cost<\/strong><\/p>\n<p>Pour faire simple, nous adopterons la r\u00e8gle annonc\u00e9e pas Einstein selon laquelle il serait idiot de refaire les m\u00eames actions en attendant des r\u00e9sultats diff\u00e9rents. Notons ici qu\u2019il s\u2019agit d\u2019une question d\u2019idiotie, qui est le niveau z\u00e9ro d\u2019une \u00e9chelle d\u2019intelligence.<\/p>\n<p>Dans les ann\u00e9es 80, le pays a choisi de se ranger dans les rangs de la FMI, 25 ans apr\u00e8s le Programme d\u2019ajustement structurel (PAS), il y a eu la r\u00e9volution.<\/p>\n<p>Depuis 1972, la Tunisie a arpent\u00e9 le chemin du low-cost. Cela a touch\u00e9 tous les domaines, de l\u2019industrie au tourisme. Toute notre vie a \u00e9t\u00e9 entach\u00e9e de ce concept de <em>\u00abmoins cher que gratuit\u00bb<\/em>: l\u2019enseignement, l\u2019urbanisme, la culture&#8230; tout est au low-cost.<\/p>\n<p>Dans les ann\u00e9es 70, nous partagions avec la Cor\u00e9e du Sud le m\u00eame niveau de PIB et le m\u00eame syst\u00e8me low-cost. Ils avaient une vision, nous avions des Destouriens, des nationalistes, des communistes et des islamistes.<\/p>\n<p>Et puis il y a eu les r\u00e9formes, ou plut\u00f4t les annonces de r\u00e9formes: de la r\u00e9forme du syst\u00e8me fiscal (avec l\u2019av\u00e8nement de la TVA et le Code de l\u2019IRPP et de l\u2019IS \u00e0 la fin des ann\u00e9es 80), \u00e0 la r\u00e9forme du syst\u00e8me bancaire (au d\u00e9but des ann\u00e9es 90). On a eu aussi un long programme de mise \u00e0 niveau des secteurs de l\u2019industrie et des services, un autre programme pour le secteur de tourisme, et la liste est longue. Vingt ans ans apr\u00e8s, les 2 plus grandes banques publiques (STB et BNA) sont chroniquement d\u00e9ficitaires et aucune banque tunisienne ne figure dans le top 100 des banques africaines. Le secteur touristique est mono produit, et le secteur industriel n\u2019arrive pas \u00e0 d\u00e9passer le niveau d\u2019assembleur.<\/p>\n<p>Quand un malade suit tout un traitement sans gu\u00e9rison, \u00e7a ne servira \u00e0 rien de reprendre le m\u00eame m\u00e9dicament. Ou le m\u00e9dicament n\u2019est pas convenable, il faut donc changer de protocole (strat\u00e9gie), ou le diagnostic est faux, il faut \u00e0 ce moment changer de m\u00e9decin.<\/p>\n<p>Voil\u00e0 donc que notre administration \u00ab<em>m\u00e9decin malgr\u00e9 elle<\/em>\u00bb nous engage dans de nouvelles n\u00e9gociations pour l\u2019Accord de libre \u00e9change complet et approfondi (Aleca) avec l\u2019Union europ\u00e9enne (UE), pour la lib\u00e9ralisation de l\u2019agriculture et des services, alors qu\u2019aucune \u00e9valuation du l\u2019accord de libre \u00e9change entam\u00e9 en 1995 n\u2019a \u00e9t\u00e9 effectu\u00e9e.<\/p>\n<p>Il y a certainement des mobiles \u00e0 cela : voyages, perdiem et shopping. Les architectes, m\u00e9decins et autres professions lib\u00e9rales peuvent toujours changer de m\u00e9tiers.<\/p>\n<p><strong>Intelligence individuelle et idiotie collective<\/strong><\/p>\n<p>En fait, le concept d\u2019idiotie n\u2019est pas fortuitement \u00e9voqu\u00e9 par Einstein, parce qu\u2019il s\u2019agit belle et bien d\u2019une histoire d\u2019intelligence, comme celle qui a arm\u00e9 Bourguiba pour tenir au pouvoir 18 ans apr\u00e8s sa DLC caract\u00e9ris\u00e9e par une d\u00e9pression aigu\u00eb. C\u2019est la m\u00eame intelligence qui a permis \u00e0 Ben Ali d\u2019asservir le peuple, y compris les plus intelligents et les instruits pendant 23 ans. C\u2019est aussi la m\u00eame intelligence qui a permis et permet toujours \u00e0 l\u2019oligarchie de se tenir au pouvoir quel que soit le dieu v\u00e9n\u00e9r\u00e9 dans le pays.<\/p>\n<p>L\u2019intelligence individuelle ne sert que son ma\u00eetre, mais le futur d\u2019un pays d\u00e9pend d\u2019une autre forme d\u2019intelligence: la collective.<\/p>\n<p>Un peuple \u00e9volue quand il est dot\u00e9 d\u2019une intelligence collective qui lui permet de se forger une vision, de travailler pour et de distinguer entre les vrais et les faux probl\u00e8mes.<\/p>\n<p>Voyons donc le degr\u00e9 d\u2019intelligence du <em>\u00abgrand peuple tunisien\u00bb<\/em>. En plein crise \u00e9conomique, d\u2019augmentation tendancielle de ch\u00f4mage et d\u2019endettement, le peuple tunisien s\u2019est offert le luxe de discuter des questions d\u2019homosexualit\u00e9 et de partage \u00e9quitable de l\u2019h\u00e9ritage entre l\u2019homme et la femme. C\u2019est pour dire combien ce <em>\u00abgrand peuple tunisien\u00bb<\/em> tournait en rond depuis qu\u2019il s\u2019est coinc\u00e9 dans une crise identitaire aigu\u00eb.<\/p>\n<p>\u00c9motionnel comme il est, ce peuple est heurt\u00e9 pour un rien, pour n\u2019importe quel propos d\u00e9plac\u00e9 de n\u2019importe quel fou qui se montre \u00e0 la t\u00e9l\u00e9. Alors dans ce chapitre, il va falloir \u00e9lucider de pr\u00e8s l\u2019intelligence \u00e9motionnelle collective d\u2019un peuple qui a rat\u00e9 sa r\u00e9volution \u00e0 cause de son exc\u00e8s de sensibilit\u00e9 pour les futilit\u00e9s, et pas pour les questions existentielles essentielles.<\/p>\n<p>Du c\u00f4t\u00e9 de la moiti\u00e9 pleine du verre, il faut reconna\u00eetre que le peuple tunisien, gr\u00e2ce \u00e0 son intelligence collective, a su surmonter des moments difficiles. Il g\u00e8re tant bien que mal une transition politique \u00e9pineuse et, faute d\u2019assurer la croissance, il arrive chaque ann\u00e9e \u00e0 lever des fonds sur le march\u00e9 ext\u00e9rieur. C\u2019est un peuple d\u00e9brouillard capable de d\u00e9crocher 2,7 milliard de dollars du Fonds mon\u00e9taire international (FMI) avec 2 amendements d&rsquo;articles de loi.<\/p>\n<p>Sans pr\u00e9tendre donc avoir la boule magique, le futur de la Tunisie d\u00e9pend du commun des Tunisien. L\u2019analyse du niveau d\u2019intelligence collective du peuple tunisien peut nous r\u00e9v\u00e9ler beaucoup: ce peuple survivra, s\u2019adaptera, mais n\u2019arrivera pas \u00e0 l\u2019excellence \u00e0 force d\u2019adopter les syst\u00e8mes D.<\/p>\n","protected":false},"excerpt":{"rendered":"<p>Les Tunisiens s\u2019adapteront, survivront et \u00e9viteront le pire, mais, sans vision et sans m\u00e9thode, et avec seulement le syst\u00e8me D, ils n\u2019arriveront pas \u00e0 l\u2019excellence. Par Anis Wahabi *<\/p>\n","protected":false},"author":8,"featured_media":0,"comment_status":"open","ping_status":"open","sticky":false,"template":"","format":"standard","meta":{"footnotes":""},"categories":[992,1000,2433],"tags":[62,163,1117,937],"class_list":["post-51025","post","type-post","status-publish","format-standard","hentry","category-a-la-une","category-tribune","category-tunisie","tag-aleca","tag-bourguiba","tag-tunisiens","tag-union-europeenne"],"yoast_head":"<!-- This site is optimized with the Yoast SEO plugin v26.6 - https:\/\/yoast.com\/wordpress\/plugins\/seo\/ -->\n<title>Les Tunisiens sont-ils capables d\u2019excellence ? - Kapitalis<\/title>\n<meta name=\"robots\" content=\"index, follow, max-snippet:-1, max-image-preview:large, max-video-preview:-1\" \/>\n<link rel=\"canonical\" href=\"https:\/\/kapitalis.com\/tunisie\/2016\/05\/22\/les-tunisiens-sont-ils-capables-dexcellence\/\" \/>\n<meta property=\"og:locale\" content=\"fr_FR\" \/>\n<meta property=\"og:type\" content=\"article\" \/>\n<meta property=\"og:title\" content=\"Les Tunisiens sont-ils capables d\u2019excellence ? - Kapitalis\" \/>\n<meta property=\"og:description\" content=\"Les Tunisiens s\u2019adapteront, survivront et \u00e9viteront le pire, mais, sans vision et sans m\u00e9thode, et avec seulement le syst\u00e8me D, ils n\u2019arriveront pas \u00e0 l\u2019excellence. Par Anis Wahabi *\" \/>\n<meta property=\"og:url\" content=\"https:\/\/kapitalis.com\/tunisie\/2016\/05\/22\/les-tunisiens-sont-ils-capables-dexcellence\/\" \/>\n<meta property=\"og:site_name\" content=\"Kapitalis\" \/>\n<meta property=\"article:publisher\" content=\"https:\/\/www.facebook.com\/KapitalisInfo\/\" \/>\n<meta property=\"article:published_time\" content=\"2016-05-22T08:01:36+00:00\" \/>\n<meta property=\"og:image\" content=\"http:\/\/kapitalis.com\/tunisie\/wp-content\/uploads\/2015\/09\/Tunisiens.jpg\" \/>\n<meta name=\"author\" content=\"webmaster kapitalis\" \/>\n<meta name=\"twitter:card\" content=\"summary_large_image\" \/>\n<meta name=\"twitter:creator\" content=\"@KapitalisInfo\" \/>\n<meta name=\"twitter:site\" content=\"@KapitalisInfo\" \/>\n<meta name=\"twitter:label1\" content=\"\u00c9crit par\" \/>\n\t<meta name=\"twitter:data1\" content=\"webmaster kapitalis\" \/>\n\t<meta name=\"twitter:label2\" content=\"Dur\u00e9e de lecture estim\u00e9e\" \/>\n\t<meta name=\"twitter:data2\" content=\"5 minutes\" \/>\n<script type=\"application\/ld+json\" class=\"yoast-schema-graph\">{\"@context\":\"https:\/\/schema.org\",\"@graph\":[{\"@type\":\"Article\",\"@id\":\"https:\/\/kapitalis.com\/tunisie\/2016\/05\/22\/les-tunisiens-sont-ils-capables-dexcellence\/#article\",\"isPartOf\":{\"@id\":\"https:\/\/kapitalis.com\/tunisie\/2016\/05\/22\/les-tunisiens-sont-ils-capables-dexcellence\/\"},\"author\":{\"name\":\"webmaster kapitalis\",\"@id\":\"https:\/\/kapitalis.com\/tunisie\/#\/schema\/person\/d71f33a9ca44f7bad4698210b480c8e9\"},\"headline\":\"Les Tunisiens sont-ils capables d\u2019excellence ?\",\"datePublished\":\"2016-05-22T08:01:36+00:00\",\"mainEntityOfPage\":{\"@id\":\"https:\/\/kapitalis.com\/tunisie\/2016\/05\/22\/les-tunisiens-sont-ils-capables-dexcellence\/\"},\"wordCount\":1095,\"commentCount\":3,\"publisher\":{\"@id\":\"https:\/\/kapitalis.com\/tunisie\/#organization\"},\"image\":{\"@id\":\"https:\/\/kapitalis.com\/tunisie\/2016\/05\/22\/les-tunisiens-sont-ils-capables-dexcellence\/#primaryimage\"},\"thumbnailUrl\":\"http:\/\/kapitalis.com\/tunisie\/wp-content\/uploads\/2015\/09\/Tunisiens.jpg\",\"keywords\":[\"Aleca\",\"Bourguiba\",\"tunisiens\",\"Union europ\u00e9enne\"],\"articleSection\":[\"A LA UNE\",\"TRIBUNE\",\"Tunisie\"],\"inLanguage\":\"fr-FR\",\"potentialAction\":[{\"@type\":\"CommentAction\",\"name\":\"Comment\",\"target\":[\"https:\/\/kapitalis.com\/tunisie\/2016\/05\/22\/les-tunisiens-sont-ils-capables-dexcellence\/#respond\"]}]},{\"@type\":\"WebPage\",\"@id\":\"https:\/\/kapitalis.com\/tunisie\/2016\/05\/22\/les-tunisiens-sont-ils-capables-dexcellence\/\",\"url\":\"https:\/\/kapitalis.com\/tunisie\/2016\/05\/22\/les-tunisiens-sont-ils-capables-dexcellence\/\",\"name\":\"Les Tunisiens sont-ils capables d\u2019excellence ? - Kapitalis\",\"isPartOf\":{\"@id\":\"https:\/\/kapitalis.com\/tunisie\/#website\"},\"primaryImageOfPage\":{\"@id\":\"https:\/\/kapitalis.com\/tunisie\/2016\/05\/22\/les-tunisiens-sont-ils-capables-dexcellence\/#primaryimage\"},\"image\":{\"@id\":\"https:\/\/kapitalis.com\/tunisie\/2016\/05\/22\/les-tunisiens-sont-ils-capables-dexcellence\/#primaryimage\"},\"thumbnailUrl\":\"http:\/\/kapitalis.com\/tunisie\/wp-content\/uploads\/2015\/09\/Tunisiens.jpg\",\"datePublished\":\"2016-05-22T08:01:36+00:00\",\"breadcrumb\":{\"@id\":\"https:\/\/kapitalis.com\/tunisie\/2016\/05\/22\/les-tunisiens-sont-ils-capables-dexcellence\/#breadcrumb\"},\"inLanguage\":\"fr-FR\",\"potentialAction\":[{\"@type\":\"ReadAction\",\"target\":[\"https:\/\/kapitalis.com\/tunisie\/2016\/05\/22\/les-tunisiens-sont-ils-capables-dexcellence\/\"]}]},{\"@type\":\"ImageObject\",\"inLanguage\":\"fr-FR\",\"@id\":\"https:\/\/kapitalis.com\/tunisie\/2016\/05\/22\/les-tunisiens-sont-ils-capables-dexcellence\/#primaryimage\",\"url\":\"http:\/\/kapitalis.com\/tunisie\/wp-content\/uploads\/2015\/09\/Tunisiens.jpg\",\"contentUrl\":\"http:\/\/kapitalis.com\/tunisie\/wp-content\/uploads\/2015\/09\/Tunisiens.jpg\"},{\"@type\":\"BreadcrumbList\",\"@id\":\"https:\/\/kapitalis.com\/tunisie\/2016\/05\/22\/les-tunisiens-sont-ils-capables-dexcellence\/#breadcrumb\",\"itemListElement\":[{\"@type\":\"ListItem\",\"position\":1,\"name\":\"Accueil\",\"item\":\"https:\/\/kapitalis.com\/tunisie\/\"},{\"@type\":\"ListItem\",\"position\":2,\"name\":\"Les Tunisiens sont-ils capables d\u2019excellence ?\"}]},{\"@type\":\"WebSite\",\"@id\":\"https:\/\/kapitalis.com\/tunisie\/#website\",\"url\":\"https:\/\/kapitalis.com\/tunisie\/\",\"name\":\"Kapitalis\",\"description\":\"L&#039;actualit\u00e9 en Tunisie et dans le monde\",\"publisher\":{\"@id\":\"https:\/\/kapitalis.com\/tunisie\/#organization\"},\"potentialAction\":[{\"@type\":\"SearchAction\",\"target\":{\"@type\":\"EntryPoint\",\"urlTemplate\":\"https:\/\/kapitalis.com\/tunisie\/?s={search_term_string}\"},\"query-input\":{\"@type\":\"PropertyValueSpecification\",\"valueRequired\":true,\"valueName\":\"search_term_string\"}}],\"inLanguage\":\"fr-FR\"},{\"@type\":\"Organization\",\"@id\":\"https:\/\/kapitalis.com\/tunisie\/#organization\",\"name\":\"Kapitalis\",\"url\":\"https:\/\/kapitalis.com\/tunisie\/\",\"logo\":{\"@type\":\"ImageObject\",\"inLanguage\":\"fr-FR\",\"@id\":\"https:\/\/kapitalis.com\/tunisie\/#\/schema\/logo\/image\/\",\"url\":\"https:\/\/kapitalis.com\/tunisie\/wp-content\/uploads\/2022\/05\/Kapitalis-big-size.png\",\"contentUrl\":\"https:\/\/kapitalis.com\/tunisie\/wp-content\/uploads\/2022\/05\/Kapitalis-big-size.png\",\"width\":5000,\"height\":1500,\"caption\":\"Kapitalis\"},\"image\":{\"@id\":\"https:\/\/kapitalis.com\/tunisie\/#\/schema\/logo\/image\/\"},\"sameAs\":[\"https:\/\/www.facebook.com\/KapitalisInfo\/\",\"https:\/\/x.com\/KapitalisInfo\",\"https:\/\/www.youtube.com\/channel\/UC-yDYrHyfFBWWZaOw3FPg9Q\"]},{\"@type\":\"Person\",\"@id\":\"https:\/\/kapitalis.com\/tunisie\/#\/schema\/person\/d71f33a9ca44f7bad4698210b480c8e9\",\"name\":\"webmaster kapitalis\",\"url\":\"https:\/\/kapitalis.com\/tunisie\/author\/webmaster-kapitalis\/\"}]}<\/script>\n<!-- \/ Yoast SEO plugin. -->","yoast_head_json":{"title":"Les Tunisiens sont-ils capables d\u2019excellence ? - Kapitalis","robots":{"index":"index","follow":"follow","max-snippet":"max-snippet:-1","max-image-preview":"max-image-preview:large","max-video-preview":"max-video-preview:-1"},"canonical":"https:\/\/kapitalis.com\/tunisie\/2016\/05\/22\/les-tunisiens-sont-ils-capables-dexcellence\/","og_locale":"fr_FR","og_type":"article","og_title":"Les Tunisiens sont-ils capables d\u2019excellence ? - Kapitalis","og_description":"Les Tunisiens s\u2019adapteront, survivront et \u00e9viteront le pire, mais, sans vision et sans m\u00e9thode, et avec seulement le syst\u00e8me D, ils n\u2019arriveront pas \u00e0 l\u2019excellence. Par Anis Wahabi *","og_url":"https:\/\/kapitalis.com\/tunisie\/2016\/05\/22\/les-tunisiens-sont-ils-capables-dexcellence\/","og_site_name":"Kapitalis","article_publisher":"https:\/\/www.facebook.com\/KapitalisInfo\/","article_published_time":"2016-05-22T08:01:36+00:00","og_image":[{"url":"http:\/\/kapitalis.com\/tunisie\/wp-content\/uploads\/2015\/09\/Tunisiens.jpg","type":"","width":"","height":""}],"author":"webmaster kapitalis","twitter_card":"summary_large_image","twitter_creator":"@KapitalisInfo","twitter_site":"@KapitalisInfo","twitter_misc":{"\u00c9crit par":"webmaster kapitalis","Dur\u00e9e de lecture estim\u00e9e":"5 minutes"},"schema":{"@context":"https:\/\/schema.org","@graph":[{"@type":"Article","@id":"https:\/\/kapitalis.com\/tunisie\/2016\/05\/22\/les-tunisiens-sont-ils-capables-dexcellence\/#article","isPartOf":{"@id":"https:\/\/kapitalis.com\/tunisie\/2016\/05\/22\/les-tunisiens-sont-ils-capables-dexcellence\/"},"author":{"name":"webmaster kapitalis","@id":"https:\/\/kapitalis.com\/tunisie\/#\/schema\/person\/d71f33a9ca44f7bad4698210b480c8e9"},"headline":"Les Tunisiens sont-ils capables d\u2019excellence ?","datePublished":"2016-05-22T08:01:36+00:00","mainEntityOfPage":{"@id":"https:\/\/kapitalis.com\/tunisie\/2016\/05\/22\/les-tunisiens-sont-ils-capables-dexcellence\/"},"wordCount":1095,"commentCount":3,"publisher":{"@id":"https:\/\/kapitalis.com\/tunisie\/#organization"},"image":{"@id":"https:\/\/kapitalis.com\/tunisie\/2016\/05\/22\/les-tunisiens-sont-ils-capables-dexcellence\/#primaryimage"},"thumbnailUrl":"http:\/\/kapitalis.com\/tunisie\/wp-content\/uploads\/2015\/09\/Tunisiens.jpg","keywords":["Aleca","Bourguiba","tunisiens","Union europ\u00e9enne"],"articleSection":["A LA UNE","TRIBUNE","Tunisie"],"inLanguage":"fr-FR","potentialAction":[{"@type":"CommentAction","name":"Comment","target":["https:\/\/kapitalis.com\/tunisie\/2016\/05\/22\/les-tunisiens-sont-ils-capables-dexcellence\/#respond"]}]},{"@type":"WebPage","@id":"https:\/\/kapitalis.com\/tunisie\/2016\/05\/22\/les-tunisiens-sont-ils-capables-dexcellence\/","url":"https:\/\/kapitalis.com\/tunisie\/2016\/05\/22\/les-tunisiens-sont-ils-capables-dexcellence\/","name":"Les Tunisiens sont-ils capables d\u2019excellence ? - Kapitalis","isPartOf":{"@id":"https:\/\/kapitalis.com\/tunisie\/#website"},"primaryImageOfPage":{"@id":"https:\/\/kapitalis.com\/tunisie\/2016\/05\/22\/les-tunisiens-sont-ils-capables-dexcellence\/#primaryimage"},"image":{"@id":"https:\/\/kapitalis.com\/tunisie\/2016\/05\/22\/les-tunisiens-sont-ils-capables-dexcellence\/#primaryimage"},"thumbnailUrl":"http:\/\/kapitalis.com\/tunisie\/wp-content\/uploads\/2015\/09\/Tunisiens.jpg","datePublished":"2016-05-22T08:01:36+00:00","breadcrumb":{"@id":"https:\/\/kapitalis.com\/tunisie\/2016\/05\/22\/les-tunisiens-sont-ils-capables-dexcellence\/#breadcrumb"},"inLanguage":"fr-FR","potentialAction":[{"@type":"ReadAction","target":["https:\/\/kapitalis.com\/tunisie\/2016\/05\/22\/les-tunisiens-sont-ils-capables-dexcellence\/"]}]},{"@type":"ImageObject","inLanguage":"fr-FR","@id":"https:\/\/kapitalis.com\/tunisie\/2016\/05\/22\/les-tunisiens-sont-ils-capables-dexcellence\/#primaryimage","url":"http:\/\/kapitalis.com\/tunisie\/wp-content\/uploads\/2015\/09\/Tunisiens.jpg","contentUrl":"http:\/\/kapitalis.com\/tunisie\/wp-content\/uploads\/2015\/09\/Tunisiens.jpg"},{"@type":"BreadcrumbList","@id":"https:\/\/kapitalis.com\/tunisie\/2016\/05\/22\/les-tunisiens-sont-ils-capables-dexcellence\/#breadcrumb","itemListElement":[{"@type":"ListItem","position":1,"name":"Accueil","item":"https:\/\/kapitalis.com\/tunisie\/"},{"@type":"ListItem","position":2,"name":"Les Tunisiens sont-ils capables d\u2019excellence ?"}]},{"@type":"WebSite","@id":"https:\/\/kapitalis.com\/tunisie\/#website","url":"https:\/\/kapitalis.com\/tunisie\/","name":"Kapitalis","description":"L&#039;actualit\u00e9 en Tunisie et dans le monde","publisher":{"@id":"https:\/\/kapitalis.com\/tunisie\/#organization"},"potentialAction":[{"@type":"SearchAction","target":{"@type":"EntryPoint","urlTemplate":"https:\/\/kapitalis.com\/tunisie\/?s={search_term_string}"},"query-input":{"@type":"PropertyValueSpecification","valueRequired":true,"valueName":"search_term_string"}}],"inLanguage":"fr-FR"},{"@type":"Organization","@id":"https:\/\/kapitalis.com\/tunisie\/#organization","name":"Kapitalis","url":"https:\/\/kapitalis.com\/tunisie\/","logo":{"@type":"ImageObject","inLanguage":"fr-FR","@id":"https:\/\/kapitalis.com\/tunisie\/#\/schema\/logo\/image\/","url":"https:\/\/kapitalis.com\/tunisie\/wp-content\/uploads\/2022\/05\/Kapitalis-big-size.png","contentUrl":"https:\/\/kapitalis.com\/tunisie\/wp-content\/uploads\/2022\/05\/Kapitalis-big-size.png","width":5000,"height":1500,"caption":"Kapitalis"},"image":{"@id":"https:\/\/kapitalis.com\/tunisie\/#\/schema\/logo\/image\/"},"sameAs":["https:\/\/www.facebook.com\/KapitalisInfo\/","https:\/\/x.com\/KapitalisInfo","https:\/\/www.youtube.com\/channel\/UC-yDYrHyfFBWWZaOw3FPg9Q"]},{"@type":"Person","@id":"https:\/\/kapitalis.com\/tunisie\/#\/schema\/person\/d71f33a9ca44f7bad4698210b480c8e9","name":"webmaster kapitalis","url":"https:\/\/kapitalis.com\/tunisie\/author\/webmaster-kapitalis\/"}]}},"_links":{"self":[{"href":"https:\/\/kapitalis.com\/tunisie\/wp-json\/wp\/v2\/posts\/51025","targetHints":{"allow":["GET"]}}],"collection":[{"href":"https:\/\/kapitalis.com\/tunisie\/wp-json\/wp\/v2\/posts"}],"about":[{"href":"https:\/\/kapitalis.com\/tunisie\/wp-json\/wp\/v2\/types\/post"}],"author":[{"embeddable":true,"href":"https:\/\/kapitalis.com\/tunisie\/wp-json\/wp\/v2\/users\/8"}],"replies":[{"embeddable":true,"href":"https:\/\/kapitalis.com\/tunisie\/wp-json\/wp\/v2\/comments?post=51025"}],"version-history":[{"count":0,"href":"https:\/\/kapitalis.com\/tunisie\/wp-json\/wp\/v2\/posts\/51025\/revisions"}],"wp:attachment":[{"href":"https:\/\/kapitalis.com\/tunisie\/wp-json\/wp\/v2\/media?parent=51025"}],"wp:term":[{"taxonomy":"category","embeddable":true,"href":"https:\/\/kapitalis.com\/tunisie\/wp-json\/wp\/v2\/categories?post=51025"},{"taxonomy":"post_tag","embeddable":true,"href":"https:\/\/kapitalis.com\/tunisie\/wp-json\/wp\/v2\/tags?post=51025"}],"curies":[{"name":"wp","href":"https:\/\/api.w.org\/{rel}","templated":true}]}}