{"id":51202,"date":"2016-05-24T11:16:39","date_gmt":"2016-05-24T10:16:39","guid":{"rendered":"http:\/\/kapitalis.com\/tunisie\/?p=51202"},"modified":"2016-05-24T11:19:47","modified_gmt":"2016-05-24T10:19:47","slug":"tunis-un-tatoueur-agresse-par-des-extremistes-religieux","status":"publish","type":"post","link":"https:\/\/kapitalis.com\/tunisie\/2016\/05\/24\/tunis-un-tatoueur-agresse-par-des-extremistes-religieux\/","title":{"rendered":"Tunis : Un tatoueur agress\u00e9 par des extr\u00e9mistes religieux"},"content":{"rendered":"<p style=\"text-align: center;\"><img loading=\"lazy\" decoding=\"async\" class=\"alignnone size-full wp-image-51203\" src=\"http:\/\/kapitalis.com\/tunisie\/wp-content\/uploads\/2016\/05\/agression-Fawez-Tatoueur.jpg\" alt=\"agression Fawez Tatoueur\" width=\"626\" height=\"380\" \/><\/p>\n<p><em><strong>Le jeune homme,\u00a0qui\u00a0a\u00a0r\u00e9cemment ouvert le 1er\u00a0salon de tatouage en Tunisie, s\u2019est fait agresser, vendredi, par\u00a0des\u00a0extr\u00e9mistes religieux.<\/strong><\/em><\/p>\n<p><!--more--><\/p>\n<p>Fawaz Zahmoul, qui cherche \u00e0 professionnaliser ce m\u00e9tier pratiqu\u00e9 jusque-l\u00e0 par des amateurs, est le fondateur du Syndicat national des artistes tatoueurs tunisiens. Il a r\u00e9cemment ouvert un salon, Wachem, \u00e0 la Marsa, le premier du genre en Tunisie.<\/p>\n<p>Cela n\u2019a \u00e9videmment pas plu \u00e0 des\u00a0extr\u00e9mistes religieux qui consid\u00e8rent la pratique du\u00a0tatouage\u00a0comme\u00a0un p\u00each\u00e9 impardonnable. Ils ont menac\u00e9 Fawaz mais il n\u2019a pas pris leurs menaces au s\u00e9rieux et a poursuivi son activit\u00e9.<\/p>\n<p>\u00ab<em>Apr\u00e8s tous les messages de menaces\u00a0que j&rsquo;ai re\u00e7us\u00a0et\u00a0apr\u00e8s que les autorit\u00e9s m\u2019aient conseill\u00e9 de changer de m\u00e9tier pour ma s\u00e9curit\u00e9, j&rsquo;ai pris la d\u00e9cision d\u2019offrir un voyage \u00e0 maman, qui compte beaucoup dans ma vie, pour la mettre\u00a0en s\u00e9curit\u00e9<\/em>\u00bb, a-t-il indiqu\u00e9.<\/p>\n<p style=\"text-align: center;\"><img loading=\"lazy\" decoding=\"async\" class=\"alignnone size-full wp-image-51204\" src=\"http:\/\/kapitalis.com\/tunisie\/wp-content\/uploads\/2016\/05\/Faouaz-tatoueur-agression.jpg\" alt=\"Faouaz tatoueur agression\" width=\"500\" height=\"300\" \/><\/p>\n<p style=\"text-align: center;\"><em>Capture d&rsquo;\u00e9cran: une page Facebook \u00ab\u00a0Tous contre Fawez le tatoueur\u00a0\u00bb lanc\u00e9e par des extr\u00e9mistes religieux.\u00a0<\/em><\/p>\n<p>Dans\u00a0une page Facebook, ouverte sp\u00e9cialement pour d\u00e9noncer le tatoueur\u00a0et\u00a0ferm\u00e9e entre-temps, les extr\u00e9mistes affirment\u00a0que Fawez utilisent des produits sataniques (sic!). Ils l&rsquo;ont intercept\u00e9\u00a0vendredi dernier, \u00e0 Tunis,\u00a0l\u2019ont insult\u00e9 et pass\u00e9 \u00e0 tabac, avant de prendre la fuite. D\u00e9prim\u00e9, Fawaz ne veut pas trop parler de sa m\u00e9saventure\u00a0et\u00a0pr\u00e9f\u00e8re, pour le moment, se reposer.<\/p>\n<p>Le jeune homme, qui venait de r\u00e9aliser son r\u00eave, voulait \u00e9galement ouvrir une \u00e9cole de tatoueurs et a m\u00eame entam\u00e9 les proc\u00e9dures n\u00e9cessaires, en mars dernier. On comprend que sa d\u00e9ception soit \u00e9norme.<\/p>\n<p style=\"text-align: right;\"><strong>Y. N.<\/strong><\/p>\n","protected":false},"excerpt":{"rendered":"<p>Le jeune homme,\u00a0qui\u00a0a\u00a0r\u00e9cemment ouvert le 1er\u00a0salon de tatouage en Tunisie, s\u2019est fait agresser, vendredi, par\u00a0des\u00a0extr\u00e9mistes religieux.<\/p>\n","protected":false},"author":6,"featured_media":51203,"comment_status":"open","ping_status":"open","sticky":false,"template":"","format":"standard","meta":{"footnotes":""},"categories":[998,2433],"tags":[2363,1499,579,2825,1395],"class_list":["post-51202","post","type-post","status-publish","format-standard","has-post-thumbnail","hentry","category-societe","category-tunisie","tag-artistes","tag-extremistes-religieux","tag-marsa","tag-menaces","tag-syndicats"],"yoast_head":"<!-- This site is optimized with the Yoast SEO plugin v26.6 - https:\/\/yoast.com\/wordpress\/plugins\/seo\/ -->\n<title>Tunis : Un tatoueur agress\u00e9 par des extr\u00e9mistes religieux - Kapitalis<\/title>\n<meta name=\"robots\" content=\"index, follow, max-snippet:-1, max-image-preview:large, max-video-preview:-1\" \/>\n<link rel=\"canonical\" href=\"https:\/\/kapitalis.com\/tunisie\/2016\/05\/24\/tunis-un-tatoueur-agresse-par-des-extremistes-religieux\/\" \/>\n<meta property=\"og:locale\" content=\"fr_FR\" \/>\n<meta property=\"og:type\" content=\"article\" \/>\n<meta property=\"og:title\" content=\"Tunis : Un tatoueur agress\u00e9 par des extr\u00e9mistes religieux - Kapitalis\" \/>\n<meta property=\"og:description\" content=\"Le jeune homme,\u00a0qui\u00a0a\u00a0r\u00e9cemment ouvert le 1er\u00a0salon de tatouage en Tunisie, s\u2019est fait agresser, vendredi, par\u00a0des\u00a0extr\u00e9mistes religieux.\" \/>\n<meta property=\"og:url\" content=\"https:\/\/kapitalis.com\/tunisie\/2016\/05\/24\/tunis-un-tatoueur-agresse-par-des-extremistes-religieux\/\" \/>\n<meta property=\"og:site_name\" content=\"Kapitalis\" \/>\n<meta property=\"article:publisher\" content=\"https:\/\/www.facebook.com\/KapitalisInfo\/\" \/>\n<meta property=\"article:published_time\" content=\"2016-05-24T10:16:39+00:00\" \/>\n<meta property=\"article:modified_time\" content=\"2016-05-24T10:19:47+00:00\" \/>\n<meta property=\"og:image\" content=\"https:\/\/kapitalis.com\/tunisie\/wp-content\/uploads\/2022\/05\/kapitalis-logo-fb.png\" \/>\n\t<meta property=\"og:image:width\" content=\"1200\" \/>\n\t<meta property=\"og:image:height\" content=\"630\" \/>\n\t<meta property=\"og:image:type\" content=\"image\/png\" \/>\n<meta name=\"author\" content=\"Yusra NY\" \/>\n<meta name=\"twitter:card\" content=\"summary_large_image\" \/>\n<meta name=\"twitter:creator\" content=\"@KapitalisInfo\" \/>\n<meta name=\"twitter:site\" content=\"@KapitalisInfo\" \/>\n<meta name=\"twitter:label1\" content=\"\u00c9crit par\" \/>\n\t<meta name=\"twitter:data1\" content=\"Yusra NY\" \/>\n\t<meta name=\"twitter:label2\" content=\"Dur\u00e9e de lecture estim\u00e9e\" \/>\n\t<meta name=\"twitter:data2\" content=\"1 minute\" \/>\n<script type=\"application\/ld+json\" class=\"yoast-schema-graph\">{\"@context\":\"https:\/\/schema.org\",\"@graph\":[{\"@type\":\"Article\",\"@id\":\"https:\/\/kapitalis.com\/tunisie\/2016\/05\/24\/tunis-un-tatoueur-agresse-par-des-extremistes-religieux\/#article\",\"isPartOf\":{\"@id\":\"https:\/\/kapitalis.com\/tunisie\/2016\/05\/24\/tunis-un-tatoueur-agresse-par-des-extremistes-religieux\/\"},\"author\":{\"name\":\"Yusra NY\",\"@id\":\"https:\/\/kapitalis.com\/tunisie\/#\/schema\/person\/74bbde0154d49d790a92aaeac5bc01d5\"},\"headline\":\"Tunis : Un tatoueur agress\u00e9 par des extr\u00e9mistes religieux\",\"datePublished\":\"2016-05-24T10:16:39+00:00\",\"dateModified\":\"2016-05-24T10:19:47+00:00\",\"mainEntityOfPage\":{\"@id\":\"https:\/\/kapitalis.com\/tunisie\/2016\/05\/24\/tunis-un-tatoueur-agresse-par-des-extremistes-religieux\/\"},\"wordCount\":293,\"commentCount\":3,\"publisher\":{\"@id\":\"https:\/\/kapitalis.com\/tunisie\/#organization\"},\"image\":{\"@id\":\"https:\/\/kapitalis.com\/tunisie\/2016\/05\/24\/tunis-un-tatoueur-agresse-par-des-extremistes-religieux\/#primaryimage\"},\"thumbnailUrl\":\"\",\"keywords\":[\"artistes\",\"extr\u00e9mistes religieux\",\"Marsa\",\"menaces\",\"syndicats\"],\"articleSection\":[\"SOCIETE\",\"Tunisie\"],\"inLanguage\":\"fr-FR\",\"potentialAction\":[{\"@type\":\"CommentAction\",\"name\":\"Comment\",\"target\":[\"https:\/\/kapitalis.com\/tunisie\/2016\/05\/24\/tunis-un-tatoueur-agresse-par-des-extremistes-religieux\/#respond\"]}]},{\"@type\":\"WebPage\",\"@id\":\"https:\/\/kapitalis.com\/tunisie\/2016\/05\/24\/tunis-un-tatoueur-agresse-par-des-extremistes-religieux\/\",\"url\":\"https:\/\/kapitalis.com\/tunisie\/2016\/05\/24\/tunis-un-tatoueur-agresse-par-des-extremistes-religieux\/\",\"name\":\"Tunis : Un tatoueur agress\u00e9 par des extr\u00e9mistes religieux - Kapitalis\",\"isPartOf\":{\"@id\":\"https:\/\/kapitalis.com\/tunisie\/#website\"},\"primaryImageOfPage\":{\"@id\":\"https:\/\/kapitalis.com\/tunisie\/2016\/05\/24\/tunis-un-tatoueur-agresse-par-des-extremistes-religieux\/#primaryimage\"},\"image\":{\"@id\":\"https:\/\/kapitalis.com\/tunisie\/2016\/05\/24\/tunis-un-tatoueur-agresse-par-des-extremistes-religieux\/#primaryimage\"},\"thumbnailUrl\":\"\",\"datePublished\":\"2016-05-24T10:16:39+00:00\",\"dateModified\":\"2016-05-24T10:19:47+00:00\",\"breadcrumb\":{\"@id\":\"https:\/\/kapitalis.com\/tunisie\/2016\/05\/24\/tunis-un-tatoueur-agresse-par-des-extremistes-religieux\/#breadcrumb\"},\"inLanguage\":\"fr-FR\",\"potentialAction\":[{\"@type\":\"ReadAction\",\"target\":[\"https:\/\/kapitalis.com\/tunisie\/2016\/05\/24\/tunis-un-tatoueur-agresse-par-des-extremistes-religieux\/\"]}]},{\"@type\":\"ImageObject\",\"inLanguage\":\"fr-FR\",\"@id\":\"https:\/\/kapitalis.com\/tunisie\/2016\/05\/24\/tunis-un-tatoueur-agresse-par-des-extremistes-religieux\/#primaryimage\",\"url\":\"\",\"contentUrl\":\"\"},{\"@type\":\"BreadcrumbList\",\"@id\":\"https:\/\/kapitalis.com\/tunisie\/2016\/05\/24\/tunis-un-tatoueur-agresse-par-des-extremistes-religieux\/#breadcrumb\",\"itemListElement\":[{\"@type\":\"ListItem\",\"position\":1,\"name\":\"Accueil\",\"item\":\"https:\/\/kapitalis.com\/tunisie\/\"},{\"@type\":\"ListItem\",\"position\":2,\"name\":\"Tunis : Un tatoueur agress\u00e9 par des extr\u00e9mistes religieux\"}]},{\"@type\":\"WebSite\",\"@id\":\"https:\/\/kapitalis.com\/tunisie\/#website\",\"url\":\"https:\/\/kapitalis.com\/tunisie\/\",\"name\":\"Kapitalis\",\"description\":\"L&#039;actualit\u00e9 en Tunisie et dans le monde\",\"publisher\":{\"@id\":\"https:\/\/kapitalis.com\/tunisie\/#organization\"},\"potentialAction\":[{\"@type\":\"SearchAction\",\"target\":{\"@type\":\"EntryPoint\",\"urlTemplate\":\"https:\/\/kapitalis.com\/tunisie\/?s={search_term_string}\"},\"query-input\":{\"@type\":\"PropertyValueSpecification\",\"valueRequired\":true,\"valueName\":\"search_term_string\"}}],\"inLanguage\":\"fr-FR\"},{\"@type\":\"Organization\",\"@id\":\"https:\/\/kapitalis.com\/tunisie\/#organization\",\"name\":\"Kapitalis\",\"url\":\"https:\/\/kapitalis.com\/tunisie\/\",\"logo\":{\"@type\":\"ImageObject\",\"inLanguage\":\"fr-FR\",\"@id\":\"https:\/\/kapitalis.com\/tunisie\/#\/schema\/logo\/image\/\",\"url\":\"https:\/\/kapitalis.com\/tunisie\/wp-content\/uploads\/2022\/05\/Kapitalis-big-size.png\",\"contentUrl\":\"https:\/\/kapitalis.com\/tunisie\/wp-content\/uploads\/2022\/05\/Kapitalis-big-size.png\",\"width\":5000,\"height\":1500,\"caption\":\"Kapitalis\"},\"image\":{\"@id\":\"https:\/\/kapitalis.com\/tunisie\/#\/schema\/logo\/image\/\"},\"sameAs\":[\"https:\/\/www.facebook.com\/KapitalisInfo\/\",\"https:\/\/x.com\/KapitalisInfo\",\"https:\/\/www.youtube.com\/channel\/UC-yDYrHyfFBWWZaOw3FPg9Q\"]},{\"@type\":\"Person\",\"@id\":\"https:\/\/kapitalis.com\/tunisie\/#\/schema\/person\/74bbde0154d49d790a92aaeac5bc01d5\",\"name\":\"Yusra NY\",\"url\":\"https:\/\/kapitalis.com\/tunisie\/author\/yuza_adam\/\"}]}<\/script>\n<!-- \/ Yoast SEO plugin. -->","yoast_head_json":{"title":"Tunis : Un tatoueur agress\u00e9 par des extr\u00e9mistes religieux - Kapitalis","robots":{"index":"index","follow":"follow","max-snippet":"max-snippet:-1","max-image-preview":"max-image-preview:large","max-video-preview":"max-video-preview:-1"},"canonical":"https:\/\/kapitalis.com\/tunisie\/2016\/05\/24\/tunis-un-tatoueur-agresse-par-des-extremistes-religieux\/","og_locale":"fr_FR","og_type":"article","og_title":"Tunis : Un tatoueur agress\u00e9 par des extr\u00e9mistes religieux - Kapitalis","og_description":"Le jeune homme,\u00a0qui\u00a0a\u00a0r\u00e9cemment ouvert le 1er\u00a0salon de tatouage en Tunisie, s\u2019est fait agresser, vendredi, par\u00a0des\u00a0extr\u00e9mistes religieux.","og_url":"https:\/\/kapitalis.com\/tunisie\/2016\/05\/24\/tunis-un-tatoueur-agresse-par-des-extremistes-religieux\/","og_site_name":"Kapitalis","article_publisher":"https:\/\/www.facebook.com\/KapitalisInfo\/","article_published_time":"2016-05-24T10:16:39+00:00","article_modified_time":"2016-05-24T10:19:47+00:00","og_image":[{"width":1200,"height":630,"url":"https:\/\/kapitalis.com\/tunisie\/wp-content\/uploads\/2022\/05\/kapitalis-logo-fb.png","type":"image\/png"}],"author":"Yusra NY","twitter_card":"summary_large_image","twitter_creator":"@KapitalisInfo","twitter_site":"@KapitalisInfo","twitter_misc":{"\u00c9crit par":"Yusra NY","Dur\u00e9e de lecture estim\u00e9e":"1 minute"},"schema":{"@context":"https:\/\/schema.org","@graph":[{"@type":"Article","@id":"https:\/\/kapitalis.com\/tunisie\/2016\/05\/24\/tunis-un-tatoueur-agresse-par-des-extremistes-religieux\/#article","isPartOf":{"@id":"https:\/\/kapitalis.com\/tunisie\/2016\/05\/24\/tunis-un-tatoueur-agresse-par-des-extremistes-religieux\/"},"author":{"name":"Yusra NY","@id":"https:\/\/kapitalis.com\/tunisie\/#\/schema\/person\/74bbde0154d49d790a92aaeac5bc01d5"},"headline":"Tunis : Un tatoueur agress\u00e9 par des extr\u00e9mistes religieux","datePublished":"2016-05-24T10:16:39+00:00","dateModified":"2016-05-24T10:19:47+00:00","mainEntityOfPage":{"@id":"https:\/\/kapitalis.com\/tunisie\/2016\/05\/24\/tunis-un-tatoueur-agresse-par-des-extremistes-religieux\/"},"wordCount":293,"commentCount":3,"publisher":{"@id":"https:\/\/kapitalis.com\/tunisie\/#organization"},"image":{"@id":"https:\/\/kapitalis.com\/tunisie\/2016\/05\/24\/tunis-un-tatoueur-agresse-par-des-extremistes-religieux\/#primaryimage"},"thumbnailUrl":"","keywords":["artistes","extr\u00e9mistes religieux","Marsa","menaces","syndicats"],"articleSection":["SOCIETE","Tunisie"],"inLanguage":"fr-FR","potentialAction":[{"@type":"CommentAction","name":"Comment","target":["https:\/\/kapitalis.com\/tunisie\/2016\/05\/24\/tunis-un-tatoueur-agresse-par-des-extremistes-religieux\/#respond"]}]},{"@type":"WebPage","@id":"https:\/\/kapitalis.com\/tunisie\/2016\/05\/24\/tunis-un-tatoueur-agresse-par-des-extremistes-religieux\/","url":"https:\/\/kapitalis.com\/tunisie\/2016\/05\/24\/tunis-un-tatoueur-agresse-par-des-extremistes-religieux\/","name":"Tunis : Un tatoueur agress\u00e9 par des extr\u00e9mistes religieux - Kapitalis","isPartOf":{"@id":"https:\/\/kapitalis.com\/tunisie\/#website"},"primaryImageOfPage":{"@id":"https:\/\/kapitalis.com\/tunisie\/2016\/05\/24\/tunis-un-tatoueur-agresse-par-des-extremistes-religieux\/#primaryimage"},"image":{"@id":"https:\/\/kapitalis.com\/tunisie\/2016\/05\/24\/tunis-un-tatoueur-agresse-par-des-extremistes-religieux\/#primaryimage"},"thumbnailUrl":"","datePublished":"2016-05-24T10:16:39+00:00","dateModified":"2016-05-24T10:19:47+00:00","breadcrumb":{"@id":"https:\/\/kapitalis.com\/tunisie\/2016\/05\/24\/tunis-un-tatoueur-agresse-par-des-extremistes-religieux\/#breadcrumb"},"inLanguage":"fr-FR","potentialAction":[{"@type":"ReadAction","target":["https:\/\/kapitalis.com\/tunisie\/2016\/05\/24\/tunis-un-tatoueur-agresse-par-des-extremistes-religieux\/"]}]},{"@type":"ImageObject","inLanguage":"fr-FR","@id":"https:\/\/kapitalis.com\/tunisie\/2016\/05\/24\/tunis-un-tatoueur-agresse-par-des-extremistes-religieux\/#primaryimage","url":"","contentUrl":""},{"@type":"BreadcrumbList","@id":"https:\/\/kapitalis.com\/tunisie\/2016\/05\/24\/tunis-un-tatoueur-agresse-par-des-extremistes-religieux\/#breadcrumb","itemListElement":[{"@type":"ListItem","position":1,"name":"Accueil","item":"https:\/\/kapitalis.com\/tunisie\/"},{"@type":"ListItem","position":2,"name":"Tunis : Un tatoueur agress\u00e9 par des extr\u00e9mistes religieux"}]},{"@type":"WebSite","@id":"https:\/\/kapitalis.com\/tunisie\/#website","url":"https:\/\/kapitalis.com\/tunisie\/","name":"Kapitalis","description":"L&#039;actualit\u00e9 en Tunisie et dans le monde","publisher":{"@id":"https:\/\/kapitalis.com\/tunisie\/#organization"},"potentialAction":[{"@type":"SearchAction","target":{"@type":"EntryPoint","urlTemplate":"https:\/\/kapitalis.com\/tunisie\/?s={search_term_string}"},"query-input":{"@type":"PropertyValueSpecification","valueRequired":true,"valueName":"search_term_string"}}],"inLanguage":"fr-FR"},{"@type":"Organization","@id":"https:\/\/kapitalis.com\/tunisie\/#organization","name":"Kapitalis","url":"https:\/\/kapitalis.com\/tunisie\/","logo":{"@type":"ImageObject","inLanguage":"fr-FR","@id":"https:\/\/kapitalis.com\/tunisie\/#\/schema\/logo\/image\/","url":"https:\/\/kapitalis.com\/tunisie\/wp-content\/uploads\/2022\/05\/Kapitalis-big-size.png","contentUrl":"https:\/\/kapitalis.com\/tunisie\/wp-content\/uploads\/2022\/05\/Kapitalis-big-size.png","width":5000,"height":1500,"caption":"Kapitalis"},"image":{"@id":"https:\/\/kapitalis.com\/tunisie\/#\/schema\/logo\/image\/"},"sameAs":["https:\/\/www.facebook.com\/KapitalisInfo\/","https:\/\/x.com\/KapitalisInfo","https:\/\/www.youtube.com\/channel\/UC-yDYrHyfFBWWZaOw3FPg9Q"]},{"@type":"Person","@id":"https:\/\/kapitalis.com\/tunisie\/#\/schema\/person\/74bbde0154d49d790a92aaeac5bc01d5","name":"Yusra NY","url":"https:\/\/kapitalis.com\/tunisie\/author\/yuza_adam\/"}]}},"_links":{"self":[{"href":"https:\/\/kapitalis.com\/tunisie\/wp-json\/wp\/v2\/posts\/51202","targetHints":{"allow":["GET"]}}],"collection":[{"href":"https:\/\/kapitalis.com\/tunisie\/wp-json\/wp\/v2\/posts"}],"about":[{"href":"https:\/\/kapitalis.com\/tunisie\/wp-json\/wp\/v2\/types\/post"}],"author":[{"embeddable":true,"href":"https:\/\/kapitalis.com\/tunisie\/wp-json\/wp\/v2\/users\/6"}],"replies":[{"embeddable":true,"href":"https:\/\/kapitalis.com\/tunisie\/wp-json\/wp\/v2\/comments?post=51202"}],"version-history":[{"count":0,"href":"https:\/\/kapitalis.com\/tunisie\/wp-json\/wp\/v2\/posts\/51202\/revisions"}],"wp:featuredmedia":[{"embeddable":true,"href":"https:\/\/kapitalis.com\/tunisie\/wp-json\/wp\/v2\/media\/51203"}],"wp:attachment":[{"href":"https:\/\/kapitalis.com\/tunisie\/wp-json\/wp\/v2\/media?parent=51202"}],"wp:term":[{"taxonomy":"category","embeddable":true,"href":"https:\/\/kapitalis.com\/tunisie\/wp-json\/wp\/v2\/categories?post=51202"},{"taxonomy":"post_tag","embeddable":true,"href":"https:\/\/kapitalis.com\/tunisie\/wp-json\/wp\/v2\/tags?post=51202"}],"curies":[{"name":"wp","href":"https:\/\/api.w.org\/{rel}","templated":true}]}}