{"id":51214,"date":"2016-05-24T10:48:31","date_gmt":"2016-05-24T09:48:31","guid":{"rendered":"http:\/\/kapitalis.com\/tunisie\/?p=51214"},"modified":"2016-05-24T13:15:44","modified_gmt":"2016-05-24T12:15:44","slug":"gemus-lance-le-1er-pop-up-store-aux-berges-du-lac-de-tunis","status":"publish","type":"post","link":"https:\/\/kapitalis.com\/tunisie\/2016\/05\/24\/gemus-lance-le-1er-pop-up-store-aux-berges-du-lac-de-tunis\/","title":{"rendered":"Gemus lance le 1er Pop-Up Store aux Berges du Lac de Tunis"},"content":{"rendered":"<p style=\"text-align: center;\"><img loading=\"lazy\" decoding=\"async\" class=\"alignnone size-full wp-image-51254\" src=\"http:\/\/kapitalis.com\/tunisie\/wp-content\/uploads\/2016\/05\/Gemus-Pop-Up-Store.jpg\" alt=\"Gemus-Pop-Up-Store\" width=\"626\" height=\"380\" \/><\/p>\n<p><em><strong>Pour pr\u00e9senter sa nouvelle collection, Gemus, la marque de bagagerie tunisienne, ouvre la premi\u00e8re boutique \u00e9ph\u00e9m\u00e8re en Tunisie : Gemus Pop-Up Store.<\/strong><\/em><\/p>\n<p><!--more--><\/p>\n<p>Le rendez-vous est fix\u00e9 aux vendredi 27 et samedi 28 mai 2016, au B13, rue du lac Huron, les Berges du Lac de Tunis: une occasion pour d\u00e9couvrir une collection haute en couleurs, avec beaucoup de surprises \u00e0 la cl\u00e9.<\/p>\n<p>Pendant deux jours, la marque Gemus transforme le Lab en un magasin \u00e9ph\u00e9m\u00e8re pour pr\u00e9senter ses nouvelles cr\u00e9ations, des valises en coque l\u00e9g\u00e8res, aux couleurs acidul\u00e9es et aux formes galb\u00e9es.<\/p>\n<p>Fond\u00e9e en 1962, Gemus est sp\u00e9cialis\u00e9e dans la bagagerie et les sacs scolaires. Depuis plus de 50 ans, la marque propose des produits \u00e0 la pointe de l\u2019innovation r\u00e9pondant aux besoins de tous. Gr\u00e2ce \u00e0 son savoir-faire, elle a accompagn\u00e9 des millions de voyageurs \u00e0 travers le monde.<\/p>\n<p>Id\u00e9alement situ\u00e9 dans le quartier des Berges du Lac, le Lab est un espace qui offre de nombreuses possibilit\u00e9s d\u2019am\u00e9nagement et d\u2019exposition. Pour quelques jours, une semaine ou un mois, il est personnalisable \u00e0 l\u2019infini, selon les besoins des exposants.<\/p>\n<p style=\"text-align: right;\"><strong>I. B.<\/strong> (avec communiqu\u00e9).<\/p>\n","protected":false},"excerpt":{"rendered":"<p>Pour pr\u00e9senter sa nouvelle collection, Gemus, la marque de bagagerie tunisienne, ouvre la premi\u00e8re boutique \u00e9ph\u00e9m\u00e8re en Tunisie : Gemus Pop-Up Store.<\/p>\n","protected":false},"author":8,"featured_media":51215,"comment_status":"open","ping_status":"open","sticky":false,"template":"","format":"standard","meta":{"footnotes":""},"categories":[993,2433],"tags":[143],"class_list":["post-51214","post","type-post","status-publish","format-standard","has-post-thumbnail","hentry","category-conso","category-tunisie","tag-berges-du-lac"],"yoast_head":"<!-- This site is optimized with the Yoast SEO plugin v26.6 - https:\/\/yoast.com\/wordpress\/plugins\/seo\/ -->\n<title>Gemus lance le 1er Pop-Up Store aux Berges du Lac de Tunis - Kapitalis<\/title>\n<meta name=\"robots\" content=\"index, follow, max-snippet:-1, max-image-preview:large, max-video-preview:-1\" \/>\n<link rel=\"canonical\" href=\"https:\/\/kapitalis.com\/tunisie\/2016\/05\/24\/gemus-lance-le-1er-pop-up-store-aux-berges-du-lac-de-tunis\/\" \/>\n<meta property=\"og:locale\" content=\"fr_FR\" \/>\n<meta property=\"og:type\" content=\"article\" \/>\n<meta property=\"og:title\" content=\"Gemus lance le 1er Pop-Up Store aux Berges du Lac de Tunis - Kapitalis\" \/>\n<meta property=\"og:description\" content=\"Pour pr\u00e9senter sa nouvelle collection, Gemus, la marque de bagagerie tunisienne, ouvre la premi\u00e8re boutique \u00e9ph\u00e9m\u00e8re en Tunisie : Gemus Pop-Up Store.\" \/>\n<meta property=\"og:url\" content=\"https:\/\/kapitalis.com\/tunisie\/2016\/05\/24\/gemus-lance-le-1er-pop-up-store-aux-berges-du-lac-de-tunis\/\" \/>\n<meta property=\"og:site_name\" content=\"Kapitalis\" \/>\n<meta property=\"article:publisher\" content=\"https:\/\/www.facebook.com\/KapitalisInfo\/\" \/>\n<meta property=\"article:published_time\" content=\"2016-05-24T09:48:31+00:00\" \/>\n<meta property=\"article:modified_time\" content=\"2016-05-24T12:15:44+00:00\" \/>\n<meta property=\"og:image\" content=\"https:\/\/kapitalis.com\/tunisie\/wp-content\/uploads\/2022\/05\/kapitalis-logo-fb.png\" \/>\n\t<meta property=\"og:image:width\" content=\"1200\" \/>\n\t<meta property=\"og:image:height\" content=\"630\" \/>\n\t<meta property=\"og:image:type\" content=\"image\/png\" \/>\n<meta name=\"author\" content=\"webmaster kapitalis\" \/>\n<meta name=\"twitter:card\" content=\"summary_large_image\" \/>\n<meta name=\"twitter:creator\" content=\"@KapitalisInfo\" \/>\n<meta name=\"twitter:site\" content=\"@KapitalisInfo\" \/>\n<meta name=\"twitter:label1\" content=\"\u00c9crit par\" \/>\n\t<meta name=\"twitter:data1\" content=\"webmaster kapitalis\" \/>\n\t<meta name=\"twitter:label2\" content=\"Dur\u00e9e de lecture estim\u00e9e\" \/>\n\t<meta name=\"twitter:data2\" content=\"1 minute\" \/>\n<script type=\"application\/ld+json\" class=\"yoast-schema-graph\">{\"@context\":\"https:\/\/schema.org\",\"@graph\":[{\"@type\":\"Article\",\"@id\":\"https:\/\/kapitalis.com\/tunisie\/2016\/05\/24\/gemus-lance-le-1er-pop-up-store-aux-berges-du-lac-de-tunis\/#article\",\"isPartOf\":{\"@id\":\"https:\/\/kapitalis.com\/tunisie\/2016\/05\/24\/gemus-lance-le-1er-pop-up-store-aux-berges-du-lac-de-tunis\/\"},\"author\":{\"name\":\"webmaster kapitalis\",\"@id\":\"https:\/\/kapitalis.com\/tunisie\/#\/schema\/person\/d71f33a9ca44f7bad4698210b480c8e9\"},\"headline\":\"Gemus lance le 1er Pop-Up Store aux Berges du Lac de Tunis\",\"datePublished\":\"2016-05-24T09:48:31+00:00\",\"dateModified\":\"2016-05-24T12:15:44+00:00\",\"mainEntityOfPage\":{\"@id\":\"https:\/\/kapitalis.com\/tunisie\/2016\/05\/24\/gemus-lance-le-1er-pop-up-store-aux-berges-du-lac-de-tunis\/\"},\"wordCount\":210,\"commentCount\":0,\"publisher\":{\"@id\":\"https:\/\/kapitalis.com\/tunisie\/#organization\"},\"image\":{\"@id\":\"https:\/\/kapitalis.com\/tunisie\/2016\/05\/24\/gemus-lance-le-1er-pop-up-store-aux-berges-du-lac-de-tunis\/#primaryimage\"},\"thumbnailUrl\":\"\",\"keywords\":[\"Berges du Lac\"],\"articleSection\":[\"CONSO\",\"Tunisie\"],\"inLanguage\":\"fr-FR\",\"potentialAction\":[{\"@type\":\"CommentAction\",\"name\":\"Comment\",\"target\":[\"https:\/\/kapitalis.com\/tunisie\/2016\/05\/24\/gemus-lance-le-1er-pop-up-store-aux-berges-du-lac-de-tunis\/#respond\"]}]},{\"@type\":\"WebPage\",\"@id\":\"https:\/\/kapitalis.com\/tunisie\/2016\/05\/24\/gemus-lance-le-1er-pop-up-store-aux-berges-du-lac-de-tunis\/\",\"url\":\"https:\/\/kapitalis.com\/tunisie\/2016\/05\/24\/gemus-lance-le-1er-pop-up-store-aux-berges-du-lac-de-tunis\/\",\"name\":\"Gemus lance le 1er Pop-Up Store aux Berges du Lac de Tunis - Kapitalis\",\"isPartOf\":{\"@id\":\"https:\/\/kapitalis.com\/tunisie\/#website\"},\"primaryImageOfPage\":{\"@id\":\"https:\/\/kapitalis.com\/tunisie\/2016\/05\/24\/gemus-lance-le-1er-pop-up-store-aux-berges-du-lac-de-tunis\/#primaryimage\"},\"image\":{\"@id\":\"https:\/\/kapitalis.com\/tunisie\/2016\/05\/24\/gemus-lance-le-1er-pop-up-store-aux-berges-du-lac-de-tunis\/#primaryimage\"},\"thumbnailUrl\":\"\",\"datePublished\":\"2016-05-24T09:48:31+00:00\",\"dateModified\":\"2016-05-24T12:15:44+00:00\",\"breadcrumb\":{\"@id\":\"https:\/\/kapitalis.com\/tunisie\/2016\/05\/24\/gemus-lance-le-1er-pop-up-store-aux-berges-du-lac-de-tunis\/#breadcrumb\"},\"inLanguage\":\"fr-FR\",\"potentialAction\":[{\"@type\":\"ReadAction\",\"target\":[\"https:\/\/kapitalis.com\/tunisie\/2016\/05\/24\/gemus-lance-le-1er-pop-up-store-aux-berges-du-lac-de-tunis\/\"]}]},{\"@type\":\"ImageObject\",\"inLanguage\":\"fr-FR\",\"@id\":\"https:\/\/kapitalis.com\/tunisie\/2016\/05\/24\/gemus-lance-le-1er-pop-up-store-aux-berges-du-lac-de-tunis\/#primaryimage\",\"url\":\"\",\"contentUrl\":\"\"},{\"@type\":\"BreadcrumbList\",\"@id\":\"https:\/\/kapitalis.com\/tunisie\/2016\/05\/24\/gemus-lance-le-1er-pop-up-store-aux-berges-du-lac-de-tunis\/#breadcrumb\",\"itemListElement\":[{\"@type\":\"ListItem\",\"position\":1,\"name\":\"Accueil\",\"item\":\"https:\/\/kapitalis.com\/tunisie\/\"},{\"@type\":\"ListItem\",\"position\":2,\"name\":\"Gemus lance le 1er Pop-Up Store aux Berges du Lac de Tunis\"}]},{\"@type\":\"WebSite\",\"@id\":\"https:\/\/kapitalis.com\/tunisie\/#website\",\"url\":\"https:\/\/kapitalis.com\/tunisie\/\",\"name\":\"Kapitalis\",\"description\":\"L&#039;actualit\u00e9 en Tunisie et dans le monde\",\"publisher\":{\"@id\":\"https:\/\/kapitalis.com\/tunisie\/#organization\"},\"potentialAction\":[{\"@type\":\"SearchAction\",\"target\":{\"@type\":\"EntryPoint\",\"urlTemplate\":\"https:\/\/kapitalis.com\/tunisie\/?s={search_term_string}\"},\"query-input\":{\"@type\":\"PropertyValueSpecification\",\"valueRequired\":true,\"valueName\":\"search_term_string\"}}],\"inLanguage\":\"fr-FR\"},{\"@type\":\"Organization\",\"@id\":\"https:\/\/kapitalis.com\/tunisie\/#organization\",\"name\":\"Kapitalis\",\"url\":\"https:\/\/kapitalis.com\/tunisie\/\",\"logo\":{\"@type\":\"ImageObject\",\"inLanguage\":\"fr-FR\",\"@id\":\"https:\/\/kapitalis.com\/tunisie\/#\/schema\/logo\/image\/\",\"url\":\"https:\/\/kapitalis.com\/tunisie\/wp-content\/uploads\/2022\/05\/Kapitalis-big-size.png\",\"contentUrl\":\"https:\/\/kapitalis.com\/tunisie\/wp-content\/uploads\/2022\/05\/Kapitalis-big-size.png\",\"width\":5000,\"height\":1500,\"caption\":\"Kapitalis\"},\"image\":{\"@id\":\"https:\/\/kapitalis.com\/tunisie\/#\/schema\/logo\/image\/\"},\"sameAs\":[\"https:\/\/www.facebook.com\/KapitalisInfo\/\",\"https:\/\/x.com\/KapitalisInfo\",\"https:\/\/www.youtube.com\/channel\/UC-yDYrHyfFBWWZaOw3FPg9Q\"]},{\"@type\":\"Person\",\"@id\":\"https:\/\/kapitalis.com\/tunisie\/#\/schema\/person\/d71f33a9ca44f7bad4698210b480c8e9\",\"name\":\"webmaster kapitalis\",\"url\":\"https:\/\/kapitalis.com\/tunisie\/author\/webmaster-kapitalis\/\"}]}<\/script>\n<!-- \/ Yoast SEO plugin. -->","yoast_head_json":{"title":"Gemus lance le 1er Pop-Up Store aux Berges du Lac de Tunis - Kapitalis","robots":{"index":"index","follow":"follow","max-snippet":"max-snippet:-1","max-image-preview":"max-image-preview:large","max-video-preview":"max-video-preview:-1"},"canonical":"https:\/\/kapitalis.com\/tunisie\/2016\/05\/24\/gemus-lance-le-1er-pop-up-store-aux-berges-du-lac-de-tunis\/","og_locale":"fr_FR","og_type":"article","og_title":"Gemus lance le 1er Pop-Up Store aux Berges du Lac de Tunis - Kapitalis","og_description":"Pour pr\u00e9senter sa nouvelle collection, Gemus, la marque de bagagerie tunisienne, ouvre la premi\u00e8re boutique \u00e9ph\u00e9m\u00e8re en Tunisie : Gemus Pop-Up Store.","og_url":"https:\/\/kapitalis.com\/tunisie\/2016\/05\/24\/gemus-lance-le-1er-pop-up-store-aux-berges-du-lac-de-tunis\/","og_site_name":"Kapitalis","article_publisher":"https:\/\/www.facebook.com\/KapitalisInfo\/","article_published_time":"2016-05-24T09:48:31+00:00","article_modified_time":"2016-05-24T12:15:44+00:00","og_image":[{"width":1200,"height":630,"url":"https:\/\/kapitalis.com\/tunisie\/wp-content\/uploads\/2022\/05\/kapitalis-logo-fb.png","type":"image\/png"}],"author":"webmaster kapitalis","twitter_card":"summary_large_image","twitter_creator":"@KapitalisInfo","twitter_site":"@KapitalisInfo","twitter_misc":{"\u00c9crit par":"webmaster kapitalis","Dur\u00e9e de lecture estim\u00e9e":"1 minute"},"schema":{"@context":"https:\/\/schema.org","@graph":[{"@type":"Article","@id":"https:\/\/kapitalis.com\/tunisie\/2016\/05\/24\/gemus-lance-le-1er-pop-up-store-aux-berges-du-lac-de-tunis\/#article","isPartOf":{"@id":"https:\/\/kapitalis.com\/tunisie\/2016\/05\/24\/gemus-lance-le-1er-pop-up-store-aux-berges-du-lac-de-tunis\/"},"author":{"name":"webmaster kapitalis","@id":"https:\/\/kapitalis.com\/tunisie\/#\/schema\/person\/d71f33a9ca44f7bad4698210b480c8e9"},"headline":"Gemus lance le 1er Pop-Up Store aux Berges du Lac de Tunis","datePublished":"2016-05-24T09:48:31+00:00","dateModified":"2016-05-24T12:15:44+00:00","mainEntityOfPage":{"@id":"https:\/\/kapitalis.com\/tunisie\/2016\/05\/24\/gemus-lance-le-1er-pop-up-store-aux-berges-du-lac-de-tunis\/"},"wordCount":210,"commentCount":0,"publisher":{"@id":"https:\/\/kapitalis.com\/tunisie\/#organization"},"image":{"@id":"https:\/\/kapitalis.com\/tunisie\/2016\/05\/24\/gemus-lance-le-1er-pop-up-store-aux-berges-du-lac-de-tunis\/#primaryimage"},"thumbnailUrl":"","keywords":["Berges du Lac"],"articleSection":["CONSO","Tunisie"],"inLanguage":"fr-FR","potentialAction":[{"@type":"CommentAction","name":"Comment","target":["https:\/\/kapitalis.com\/tunisie\/2016\/05\/24\/gemus-lance-le-1er-pop-up-store-aux-berges-du-lac-de-tunis\/#respond"]}]},{"@type":"WebPage","@id":"https:\/\/kapitalis.com\/tunisie\/2016\/05\/24\/gemus-lance-le-1er-pop-up-store-aux-berges-du-lac-de-tunis\/","url":"https:\/\/kapitalis.com\/tunisie\/2016\/05\/24\/gemus-lance-le-1er-pop-up-store-aux-berges-du-lac-de-tunis\/","name":"Gemus lance le 1er Pop-Up Store aux Berges du Lac de Tunis - Kapitalis","isPartOf":{"@id":"https:\/\/kapitalis.com\/tunisie\/#website"},"primaryImageOfPage":{"@id":"https:\/\/kapitalis.com\/tunisie\/2016\/05\/24\/gemus-lance-le-1er-pop-up-store-aux-berges-du-lac-de-tunis\/#primaryimage"},"image":{"@id":"https:\/\/kapitalis.com\/tunisie\/2016\/05\/24\/gemus-lance-le-1er-pop-up-store-aux-berges-du-lac-de-tunis\/#primaryimage"},"thumbnailUrl":"","datePublished":"2016-05-24T09:48:31+00:00","dateModified":"2016-05-24T12:15:44+00:00","breadcrumb":{"@id":"https:\/\/kapitalis.com\/tunisie\/2016\/05\/24\/gemus-lance-le-1er-pop-up-store-aux-berges-du-lac-de-tunis\/#breadcrumb"},"inLanguage":"fr-FR","potentialAction":[{"@type":"ReadAction","target":["https:\/\/kapitalis.com\/tunisie\/2016\/05\/24\/gemus-lance-le-1er-pop-up-store-aux-berges-du-lac-de-tunis\/"]}]},{"@type":"ImageObject","inLanguage":"fr-FR","@id":"https:\/\/kapitalis.com\/tunisie\/2016\/05\/24\/gemus-lance-le-1er-pop-up-store-aux-berges-du-lac-de-tunis\/#primaryimage","url":"","contentUrl":""},{"@type":"BreadcrumbList","@id":"https:\/\/kapitalis.com\/tunisie\/2016\/05\/24\/gemus-lance-le-1er-pop-up-store-aux-berges-du-lac-de-tunis\/#breadcrumb","itemListElement":[{"@type":"ListItem","position":1,"name":"Accueil","item":"https:\/\/kapitalis.com\/tunisie\/"},{"@type":"ListItem","position":2,"name":"Gemus lance le 1er Pop-Up Store aux Berges du Lac de Tunis"}]},{"@type":"WebSite","@id":"https:\/\/kapitalis.com\/tunisie\/#website","url":"https:\/\/kapitalis.com\/tunisie\/","name":"Kapitalis","description":"L&#039;actualit\u00e9 en Tunisie et dans le monde","publisher":{"@id":"https:\/\/kapitalis.com\/tunisie\/#organization"},"potentialAction":[{"@type":"SearchAction","target":{"@type":"EntryPoint","urlTemplate":"https:\/\/kapitalis.com\/tunisie\/?s={search_term_string}"},"query-input":{"@type":"PropertyValueSpecification","valueRequired":true,"valueName":"search_term_string"}}],"inLanguage":"fr-FR"},{"@type":"Organization","@id":"https:\/\/kapitalis.com\/tunisie\/#organization","name":"Kapitalis","url":"https:\/\/kapitalis.com\/tunisie\/","logo":{"@type":"ImageObject","inLanguage":"fr-FR","@id":"https:\/\/kapitalis.com\/tunisie\/#\/schema\/logo\/image\/","url":"https:\/\/kapitalis.com\/tunisie\/wp-content\/uploads\/2022\/05\/Kapitalis-big-size.png","contentUrl":"https:\/\/kapitalis.com\/tunisie\/wp-content\/uploads\/2022\/05\/Kapitalis-big-size.png","width":5000,"height":1500,"caption":"Kapitalis"},"image":{"@id":"https:\/\/kapitalis.com\/tunisie\/#\/schema\/logo\/image\/"},"sameAs":["https:\/\/www.facebook.com\/KapitalisInfo\/","https:\/\/x.com\/KapitalisInfo","https:\/\/www.youtube.com\/channel\/UC-yDYrHyfFBWWZaOw3FPg9Q"]},{"@type":"Person","@id":"https:\/\/kapitalis.com\/tunisie\/#\/schema\/person\/d71f33a9ca44f7bad4698210b480c8e9","name":"webmaster kapitalis","url":"https:\/\/kapitalis.com\/tunisie\/author\/webmaster-kapitalis\/"}]}},"_links":{"self":[{"href":"https:\/\/kapitalis.com\/tunisie\/wp-json\/wp\/v2\/posts\/51214","targetHints":{"allow":["GET"]}}],"collection":[{"href":"https:\/\/kapitalis.com\/tunisie\/wp-json\/wp\/v2\/posts"}],"about":[{"href":"https:\/\/kapitalis.com\/tunisie\/wp-json\/wp\/v2\/types\/post"}],"author":[{"embeddable":true,"href":"https:\/\/kapitalis.com\/tunisie\/wp-json\/wp\/v2\/users\/8"}],"replies":[{"embeddable":true,"href":"https:\/\/kapitalis.com\/tunisie\/wp-json\/wp\/v2\/comments?post=51214"}],"version-history":[{"count":0,"href":"https:\/\/kapitalis.com\/tunisie\/wp-json\/wp\/v2\/posts\/51214\/revisions"}],"wp:featuredmedia":[{"embeddable":true,"href":"https:\/\/kapitalis.com\/tunisie\/wp-json\/wp\/v2\/media\/51215"}],"wp:attachment":[{"href":"https:\/\/kapitalis.com\/tunisie\/wp-json\/wp\/v2\/media?parent=51214"}],"wp:term":[{"taxonomy":"category","embeddable":true,"href":"https:\/\/kapitalis.com\/tunisie\/wp-json\/wp\/v2\/categories?post=51214"},{"taxonomy":"post_tag","embeddable":true,"href":"https:\/\/kapitalis.com\/tunisie\/wp-json\/wp\/v2\/tags?post=51214"}],"curies":[{"name":"wp","href":"https:\/\/api.w.org\/{rel}","templated":true}]}}