{"id":51239,"date":"2016-05-24T12:26:51","date_gmt":"2016-05-24T11:26:51","guid":{"rendered":"http:\/\/kapitalis.com\/tunisie\/?p=51239"},"modified":"2016-05-24T12:29:31","modified_gmt":"2016-05-24T11:29:31","slug":"contrebande-colere-des-commercants-du-centre-ville-de-tunis","status":"publish","type":"post","link":"https:\/\/kapitalis.com\/tunisie\/2016\/05\/24\/contrebande-colere-des-commercants-du-centre-ville-de-tunis\/","title":{"rendered":"Contrebande : Col\u00e8re des commer\u00e7ants du centre-ville de Tunis"},"content":{"rendered":"<p style=\"text-align: center;\"><img loading=\"lazy\" decoding=\"async\" class=\"alignnone size-full wp-image-51240\" src=\"http:\/\/kapitalis.com\/tunisie\/wp-content\/uploads\/2016\/05\/Vendeurs-ambulants-centre-ville-Tunis.jpg\" alt=\"Vendeurs ambulants- centre-ville Tunis\" width=\"626\" height=\"380\" \/><\/p>\n<p><em><strong>Les commer\u00e7ants du centre-ville de Tunis ont suspendu leurs activit\u00e9s, ce matin, pour d\u00e9noncer les commerces parall\u00e8les et vendeurs \u00e0 la sauvette qui envahissent la capitale.<\/strong><\/em><\/p>\n<p><!--more--><\/p>\n<p>Les commer\u00e7ants sont en col\u00e8re contre le laxisme des autorit\u00e9s face aux\u00a0marchands ambulants qui cassent les prix en vendent des produits de contrefa\u00e7on.<\/p>\n<p>Soutenus par l\u2019Union tunisienne de l\u2019industrie, du commerce et de l\u2019artisanat (Utica), les propri\u00e9taires de magasins de l\u2019avenue Habib Bourguiba et les rue attenantes\u00a0ont suspendu leurs activit\u00e9s et appellent les autorit\u00e9s \u00e0 intervenir pour mettre fin au commerce parall\u00e8le.<\/p>\n<p>\u00ab<em>Il y a des marchands ambulants partout qui vendent tout et n\u2019importe quoi, mais surtout des produits dangereux et \u00e0 bas prix, ce qui affecte beaucoup notre activit\u00e9. Ces vendeurs ne paient pas d\u2019imp\u00f4ts et exercent dans l\u2019ill\u00e9galit\u00e9, et souvent sous le regard complice de la police<\/em>\u00bb, a d\u00e9clar\u00e9 un commer\u00e7ant, qui a d\u00e9plor\u00e9\u00a0aussi l&rsquo;existence d&rsquo;entrep\u00f4ts de marchandises de contrebande au centre-ville de la capitale.<\/p>\n<p style=\"text-align: right;\"><strong>Y. N.<\/strong><\/p>\n","protected":false},"excerpt":{"rendered":"<p>Les commer\u00e7ants du centre-ville de Tunis ont suspendu leurs activit\u00e9s, ce matin, pour d\u00e9noncer les commerces parall\u00e8les et vendeurs \u00e0 la sauvette qui envahissent la capitale.<\/p>\n","protected":false},"author":6,"featured_media":51240,"comment_status":"open","ping_status":"open","sticky":false,"template":"","format":"standard","meta":{"footnotes":""},"categories":[995,2433],"tags":[1817,2400,6033,233,4122,8108,9434,2926],"class_list":["post-51239","post","type-post","status-publish","format-standard","has-post-thumbnail","hentry","category-economie","category-tunisie","tag-centre-ville","tag-commercants","tag-commerces","tag-contrebande","tag-illegal","tag-impots","tag-marchands-ambulants","tag-protestation"],"yoast_head":"<!-- This site is optimized with the Yoast SEO plugin v26.6 - https:\/\/yoast.com\/wordpress\/plugins\/seo\/ -->\n<title>Contrebande : Col\u00e8re des commer\u00e7ants du centre-ville de Tunis - Kapitalis<\/title>\n<meta name=\"robots\" content=\"index, follow, max-snippet:-1, max-image-preview:large, max-video-preview:-1\" \/>\n<link rel=\"canonical\" href=\"https:\/\/kapitalis.com\/tunisie\/2016\/05\/24\/contrebande-colere-des-commercants-du-centre-ville-de-tunis\/\" \/>\n<meta property=\"og:locale\" content=\"fr_FR\" \/>\n<meta property=\"og:type\" content=\"article\" \/>\n<meta property=\"og:title\" content=\"Contrebande : Col\u00e8re des commer\u00e7ants du centre-ville de Tunis - Kapitalis\" \/>\n<meta property=\"og:description\" content=\"Les commer\u00e7ants du centre-ville de Tunis ont suspendu leurs activit\u00e9s, ce matin, pour d\u00e9noncer les commerces parall\u00e8les et vendeurs \u00e0 la sauvette qui envahissent la capitale.\" \/>\n<meta property=\"og:url\" content=\"https:\/\/kapitalis.com\/tunisie\/2016\/05\/24\/contrebande-colere-des-commercants-du-centre-ville-de-tunis\/\" \/>\n<meta property=\"og:site_name\" content=\"Kapitalis\" \/>\n<meta property=\"article:publisher\" content=\"https:\/\/www.facebook.com\/KapitalisInfo\/\" \/>\n<meta property=\"article:published_time\" content=\"2016-05-24T11:26:51+00:00\" \/>\n<meta property=\"article:modified_time\" content=\"2016-05-24T11:29:31+00:00\" \/>\n<meta property=\"og:image\" content=\"https:\/\/kapitalis.com\/tunisie\/wp-content\/uploads\/2022\/05\/kapitalis-logo-fb.png\" \/>\n\t<meta property=\"og:image:width\" content=\"1200\" \/>\n\t<meta property=\"og:image:height\" content=\"630\" \/>\n\t<meta property=\"og:image:type\" content=\"image\/png\" \/>\n<meta name=\"author\" content=\"Yusra NY\" \/>\n<meta name=\"twitter:card\" content=\"summary_large_image\" \/>\n<meta name=\"twitter:creator\" content=\"@KapitalisInfo\" \/>\n<meta name=\"twitter:site\" content=\"@KapitalisInfo\" \/>\n<meta name=\"twitter:label1\" content=\"\u00c9crit par\" \/>\n\t<meta name=\"twitter:data1\" content=\"Yusra NY\" \/>\n\t<meta name=\"twitter:label2\" content=\"Dur\u00e9e de lecture estim\u00e9e\" \/>\n\t<meta name=\"twitter:data2\" content=\"1 minute\" \/>\n<script type=\"application\/ld+json\" class=\"yoast-schema-graph\">{\"@context\":\"https:\/\/schema.org\",\"@graph\":[{\"@type\":\"Article\",\"@id\":\"https:\/\/kapitalis.com\/tunisie\/2016\/05\/24\/contrebande-colere-des-commercants-du-centre-ville-de-tunis\/#article\",\"isPartOf\":{\"@id\":\"https:\/\/kapitalis.com\/tunisie\/2016\/05\/24\/contrebande-colere-des-commercants-du-centre-ville-de-tunis\/\"},\"author\":{\"name\":\"Yusra NY\",\"@id\":\"https:\/\/kapitalis.com\/tunisie\/#\/schema\/person\/74bbde0154d49d790a92aaeac5bc01d5\"},\"headline\":\"Contrebande : Col\u00e8re des commer\u00e7ants du centre-ville de Tunis\",\"datePublished\":\"2016-05-24T11:26:51+00:00\",\"dateModified\":\"2016-05-24T11:29:31+00:00\",\"mainEntityOfPage\":{\"@id\":\"https:\/\/kapitalis.com\/tunisie\/2016\/05\/24\/contrebande-colere-des-commercants-du-centre-ville-de-tunis\/\"},\"wordCount\":190,\"commentCount\":1,\"publisher\":{\"@id\":\"https:\/\/kapitalis.com\/tunisie\/#organization\"},\"image\":{\"@id\":\"https:\/\/kapitalis.com\/tunisie\/2016\/05\/24\/contrebande-colere-des-commercants-du-centre-ville-de-tunis\/#primaryimage\"},\"thumbnailUrl\":\"\",\"keywords\":[\"centre-ville\",\"commer\u00e7ants\",\"commerces\",\"contrebande\",\"ill\u00e9gal\",\"imp\u00f4ts\",\"marchands ambulants\",\"protestation\"],\"articleSection\":[\"ECONOMIE\",\"Tunisie\"],\"inLanguage\":\"fr-FR\",\"potentialAction\":[{\"@type\":\"CommentAction\",\"name\":\"Comment\",\"target\":[\"https:\/\/kapitalis.com\/tunisie\/2016\/05\/24\/contrebande-colere-des-commercants-du-centre-ville-de-tunis\/#respond\"]}]},{\"@type\":\"WebPage\",\"@id\":\"https:\/\/kapitalis.com\/tunisie\/2016\/05\/24\/contrebande-colere-des-commercants-du-centre-ville-de-tunis\/\",\"url\":\"https:\/\/kapitalis.com\/tunisie\/2016\/05\/24\/contrebande-colere-des-commercants-du-centre-ville-de-tunis\/\",\"name\":\"Contrebande : Col\u00e8re des commer\u00e7ants du centre-ville de Tunis - Kapitalis\",\"isPartOf\":{\"@id\":\"https:\/\/kapitalis.com\/tunisie\/#website\"},\"primaryImageOfPage\":{\"@id\":\"https:\/\/kapitalis.com\/tunisie\/2016\/05\/24\/contrebande-colere-des-commercants-du-centre-ville-de-tunis\/#primaryimage\"},\"image\":{\"@id\":\"https:\/\/kapitalis.com\/tunisie\/2016\/05\/24\/contrebande-colere-des-commercants-du-centre-ville-de-tunis\/#primaryimage\"},\"thumbnailUrl\":\"\",\"datePublished\":\"2016-05-24T11:26:51+00:00\",\"dateModified\":\"2016-05-24T11:29:31+00:00\",\"breadcrumb\":{\"@id\":\"https:\/\/kapitalis.com\/tunisie\/2016\/05\/24\/contrebande-colere-des-commercants-du-centre-ville-de-tunis\/#breadcrumb\"},\"inLanguage\":\"fr-FR\",\"potentialAction\":[{\"@type\":\"ReadAction\",\"target\":[\"https:\/\/kapitalis.com\/tunisie\/2016\/05\/24\/contrebande-colere-des-commercants-du-centre-ville-de-tunis\/\"]}]},{\"@type\":\"ImageObject\",\"inLanguage\":\"fr-FR\",\"@id\":\"https:\/\/kapitalis.com\/tunisie\/2016\/05\/24\/contrebande-colere-des-commercants-du-centre-ville-de-tunis\/#primaryimage\",\"url\":\"\",\"contentUrl\":\"\"},{\"@type\":\"BreadcrumbList\",\"@id\":\"https:\/\/kapitalis.com\/tunisie\/2016\/05\/24\/contrebande-colere-des-commercants-du-centre-ville-de-tunis\/#breadcrumb\",\"itemListElement\":[{\"@type\":\"ListItem\",\"position\":1,\"name\":\"Accueil\",\"item\":\"https:\/\/kapitalis.com\/tunisie\/\"},{\"@type\":\"ListItem\",\"position\":2,\"name\":\"Contrebande : Col\u00e8re des commer\u00e7ants du centre-ville de Tunis\"}]},{\"@type\":\"WebSite\",\"@id\":\"https:\/\/kapitalis.com\/tunisie\/#website\",\"url\":\"https:\/\/kapitalis.com\/tunisie\/\",\"name\":\"Kapitalis\",\"description\":\"L&#039;actualit\u00e9 en Tunisie et dans le monde\",\"publisher\":{\"@id\":\"https:\/\/kapitalis.com\/tunisie\/#organization\"},\"potentialAction\":[{\"@type\":\"SearchAction\",\"target\":{\"@type\":\"EntryPoint\",\"urlTemplate\":\"https:\/\/kapitalis.com\/tunisie\/?s={search_term_string}\"},\"query-input\":{\"@type\":\"PropertyValueSpecification\",\"valueRequired\":true,\"valueName\":\"search_term_string\"}}],\"inLanguage\":\"fr-FR\"},{\"@type\":\"Organization\",\"@id\":\"https:\/\/kapitalis.com\/tunisie\/#organization\",\"name\":\"Kapitalis\",\"url\":\"https:\/\/kapitalis.com\/tunisie\/\",\"logo\":{\"@type\":\"ImageObject\",\"inLanguage\":\"fr-FR\",\"@id\":\"https:\/\/kapitalis.com\/tunisie\/#\/schema\/logo\/image\/\",\"url\":\"https:\/\/kapitalis.com\/tunisie\/wp-content\/uploads\/2022\/05\/Kapitalis-big-size.png\",\"contentUrl\":\"https:\/\/kapitalis.com\/tunisie\/wp-content\/uploads\/2022\/05\/Kapitalis-big-size.png\",\"width\":5000,\"height\":1500,\"caption\":\"Kapitalis\"},\"image\":{\"@id\":\"https:\/\/kapitalis.com\/tunisie\/#\/schema\/logo\/image\/\"},\"sameAs\":[\"https:\/\/www.facebook.com\/KapitalisInfo\/\",\"https:\/\/x.com\/KapitalisInfo\",\"https:\/\/www.youtube.com\/channel\/UC-yDYrHyfFBWWZaOw3FPg9Q\"]},{\"@type\":\"Person\",\"@id\":\"https:\/\/kapitalis.com\/tunisie\/#\/schema\/person\/74bbde0154d49d790a92aaeac5bc01d5\",\"name\":\"Yusra NY\",\"url\":\"https:\/\/kapitalis.com\/tunisie\/author\/yuza_adam\/\"}]}<\/script>\n<!-- \/ Yoast SEO plugin. -->","yoast_head_json":{"title":"Contrebande : Col\u00e8re des commer\u00e7ants du centre-ville de Tunis - Kapitalis","robots":{"index":"index","follow":"follow","max-snippet":"max-snippet:-1","max-image-preview":"max-image-preview:large","max-video-preview":"max-video-preview:-1"},"canonical":"https:\/\/kapitalis.com\/tunisie\/2016\/05\/24\/contrebande-colere-des-commercants-du-centre-ville-de-tunis\/","og_locale":"fr_FR","og_type":"article","og_title":"Contrebande : Col\u00e8re des commer\u00e7ants du centre-ville de Tunis - Kapitalis","og_description":"Les commer\u00e7ants du centre-ville de Tunis ont suspendu leurs activit\u00e9s, ce matin, pour d\u00e9noncer les commerces parall\u00e8les et vendeurs \u00e0 la sauvette qui envahissent la capitale.","og_url":"https:\/\/kapitalis.com\/tunisie\/2016\/05\/24\/contrebande-colere-des-commercants-du-centre-ville-de-tunis\/","og_site_name":"Kapitalis","article_publisher":"https:\/\/www.facebook.com\/KapitalisInfo\/","article_published_time":"2016-05-24T11:26:51+00:00","article_modified_time":"2016-05-24T11:29:31+00:00","og_image":[{"width":1200,"height":630,"url":"https:\/\/kapitalis.com\/tunisie\/wp-content\/uploads\/2022\/05\/kapitalis-logo-fb.png","type":"image\/png"}],"author":"Yusra NY","twitter_card":"summary_large_image","twitter_creator":"@KapitalisInfo","twitter_site":"@KapitalisInfo","twitter_misc":{"\u00c9crit par":"Yusra NY","Dur\u00e9e de lecture estim\u00e9e":"1 minute"},"schema":{"@context":"https:\/\/schema.org","@graph":[{"@type":"Article","@id":"https:\/\/kapitalis.com\/tunisie\/2016\/05\/24\/contrebande-colere-des-commercants-du-centre-ville-de-tunis\/#article","isPartOf":{"@id":"https:\/\/kapitalis.com\/tunisie\/2016\/05\/24\/contrebande-colere-des-commercants-du-centre-ville-de-tunis\/"},"author":{"name":"Yusra NY","@id":"https:\/\/kapitalis.com\/tunisie\/#\/schema\/person\/74bbde0154d49d790a92aaeac5bc01d5"},"headline":"Contrebande : Col\u00e8re des commer\u00e7ants du centre-ville de Tunis","datePublished":"2016-05-24T11:26:51+00:00","dateModified":"2016-05-24T11:29:31+00:00","mainEntityOfPage":{"@id":"https:\/\/kapitalis.com\/tunisie\/2016\/05\/24\/contrebande-colere-des-commercants-du-centre-ville-de-tunis\/"},"wordCount":190,"commentCount":1,"publisher":{"@id":"https:\/\/kapitalis.com\/tunisie\/#organization"},"image":{"@id":"https:\/\/kapitalis.com\/tunisie\/2016\/05\/24\/contrebande-colere-des-commercants-du-centre-ville-de-tunis\/#primaryimage"},"thumbnailUrl":"","keywords":["centre-ville","commer\u00e7ants","commerces","contrebande","ill\u00e9gal","imp\u00f4ts","marchands ambulants","protestation"],"articleSection":["ECONOMIE","Tunisie"],"inLanguage":"fr-FR","potentialAction":[{"@type":"CommentAction","name":"Comment","target":["https:\/\/kapitalis.com\/tunisie\/2016\/05\/24\/contrebande-colere-des-commercants-du-centre-ville-de-tunis\/#respond"]}]},{"@type":"WebPage","@id":"https:\/\/kapitalis.com\/tunisie\/2016\/05\/24\/contrebande-colere-des-commercants-du-centre-ville-de-tunis\/","url":"https:\/\/kapitalis.com\/tunisie\/2016\/05\/24\/contrebande-colere-des-commercants-du-centre-ville-de-tunis\/","name":"Contrebande : Col\u00e8re des commer\u00e7ants du centre-ville de Tunis - Kapitalis","isPartOf":{"@id":"https:\/\/kapitalis.com\/tunisie\/#website"},"primaryImageOfPage":{"@id":"https:\/\/kapitalis.com\/tunisie\/2016\/05\/24\/contrebande-colere-des-commercants-du-centre-ville-de-tunis\/#primaryimage"},"image":{"@id":"https:\/\/kapitalis.com\/tunisie\/2016\/05\/24\/contrebande-colere-des-commercants-du-centre-ville-de-tunis\/#primaryimage"},"thumbnailUrl":"","datePublished":"2016-05-24T11:26:51+00:00","dateModified":"2016-05-24T11:29:31+00:00","breadcrumb":{"@id":"https:\/\/kapitalis.com\/tunisie\/2016\/05\/24\/contrebande-colere-des-commercants-du-centre-ville-de-tunis\/#breadcrumb"},"inLanguage":"fr-FR","potentialAction":[{"@type":"ReadAction","target":["https:\/\/kapitalis.com\/tunisie\/2016\/05\/24\/contrebande-colere-des-commercants-du-centre-ville-de-tunis\/"]}]},{"@type":"ImageObject","inLanguage":"fr-FR","@id":"https:\/\/kapitalis.com\/tunisie\/2016\/05\/24\/contrebande-colere-des-commercants-du-centre-ville-de-tunis\/#primaryimage","url":"","contentUrl":""},{"@type":"BreadcrumbList","@id":"https:\/\/kapitalis.com\/tunisie\/2016\/05\/24\/contrebande-colere-des-commercants-du-centre-ville-de-tunis\/#breadcrumb","itemListElement":[{"@type":"ListItem","position":1,"name":"Accueil","item":"https:\/\/kapitalis.com\/tunisie\/"},{"@type":"ListItem","position":2,"name":"Contrebande : Col\u00e8re des commer\u00e7ants du centre-ville de Tunis"}]},{"@type":"WebSite","@id":"https:\/\/kapitalis.com\/tunisie\/#website","url":"https:\/\/kapitalis.com\/tunisie\/","name":"Kapitalis","description":"L&#039;actualit\u00e9 en Tunisie et dans le monde","publisher":{"@id":"https:\/\/kapitalis.com\/tunisie\/#organization"},"potentialAction":[{"@type":"SearchAction","target":{"@type":"EntryPoint","urlTemplate":"https:\/\/kapitalis.com\/tunisie\/?s={search_term_string}"},"query-input":{"@type":"PropertyValueSpecification","valueRequired":true,"valueName":"search_term_string"}}],"inLanguage":"fr-FR"},{"@type":"Organization","@id":"https:\/\/kapitalis.com\/tunisie\/#organization","name":"Kapitalis","url":"https:\/\/kapitalis.com\/tunisie\/","logo":{"@type":"ImageObject","inLanguage":"fr-FR","@id":"https:\/\/kapitalis.com\/tunisie\/#\/schema\/logo\/image\/","url":"https:\/\/kapitalis.com\/tunisie\/wp-content\/uploads\/2022\/05\/Kapitalis-big-size.png","contentUrl":"https:\/\/kapitalis.com\/tunisie\/wp-content\/uploads\/2022\/05\/Kapitalis-big-size.png","width":5000,"height":1500,"caption":"Kapitalis"},"image":{"@id":"https:\/\/kapitalis.com\/tunisie\/#\/schema\/logo\/image\/"},"sameAs":["https:\/\/www.facebook.com\/KapitalisInfo\/","https:\/\/x.com\/KapitalisInfo","https:\/\/www.youtube.com\/channel\/UC-yDYrHyfFBWWZaOw3FPg9Q"]},{"@type":"Person","@id":"https:\/\/kapitalis.com\/tunisie\/#\/schema\/person\/74bbde0154d49d790a92aaeac5bc01d5","name":"Yusra NY","url":"https:\/\/kapitalis.com\/tunisie\/author\/yuza_adam\/"}]}},"_links":{"self":[{"href":"https:\/\/kapitalis.com\/tunisie\/wp-json\/wp\/v2\/posts\/51239","targetHints":{"allow":["GET"]}}],"collection":[{"href":"https:\/\/kapitalis.com\/tunisie\/wp-json\/wp\/v2\/posts"}],"about":[{"href":"https:\/\/kapitalis.com\/tunisie\/wp-json\/wp\/v2\/types\/post"}],"author":[{"embeddable":true,"href":"https:\/\/kapitalis.com\/tunisie\/wp-json\/wp\/v2\/users\/6"}],"replies":[{"embeddable":true,"href":"https:\/\/kapitalis.com\/tunisie\/wp-json\/wp\/v2\/comments?post=51239"}],"version-history":[{"count":0,"href":"https:\/\/kapitalis.com\/tunisie\/wp-json\/wp\/v2\/posts\/51239\/revisions"}],"wp:featuredmedia":[{"embeddable":true,"href":"https:\/\/kapitalis.com\/tunisie\/wp-json\/wp\/v2\/media\/51240"}],"wp:attachment":[{"href":"https:\/\/kapitalis.com\/tunisie\/wp-json\/wp\/v2\/media?parent=51239"}],"wp:term":[{"taxonomy":"category","embeddable":true,"href":"https:\/\/kapitalis.com\/tunisie\/wp-json\/wp\/v2\/categories?post=51239"},{"taxonomy":"post_tag","embeddable":true,"href":"https:\/\/kapitalis.com\/tunisie\/wp-json\/wp\/v2\/tags?post=51239"}],"curies":[{"name":"wp","href":"https:\/\/api.w.org\/{rel}","templated":true}]}}