{"id":51263,"date":"2016-05-24T13:52:12","date_gmt":"2016-05-24T12:52:12","guid":{"rendered":"http:\/\/kapitalis.com\/tunisie\/?p=51263"},"modified":"2016-05-24T13:55:03","modified_gmt":"2016-05-24T12:55:03","slug":"le-pere-de-adel-ghandri-accuse-de-complicite-avec-les-terroristes","status":"publish","type":"post","link":"https:\/\/kapitalis.com\/tunisie\/2016\/05\/24\/le-pere-de-adel-ghandri-accuse-de-complicite-avec-les-terroristes\/","title":{"rendered":"Le p\u00e8re de Adel Ghandri accus\u00e9 de complicit\u00e9 avec les terroristes"},"content":{"rendered":"<p><img loading=\"lazy\" decoding=\"async\" class=\"alignnone size-full wp-image-42536 aligncenter\" src=\"http:\/\/kapitalis.com\/tunisie\/wp-content\/uploads\/2016\/03\/Adel-Ghandri.jpg\" alt=\"Adel-Ghandri\" width=\"626\" height=\"380\" \/><br \/>\n<em><strong>Pour avoir abrit\u00e9 chez lui des terroristes, tout en \u00e9tant au courant de leur plan d\u2019attaque contre Ben Guerdane, le p\u00e8re du contrebandier Adel Ghandri a \u00e9t\u00e9 arr\u00eat\u00e9, lui aussi.<\/strong> <\/em><\/p>\n<p><!--more--><\/p>\n<p>D\u00e9nonc\u00e9 par son fils, contrebandier li\u00e9 aux r\u00e9seaux terroristes, qui a \u00e9t\u00e9 captur\u00e9, le 11 mai courant, lors de l\u2019op\u00e9ration s\u00e9curitaire \u00e0 Mnihla, \u00e0 l\u2019ouest de Tunis, le p\u00e8re de Adel Ghandri (30 ans) a \u00e9t\u00e9 arr\u00eat\u00e9, lui aussi, et accus\u00e9 de complicit\u00e9.<\/p>\n<p>Selon des sources s\u00e9curitaires, cit\u00e9es par le journal <em>\u2018\u2018Assarih\u2019\u2019<\/em>, dans sa livraison d\u2019aujourd\u2019hui, l\u2019homme a avou\u00e9, lors de son audition, que son fils a cach\u00e9 chez lui une somme en monnaie libyenne (\u00e9quivalant \u00e0 6.000 dinars) et qu\u2019il a lui-m\u00eame h\u00e9berg\u00e9 et nourri, pendant 4 jours, des terroristes munis de leurs armes, avant l\u2019attaque de Ben Guerdane, le 7 mars dernier.<\/p>\n<p>Adel Ghandri a, de son c\u00f4t\u00e9, avou\u00e9 avoir particip\u00e9 \u00e0 la pr\u00e9paration et au d\u00e9clenchement de l\u2019attaque, apr\u00e8s avoir introduit de Libye des armes de tous types pour les groupes terroristes bas\u00e9s en Tunisie.<\/p>\n<p>Parmi les terroristes qui ont pr\u00e9par\u00e9 l&rsquo;attaque de Ben Guerdane, il a cit\u00e9 le nom de Nejmeddine Ben Mohamed Dhaoui Gharbi (33 ans), abattu \u00e0 Mnihla.<\/p>\n<p style=\"text-align: right;\"><strong>Z. A.<\/strong><\/p>\n","protected":false},"excerpt":{"rendered":"<p>Pour avoir abrit\u00e9 chez lui des terroristes, tout en \u00e9tant au courant de leur plan d\u2019attaque contre Ben Guerdane, le p\u00e8re du contrebandier Adel Ghandri a \u00e9t\u00e9 arr\u00eat\u00e9, lui aussi.<\/p>\n","protected":false},"author":8,"featured_media":0,"comment_status":"open","ping_status":"open","sticky":false,"template":"","format":"standard","meta":{"footnotes":""},"categories":[998,2433],"tags":[15595,2021,1818,8459],"class_list":["post-51263","post","type-post","status-publish","format-standard","hentry","category-societe","category-tunisie","tag-adel-ghandri","tag-attaque-terroriste","tag-ben-guerdane","tag-mnihla"],"yoast_head":"<!-- This site is optimized with the Yoast SEO plugin v26.6 - https:\/\/yoast.com\/wordpress\/plugins\/seo\/ -->\n<title>Le p\u00e8re de Adel Ghandri accus\u00e9 de complicit\u00e9 avec les terroristes - Kapitalis<\/title>\n<meta name=\"robots\" content=\"index, follow, max-snippet:-1, max-image-preview:large, max-video-preview:-1\" \/>\n<link rel=\"canonical\" href=\"https:\/\/kapitalis.com\/tunisie\/2016\/05\/24\/le-pere-de-adel-ghandri-accuse-de-complicite-avec-les-terroristes\/\" \/>\n<meta property=\"og:locale\" content=\"fr_FR\" \/>\n<meta property=\"og:type\" content=\"article\" \/>\n<meta property=\"og:title\" content=\"Le p\u00e8re de Adel Ghandri accus\u00e9 de complicit\u00e9 avec les terroristes - Kapitalis\" \/>\n<meta property=\"og:description\" content=\"Pour avoir abrit\u00e9 chez lui des terroristes, tout en \u00e9tant au courant de leur plan d\u2019attaque contre Ben Guerdane, le p\u00e8re du contrebandier Adel Ghandri a \u00e9t\u00e9 arr\u00eat\u00e9, lui aussi.\" \/>\n<meta property=\"og:url\" content=\"https:\/\/kapitalis.com\/tunisie\/2016\/05\/24\/le-pere-de-adel-ghandri-accuse-de-complicite-avec-les-terroristes\/\" \/>\n<meta property=\"og:site_name\" content=\"Kapitalis\" \/>\n<meta property=\"article:publisher\" content=\"https:\/\/www.facebook.com\/KapitalisInfo\/\" \/>\n<meta property=\"article:published_time\" content=\"2016-05-24T12:52:12+00:00\" \/>\n<meta property=\"article:modified_time\" content=\"2016-05-24T12:55:03+00:00\" \/>\n<meta property=\"og:image\" content=\"http:\/\/kapitalis.com\/tunisie\/wp-content\/uploads\/2016\/03\/Adel-Ghandri.jpg\" \/>\n<meta name=\"author\" content=\"webmaster kapitalis\" \/>\n<meta name=\"twitter:card\" content=\"summary_large_image\" \/>\n<meta name=\"twitter:creator\" content=\"@KapitalisInfo\" \/>\n<meta name=\"twitter:site\" content=\"@KapitalisInfo\" \/>\n<meta name=\"twitter:label1\" content=\"\u00c9crit par\" \/>\n\t<meta name=\"twitter:data1\" content=\"webmaster kapitalis\" \/>\n\t<meta name=\"twitter:label2\" content=\"Dur\u00e9e de lecture estim\u00e9e\" \/>\n\t<meta name=\"twitter:data2\" content=\"1 minute\" \/>\n<script type=\"application\/ld+json\" class=\"yoast-schema-graph\">{\"@context\":\"https:\/\/schema.org\",\"@graph\":[{\"@type\":\"Article\",\"@id\":\"https:\/\/kapitalis.com\/tunisie\/2016\/05\/24\/le-pere-de-adel-ghandri-accuse-de-complicite-avec-les-terroristes\/#article\",\"isPartOf\":{\"@id\":\"https:\/\/kapitalis.com\/tunisie\/2016\/05\/24\/le-pere-de-adel-ghandri-accuse-de-complicite-avec-les-terroristes\/\"},\"author\":{\"name\":\"webmaster kapitalis\",\"@id\":\"https:\/\/kapitalis.com\/tunisie\/#\/schema\/person\/d71f33a9ca44f7bad4698210b480c8e9\"},\"headline\":\"Le p\u00e8re de Adel Ghandri accus\u00e9 de complicit\u00e9 avec les terroristes\",\"datePublished\":\"2016-05-24T12:52:12+00:00\",\"dateModified\":\"2016-05-24T12:55:03+00:00\",\"mainEntityOfPage\":{\"@id\":\"https:\/\/kapitalis.com\/tunisie\/2016\/05\/24\/le-pere-de-adel-ghandri-accuse-de-complicite-avec-les-terroristes\/\"},\"wordCount\":224,\"commentCount\":0,\"publisher\":{\"@id\":\"https:\/\/kapitalis.com\/tunisie\/#organization\"},\"image\":{\"@id\":\"https:\/\/kapitalis.com\/tunisie\/2016\/05\/24\/le-pere-de-adel-ghandri-accuse-de-complicite-avec-les-terroristes\/#primaryimage\"},\"thumbnailUrl\":\"http:\/\/kapitalis.com\/tunisie\/wp-content\/uploads\/2016\/03\/Adel-Ghandri.jpg\",\"keywords\":[\"Adel Ghandri\",\"attaque terroriste\",\"Ben Guerdane\",\"Mnihla\"],\"articleSection\":[\"SOCIETE\",\"Tunisie\"],\"inLanguage\":\"fr-FR\",\"potentialAction\":[{\"@type\":\"CommentAction\",\"name\":\"Comment\",\"target\":[\"https:\/\/kapitalis.com\/tunisie\/2016\/05\/24\/le-pere-de-adel-ghandri-accuse-de-complicite-avec-les-terroristes\/#respond\"]}]},{\"@type\":\"WebPage\",\"@id\":\"https:\/\/kapitalis.com\/tunisie\/2016\/05\/24\/le-pere-de-adel-ghandri-accuse-de-complicite-avec-les-terroristes\/\",\"url\":\"https:\/\/kapitalis.com\/tunisie\/2016\/05\/24\/le-pere-de-adel-ghandri-accuse-de-complicite-avec-les-terroristes\/\",\"name\":\"Le p\u00e8re de Adel Ghandri accus\u00e9 de complicit\u00e9 avec les terroristes - Kapitalis\",\"isPartOf\":{\"@id\":\"https:\/\/kapitalis.com\/tunisie\/#website\"},\"primaryImageOfPage\":{\"@id\":\"https:\/\/kapitalis.com\/tunisie\/2016\/05\/24\/le-pere-de-adel-ghandri-accuse-de-complicite-avec-les-terroristes\/#primaryimage\"},\"image\":{\"@id\":\"https:\/\/kapitalis.com\/tunisie\/2016\/05\/24\/le-pere-de-adel-ghandri-accuse-de-complicite-avec-les-terroristes\/#primaryimage\"},\"thumbnailUrl\":\"http:\/\/kapitalis.com\/tunisie\/wp-content\/uploads\/2016\/03\/Adel-Ghandri.jpg\",\"datePublished\":\"2016-05-24T12:52:12+00:00\",\"dateModified\":\"2016-05-24T12:55:03+00:00\",\"breadcrumb\":{\"@id\":\"https:\/\/kapitalis.com\/tunisie\/2016\/05\/24\/le-pere-de-adel-ghandri-accuse-de-complicite-avec-les-terroristes\/#breadcrumb\"},\"inLanguage\":\"fr-FR\",\"potentialAction\":[{\"@type\":\"ReadAction\",\"target\":[\"https:\/\/kapitalis.com\/tunisie\/2016\/05\/24\/le-pere-de-adel-ghandri-accuse-de-complicite-avec-les-terroristes\/\"]}]},{\"@type\":\"ImageObject\",\"inLanguage\":\"fr-FR\",\"@id\":\"https:\/\/kapitalis.com\/tunisie\/2016\/05\/24\/le-pere-de-adel-ghandri-accuse-de-complicite-avec-les-terroristes\/#primaryimage\",\"url\":\"http:\/\/kapitalis.com\/tunisie\/wp-content\/uploads\/2016\/03\/Adel-Ghandri.jpg\",\"contentUrl\":\"http:\/\/kapitalis.com\/tunisie\/wp-content\/uploads\/2016\/03\/Adel-Ghandri.jpg\"},{\"@type\":\"BreadcrumbList\",\"@id\":\"https:\/\/kapitalis.com\/tunisie\/2016\/05\/24\/le-pere-de-adel-ghandri-accuse-de-complicite-avec-les-terroristes\/#breadcrumb\",\"itemListElement\":[{\"@type\":\"ListItem\",\"position\":1,\"name\":\"Accueil\",\"item\":\"https:\/\/kapitalis.com\/tunisie\/\"},{\"@type\":\"ListItem\",\"position\":2,\"name\":\"Le p\u00e8re de Adel Ghandri accus\u00e9 de complicit\u00e9 avec les terroristes\"}]},{\"@type\":\"WebSite\",\"@id\":\"https:\/\/kapitalis.com\/tunisie\/#website\",\"url\":\"https:\/\/kapitalis.com\/tunisie\/\",\"name\":\"Kapitalis\",\"description\":\"L&#039;actualit\u00e9 en Tunisie et dans le monde\",\"publisher\":{\"@id\":\"https:\/\/kapitalis.com\/tunisie\/#organization\"},\"potentialAction\":[{\"@type\":\"SearchAction\",\"target\":{\"@type\":\"EntryPoint\",\"urlTemplate\":\"https:\/\/kapitalis.com\/tunisie\/?s={search_term_string}\"},\"query-input\":{\"@type\":\"PropertyValueSpecification\",\"valueRequired\":true,\"valueName\":\"search_term_string\"}}],\"inLanguage\":\"fr-FR\"},{\"@type\":\"Organization\",\"@id\":\"https:\/\/kapitalis.com\/tunisie\/#organization\",\"name\":\"Kapitalis\",\"url\":\"https:\/\/kapitalis.com\/tunisie\/\",\"logo\":{\"@type\":\"ImageObject\",\"inLanguage\":\"fr-FR\",\"@id\":\"https:\/\/kapitalis.com\/tunisie\/#\/schema\/logo\/image\/\",\"url\":\"https:\/\/kapitalis.com\/tunisie\/wp-content\/uploads\/2022\/05\/Kapitalis-big-size.png\",\"contentUrl\":\"https:\/\/kapitalis.com\/tunisie\/wp-content\/uploads\/2022\/05\/Kapitalis-big-size.png\",\"width\":5000,\"height\":1500,\"caption\":\"Kapitalis\"},\"image\":{\"@id\":\"https:\/\/kapitalis.com\/tunisie\/#\/schema\/logo\/image\/\"},\"sameAs\":[\"https:\/\/www.facebook.com\/KapitalisInfo\/\",\"https:\/\/x.com\/KapitalisInfo\",\"https:\/\/www.youtube.com\/channel\/UC-yDYrHyfFBWWZaOw3FPg9Q\"]},{\"@type\":\"Person\",\"@id\":\"https:\/\/kapitalis.com\/tunisie\/#\/schema\/person\/d71f33a9ca44f7bad4698210b480c8e9\",\"name\":\"webmaster kapitalis\",\"url\":\"https:\/\/kapitalis.com\/tunisie\/author\/webmaster-kapitalis\/\"}]}<\/script>\n<!-- \/ Yoast SEO plugin. -->","yoast_head_json":{"title":"Le p\u00e8re de Adel Ghandri accus\u00e9 de complicit\u00e9 avec les terroristes - Kapitalis","robots":{"index":"index","follow":"follow","max-snippet":"max-snippet:-1","max-image-preview":"max-image-preview:large","max-video-preview":"max-video-preview:-1"},"canonical":"https:\/\/kapitalis.com\/tunisie\/2016\/05\/24\/le-pere-de-adel-ghandri-accuse-de-complicite-avec-les-terroristes\/","og_locale":"fr_FR","og_type":"article","og_title":"Le p\u00e8re de Adel Ghandri accus\u00e9 de complicit\u00e9 avec les terroristes - Kapitalis","og_description":"Pour avoir abrit\u00e9 chez lui des terroristes, tout en \u00e9tant au courant de leur plan d\u2019attaque contre Ben Guerdane, le p\u00e8re du contrebandier Adel Ghandri a \u00e9t\u00e9 arr\u00eat\u00e9, lui aussi.","og_url":"https:\/\/kapitalis.com\/tunisie\/2016\/05\/24\/le-pere-de-adel-ghandri-accuse-de-complicite-avec-les-terroristes\/","og_site_name":"Kapitalis","article_publisher":"https:\/\/www.facebook.com\/KapitalisInfo\/","article_published_time":"2016-05-24T12:52:12+00:00","article_modified_time":"2016-05-24T12:55:03+00:00","og_image":[{"url":"http:\/\/kapitalis.com\/tunisie\/wp-content\/uploads\/2016\/03\/Adel-Ghandri.jpg","type":"","width":"","height":""}],"author":"webmaster kapitalis","twitter_card":"summary_large_image","twitter_creator":"@KapitalisInfo","twitter_site":"@KapitalisInfo","twitter_misc":{"\u00c9crit par":"webmaster kapitalis","Dur\u00e9e de lecture estim\u00e9e":"1 minute"},"schema":{"@context":"https:\/\/schema.org","@graph":[{"@type":"Article","@id":"https:\/\/kapitalis.com\/tunisie\/2016\/05\/24\/le-pere-de-adel-ghandri-accuse-de-complicite-avec-les-terroristes\/#article","isPartOf":{"@id":"https:\/\/kapitalis.com\/tunisie\/2016\/05\/24\/le-pere-de-adel-ghandri-accuse-de-complicite-avec-les-terroristes\/"},"author":{"name":"webmaster kapitalis","@id":"https:\/\/kapitalis.com\/tunisie\/#\/schema\/person\/d71f33a9ca44f7bad4698210b480c8e9"},"headline":"Le p\u00e8re de Adel Ghandri accus\u00e9 de complicit\u00e9 avec les terroristes","datePublished":"2016-05-24T12:52:12+00:00","dateModified":"2016-05-24T12:55:03+00:00","mainEntityOfPage":{"@id":"https:\/\/kapitalis.com\/tunisie\/2016\/05\/24\/le-pere-de-adel-ghandri-accuse-de-complicite-avec-les-terroristes\/"},"wordCount":224,"commentCount":0,"publisher":{"@id":"https:\/\/kapitalis.com\/tunisie\/#organization"},"image":{"@id":"https:\/\/kapitalis.com\/tunisie\/2016\/05\/24\/le-pere-de-adel-ghandri-accuse-de-complicite-avec-les-terroristes\/#primaryimage"},"thumbnailUrl":"http:\/\/kapitalis.com\/tunisie\/wp-content\/uploads\/2016\/03\/Adel-Ghandri.jpg","keywords":["Adel Ghandri","attaque terroriste","Ben Guerdane","Mnihla"],"articleSection":["SOCIETE","Tunisie"],"inLanguage":"fr-FR","potentialAction":[{"@type":"CommentAction","name":"Comment","target":["https:\/\/kapitalis.com\/tunisie\/2016\/05\/24\/le-pere-de-adel-ghandri-accuse-de-complicite-avec-les-terroristes\/#respond"]}]},{"@type":"WebPage","@id":"https:\/\/kapitalis.com\/tunisie\/2016\/05\/24\/le-pere-de-adel-ghandri-accuse-de-complicite-avec-les-terroristes\/","url":"https:\/\/kapitalis.com\/tunisie\/2016\/05\/24\/le-pere-de-adel-ghandri-accuse-de-complicite-avec-les-terroristes\/","name":"Le p\u00e8re de Adel Ghandri accus\u00e9 de complicit\u00e9 avec les terroristes - Kapitalis","isPartOf":{"@id":"https:\/\/kapitalis.com\/tunisie\/#website"},"primaryImageOfPage":{"@id":"https:\/\/kapitalis.com\/tunisie\/2016\/05\/24\/le-pere-de-adel-ghandri-accuse-de-complicite-avec-les-terroristes\/#primaryimage"},"image":{"@id":"https:\/\/kapitalis.com\/tunisie\/2016\/05\/24\/le-pere-de-adel-ghandri-accuse-de-complicite-avec-les-terroristes\/#primaryimage"},"thumbnailUrl":"http:\/\/kapitalis.com\/tunisie\/wp-content\/uploads\/2016\/03\/Adel-Ghandri.jpg","datePublished":"2016-05-24T12:52:12+00:00","dateModified":"2016-05-24T12:55:03+00:00","breadcrumb":{"@id":"https:\/\/kapitalis.com\/tunisie\/2016\/05\/24\/le-pere-de-adel-ghandri-accuse-de-complicite-avec-les-terroristes\/#breadcrumb"},"inLanguage":"fr-FR","potentialAction":[{"@type":"ReadAction","target":["https:\/\/kapitalis.com\/tunisie\/2016\/05\/24\/le-pere-de-adel-ghandri-accuse-de-complicite-avec-les-terroristes\/"]}]},{"@type":"ImageObject","inLanguage":"fr-FR","@id":"https:\/\/kapitalis.com\/tunisie\/2016\/05\/24\/le-pere-de-adel-ghandri-accuse-de-complicite-avec-les-terroristes\/#primaryimage","url":"http:\/\/kapitalis.com\/tunisie\/wp-content\/uploads\/2016\/03\/Adel-Ghandri.jpg","contentUrl":"http:\/\/kapitalis.com\/tunisie\/wp-content\/uploads\/2016\/03\/Adel-Ghandri.jpg"},{"@type":"BreadcrumbList","@id":"https:\/\/kapitalis.com\/tunisie\/2016\/05\/24\/le-pere-de-adel-ghandri-accuse-de-complicite-avec-les-terroristes\/#breadcrumb","itemListElement":[{"@type":"ListItem","position":1,"name":"Accueil","item":"https:\/\/kapitalis.com\/tunisie\/"},{"@type":"ListItem","position":2,"name":"Le p\u00e8re de Adel Ghandri accus\u00e9 de complicit\u00e9 avec les terroristes"}]},{"@type":"WebSite","@id":"https:\/\/kapitalis.com\/tunisie\/#website","url":"https:\/\/kapitalis.com\/tunisie\/","name":"Kapitalis","description":"L&#039;actualit\u00e9 en Tunisie et dans le monde","publisher":{"@id":"https:\/\/kapitalis.com\/tunisie\/#organization"},"potentialAction":[{"@type":"SearchAction","target":{"@type":"EntryPoint","urlTemplate":"https:\/\/kapitalis.com\/tunisie\/?s={search_term_string}"},"query-input":{"@type":"PropertyValueSpecification","valueRequired":true,"valueName":"search_term_string"}}],"inLanguage":"fr-FR"},{"@type":"Organization","@id":"https:\/\/kapitalis.com\/tunisie\/#organization","name":"Kapitalis","url":"https:\/\/kapitalis.com\/tunisie\/","logo":{"@type":"ImageObject","inLanguage":"fr-FR","@id":"https:\/\/kapitalis.com\/tunisie\/#\/schema\/logo\/image\/","url":"https:\/\/kapitalis.com\/tunisie\/wp-content\/uploads\/2022\/05\/Kapitalis-big-size.png","contentUrl":"https:\/\/kapitalis.com\/tunisie\/wp-content\/uploads\/2022\/05\/Kapitalis-big-size.png","width":5000,"height":1500,"caption":"Kapitalis"},"image":{"@id":"https:\/\/kapitalis.com\/tunisie\/#\/schema\/logo\/image\/"},"sameAs":["https:\/\/www.facebook.com\/KapitalisInfo\/","https:\/\/x.com\/KapitalisInfo","https:\/\/www.youtube.com\/channel\/UC-yDYrHyfFBWWZaOw3FPg9Q"]},{"@type":"Person","@id":"https:\/\/kapitalis.com\/tunisie\/#\/schema\/person\/d71f33a9ca44f7bad4698210b480c8e9","name":"webmaster kapitalis","url":"https:\/\/kapitalis.com\/tunisie\/author\/webmaster-kapitalis\/"}]}},"_links":{"self":[{"href":"https:\/\/kapitalis.com\/tunisie\/wp-json\/wp\/v2\/posts\/51263","targetHints":{"allow":["GET"]}}],"collection":[{"href":"https:\/\/kapitalis.com\/tunisie\/wp-json\/wp\/v2\/posts"}],"about":[{"href":"https:\/\/kapitalis.com\/tunisie\/wp-json\/wp\/v2\/types\/post"}],"author":[{"embeddable":true,"href":"https:\/\/kapitalis.com\/tunisie\/wp-json\/wp\/v2\/users\/8"}],"replies":[{"embeddable":true,"href":"https:\/\/kapitalis.com\/tunisie\/wp-json\/wp\/v2\/comments?post=51263"}],"version-history":[{"count":0,"href":"https:\/\/kapitalis.com\/tunisie\/wp-json\/wp\/v2\/posts\/51263\/revisions"}],"wp:attachment":[{"href":"https:\/\/kapitalis.com\/tunisie\/wp-json\/wp\/v2\/media?parent=51263"}],"wp:term":[{"taxonomy":"category","embeddable":true,"href":"https:\/\/kapitalis.com\/tunisie\/wp-json\/wp\/v2\/categories?post=51263"},{"taxonomy":"post_tag","embeddable":true,"href":"https:\/\/kapitalis.com\/tunisie\/wp-json\/wp\/v2\/tags?post=51263"}],"curies":[{"name":"wp","href":"https:\/\/api.w.org\/{rel}","templated":true}]}}