{"id":51374,"date":"2016-05-25T13:32:06","date_gmt":"2016-05-25T12:32:06","guid":{"rendered":"http:\/\/kapitalis.com\/tunisie\/?p=51374"},"modified":"2016-05-26T08:07:57","modified_gmt":"2016-05-26T07:07:57","slug":"un-journaliste-traite-ses-collegues-de-tous-les-noms","status":"publish","type":"post","link":"https:\/\/kapitalis.com\/tunisie\/2016\/05\/25\/un-journaliste-traite-ses-collegues-de-tous-les-noms\/","title":{"rendered":"M\u00e9dias : Un journaliste traite ses coll\u00e8gues de tous les noms"},"content":{"rendered":"<p><img loading=\"lazy\" decoding=\"async\" class=\"alignnone size-full wp-image-4212 aligncenter\" src=\"http:\/\/kapitalis.com\/tunisie\/wp-content\/uploads\/2015\/06\/Festival-de-Carthage.jpg\" alt=\"Festival-de-Carthage\" width=\"626\" height=\"380\" \/><\/p>\n<p><em><strong>Pour n\u2019avoir pas eu une carte de presse, un journaliste s\u2019en est pris \u00e0 ses coll\u00e8gues dans un article au vitriol. L\u2019affaire est en train de tourner au vinaigre.<\/strong> <\/em><\/p>\n<p><!--more--><\/p>\n<p>Le journaliste <em>freelance<\/em> a notamment d\u00e9nonc\u00e9 la pr\u00e9sence massive dans les bureaux de presse des manifestations culturelles du minist\u00e8re de la Culture de <em>\u00abfaux journalistes culturels\u00bb<\/em> et les a trait\u00e9s de \u00ab<em>azlem<\/em>\u00bb (vendus).<\/p>\n<p>Parmi les coll\u00e8gues cit\u00e9s, <em>\u00abAsma Drissi, Hatem Bourial, Neila Gharbi, Amine Bouhlel et son ami Fares Khiari et la Kerkennienne Karama Ben Amor<\/em>\u00bb, \u00e9crit le journaliste<em> freelance<\/em> sous l\u2019effet de la col\u00e8re.<\/p>\n<p>Tout ces coll\u00e8gues, indign\u00e9s, d\u00e9noncent les pratiques du journaliste<em> freelance<\/em>, qui n\u2019a jamais \u00e9t\u00e9 respect\u00e9 par le corps du m\u00e9tier, car il a souvent \u00e9t\u00e9 soudoy\u00e9 par de faux artistes et en a escroqu\u00e9s beaucoup d\u2019autres, disent-ils.<\/p>\n<p>Fares Khiari a, pour sa part, d\u00e9cid\u00e9 de porter plainte pour diffamation contre le journaliste Abdelkarim Louati (puisque c\u2019est de lui qu\u2019il s\u2019agit) et contre le journal qui l\u2019emploie et qui est\u00a0financ\u00e9 par l\u2019Union tunisienne pour l\u2019agriculture et la p\u00eache (Utap), pr\u00e9sid\u00e9e par Abdelmajid Zar, membre dirigeant du parti islamiste Ennahdha.<\/p>\n<p style=\"text-align: right;\"><strong>Z. A. <\/strong><\/p>\n","protected":false},"excerpt":{"rendered":"<p>Pour n\u2019avoir pas eu une carte de presse, un journaliste s\u2019en est pris \u00e0 ses coll\u00e8gues dans un article au vitriol. L\u2019affaire est en train de tourner au vinaigre.<\/p>\n","protected":false},"author":8,"featured_media":0,"comment_status":"open","ping_status":"open","sticky":false,"template":"","format":"standard","meta":{"footnotes":""},"categories":[996,2433],"tags":[1380,3614],"class_list":["post-51374","post","type-post","status-publish","format-standard","hentry","category-media","category-tunisie","tag-journaliste","tag-utap"],"yoast_head":"<!-- This site is optimized with the Yoast SEO plugin v26.6 - https:\/\/yoast.com\/wordpress\/plugins\/seo\/ -->\n<title>M\u00e9dias : Un journaliste traite ses coll\u00e8gues de tous les noms - Kapitalis<\/title>\n<meta name=\"robots\" content=\"index, follow, max-snippet:-1, max-image-preview:large, max-video-preview:-1\" \/>\n<link rel=\"canonical\" href=\"https:\/\/kapitalis.com\/tunisie\/2016\/05\/25\/un-journaliste-traite-ses-collegues-de-tous-les-noms\/\" \/>\n<meta property=\"og:locale\" content=\"fr_FR\" \/>\n<meta property=\"og:type\" content=\"article\" \/>\n<meta property=\"og:title\" content=\"M\u00e9dias : Un journaliste traite ses coll\u00e8gues de tous les noms - Kapitalis\" \/>\n<meta property=\"og:description\" content=\"Pour n\u2019avoir pas eu une carte de presse, un journaliste s\u2019en est pris \u00e0 ses coll\u00e8gues dans un article au vitriol. L\u2019affaire est en train de tourner au vinaigre.\" \/>\n<meta property=\"og:url\" content=\"https:\/\/kapitalis.com\/tunisie\/2016\/05\/25\/un-journaliste-traite-ses-collegues-de-tous-les-noms\/\" \/>\n<meta property=\"og:site_name\" content=\"Kapitalis\" \/>\n<meta property=\"article:publisher\" content=\"https:\/\/www.facebook.com\/KapitalisInfo\/\" \/>\n<meta property=\"article:published_time\" content=\"2016-05-25T12:32:06+00:00\" \/>\n<meta property=\"article:modified_time\" content=\"2016-05-26T07:07:57+00:00\" \/>\n<meta property=\"og:image\" content=\"http:\/\/kapitalis.com\/tunisie\/wp-content\/uploads\/2015\/06\/Festival-de-Carthage.jpg\" \/>\n<meta name=\"author\" content=\"webmaster kapitalis\" \/>\n<meta name=\"twitter:card\" content=\"summary_large_image\" \/>\n<meta name=\"twitter:creator\" content=\"@KapitalisInfo\" \/>\n<meta name=\"twitter:site\" content=\"@KapitalisInfo\" \/>\n<meta name=\"twitter:label1\" content=\"\u00c9crit par\" \/>\n\t<meta name=\"twitter:data1\" content=\"webmaster kapitalis\" \/>\n\t<meta name=\"twitter:label2\" content=\"Dur\u00e9e de lecture estim\u00e9e\" \/>\n\t<meta name=\"twitter:data2\" content=\"1 minute\" \/>\n<script type=\"application\/ld+json\" class=\"yoast-schema-graph\">{\"@context\":\"https:\/\/schema.org\",\"@graph\":[{\"@type\":\"Article\",\"@id\":\"https:\/\/kapitalis.com\/tunisie\/2016\/05\/25\/un-journaliste-traite-ses-collegues-de-tous-les-noms\/#article\",\"isPartOf\":{\"@id\":\"https:\/\/kapitalis.com\/tunisie\/2016\/05\/25\/un-journaliste-traite-ses-collegues-de-tous-les-noms\/\"},\"author\":{\"name\":\"webmaster kapitalis\",\"@id\":\"https:\/\/kapitalis.com\/tunisie\/#\/schema\/person\/d71f33a9ca44f7bad4698210b480c8e9\"},\"headline\":\"M\u00e9dias : Un journaliste traite ses coll\u00e8gues de tous les noms\",\"datePublished\":\"2016-05-25T12:32:06+00:00\",\"dateModified\":\"2016-05-26T07:07:57+00:00\",\"mainEntityOfPage\":{\"@id\":\"https:\/\/kapitalis.com\/tunisie\/2016\/05\/25\/un-journaliste-traite-ses-collegues-de-tous-les-noms\/\"},\"wordCount\":225,\"commentCount\":1,\"publisher\":{\"@id\":\"https:\/\/kapitalis.com\/tunisie\/#organization\"},\"image\":{\"@id\":\"https:\/\/kapitalis.com\/tunisie\/2016\/05\/25\/un-journaliste-traite-ses-collegues-de-tous-les-noms\/#primaryimage\"},\"thumbnailUrl\":\"http:\/\/kapitalis.com\/tunisie\/wp-content\/uploads\/2015\/06\/Festival-de-Carthage.jpg\",\"keywords\":[\"journaliste\",\"Utap\"],\"articleSection\":[\"MEDIA\",\"Tunisie\"],\"inLanguage\":\"fr-FR\",\"potentialAction\":[{\"@type\":\"CommentAction\",\"name\":\"Comment\",\"target\":[\"https:\/\/kapitalis.com\/tunisie\/2016\/05\/25\/un-journaliste-traite-ses-collegues-de-tous-les-noms\/#respond\"]}]},{\"@type\":\"WebPage\",\"@id\":\"https:\/\/kapitalis.com\/tunisie\/2016\/05\/25\/un-journaliste-traite-ses-collegues-de-tous-les-noms\/\",\"url\":\"https:\/\/kapitalis.com\/tunisie\/2016\/05\/25\/un-journaliste-traite-ses-collegues-de-tous-les-noms\/\",\"name\":\"M\u00e9dias : Un journaliste traite ses coll\u00e8gues de tous les noms - Kapitalis\",\"isPartOf\":{\"@id\":\"https:\/\/kapitalis.com\/tunisie\/#website\"},\"primaryImageOfPage\":{\"@id\":\"https:\/\/kapitalis.com\/tunisie\/2016\/05\/25\/un-journaliste-traite-ses-collegues-de-tous-les-noms\/#primaryimage\"},\"image\":{\"@id\":\"https:\/\/kapitalis.com\/tunisie\/2016\/05\/25\/un-journaliste-traite-ses-collegues-de-tous-les-noms\/#primaryimage\"},\"thumbnailUrl\":\"http:\/\/kapitalis.com\/tunisie\/wp-content\/uploads\/2015\/06\/Festival-de-Carthage.jpg\",\"datePublished\":\"2016-05-25T12:32:06+00:00\",\"dateModified\":\"2016-05-26T07:07:57+00:00\",\"breadcrumb\":{\"@id\":\"https:\/\/kapitalis.com\/tunisie\/2016\/05\/25\/un-journaliste-traite-ses-collegues-de-tous-les-noms\/#breadcrumb\"},\"inLanguage\":\"fr-FR\",\"potentialAction\":[{\"@type\":\"ReadAction\",\"target\":[\"https:\/\/kapitalis.com\/tunisie\/2016\/05\/25\/un-journaliste-traite-ses-collegues-de-tous-les-noms\/\"]}]},{\"@type\":\"ImageObject\",\"inLanguage\":\"fr-FR\",\"@id\":\"https:\/\/kapitalis.com\/tunisie\/2016\/05\/25\/un-journaliste-traite-ses-collegues-de-tous-les-noms\/#primaryimage\",\"url\":\"http:\/\/kapitalis.com\/tunisie\/wp-content\/uploads\/2015\/06\/Festival-de-Carthage.jpg\",\"contentUrl\":\"http:\/\/kapitalis.com\/tunisie\/wp-content\/uploads\/2015\/06\/Festival-de-Carthage.jpg\"},{\"@type\":\"BreadcrumbList\",\"@id\":\"https:\/\/kapitalis.com\/tunisie\/2016\/05\/25\/un-journaliste-traite-ses-collegues-de-tous-les-noms\/#breadcrumb\",\"itemListElement\":[{\"@type\":\"ListItem\",\"position\":1,\"name\":\"Accueil\",\"item\":\"https:\/\/kapitalis.com\/tunisie\/\"},{\"@type\":\"ListItem\",\"position\":2,\"name\":\"M\u00e9dias : Un journaliste traite ses coll\u00e8gues de tous les noms\"}]},{\"@type\":\"WebSite\",\"@id\":\"https:\/\/kapitalis.com\/tunisie\/#website\",\"url\":\"https:\/\/kapitalis.com\/tunisie\/\",\"name\":\"Kapitalis\",\"description\":\"L&#039;actualit\u00e9 en Tunisie et dans le monde\",\"publisher\":{\"@id\":\"https:\/\/kapitalis.com\/tunisie\/#organization\"},\"potentialAction\":[{\"@type\":\"SearchAction\",\"target\":{\"@type\":\"EntryPoint\",\"urlTemplate\":\"https:\/\/kapitalis.com\/tunisie\/?s={search_term_string}\"},\"query-input\":{\"@type\":\"PropertyValueSpecification\",\"valueRequired\":true,\"valueName\":\"search_term_string\"}}],\"inLanguage\":\"fr-FR\"},{\"@type\":\"Organization\",\"@id\":\"https:\/\/kapitalis.com\/tunisie\/#organization\",\"name\":\"Kapitalis\",\"url\":\"https:\/\/kapitalis.com\/tunisie\/\",\"logo\":{\"@type\":\"ImageObject\",\"inLanguage\":\"fr-FR\",\"@id\":\"https:\/\/kapitalis.com\/tunisie\/#\/schema\/logo\/image\/\",\"url\":\"https:\/\/kapitalis.com\/tunisie\/wp-content\/uploads\/2022\/05\/Kapitalis-big-size.png\",\"contentUrl\":\"https:\/\/kapitalis.com\/tunisie\/wp-content\/uploads\/2022\/05\/Kapitalis-big-size.png\",\"width\":5000,\"height\":1500,\"caption\":\"Kapitalis\"},\"image\":{\"@id\":\"https:\/\/kapitalis.com\/tunisie\/#\/schema\/logo\/image\/\"},\"sameAs\":[\"https:\/\/www.facebook.com\/KapitalisInfo\/\",\"https:\/\/x.com\/KapitalisInfo\",\"https:\/\/www.youtube.com\/channel\/UC-yDYrHyfFBWWZaOw3FPg9Q\"]},{\"@type\":\"Person\",\"@id\":\"https:\/\/kapitalis.com\/tunisie\/#\/schema\/person\/d71f33a9ca44f7bad4698210b480c8e9\",\"name\":\"webmaster kapitalis\",\"url\":\"https:\/\/kapitalis.com\/tunisie\/author\/webmaster-kapitalis\/\"}]}<\/script>\n<!-- \/ Yoast SEO plugin. -->","yoast_head_json":{"title":"M\u00e9dias : Un journaliste traite ses coll\u00e8gues de tous les noms - Kapitalis","robots":{"index":"index","follow":"follow","max-snippet":"max-snippet:-1","max-image-preview":"max-image-preview:large","max-video-preview":"max-video-preview:-1"},"canonical":"https:\/\/kapitalis.com\/tunisie\/2016\/05\/25\/un-journaliste-traite-ses-collegues-de-tous-les-noms\/","og_locale":"fr_FR","og_type":"article","og_title":"M\u00e9dias : Un journaliste traite ses coll\u00e8gues de tous les noms - Kapitalis","og_description":"Pour n\u2019avoir pas eu une carte de presse, un journaliste s\u2019en est pris \u00e0 ses coll\u00e8gues dans un article au vitriol. L\u2019affaire est en train de tourner au vinaigre.","og_url":"https:\/\/kapitalis.com\/tunisie\/2016\/05\/25\/un-journaliste-traite-ses-collegues-de-tous-les-noms\/","og_site_name":"Kapitalis","article_publisher":"https:\/\/www.facebook.com\/KapitalisInfo\/","article_published_time":"2016-05-25T12:32:06+00:00","article_modified_time":"2016-05-26T07:07:57+00:00","og_image":[{"url":"http:\/\/kapitalis.com\/tunisie\/wp-content\/uploads\/2015\/06\/Festival-de-Carthage.jpg","type":"","width":"","height":""}],"author":"webmaster kapitalis","twitter_card":"summary_large_image","twitter_creator":"@KapitalisInfo","twitter_site":"@KapitalisInfo","twitter_misc":{"\u00c9crit par":"webmaster kapitalis","Dur\u00e9e de lecture estim\u00e9e":"1 minute"},"schema":{"@context":"https:\/\/schema.org","@graph":[{"@type":"Article","@id":"https:\/\/kapitalis.com\/tunisie\/2016\/05\/25\/un-journaliste-traite-ses-collegues-de-tous-les-noms\/#article","isPartOf":{"@id":"https:\/\/kapitalis.com\/tunisie\/2016\/05\/25\/un-journaliste-traite-ses-collegues-de-tous-les-noms\/"},"author":{"name":"webmaster kapitalis","@id":"https:\/\/kapitalis.com\/tunisie\/#\/schema\/person\/d71f33a9ca44f7bad4698210b480c8e9"},"headline":"M\u00e9dias : Un journaliste traite ses coll\u00e8gues de tous les noms","datePublished":"2016-05-25T12:32:06+00:00","dateModified":"2016-05-26T07:07:57+00:00","mainEntityOfPage":{"@id":"https:\/\/kapitalis.com\/tunisie\/2016\/05\/25\/un-journaliste-traite-ses-collegues-de-tous-les-noms\/"},"wordCount":225,"commentCount":1,"publisher":{"@id":"https:\/\/kapitalis.com\/tunisie\/#organization"},"image":{"@id":"https:\/\/kapitalis.com\/tunisie\/2016\/05\/25\/un-journaliste-traite-ses-collegues-de-tous-les-noms\/#primaryimage"},"thumbnailUrl":"http:\/\/kapitalis.com\/tunisie\/wp-content\/uploads\/2015\/06\/Festival-de-Carthage.jpg","keywords":["journaliste","Utap"],"articleSection":["MEDIA","Tunisie"],"inLanguage":"fr-FR","potentialAction":[{"@type":"CommentAction","name":"Comment","target":["https:\/\/kapitalis.com\/tunisie\/2016\/05\/25\/un-journaliste-traite-ses-collegues-de-tous-les-noms\/#respond"]}]},{"@type":"WebPage","@id":"https:\/\/kapitalis.com\/tunisie\/2016\/05\/25\/un-journaliste-traite-ses-collegues-de-tous-les-noms\/","url":"https:\/\/kapitalis.com\/tunisie\/2016\/05\/25\/un-journaliste-traite-ses-collegues-de-tous-les-noms\/","name":"M\u00e9dias : Un journaliste traite ses coll\u00e8gues de tous les noms - Kapitalis","isPartOf":{"@id":"https:\/\/kapitalis.com\/tunisie\/#website"},"primaryImageOfPage":{"@id":"https:\/\/kapitalis.com\/tunisie\/2016\/05\/25\/un-journaliste-traite-ses-collegues-de-tous-les-noms\/#primaryimage"},"image":{"@id":"https:\/\/kapitalis.com\/tunisie\/2016\/05\/25\/un-journaliste-traite-ses-collegues-de-tous-les-noms\/#primaryimage"},"thumbnailUrl":"http:\/\/kapitalis.com\/tunisie\/wp-content\/uploads\/2015\/06\/Festival-de-Carthage.jpg","datePublished":"2016-05-25T12:32:06+00:00","dateModified":"2016-05-26T07:07:57+00:00","breadcrumb":{"@id":"https:\/\/kapitalis.com\/tunisie\/2016\/05\/25\/un-journaliste-traite-ses-collegues-de-tous-les-noms\/#breadcrumb"},"inLanguage":"fr-FR","potentialAction":[{"@type":"ReadAction","target":["https:\/\/kapitalis.com\/tunisie\/2016\/05\/25\/un-journaliste-traite-ses-collegues-de-tous-les-noms\/"]}]},{"@type":"ImageObject","inLanguage":"fr-FR","@id":"https:\/\/kapitalis.com\/tunisie\/2016\/05\/25\/un-journaliste-traite-ses-collegues-de-tous-les-noms\/#primaryimage","url":"http:\/\/kapitalis.com\/tunisie\/wp-content\/uploads\/2015\/06\/Festival-de-Carthage.jpg","contentUrl":"http:\/\/kapitalis.com\/tunisie\/wp-content\/uploads\/2015\/06\/Festival-de-Carthage.jpg"},{"@type":"BreadcrumbList","@id":"https:\/\/kapitalis.com\/tunisie\/2016\/05\/25\/un-journaliste-traite-ses-collegues-de-tous-les-noms\/#breadcrumb","itemListElement":[{"@type":"ListItem","position":1,"name":"Accueil","item":"https:\/\/kapitalis.com\/tunisie\/"},{"@type":"ListItem","position":2,"name":"M\u00e9dias : Un journaliste traite ses coll\u00e8gues de tous les noms"}]},{"@type":"WebSite","@id":"https:\/\/kapitalis.com\/tunisie\/#website","url":"https:\/\/kapitalis.com\/tunisie\/","name":"Kapitalis","description":"L&#039;actualit\u00e9 en Tunisie et dans le monde","publisher":{"@id":"https:\/\/kapitalis.com\/tunisie\/#organization"},"potentialAction":[{"@type":"SearchAction","target":{"@type":"EntryPoint","urlTemplate":"https:\/\/kapitalis.com\/tunisie\/?s={search_term_string}"},"query-input":{"@type":"PropertyValueSpecification","valueRequired":true,"valueName":"search_term_string"}}],"inLanguage":"fr-FR"},{"@type":"Organization","@id":"https:\/\/kapitalis.com\/tunisie\/#organization","name":"Kapitalis","url":"https:\/\/kapitalis.com\/tunisie\/","logo":{"@type":"ImageObject","inLanguage":"fr-FR","@id":"https:\/\/kapitalis.com\/tunisie\/#\/schema\/logo\/image\/","url":"https:\/\/kapitalis.com\/tunisie\/wp-content\/uploads\/2022\/05\/Kapitalis-big-size.png","contentUrl":"https:\/\/kapitalis.com\/tunisie\/wp-content\/uploads\/2022\/05\/Kapitalis-big-size.png","width":5000,"height":1500,"caption":"Kapitalis"},"image":{"@id":"https:\/\/kapitalis.com\/tunisie\/#\/schema\/logo\/image\/"},"sameAs":["https:\/\/www.facebook.com\/KapitalisInfo\/","https:\/\/x.com\/KapitalisInfo","https:\/\/www.youtube.com\/channel\/UC-yDYrHyfFBWWZaOw3FPg9Q"]},{"@type":"Person","@id":"https:\/\/kapitalis.com\/tunisie\/#\/schema\/person\/d71f33a9ca44f7bad4698210b480c8e9","name":"webmaster kapitalis","url":"https:\/\/kapitalis.com\/tunisie\/author\/webmaster-kapitalis\/"}]}},"_links":{"self":[{"href":"https:\/\/kapitalis.com\/tunisie\/wp-json\/wp\/v2\/posts\/51374","targetHints":{"allow":["GET"]}}],"collection":[{"href":"https:\/\/kapitalis.com\/tunisie\/wp-json\/wp\/v2\/posts"}],"about":[{"href":"https:\/\/kapitalis.com\/tunisie\/wp-json\/wp\/v2\/types\/post"}],"author":[{"embeddable":true,"href":"https:\/\/kapitalis.com\/tunisie\/wp-json\/wp\/v2\/users\/8"}],"replies":[{"embeddable":true,"href":"https:\/\/kapitalis.com\/tunisie\/wp-json\/wp\/v2\/comments?post=51374"}],"version-history":[{"count":0,"href":"https:\/\/kapitalis.com\/tunisie\/wp-json\/wp\/v2\/posts\/51374\/revisions"}],"wp:attachment":[{"href":"https:\/\/kapitalis.com\/tunisie\/wp-json\/wp\/v2\/media?parent=51374"}],"wp:term":[{"taxonomy":"category","embeddable":true,"href":"https:\/\/kapitalis.com\/tunisie\/wp-json\/wp\/v2\/categories?post=51374"},{"taxonomy":"post_tag","embeddable":true,"href":"https:\/\/kapitalis.com\/tunisie\/wp-json\/wp\/v2\/tags?post=51374"}],"curies":[{"name":"wp","href":"https:\/\/api.w.org\/{rel}","templated":true}]}}