{"id":51503,"date":"2016-05-26T13:17:53","date_gmt":"2016-05-26T12:17:53","guid":{"rendered":"http:\/\/kapitalis.com\/tunisie\/?p=51503"},"modified":"2016-05-26T13:18:30","modified_gmt":"2016-05-26T12:18:30","slug":"marsa-un-policier-accuse-de-vandalisme-par-son-voisin","status":"publish","type":"post","link":"https:\/\/kapitalis.com\/tunisie\/2016\/05\/26\/marsa-un-policier-accuse-de-vandalisme-par-son-voisin\/","title":{"rendered":"Marsa : Un policier accus\u00e9 de vandalisme par son voisin"},"content":{"rendered":"<p style=\"text-align: center;\"><img loading=\"lazy\" decoding=\"async\" class=\"alignnone size-full wp-image-51507\" src=\"http:\/\/kapitalis.com\/tunisie\/wp-content\/uploads\/2016\/05\/La-Marsa-vandalisme-voisin-policier.jpg\" alt=\"La Marsa- vandalisme- voisin- policier\" width=\"626\" height=\"380\" \/><\/p>\n<p><em><strong>Un habitant de la Marsa (banlieue nord) accuse son voisin, policier de son \u00e9tat, d\u2019avoir saccag\u00e9, hier, sa maison.<\/strong><\/em><\/p>\n<p><!--more--><\/p>\n<p>M. Sahaly a d\u00e9nonc\u00e9 l\u2019attitude de ce\u00a0voisin encombrant, qui a escalad\u00e9 le mur de son domicile et cass\u00e9 la cl\u00f4ture \u00a0qui devait servir\u00a0de brise-vue entre leurs deux maisons.\u00a0Il a aussi\u00a0d\u00e9truit\u00a0une partie du mur.<\/p>\n<p>\u00ab<em>Mon\u00a0voisin a construit sa maison \u00e0 1 m\u00e8tre 50 du mur de s\u00e9paration. Son activit\u00e9 favorite consiste \u00e0 se mettre sur le balcon et \u00e0 observer\u00a0ce qui se passe dans mon jardin. Afin de pr\u00e9server notre intimit\u00e9, ma femme et moi, nous avons d\u00e9cid\u00e9 d&rsquo;\u00e9riger\u00a0un brise-vue<\/em>\u00bb, raconte M. Sahaly, qui a demand\u00e9\u00a0une autorisation \u00e0\u00a0la municipalit\u00e9 de la Marsa avant de\u00a0commencer les travaux.\u00a0La structure \u00e9tant l\u00e9g\u00e8re et d\u00e9montable,\u00a0il n\u2019avait pas besoin d\u2019autorisation, lui a-t-on r\u00e9pondu.<\/p>\n<p>La construction a donc commenc\u00e9, hier, mais cela a visiblement mis le\u00a0 voisin hors de lui et tout ne s\u2019est pas d\u00e9roul\u00e9 comme pr\u00e9vu.<\/p>\n<p>\u00ab<em>Notre cher voisin policier est devenu fou de rage et a d\u00e9mont\u00e9 toute notre installation, en nous insultant de surcro\u00eet<\/em>\u00bb, raconte encore M. Sahaly, qui a film\u00e9 le policier en plein acte de vandalisme et\u00a0post\u00e9 la vid\u00e9o sur les r\u00e9seaux sociaux, afin de d\u00e9noncer cet\u00a0abus de pouvoir.<\/p>\n<div class=\"embed\">\n<div class=\"video\"><iframe loading=\"lazy\" style=\"border: none; overflow: hidden;\" src=\"https:\/\/www.facebook.com\/plugins\/video.php?href=https%3A%2F%2Fwww.facebook.com%2FMsdady%2Fvideos%2Fvb.693503531%2F10155230863093532%2F%3Ftype%3D3&amp;show_text=0&amp;width=560\" width=\"560\" height=\"315\" frameborder=\"0\" scrolling=\"no\" allowfullscreen=\"allowfullscreen\"><\/iframe><\/div>\n<\/div>\n<p>M. Sahaly et son \u00e9pouse ont port\u00e9 plainte contre leur voisin, qui les pr\u00e9c\u00e9d\u00e9s\u00a0au poste de police du quartier. Il portait plainte lui aussi\u2026<\/p>\n<p>\u00ab<em>Moi, j&rsquo;ai tr\u00e8s peur. Les policiers sont solidaires entre eux. Nous sommes en Tunisie. Mais ce qui est s\u00fbr, c&rsquo;est qu&rsquo;il n&rsquo;est pas normal . Il hurle sans cesse. Nous avons toujours essay\u00e9 de l&rsquo;ignorer tout en \u00e9tant courtois. Mais l\u00e0, il est all\u00e9 trop loin. Il me terrorise, il a les yeux d&rsquo;un fou lorsqu&rsquo;il est en crise. Il m&rsquo;a trait\u00e9 de tous les noms et m&rsquo;a rendu malade<\/em>\u00bb, a\u00a0d\u00e9plor\u00e9 Marysa, l\u2019\u00e9pouse de M. Sahaly.<\/p>\n<p style=\"text-align: right;\"><strong>Y. N.<\/strong><\/p>\n","protected":false},"excerpt":{"rendered":"<p>Un habitant de la Marsa (banlieue nord) accuse son voisin, policier de son \u00e9tat, d\u2019avoir saccag\u00e9, hier, sa maison.<\/p>\n","protected":false},"author":6,"featured_media":51507,"comment_status":"open","ping_status":"open","sticky":false,"template":"","format":"standard","meta":{"footnotes":""},"categories":[4806],"tags":[18584,5537,3600,579,721,2596,1699],"class_list":["post-51503","post","type-post","status-publish","format-standard","has-post-thumbnail","hentry","category-videos","tag-banlieue-nord-tunis","tag-harcelement","tag-maison","tag-marsa","tag-plainte","tag-policier","tag-vandalisme"],"yoast_head":"<!-- This site is optimized with the Yoast SEO plugin v26.6 - https:\/\/yoast.com\/wordpress\/plugins\/seo\/ -->\n<title>Marsa : Un policier accus\u00e9 de vandalisme par son voisin - Kapitalis<\/title>\n<meta name=\"robots\" content=\"index, follow, max-snippet:-1, max-image-preview:large, max-video-preview:-1\" \/>\n<link rel=\"canonical\" href=\"https:\/\/kapitalis.com\/tunisie\/2016\/05\/26\/marsa-un-policier-accuse-de-vandalisme-par-son-voisin\/\" \/>\n<meta property=\"og:locale\" content=\"fr_FR\" \/>\n<meta property=\"og:type\" content=\"article\" \/>\n<meta property=\"og:title\" content=\"Marsa : Un policier accus\u00e9 de vandalisme par son voisin - Kapitalis\" \/>\n<meta property=\"og:description\" content=\"Un habitant de la Marsa (banlieue nord) accuse son voisin, policier de son \u00e9tat, d\u2019avoir saccag\u00e9, hier, sa maison.\" \/>\n<meta property=\"og:url\" content=\"https:\/\/kapitalis.com\/tunisie\/2016\/05\/26\/marsa-un-policier-accuse-de-vandalisme-par-son-voisin\/\" \/>\n<meta property=\"og:site_name\" content=\"Kapitalis\" \/>\n<meta property=\"article:publisher\" content=\"https:\/\/www.facebook.com\/KapitalisInfo\/\" \/>\n<meta property=\"article:published_time\" content=\"2016-05-26T12:17:53+00:00\" \/>\n<meta property=\"article:modified_time\" content=\"2016-05-26T12:18:30+00:00\" \/>\n<meta property=\"og:image\" content=\"https:\/\/kapitalis.com\/tunisie\/wp-content\/uploads\/2022\/05\/kapitalis-logo-fb.png\" \/>\n\t<meta property=\"og:image:width\" content=\"1200\" \/>\n\t<meta property=\"og:image:height\" content=\"630\" \/>\n\t<meta property=\"og:image:type\" content=\"image\/png\" \/>\n<meta name=\"author\" content=\"Yusra NY\" \/>\n<meta name=\"twitter:card\" content=\"summary_large_image\" \/>\n<meta name=\"twitter:creator\" content=\"@KapitalisInfo\" \/>\n<meta name=\"twitter:site\" content=\"@KapitalisInfo\" \/>\n<meta name=\"twitter:label1\" content=\"\u00c9crit par\" \/>\n\t<meta name=\"twitter:data1\" content=\"Yusra NY\" \/>\n\t<meta name=\"twitter:label2\" content=\"Dur\u00e9e de lecture estim\u00e9e\" \/>\n\t<meta name=\"twitter:data2\" content=\"2 minutes\" \/>\n<script type=\"application\/ld+json\" class=\"yoast-schema-graph\">{\"@context\":\"https:\/\/schema.org\",\"@graph\":[{\"@type\":\"Article\",\"@id\":\"https:\/\/kapitalis.com\/tunisie\/2016\/05\/26\/marsa-un-policier-accuse-de-vandalisme-par-son-voisin\/#article\",\"isPartOf\":{\"@id\":\"https:\/\/kapitalis.com\/tunisie\/2016\/05\/26\/marsa-un-policier-accuse-de-vandalisme-par-son-voisin\/\"},\"author\":{\"name\":\"Yusra NY\",\"@id\":\"https:\/\/kapitalis.com\/tunisie\/#\/schema\/person\/74bbde0154d49d790a92aaeac5bc01d5\"},\"headline\":\"Marsa : Un policier accus\u00e9 de vandalisme par son voisin\",\"datePublished\":\"2016-05-26T12:17:53+00:00\",\"dateModified\":\"2016-05-26T12:18:30+00:00\",\"mainEntityOfPage\":{\"@id\":\"https:\/\/kapitalis.com\/tunisie\/2016\/05\/26\/marsa-un-policier-accuse-de-vandalisme-par-son-voisin\/\"},\"wordCount\":349,\"commentCount\":4,\"publisher\":{\"@id\":\"https:\/\/kapitalis.com\/tunisie\/#organization\"},\"image\":{\"@id\":\"https:\/\/kapitalis.com\/tunisie\/2016\/05\/26\/marsa-un-policier-accuse-de-vandalisme-par-son-voisin\/#primaryimage\"},\"thumbnailUrl\":\"\",\"keywords\":[\"Banlieue nord Tunis\",\"harc\u00e8lement\",\"maison\",\"Marsa\",\"plainte\",\"policier\",\"vandalisme\"],\"articleSection\":[\"VIDEOS\"],\"inLanguage\":\"fr-FR\",\"potentialAction\":[{\"@type\":\"CommentAction\",\"name\":\"Comment\",\"target\":[\"https:\/\/kapitalis.com\/tunisie\/2016\/05\/26\/marsa-un-policier-accuse-de-vandalisme-par-son-voisin\/#respond\"]}]},{\"@type\":\"WebPage\",\"@id\":\"https:\/\/kapitalis.com\/tunisie\/2016\/05\/26\/marsa-un-policier-accuse-de-vandalisme-par-son-voisin\/\",\"url\":\"https:\/\/kapitalis.com\/tunisie\/2016\/05\/26\/marsa-un-policier-accuse-de-vandalisme-par-son-voisin\/\",\"name\":\"Marsa : Un policier accus\u00e9 de vandalisme par son voisin - Kapitalis\",\"isPartOf\":{\"@id\":\"https:\/\/kapitalis.com\/tunisie\/#website\"},\"primaryImageOfPage\":{\"@id\":\"https:\/\/kapitalis.com\/tunisie\/2016\/05\/26\/marsa-un-policier-accuse-de-vandalisme-par-son-voisin\/#primaryimage\"},\"image\":{\"@id\":\"https:\/\/kapitalis.com\/tunisie\/2016\/05\/26\/marsa-un-policier-accuse-de-vandalisme-par-son-voisin\/#primaryimage\"},\"thumbnailUrl\":\"\",\"datePublished\":\"2016-05-26T12:17:53+00:00\",\"dateModified\":\"2016-05-26T12:18:30+00:00\",\"breadcrumb\":{\"@id\":\"https:\/\/kapitalis.com\/tunisie\/2016\/05\/26\/marsa-un-policier-accuse-de-vandalisme-par-son-voisin\/#breadcrumb\"},\"inLanguage\":\"fr-FR\",\"potentialAction\":[{\"@type\":\"ReadAction\",\"target\":[\"https:\/\/kapitalis.com\/tunisie\/2016\/05\/26\/marsa-un-policier-accuse-de-vandalisme-par-son-voisin\/\"]}]},{\"@type\":\"ImageObject\",\"inLanguage\":\"fr-FR\",\"@id\":\"https:\/\/kapitalis.com\/tunisie\/2016\/05\/26\/marsa-un-policier-accuse-de-vandalisme-par-son-voisin\/#primaryimage\",\"url\":\"\",\"contentUrl\":\"\"},{\"@type\":\"BreadcrumbList\",\"@id\":\"https:\/\/kapitalis.com\/tunisie\/2016\/05\/26\/marsa-un-policier-accuse-de-vandalisme-par-son-voisin\/#breadcrumb\",\"itemListElement\":[{\"@type\":\"ListItem\",\"position\":1,\"name\":\"Accueil\",\"item\":\"https:\/\/kapitalis.com\/tunisie\/\"},{\"@type\":\"ListItem\",\"position\":2,\"name\":\"Marsa : Un policier accus\u00e9 de vandalisme par son voisin\"}]},{\"@type\":\"WebSite\",\"@id\":\"https:\/\/kapitalis.com\/tunisie\/#website\",\"url\":\"https:\/\/kapitalis.com\/tunisie\/\",\"name\":\"Kapitalis\",\"description\":\"L&#039;actualit\u00e9 en Tunisie et dans le monde\",\"publisher\":{\"@id\":\"https:\/\/kapitalis.com\/tunisie\/#organization\"},\"potentialAction\":[{\"@type\":\"SearchAction\",\"target\":{\"@type\":\"EntryPoint\",\"urlTemplate\":\"https:\/\/kapitalis.com\/tunisie\/?s={search_term_string}\"},\"query-input\":{\"@type\":\"PropertyValueSpecification\",\"valueRequired\":true,\"valueName\":\"search_term_string\"}}],\"inLanguage\":\"fr-FR\"},{\"@type\":\"Organization\",\"@id\":\"https:\/\/kapitalis.com\/tunisie\/#organization\",\"name\":\"Kapitalis\",\"url\":\"https:\/\/kapitalis.com\/tunisie\/\",\"logo\":{\"@type\":\"ImageObject\",\"inLanguage\":\"fr-FR\",\"@id\":\"https:\/\/kapitalis.com\/tunisie\/#\/schema\/logo\/image\/\",\"url\":\"https:\/\/kapitalis.com\/tunisie\/wp-content\/uploads\/2022\/05\/Kapitalis-big-size.png\",\"contentUrl\":\"https:\/\/kapitalis.com\/tunisie\/wp-content\/uploads\/2022\/05\/Kapitalis-big-size.png\",\"width\":5000,\"height\":1500,\"caption\":\"Kapitalis\"},\"image\":{\"@id\":\"https:\/\/kapitalis.com\/tunisie\/#\/schema\/logo\/image\/\"},\"sameAs\":[\"https:\/\/www.facebook.com\/KapitalisInfo\/\",\"https:\/\/x.com\/KapitalisInfo\",\"https:\/\/www.youtube.com\/channel\/UC-yDYrHyfFBWWZaOw3FPg9Q\"]},{\"@type\":\"Person\",\"@id\":\"https:\/\/kapitalis.com\/tunisie\/#\/schema\/person\/74bbde0154d49d790a92aaeac5bc01d5\",\"name\":\"Yusra NY\",\"url\":\"https:\/\/kapitalis.com\/tunisie\/author\/yuza_adam\/\"}]}<\/script>\n<!-- \/ Yoast SEO plugin. -->","yoast_head_json":{"title":"Marsa : Un policier accus\u00e9 de vandalisme par son voisin - Kapitalis","robots":{"index":"index","follow":"follow","max-snippet":"max-snippet:-1","max-image-preview":"max-image-preview:large","max-video-preview":"max-video-preview:-1"},"canonical":"https:\/\/kapitalis.com\/tunisie\/2016\/05\/26\/marsa-un-policier-accuse-de-vandalisme-par-son-voisin\/","og_locale":"fr_FR","og_type":"article","og_title":"Marsa : Un policier accus\u00e9 de vandalisme par son voisin - Kapitalis","og_description":"Un habitant de la Marsa (banlieue nord) accuse son voisin, policier de son \u00e9tat, d\u2019avoir saccag\u00e9, hier, sa maison.","og_url":"https:\/\/kapitalis.com\/tunisie\/2016\/05\/26\/marsa-un-policier-accuse-de-vandalisme-par-son-voisin\/","og_site_name":"Kapitalis","article_publisher":"https:\/\/www.facebook.com\/KapitalisInfo\/","article_published_time":"2016-05-26T12:17:53+00:00","article_modified_time":"2016-05-26T12:18:30+00:00","og_image":[{"width":1200,"height":630,"url":"https:\/\/kapitalis.com\/tunisie\/wp-content\/uploads\/2022\/05\/kapitalis-logo-fb.png","type":"image\/png"}],"author":"Yusra NY","twitter_card":"summary_large_image","twitter_creator":"@KapitalisInfo","twitter_site":"@KapitalisInfo","twitter_misc":{"\u00c9crit par":"Yusra NY","Dur\u00e9e de lecture estim\u00e9e":"2 minutes"},"schema":{"@context":"https:\/\/schema.org","@graph":[{"@type":"Article","@id":"https:\/\/kapitalis.com\/tunisie\/2016\/05\/26\/marsa-un-policier-accuse-de-vandalisme-par-son-voisin\/#article","isPartOf":{"@id":"https:\/\/kapitalis.com\/tunisie\/2016\/05\/26\/marsa-un-policier-accuse-de-vandalisme-par-son-voisin\/"},"author":{"name":"Yusra NY","@id":"https:\/\/kapitalis.com\/tunisie\/#\/schema\/person\/74bbde0154d49d790a92aaeac5bc01d5"},"headline":"Marsa : Un policier accus\u00e9 de vandalisme par son voisin","datePublished":"2016-05-26T12:17:53+00:00","dateModified":"2016-05-26T12:18:30+00:00","mainEntityOfPage":{"@id":"https:\/\/kapitalis.com\/tunisie\/2016\/05\/26\/marsa-un-policier-accuse-de-vandalisme-par-son-voisin\/"},"wordCount":349,"commentCount":4,"publisher":{"@id":"https:\/\/kapitalis.com\/tunisie\/#organization"},"image":{"@id":"https:\/\/kapitalis.com\/tunisie\/2016\/05\/26\/marsa-un-policier-accuse-de-vandalisme-par-son-voisin\/#primaryimage"},"thumbnailUrl":"","keywords":["Banlieue nord Tunis","harc\u00e8lement","maison","Marsa","plainte","policier","vandalisme"],"articleSection":["VIDEOS"],"inLanguage":"fr-FR","potentialAction":[{"@type":"CommentAction","name":"Comment","target":["https:\/\/kapitalis.com\/tunisie\/2016\/05\/26\/marsa-un-policier-accuse-de-vandalisme-par-son-voisin\/#respond"]}]},{"@type":"WebPage","@id":"https:\/\/kapitalis.com\/tunisie\/2016\/05\/26\/marsa-un-policier-accuse-de-vandalisme-par-son-voisin\/","url":"https:\/\/kapitalis.com\/tunisie\/2016\/05\/26\/marsa-un-policier-accuse-de-vandalisme-par-son-voisin\/","name":"Marsa : Un policier accus\u00e9 de vandalisme par son voisin - Kapitalis","isPartOf":{"@id":"https:\/\/kapitalis.com\/tunisie\/#website"},"primaryImageOfPage":{"@id":"https:\/\/kapitalis.com\/tunisie\/2016\/05\/26\/marsa-un-policier-accuse-de-vandalisme-par-son-voisin\/#primaryimage"},"image":{"@id":"https:\/\/kapitalis.com\/tunisie\/2016\/05\/26\/marsa-un-policier-accuse-de-vandalisme-par-son-voisin\/#primaryimage"},"thumbnailUrl":"","datePublished":"2016-05-26T12:17:53+00:00","dateModified":"2016-05-26T12:18:30+00:00","breadcrumb":{"@id":"https:\/\/kapitalis.com\/tunisie\/2016\/05\/26\/marsa-un-policier-accuse-de-vandalisme-par-son-voisin\/#breadcrumb"},"inLanguage":"fr-FR","potentialAction":[{"@type":"ReadAction","target":["https:\/\/kapitalis.com\/tunisie\/2016\/05\/26\/marsa-un-policier-accuse-de-vandalisme-par-son-voisin\/"]}]},{"@type":"ImageObject","inLanguage":"fr-FR","@id":"https:\/\/kapitalis.com\/tunisie\/2016\/05\/26\/marsa-un-policier-accuse-de-vandalisme-par-son-voisin\/#primaryimage","url":"","contentUrl":""},{"@type":"BreadcrumbList","@id":"https:\/\/kapitalis.com\/tunisie\/2016\/05\/26\/marsa-un-policier-accuse-de-vandalisme-par-son-voisin\/#breadcrumb","itemListElement":[{"@type":"ListItem","position":1,"name":"Accueil","item":"https:\/\/kapitalis.com\/tunisie\/"},{"@type":"ListItem","position":2,"name":"Marsa : Un policier accus\u00e9 de vandalisme par son voisin"}]},{"@type":"WebSite","@id":"https:\/\/kapitalis.com\/tunisie\/#website","url":"https:\/\/kapitalis.com\/tunisie\/","name":"Kapitalis","description":"L&#039;actualit\u00e9 en Tunisie et dans le monde","publisher":{"@id":"https:\/\/kapitalis.com\/tunisie\/#organization"},"potentialAction":[{"@type":"SearchAction","target":{"@type":"EntryPoint","urlTemplate":"https:\/\/kapitalis.com\/tunisie\/?s={search_term_string}"},"query-input":{"@type":"PropertyValueSpecification","valueRequired":true,"valueName":"search_term_string"}}],"inLanguage":"fr-FR"},{"@type":"Organization","@id":"https:\/\/kapitalis.com\/tunisie\/#organization","name":"Kapitalis","url":"https:\/\/kapitalis.com\/tunisie\/","logo":{"@type":"ImageObject","inLanguage":"fr-FR","@id":"https:\/\/kapitalis.com\/tunisie\/#\/schema\/logo\/image\/","url":"https:\/\/kapitalis.com\/tunisie\/wp-content\/uploads\/2022\/05\/Kapitalis-big-size.png","contentUrl":"https:\/\/kapitalis.com\/tunisie\/wp-content\/uploads\/2022\/05\/Kapitalis-big-size.png","width":5000,"height":1500,"caption":"Kapitalis"},"image":{"@id":"https:\/\/kapitalis.com\/tunisie\/#\/schema\/logo\/image\/"},"sameAs":["https:\/\/www.facebook.com\/KapitalisInfo\/","https:\/\/x.com\/KapitalisInfo","https:\/\/www.youtube.com\/channel\/UC-yDYrHyfFBWWZaOw3FPg9Q"]},{"@type":"Person","@id":"https:\/\/kapitalis.com\/tunisie\/#\/schema\/person\/74bbde0154d49d790a92aaeac5bc01d5","name":"Yusra NY","url":"https:\/\/kapitalis.com\/tunisie\/author\/yuza_adam\/"}]}},"_links":{"self":[{"href":"https:\/\/kapitalis.com\/tunisie\/wp-json\/wp\/v2\/posts\/51503","targetHints":{"allow":["GET"]}}],"collection":[{"href":"https:\/\/kapitalis.com\/tunisie\/wp-json\/wp\/v2\/posts"}],"about":[{"href":"https:\/\/kapitalis.com\/tunisie\/wp-json\/wp\/v2\/types\/post"}],"author":[{"embeddable":true,"href":"https:\/\/kapitalis.com\/tunisie\/wp-json\/wp\/v2\/users\/6"}],"replies":[{"embeddable":true,"href":"https:\/\/kapitalis.com\/tunisie\/wp-json\/wp\/v2\/comments?post=51503"}],"version-history":[{"count":0,"href":"https:\/\/kapitalis.com\/tunisie\/wp-json\/wp\/v2\/posts\/51503\/revisions"}],"wp:featuredmedia":[{"embeddable":true,"href":"https:\/\/kapitalis.com\/tunisie\/wp-json\/wp\/v2\/media\/51507"}],"wp:attachment":[{"href":"https:\/\/kapitalis.com\/tunisie\/wp-json\/wp\/v2\/media?parent=51503"}],"wp:term":[{"taxonomy":"category","embeddable":true,"href":"https:\/\/kapitalis.com\/tunisie\/wp-json\/wp\/v2\/categories?post=51503"},{"taxonomy":"post_tag","embeddable":true,"href":"https:\/\/kapitalis.com\/tunisie\/wp-json\/wp\/v2\/tags?post=51503"}],"curies":[{"name":"wp","href":"https:\/\/api.w.org\/{rel}","templated":true}]}}