{"id":51612,"date":"2016-05-27T09:45:12","date_gmt":"2016-05-27T08:45:12","guid":{"rendered":"http:\/\/kapitalis.com\/tunisie\/?p=51612"},"modified":"2016-05-27T09:45:54","modified_gmt":"2016-05-27T08:45:54","slug":"terrorisme-et-corruption-dans-les-prisons-la-justice-sen-mele","status":"publish","type":"post","link":"https:\/\/kapitalis.com\/tunisie\/2016\/05\/27\/terrorisme-et-corruption-dans-les-prisons-la-justice-sen-mele\/","title":{"rendered":"Terrorisme et corruption dans les prisons : La justice s\u2019en m\u00eale"},"content":{"rendered":"<p style=\"text-align: center;\"><img loading=\"lazy\" decoding=\"async\" class=\"alignnone size-full wp-image-6592\" src=\"http:\/\/kapitalis.com\/tunisie\/wp-content\/uploads\/2015\/07\/Prison.jpg\" alt=\"Prison\" width=\"626\" height=\"380\" \/><\/p>\n<p style=\"text-align: left;\"><em><strong>Un juge d\u2019instruction aupr\u00e8s du tribunal de 1\u00e8re instance de Tunis a auditionn\u00e9, mercredi, 2 hauts fonctionnaires charg\u00e9s des \u00e9tablissements p\u00e9nitentiaires.<\/strong><\/em><\/p>\n<p style=\"text-align: left;\"><!--more--><\/p>\n<p style=\"text-align: left;\">Suite aux propos d\u2019Olfa Ayari, pr\u00e9sidente du Syndicat des prisons et des institutions de r\u00e9habilitation p\u00e9nitentiaire, tenus en d\u00e9cembre dernier dans l\u2019\u00e9mission<em> \u2018\u20187\/24\u2019\u2019<\/em> sur la cha\u00eene Al-Hiwar Ettounsi, le juge d\u2019instruction aupr\u00e8s du tribunal de 1\u00e8re instance de Tunis a convoqu\u00e9 Saber Khefifi, directeur g\u00e9n\u00e9ral des prisons et de la r\u00e9\u00e9ducation au minist\u00e8re de la Justice, et Fathi Ouechtati, directeur de la prison de Mornaguia, a indiqu\u00e9 <em>\u2018\u2018Tunisie-T\u00e9l\u00e9graph\u2019\u2019<\/em>.<\/p>\n<p style=\"text-align: left;\"><em>\u00abLe terrorisme et la corruption existent bel et bien dans les prisons\u00bb<\/em>, avait affirm\u00e9 Olfa Ayari en soulignant, \u00e9galement, que <em>\u00abpr\u00e8s de 4000 jihadistes tunisiens ont \u00e9t\u00e9 form\u00e9s, id\u00e9ologiquement, durant leur d\u00e9tention dans les prisons tunisiennes, \u00e0 l\u2019instar de Kamel Zarrouk, qui combat aujourd\u2019hui en Syrie dans les rangs de groupes jihadistes, apr\u00e8s avoir \u00e9t\u00e9 d\u00e9tenu pour des crimes de droit commun en Tunisie<\/em>\u00bb, a notamment r\u00e9v\u00e9l\u00e9 la pr\u00e9sidente du Syndicat des prisons et des institutions de r\u00e9habilitation p\u00e9nitentiaire.<\/p>\n<p style=\"text-align: left;\">Olfa Ayari, avait \u00e9t\u00e9, elle-m\u00eame convoqu\u00e9e, au lendemain de cette \u00e9mission, par le m\u00eame juge, pour donner plus de pr\u00e9cisions \u00e0 propos de ses d\u00e9clarations.<\/p>\n<p style=\"text-align: right;\"><strong>Z. A. <\/strong><\/p>\n","protected":false},"excerpt":{"rendered":"<p>Un juge d\u2019instruction aupr\u00e8s du tribunal de 1\u00e8re instance de Tunis a auditionn\u00e9, mercredi, 2 hauts fonctionnaires charg\u00e9s des \u00e9tablissements p\u00e9nitentiaires.<\/p>\n","protected":false},"author":8,"featured_media":0,"comment_status":"open","ping_status":"open","sticky":false,"template":"","format":"standard","meta":{"footnotes":""},"categories":[998,2433],"tags":[1936,739,897],"class_list":["post-51612","post","type-post","status-publish","format-standard","hentry","category-societe","category-tunisie","tag-kamel-zarrouk","tag-prisons","tag-terrorisme"],"yoast_head":"<!-- This site is optimized with the Yoast SEO plugin v26.6 - https:\/\/yoast.com\/wordpress\/plugins\/seo\/ -->\n<title>Terrorisme et corruption dans les prisons : La justice s\u2019en m\u00eale - Kapitalis<\/title>\n<meta name=\"robots\" content=\"index, follow, max-snippet:-1, max-image-preview:large, max-video-preview:-1\" \/>\n<link rel=\"canonical\" href=\"https:\/\/kapitalis.com\/tunisie\/2016\/05\/27\/terrorisme-et-corruption-dans-les-prisons-la-justice-sen-mele\/\" \/>\n<meta property=\"og:locale\" content=\"fr_FR\" \/>\n<meta property=\"og:type\" content=\"article\" \/>\n<meta property=\"og:title\" content=\"Terrorisme et corruption dans les prisons : La justice s\u2019en m\u00eale - Kapitalis\" \/>\n<meta property=\"og:description\" content=\"Un juge d\u2019instruction aupr\u00e8s du tribunal de 1\u00e8re instance de Tunis a auditionn\u00e9, mercredi, 2 hauts fonctionnaires charg\u00e9s des \u00e9tablissements p\u00e9nitentiaires.\" \/>\n<meta property=\"og:url\" content=\"https:\/\/kapitalis.com\/tunisie\/2016\/05\/27\/terrorisme-et-corruption-dans-les-prisons-la-justice-sen-mele\/\" \/>\n<meta property=\"og:site_name\" content=\"Kapitalis\" \/>\n<meta property=\"article:publisher\" content=\"https:\/\/www.facebook.com\/KapitalisInfo\/\" \/>\n<meta property=\"article:published_time\" content=\"2016-05-27T08:45:12+00:00\" \/>\n<meta property=\"article:modified_time\" content=\"2016-05-27T08:45:54+00:00\" \/>\n<meta property=\"og:image\" content=\"http:\/\/kapitalis.com\/tunisie\/wp-content\/uploads\/2015\/07\/Prison.jpg\" \/>\n<meta name=\"author\" content=\"webmaster kapitalis\" \/>\n<meta name=\"twitter:card\" content=\"summary_large_image\" \/>\n<meta name=\"twitter:creator\" content=\"@KapitalisInfo\" \/>\n<meta name=\"twitter:site\" content=\"@KapitalisInfo\" \/>\n<meta name=\"twitter:label1\" content=\"\u00c9crit par\" \/>\n\t<meta name=\"twitter:data1\" content=\"webmaster kapitalis\" \/>\n\t<meta name=\"twitter:label2\" content=\"Dur\u00e9e de lecture estim\u00e9e\" \/>\n\t<meta name=\"twitter:data2\" content=\"1 minute\" \/>\n<script type=\"application\/ld+json\" class=\"yoast-schema-graph\">{\"@context\":\"https:\/\/schema.org\",\"@graph\":[{\"@type\":\"Article\",\"@id\":\"https:\/\/kapitalis.com\/tunisie\/2016\/05\/27\/terrorisme-et-corruption-dans-les-prisons-la-justice-sen-mele\/#article\",\"isPartOf\":{\"@id\":\"https:\/\/kapitalis.com\/tunisie\/2016\/05\/27\/terrorisme-et-corruption-dans-les-prisons-la-justice-sen-mele\/\"},\"author\":{\"name\":\"webmaster kapitalis\",\"@id\":\"https:\/\/kapitalis.com\/tunisie\/#\/schema\/person\/d71f33a9ca44f7bad4698210b480c8e9\"},\"headline\":\"Terrorisme et corruption dans les prisons : La justice s\u2019en m\u00eale\",\"datePublished\":\"2016-05-27T08:45:12+00:00\",\"dateModified\":\"2016-05-27T08:45:54+00:00\",\"mainEntityOfPage\":{\"@id\":\"https:\/\/kapitalis.com\/tunisie\/2016\/05\/27\/terrorisme-et-corruption-dans-les-prisons-la-justice-sen-mele\/\"},\"wordCount\":239,\"commentCount\":0,\"publisher\":{\"@id\":\"https:\/\/kapitalis.com\/tunisie\/#organization\"},\"image\":{\"@id\":\"https:\/\/kapitalis.com\/tunisie\/2016\/05\/27\/terrorisme-et-corruption-dans-les-prisons-la-justice-sen-mele\/#primaryimage\"},\"thumbnailUrl\":\"http:\/\/kapitalis.com\/tunisie\/wp-content\/uploads\/2015\/07\/Prison.jpg\",\"keywords\":[\"Kamel Zarrouk\",\"prisons\",\"terrorisme\"],\"articleSection\":[\"SOCIETE\",\"Tunisie\"],\"inLanguage\":\"fr-FR\",\"potentialAction\":[{\"@type\":\"CommentAction\",\"name\":\"Comment\",\"target\":[\"https:\/\/kapitalis.com\/tunisie\/2016\/05\/27\/terrorisme-et-corruption-dans-les-prisons-la-justice-sen-mele\/#respond\"]}]},{\"@type\":\"WebPage\",\"@id\":\"https:\/\/kapitalis.com\/tunisie\/2016\/05\/27\/terrorisme-et-corruption-dans-les-prisons-la-justice-sen-mele\/\",\"url\":\"https:\/\/kapitalis.com\/tunisie\/2016\/05\/27\/terrorisme-et-corruption-dans-les-prisons-la-justice-sen-mele\/\",\"name\":\"Terrorisme et corruption dans les prisons : La justice s\u2019en m\u00eale - Kapitalis\",\"isPartOf\":{\"@id\":\"https:\/\/kapitalis.com\/tunisie\/#website\"},\"primaryImageOfPage\":{\"@id\":\"https:\/\/kapitalis.com\/tunisie\/2016\/05\/27\/terrorisme-et-corruption-dans-les-prisons-la-justice-sen-mele\/#primaryimage\"},\"image\":{\"@id\":\"https:\/\/kapitalis.com\/tunisie\/2016\/05\/27\/terrorisme-et-corruption-dans-les-prisons-la-justice-sen-mele\/#primaryimage\"},\"thumbnailUrl\":\"http:\/\/kapitalis.com\/tunisie\/wp-content\/uploads\/2015\/07\/Prison.jpg\",\"datePublished\":\"2016-05-27T08:45:12+00:00\",\"dateModified\":\"2016-05-27T08:45:54+00:00\",\"breadcrumb\":{\"@id\":\"https:\/\/kapitalis.com\/tunisie\/2016\/05\/27\/terrorisme-et-corruption-dans-les-prisons-la-justice-sen-mele\/#breadcrumb\"},\"inLanguage\":\"fr-FR\",\"potentialAction\":[{\"@type\":\"ReadAction\",\"target\":[\"https:\/\/kapitalis.com\/tunisie\/2016\/05\/27\/terrorisme-et-corruption-dans-les-prisons-la-justice-sen-mele\/\"]}]},{\"@type\":\"ImageObject\",\"inLanguage\":\"fr-FR\",\"@id\":\"https:\/\/kapitalis.com\/tunisie\/2016\/05\/27\/terrorisme-et-corruption-dans-les-prisons-la-justice-sen-mele\/#primaryimage\",\"url\":\"http:\/\/kapitalis.com\/tunisie\/wp-content\/uploads\/2015\/07\/Prison.jpg\",\"contentUrl\":\"http:\/\/kapitalis.com\/tunisie\/wp-content\/uploads\/2015\/07\/Prison.jpg\"},{\"@type\":\"BreadcrumbList\",\"@id\":\"https:\/\/kapitalis.com\/tunisie\/2016\/05\/27\/terrorisme-et-corruption-dans-les-prisons-la-justice-sen-mele\/#breadcrumb\",\"itemListElement\":[{\"@type\":\"ListItem\",\"position\":1,\"name\":\"Accueil\",\"item\":\"https:\/\/kapitalis.com\/tunisie\/\"},{\"@type\":\"ListItem\",\"position\":2,\"name\":\"Terrorisme et corruption dans les prisons : La justice s\u2019en m\u00eale\"}]},{\"@type\":\"WebSite\",\"@id\":\"https:\/\/kapitalis.com\/tunisie\/#website\",\"url\":\"https:\/\/kapitalis.com\/tunisie\/\",\"name\":\"Kapitalis\",\"description\":\"L&#039;actualit\u00e9 en Tunisie et dans le monde\",\"publisher\":{\"@id\":\"https:\/\/kapitalis.com\/tunisie\/#organization\"},\"potentialAction\":[{\"@type\":\"SearchAction\",\"target\":{\"@type\":\"EntryPoint\",\"urlTemplate\":\"https:\/\/kapitalis.com\/tunisie\/?s={search_term_string}\"},\"query-input\":{\"@type\":\"PropertyValueSpecification\",\"valueRequired\":true,\"valueName\":\"search_term_string\"}}],\"inLanguage\":\"fr-FR\"},{\"@type\":\"Organization\",\"@id\":\"https:\/\/kapitalis.com\/tunisie\/#organization\",\"name\":\"Kapitalis\",\"url\":\"https:\/\/kapitalis.com\/tunisie\/\",\"logo\":{\"@type\":\"ImageObject\",\"inLanguage\":\"fr-FR\",\"@id\":\"https:\/\/kapitalis.com\/tunisie\/#\/schema\/logo\/image\/\",\"url\":\"https:\/\/kapitalis.com\/tunisie\/wp-content\/uploads\/2022\/05\/Kapitalis-big-size.png\",\"contentUrl\":\"https:\/\/kapitalis.com\/tunisie\/wp-content\/uploads\/2022\/05\/Kapitalis-big-size.png\",\"width\":5000,\"height\":1500,\"caption\":\"Kapitalis\"},\"image\":{\"@id\":\"https:\/\/kapitalis.com\/tunisie\/#\/schema\/logo\/image\/\"},\"sameAs\":[\"https:\/\/www.facebook.com\/KapitalisInfo\/\",\"https:\/\/x.com\/KapitalisInfo\",\"https:\/\/www.youtube.com\/channel\/UC-yDYrHyfFBWWZaOw3FPg9Q\"]},{\"@type\":\"Person\",\"@id\":\"https:\/\/kapitalis.com\/tunisie\/#\/schema\/person\/d71f33a9ca44f7bad4698210b480c8e9\",\"name\":\"webmaster kapitalis\",\"url\":\"https:\/\/kapitalis.com\/tunisie\/author\/webmaster-kapitalis\/\"}]}<\/script>\n<!-- \/ Yoast SEO plugin. -->","yoast_head_json":{"title":"Terrorisme et corruption dans les prisons : La justice s\u2019en m\u00eale - Kapitalis","robots":{"index":"index","follow":"follow","max-snippet":"max-snippet:-1","max-image-preview":"max-image-preview:large","max-video-preview":"max-video-preview:-1"},"canonical":"https:\/\/kapitalis.com\/tunisie\/2016\/05\/27\/terrorisme-et-corruption-dans-les-prisons-la-justice-sen-mele\/","og_locale":"fr_FR","og_type":"article","og_title":"Terrorisme et corruption dans les prisons : La justice s\u2019en m\u00eale - Kapitalis","og_description":"Un juge d\u2019instruction aupr\u00e8s du tribunal de 1\u00e8re instance de Tunis a auditionn\u00e9, mercredi, 2 hauts fonctionnaires charg\u00e9s des \u00e9tablissements p\u00e9nitentiaires.","og_url":"https:\/\/kapitalis.com\/tunisie\/2016\/05\/27\/terrorisme-et-corruption-dans-les-prisons-la-justice-sen-mele\/","og_site_name":"Kapitalis","article_publisher":"https:\/\/www.facebook.com\/KapitalisInfo\/","article_published_time":"2016-05-27T08:45:12+00:00","article_modified_time":"2016-05-27T08:45:54+00:00","og_image":[{"url":"http:\/\/kapitalis.com\/tunisie\/wp-content\/uploads\/2015\/07\/Prison.jpg","type":"","width":"","height":""}],"author":"webmaster kapitalis","twitter_card":"summary_large_image","twitter_creator":"@KapitalisInfo","twitter_site":"@KapitalisInfo","twitter_misc":{"\u00c9crit par":"webmaster kapitalis","Dur\u00e9e de lecture estim\u00e9e":"1 minute"},"schema":{"@context":"https:\/\/schema.org","@graph":[{"@type":"Article","@id":"https:\/\/kapitalis.com\/tunisie\/2016\/05\/27\/terrorisme-et-corruption-dans-les-prisons-la-justice-sen-mele\/#article","isPartOf":{"@id":"https:\/\/kapitalis.com\/tunisie\/2016\/05\/27\/terrorisme-et-corruption-dans-les-prisons-la-justice-sen-mele\/"},"author":{"name":"webmaster kapitalis","@id":"https:\/\/kapitalis.com\/tunisie\/#\/schema\/person\/d71f33a9ca44f7bad4698210b480c8e9"},"headline":"Terrorisme et corruption dans les prisons : La justice s\u2019en m\u00eale","datePublished":"2016-05-27T08:45:12+00:00","dateModified":"2016-05-27T08:45:54+00:00","mainEntityOfPage":{"@id":"https:\/\/kapitalis.com\/tunisie\/2016\/05\/27\/terrorisme-et-corruption-dans-les-prisons-la-justice-sen-mele\/"},"wordCount":239,"commentCount":0,"publisher":{"@id":"https:\/\/kapitalis.com\/tunisie\/#organization"},"image":{"@id":"https:\/\/kapitalis.com\/tunisie\/2016\/05\/27\/terrorisme-et-corruption-dans-les-prisons-la-justice-sen-mele\/#primaryimage"},"thumbnailUrl":"http:\/\/kapitalis.com\/tunisie\/wp-content\/uploads\/2015\/07\/Prison.jpg","keywords":["Kamel Zarrouk","prisons","terrorisme"],"articleSection":["SOCIETE","Tunisie"],"inLanguage":"fr-FR","potentialAction":[{"@type":"CommentAction","name":"Comment","target":["https:\/\/kapitalis.com\/tunisie\/2016\/05\/27\/terrorisme-et-corruption-dans-les-prisons-la-justice-sen-mele\/#respond"]}]},{"@type":"WebPage","@id":"https:\/\/kapitalis.com\/tunisie\/2016\/05\/27\/terrorisme-et-corruption-dans-les-prisons-la-justice-sen-mele\/","url":"https:\/\/kapitalis.com\/tunisie\/2016\/05\/27\/terrorisme-et-corruption-dans-les-prisons-la-justice-sen-mele\/","name":"Terrorisme et corruption dans les prisons : La justice s\u2019en m\u00eale - Kapitalis","isPartOf":{"@id":"https:\/\/kapitalis.com\/tunisie\/#website"},"primaryImageOfPage":{"@id":"https:\/\/kapitalis.com\/tunisie\/2016\/05\/27\/terrorisme-et-corruption-dans-les-prisons-la-justice-sen-mele\/#primaryimage"},"image":{"@id":"https:\/\/kapitalis.com\/tunisie\/2016\/05\/27\/terrorisme-et-corruption-dans-les-prisons-la-justice-sen-mele\/#primaryimage"},"thumbnailUrl":"http:\/\/kapitalis.com\/tunisie\/wp-content\/uploads\/2015\/07\/Prison.jpg","datePublished":"2016-05-27T08:45:12+00:00","dateModified":"2016-05-27T08:45:54+00:00","breadcrumb":{"@id":"https:\/\/kapitalis.com\/tunisie\/2016\/05\/27\/terrorisme-et-corruption-dans-les-prisons-la-justice-sen-mele\/#breadcrumb"},"inLanguage":"fr-FR","potentialAction":[{"@type":"ReadAction","target":["https:\/\/kapitalis.com\/tunisie\/2016\/05\/27\/terrorisme-et-corruption-dans-les-prisons-la-justice-sen-mele\/"]}]},{"@type":"ImageObject","inLanguage":"fr-FR","@id":"https:\/\/kapitalis.com\/tunisie\/2016\/05\/27\/terrorisme-et-corruption-dans-les-prisons-la-justice-sen-mele\/#primaryimage","url":"http:\/\/kapitalis.com\/tunisie\/wp-content\/uploads\/2015\/07\/Prison.jpg","contentUrl":"http:\/\/kapitalis.com\/tunisie\/wp-content\/uploads\/2015\/07\/Prison.jpg"},{"@type":"BreadcrumbList","@id":"https:\/\/kapitalis.com\/tunisie\/2016\/05\/27\/terrorisme-et-corruption-dans-les-prisons-la-justice-sen-mele\/#breadcrumb","itemListElement":[{"@type":"ListItem","position":1,"name":"Accueil","item":"https:\/\/kapitalis.com\/tunisie\/"},{"@type":"ListItem","position":2,"name":"Terrorisme et corruption dans les prisons : La justice s\u2019en m\u00eale"}]},{"@type":"WebSite","@id":"https:\/\/kapitalis.com\/tunisie\/#website","url":"https:\/\/kapitalis.com\/tunisie\/","name":"Kapitalis","description":"L&#039;actualit\u00e9 en Tunisie et dans le monde","publisher":{"@id":"https:\/\/kapitalis.com\/tunisie\/#organization"},"potentialAction":[{"@type":"SearchAction","target":{"@type":"EntryPoint","urlTemplate":"https:\/\/kapitalis.com\/tunisie\/?s={search_term_string}"},"query-input":{"@type":"PropertyValueSpecification","valueRequired":true,"valueName":"search_term_string"}}],"inLanguage":"fr-FR"},{"@type":"Organization","@id":"https:\/\/kapitalis.com\/tunisie\/#organization","name":"Kapitalis","url":"https:\/\/kapitalis.com\/tunisie\/","logo":{"@type":"ImageObject","inLanguage":"fr-FR","@id":"https:\/\/kapitalis.com\/tunisie\/#\/schema\/logo\/image\/","url":"https:\/\/kapitalis.com\/tunisie\/wp-content\/uploads\/2022\/05\/Kapitalis-big-size.png","contentUrl":"https:\/\/kapitalis.com\/tunisie\/wp-content\/uploads\/2022\/05\/Kapitalis-big-size.png","width":5000,"height":1500,"caption":"Kapitalis"},"image":{"@id":"https:\/\/kapitalis.com\/tunisie\/#\/schema\/logo\/image\/"},"sameAs":["https:\/\/www.facebook.com\/KapitalisInfo\/","https:\/\/x.com\/KapitalisInfo","https:\/\/www.youtube.com\/channel\/UC-yDYrHyfFBWWZaOw3FPg9Q"]},{"@type":"Person","@id":"https:\/\/kapitalis.com\/tunisie\/#\/schema\/person\/d71f33a9ca44f7bad4698210b480c8e9","name":"webmaster kapitalis","url":"https:\/\/kapitalis.com\/tunisie\/author\/webmaster-kapitalis\/"}]}},"_links":{"self":[{"href":"https:\/\/kapitalis.com\/tunisie\/wp-json\/wp\/v2\/posts\/51612","targetHints":{"allow":["GET"]}}],"collection":[{"href":"https:\/\/kapitalis.com\/tunisie\/wp-json\/wp\/v2\/posts"}],"about":[{"href":"https:\/\/kapitalis.com\/tunisie\/wp-json\/wp\/v2\/types\/post"}],"author":[{"embeddable":true,"href":"https:\/\/kapitalis.com\/tunisie\/wp-json\/wp\/v2\/users\/8"}],"replies":[{"embeddable":true,"href":"https:\/\/kapitalis.com\/tunisie\/wp-json\/wp\/v2\/comments?post=51612"}],"version-history":[{"count":0,"href":"https:\/\/kapitalis.com\/tunisie\/wp-json\/wp\/v2\/posts\/51612\/revisions"}],"wp:attachment":[{"href":"https:\/\/kapitalis.com\/tunisie\/wp-json\/wp\/v2\/media?parent=51612"}],"wp:term":[{"taxonomy":"category","embeddable":true,"href":"https:\/\/kapitalis.com\/tunisie\/wp-json\/wp\/v2\/categories?post=51612"},{"taxonomy":"post_tag","embeddable":true,"href":"https:\/\/kapitalis.com\/tunisie\/wp-json\/wp\/v2\/tags?post=51612"}],"curies":[{"name":"wp","href":"https:\/\/api.w.org\/{rel}","templated":true}]}}