{"id":51662,"date":"2016-05-27T16:10:32","date_gmt":"2016-05-27T15:10:32","guid":{"rendered":"http:\/\/kapitalis.com\/tunisie\/?p=51662"},"modified":"2016-05-27T16:10:32","modified_gmt":"2016-05-27T15:10:32","slug":"medias-et-lutte-antiterroriste-encore-des-efforts-a-faire","status":"publish","type":"post","link":"https:\/\/kapitalis.com\/tunisie\/2016\/05\/27\/medias-et-lutte-antiterroriste-encore-des-efforts-a-faire\/","title":{"rendered":"M\u00e9dias et lutte antiterroriste : Encore des efforts \u00e0 faire"},"content":{"rendered":"<p style=\"text-align: center;\"><img loading=\"lazy\" decoding=\"async\" class=\"alignnone size-full wp-image-51664\" src=\"http:\/\/kapitalis.com\/tunisie\/wp-content\/uploads\/2016\/05\/Media-terrorisme-.jpg\" alt=\"Media- terrorisme-\" width=\"626\" height=\"380\" \/><\/p>\n<p><em><strong>Plusieurs erreurs ont \u00e9t\u00e9 commises par les m\u00e9dias dans la couverture des attentats terroristes du Bardo, de Sousse et de l\u2019avenue Mohamed V \u00e0 Tunis.<\/strong><\/em><\/p>\n<p><!--more--><\/p>\n<p>C\u2019est ce qu\u2019a d\u00e9clar\u00e9 Nouri Lajmi, pr\u00e9sident de la Haute autorit\u00e9 ind\u00e9pendante de la communication audiovisuelle (Haica), lors d\u2019un workshop organis\u00e9 avec le Syndicat national des journalistes tunisiens (Snjt) sur le th\u00e8me: \u00ab<em>Les m\u00e9dias et la lutte contre le terrorisme<\/em>\u00bb.<\/p>\n<p>Nouri Lajmi a cependant pr\u00e9cis\u00e9 qu\u2019une nette am\u00e9lioration a \u00e9t\u00e9 constat\u00e9e au niveau de la couverture m\u00e9diatique des \u00e9v\u00e9nements \u00e0 caract\u00e8re terroriste, notamment lors de l\u2019attaque de Ben Guerdane, le\u00a07 mars dernier. Cette am\u00e9lioration fait suite\u00a0aux discussions \u00e0 ce sujet men\u00e9es avec les journalistes.<\/p>\n<p style=\"text-align: center;\"><img loading=\"lazy\" decoding=\"async\" class=\"alignnone size-full wp-image-51665\" src=\"http:\/\/kapitalis.com\/tunisie\/wp-content\/uploads\/2016\/05\/Haica-Snjt-workshop.jpg\" alt=\"Haica - Snjt- workshop\" width=\"500\" height=\"300\" \/><\/p>\n<p>Neji Bghouri, pr\u00e9sident du SNJT, a, pour sa part, rappel\u00e9 que le terrorisme et l\u2019appel \u00e0 la haine ne sont pas un point de vue et ne doivent pas transpara\u00eetre en tant que tel dans le travail journalistique.<\/p>\n<p>\u00ab<em>Nous ne devons pas aider\u00a0\u00e0 transmettre la voix des extr\u00e9mistes, et de\u00a0ceux qui appellent \u00e0 la haine et au meurtre. Nous sommes tenus, en tant que journalistes, de\u00a0participer \u00e0 la lutte contre le terrorisme, et ce, en faisant preuve de beaucoup de prudence dans le traitement des affaires terroristes<\/em>\u00bb, a-t-il indiqu\u00e9, tout en confirmant que des progr\u00e8s ont \u00e9t\u00e9 constat\u00e9s ces derniers temps dans le traitement m\u00e9diatique de ce th\u00e8me.<\/p>\n<p style=\"text-align: right;\"><strong>Y. N.<\/strong><\/p>\n","protected":false},"excerpt":{"rendered":"<p>Plusieurs erreurs ont \u00e9t\u00e9 commises par les m\u00e9dias dans la couverture des attentats terroristes du Bardo, de Sousse et de l\u2019avenue Mohamed V \u00e0 Tunis.<\/p>\n","protected":false},"author":6,"featured_media":51664,"comment_status":"open","ping_status":"open","sticky":false,"template":"","format":"standard","meta":{"footnotes":""},"categories":[996,2433],"tags":[1843,1459,593,2866,2459,838,897],"class_list":["post-51662","post","type-post","status-publish","format-standard","has-post-thumbnail","hentry","category-media","category-tunisie","tag-haica","tag-journalistes","tag-medias","tag-neji-bghouri","tag-nouri-lajmi","tag-snjt","tag-terrorisme"],"yoast_head":"<!-- This site is optimized with the Yoast SEO plugin v26.6 - https:\/\/yoast.com\/wordpress\/plugins\/seo\/ -->\n<title>M\u00e9dias et lutte antiterroriste : Encore des efforts \u00e0 faire - Kapitalis<\/title>\n<meta name=\"robots\" content=\"index, follow, max-snippet:-1, max-image-preview:large, max-video-preview:-1\" \/>\n<link rel=\"canonical\" href=\"https:\/\/kapitalis.com\/tunisie\/2016\/05\/27\/medias-et-lutte-antiterroriste-encore-des-efforts-a-faire\/\" \/>\n<meta property=\"og:locale\" content=\"fr_FR\" \/>\n<meta property=\"og:type\" content=\"article\" \/>\n<meta property=\"og:title\" content=\"M\u00e9dias et lutte antiterroriste : Encore des efforts \u00e0 faire - Kapitalis\" \/>\n<meta property=\"og:description\" content=\"Plusieurs erreurs ont \u00e9t\u00e9 commises par les m\u00e9dias dans la couverture des attentats terroristes du Bardo, de Sousse et de l\u2019avenue Mohamed V \u00e0 Tunis.\" \/>\n<meta property=\"og:url\" content=\"https:\/\/kapitalis.com\/tunisie\/2016\/05\/27\/medias-et-lutte-antiterroriste-encore-des-efforts-a-faire\/\" \/>\n<meta property=\"og:site_name\" content=\"Kapitalis\" \/>\n<meta property=\"article:publisher\" content=\"https:\/\/www.facebook.com\/KapitalisInfo\/\" \/>\n<meta property=\"article:published_time\" content=\"2016-05-27T15:10:32+00:00\" \/>\n<meta property=\"og:image\" content=\"https:\/\/kapitalis.com\/tunisie\/wp-content\/uploads\/2022\/05\/kapitalis-logo-fb.png\" \/>\n\t<meta property=\"og:image:width\" content=\"1200\" \/>\n\t<meta property=\"og:image:height\" content=\"630\" \/>\n\t<meta property=\"og:image:type\" content=\"image\/png\" \/>\n<meta name=\"author\" content=\"Yusra NY\" \/>\n<meta name=\"twitter:card\" content=\"summary_large_image\" \/>\n<meta name=\"twitter:creator\" content=\"@KapitalisInfo\" \/>\n<meta name=\"twitter:site\" content=\"@KapitalisInfo\" \/>\n<meta name=\"twitter:label1\" content=\"\u00c9crit par\" \/>\n\t<meta name=\"twitter:data1\" content=\"Yusra NY\" \/>\n\t<meta name=\"twitter:label2\" content=\"Dur\u00e9e de lecture estim\u00e9e\" \/>\n\t<meta name=\"twitter:data2\" content=\"1 minute\" \/>\n<script type=\"application\/ld+json\" class=\"yoast-schema-graph\">{\"@context\":\"https:\/\/schema.org\",\"@graph\":[{\"@type\":\"Article\",\"@id\":\"https:\/\/kapitalis.com\/tunisie\/2016\/05\/27\/medias-et-lutte-antiterroriste-encore-des-efforts-a-faire\/#article\",\"isPartOf\":{\"@id\":\"https:\/\/kapitalis.com\/tunisie\/2016\/05\/27\/medias-et-lutte-antiterroriste-encore-des-efforts-a-faire\/\"},\"author\":{\"name\":\"Yusra NY\",\"@id\":\"https:\/\/kapitalis.com\/tunisie\/#\/schema\/person\/74bbde0154d49d790a92aaeac5bc01d5\"},\"headline\":\"M\u00e9dias et lutte antiterroriste : Encore des efforts \u00e0 faire\",\"datePublished\":\"2016-05-27T15:10:32+00:00\",\"mainEntityOfPage\":{\"@id\":\"https:\/\/kapitalis.com\/tunisie\/2016\/05\/27\/medias-et-lutte-antiterroriste-encore-des-efforts-a-faire\/\"},\"wordCount\":253,\"commentCount\":0,\"publisher\":{\"@id\":\"https:\/\/kapitalis.com\/tunisie\/#organization\"},\"image\":{\"@id\":\"https:\/\/kapitalis.com\/tunisie\/2016\/05\/27\/medias-et-lutte-antiterroriste-encore-des-efforts-a-faire\/#primaryimage\"},\"thumbnailUrl\":\"\",\"keywords\":[\"Haica\",\"journalistes\",\"m\u00e9dias\",\"N\u00e9ji Bghouri\",\"Nouri Lajmi\",\"SNJT\",\"terrorisme\"],\"articleSection\":[\"MEDIA\",\"Tunisie\"],\"inLanguage\":\"fr-FR\",\"potentialAction\":[{\"@type\":\"CommentAction\",\"name\":\"Comment\",\"target\":[\"https:\/\/kapitalis.com\/tunisie\/2016\/05\/27\/medias-et-lutte-antiterroriste-encore-des-efforts-a-faire\/#respond\"]}]},{\"@type\":\"WebPage\",\"@id\":\"https:\/\/kapitalis.com\/tunisie\/2016\/05\/27\/medias-et-lutte-antiterroriste-encore-des-efforts-a-faire\/\",\"url\":\"https:\/\/kapitalis.com\/tunisie\/2016\/05\/27\/medias-et-lutte-antiterroriste-encore-des-efforts-a-faire\/\",\"name\":\"M\u00e9dias et lutte antiterroriste : Encore des efforts \u00e0 faire - Kapitalis\",\"isPartOf\":{\"@id\":\"https:\/\/kapitalis.com\/tunisie\/#website\"},\"primaryImageOfPage\":{\"@id\":\"https:\/\/kapitalis.com\/tunisie\/2016\/05\/27\/medias-et-lutte-antiterroriste-encore-des-efforts-a-faire\/#primaryimage\"},\"image\":{\"@id\":\"https:\/\/kapitalis.com\/tunisie\/2016\/05\/27\/medias-et-lutte-antiterroriste-encore-des-efforts-a-faire\/#primaryimage\"},\"thumbnailUrl\":\"\",\"datePublished\":\"2016-05-27T15:10:32+00:00\",\"breadcrumb\":{\"@id\":\"https:\/\/kapitalis.com\/tunisie\/2016\/05\/27\/medias-et-lutte-antiterroriste-encore-des-efforts-a-faire\/#breadcrumb\"},\"inLanguage\":\"fr-FR\",\"potentialAction\":[{\"@type\":\"ReadAction\",\"target\":[\"https:\/\/kapitalis.com\/tunisie\/2016\/05\/27\/medias-et-lutte-antiterroriste-encore-des-efforts-a-faire\/\"]}]},{\"@type\":\"ImageObject\",\"inLanguage\":\"fr-FR\",\"@id\":\"https:\/\/kapitalis.com\/tunisie\/2016\/05\/27\/medias-et-lutte-antiterroriste-encore-des-efforts-a-faire\/#primaryimage\",\"url\":\"\",\"contentUrl\":\"\"},{\"@type\":\"BreadcrumbList\",\"@id\":\"https:\/\/kapitalis.com\/tunisie\/2016\/05\/27\/medias-et-lutte-antiterroriste-encore-des-efforts-a-faire\/#breadcrumb\",\"itemListElement\":[{\"@type\":\"ListItem\",\"position\":1,\"name\":\"Accueil\",\"item\":\"https:\/\/kapitalis.com\/tunisie\/\"},{\"@type\":\"ListItem\",\"position\":2,\"name\":\"M\u00e9dias et lutte antiterroriste : Encore des efforts \u00e0 faire\"}]},{\"@type\":\"WebSite\",\"@id\":\"https:\/\/kapitalis.com\/tunisie\/#website\",\"url\":\"https:\/\/kapitalis.com\/tunisie\/\",\"name\":\"Kapitalis\",\"description\":\"L&#039;actualit\u00e9 en Tunisie et dans le monde\",\"publisher\":{\"@id\":\"https:\/\/kapitalis.com\/tunisie\/#organization\"},\"potentialAction\":[{\"@type\":\"SearchAction\",\"target\":{\"@type\":\"EntryPoint\",\"urlTemplate\":\"https:\/\/kapitalis.com\/tunisie\/?s={search_term_string}\"},\"query-input\":{\"@type\":\"PropertyValueSpecification\",\"valueRequired\":true,\"valueName\":\"search_term_string\"}}],\"inLanguage\":\"fr-FR\"},{\"@type\":\"Organization\",\"@id\":\"https:\/\/kapitalis.com\/tunisie\/#organization\",\"name\":\"Kapitalis\",\"url\":\"https:\/\/kapitalis.com\/tunisie\/\",\"logo\":{\"@type\":\"ImageObject\",\"inLanguage\":\"fr-FR\",\"@id\":\"https:\/\/kapitalis.com\/tunisie\/#\/schema\/logo\/image\/\",\"url\":\"https:\/\/kapitalis.com\/tunisie\/wp-content\/uploads\/2022\/05\/Kapitalis-big-size.png\",\"contentUrl\":\"https:\/\/kapitalis.com\/tunisie\/wp-content\/uploads\/2022\/05\/Kapitalis-big-size.png\",\"width\":5000,\"height\":1500,\"caption\":\"Kapitalis\"},\"image\":{\"@id\":\"https:\/\/kapitalis.com\/tunisie\/#\/schema\/logo\/image\/\"},\"sameAs\":[\"https:\/\/www.facebook.com\/KapitalisInfo\/\",\"https:\/\/x.com\/KapitalisInfo\",\"https:\/\/www.youtube.com\/channel\/UC-yDYrHyfFBWWZaOw3FPg9Q\"]},{\"@type\":\"Person\",\"@id\":\"https:\/\/kapitalis.com\/tunisie\/#\/schema\/person\/74bbde0154d49d790a92aaeac5bc01d5\",\"name\":\"Yusra NY\",\"url\":\"https:\/\/kapitalis.com\/tunisie\/author\/yuza_adam\/\"}]}<\/script>\n<!-- \/ Yoast SEO plugin. -->","yoast_head_json":{"title":"M\u00e9dias et lutte antiterroriste : Encore des efforts \u00e0 faire - Kapitalis","robots":{"index":"index","follow":"follow","max-snippet":"max-snippet:-1","max-image-preview":"max-image-preview:large","max-video-preview":"max-video-preview:-1"},"canonical":"https:\/\/kapitalis.com\/tunisie\/2016\/05\/27\/medias-et-lutte-antiterroriste-encore-des-efforts-a-faire\/","og_locale":"fr_FR","og_type":"article","og_title":"M\u00e9dias et lutte antiterroriste : Encore des efforts \u00e0 faire - Kapitalis","og_description":"Plusieurs erreurs ont \u00e9t\u00e9 commises par les m\u00e9dias dans la couverture des attentats terroristes du Bardo, de Sousse et de l\u2019avenue Mohamed V \u00e0 Tunis.","og_url":"https:\/\/kapitalis.com\/tunisie\/2016\/05\/27\/medias-et-lutte-antiterroriste-encore-des-efforts-a-faire\/","og_site_name":"Kapitalis","article_publisher":"https:\/\/www.facebook.com\/KapitalisInfo\/","article_published_time":"2016-05-27T15:10:32+00:00","og_image":[{"width":1200,"height":630,"url":"https:\/\/kapitalis.com\/tunisie\/wp-content\/uploads\/2022\/05\/kapitalis-logo-fb.png","type":"image\/png"}],"author":"Yusra NY","twitter_card":"summary_large_image","twitter_creator":"@KapitalisInfo","twitter_site":"@KapitalisInfo","twitter_misc":{"\u00c9crit par":"Yusra NY","Dur\u00e9e de lecture estim\u00e9e":"1 minute"},"schema":{"@context":"https:\/\/schema.org","@graph":[{"@type":"Article","@id":"https:\/\/kapitalis.com\/tunisie\/2016\/05\/27\/medias-et-lutte-antiterroriste-encore-des-efforts-a-faire\/#article","isPartOf":{"@id":"https:\/\/kapitalis.com\/tunisie\/2016\/05\/27\/medias-et-lutte-antiterroriste-encore-des-efforts-a-faire\/"},"author":{"name":"Yusra NY","@id":"https:\/\/kapitalis.com\/tunisie\/#\/schema\/person\/74bbde0154d49d790a92aaeac5bc01d5"},"headline":"M\u00e9dias et lutte antiterroriste : Encore des efforts \u00e0 faire","datePublished":"2016-05-27T15:10:32+00:00","mainEntityOfPage":{"@id":"https:\/\/kapitalis.com\/tunisie\/2016\/05\/27\/medias-et-lutte-antiterroriste-encore-des-efforts-a-faire\/"},"wordCount":253,"commentCount":0,"publisher":{"@id":"https:\/\/kapitalis.com\/tunisie\/#organization"},"image":{"@id":"https:\/\/kapitalis.com\/tunisie\/2016\/05\/27\/medias-et-lutte-antiterroriste-encore-des-efforts-a-faire\/#primaryimage"},"thumbnailUrl":"","keywords":["Haica","journalistes","m\u00e9dias","N\u00e9ji Bghouri","Nouri Lajmi","SNJT","terrorisme"],"articleSection":["MEDIA","Tunisie"],"inLanguage":"fr-FR","potentialAction":[{"@type":"CommentAction","name":"Comment","target":["https:\/\/kapitalis.com\/tunisie\/2016\/05\/27\/medias-et-lutte-antiterroriste-encore-des-efforts-a-faire\/#respond"]}]},{"@type":"WebPage","@id":"https:\/\/kapitalis.com\/tunisie\/2016\/05\/27\/medias-et-lutte-antiterroriste-encore-des-efforts-a-faire\/","url":"https:\/\/kapitalis.com\/tunisie\/2016\/05\/27\/medias-et-lutte-antiterroriste-encore-des-efforts-a-faire\/","name":"M\u00e9dias et lutte antiterroriste : Encore des efforts \u00e0 faire - Kapitalis","isPartOf":{"@id":"https:\/\/kapitalis.com\/tunisie\/#website"},"primaryImageOfPage":{"@id":"https:\/\/kapitalis.com\/tunisie\/2016\/05\/27\/medias-et-lutte-antiterroriste-encore-des-efforts-a-faire\/#primaryimage"},"image":{"@id":"https:\/\/kapitalis.com\/tunisie\/2016\/05\/27\/medias-et-lutte-antiterroriste-encore-des-efforts-a-faire\/#primaryimage"},"thumbnailUrl":"","datePublished":"2016-05-27T15:10:32+00:00","breadcrumb":{"@id":"https:\/\/kapitalis.com\/tunisie\/2016\/05\/27\/medias-et-lutte-antiterroriste-encore-des-efforts-a-faire\/#breadcrumb"},"inLanguage":"fr-FR","potentialAction":[{"@type":"ReadAction","target":["https:\/\/kapitalis.com\/tunisie\/2016\/05\/27\/medias-et-lutte-antiterroriste-encore-des-efforts-a-faire\/"]}]},{"@type":"ImageObject","inLanguage":"fr-FR","@id":"https:\/\/kapitalis.com\/tunisie\/2016\/05\/27\/medias-et-lutte-antiterroriste-encore-des-efforts-a-faire\/#primaryimage","url":"","contentUrl":""},{"@type":"BreadcrumbList","@id":"https:\/\/kapitalis.com\/tunisie\/2016\/05\/27\/medias-et-lutte-antiterroriste-encore-des-efforts-a-faire\/#breadcrumb","itemListElement":[{"@type":"ListItem","position":1,"name":"Accueil","item":"https:\/\/kapitalis.com\/tunisie\/"},{"@type":"ListItem","position":2,"name":"M\u00e9dias et lutte antiterroriste : Encore des efforts \u00e0 faire"}]},{"@type":"WebSite","@id":"https:\/\/kapitalis.com\/tunisie\/#website","url":"https:\/\/kapitalis.com\/tunisie\/","name":"Kapitalis","description":"L&#039;actualit\u00e9 en Tunisie et dans le monde","publisher":{"@id":"https:\/\/kapitalis.com\/tunisie\/#organization"},"potentialAction":[{"@type":"SearchAction","target":{"@type":"EntryPoint","urlTemplate":"https:\/\/kapitalis.com\/tunisie\/?s={search_term_string}"},"query-input":{"@type":"PropertyValueSpecification","valueRequired":true,"valueName":"search_term_string"}}],"inLanguage":"fr-FR"},{"@type":"Organization","@id":"https:\/\/kapitalis.com\/tunisie\/#organization","name":"Kapitalis","url":"https:\/\/kapitalis.com\/tunisie\/","logo":{"@type":"ImageObject","inLanguage":"fr-FR","@id":"https:\/\/kapitalis.com\/tunisie\/#\/schema\/logo\/image\/","url":"https:\/\/kapitalis.com\/tunisie\/wp-content\/uploads\/2022\/05\/Kapitalis-big-size.png","contentUrl":"https:\/\/kapitalis.com\/tunisie\/wp-content\/uploads\/2022\/05\/Kapitalis-big-size.png","width":5000,"height":1500,"caption":"Kapitalis"},"image":{"@id":"https:\/\/kapitalis.com\/tunisie\/#\/schema\/logo\/image\/"},"sameAs":["https:\/\/www.facebook.com\/KapitalisInfo\/","https:\/\/x.com\/KapitalisInfo","https:\/\/www.youtube.com\/channel\/UC-yDYrHyfFBWWZaOw3FPg9Q"]},{"@type":"Person","@id":"https:\/\/kapitalis.com\/tunisie\/#\/schema\/person\/74bbde0154d49d790a92aaeac5bc01d5","name":"Yusra NY","url":"https:\/\/kapitalis.com\/tunisie\/author\/yuza_adam\/"}]}},"_links":{"self":[{"href":"https:\/\/kapitalis.com\/tunisie\/wp-json\/wp\/v2\/posts\/51662","targetHints":{"allow":["GET"]}}],"collection":[{"href":"https:\/\/kapitalis.com\/tunisie\/wp-json\/wp\/v2\/posts"}],"about":[{"href":"https:\/\/kapitalis.com\/tunisie\/wp-json\/wp\/v2\/types\/post"}],"author":[{"embeddable":true,"href":"https:\/\/kapitalis.com\/tunisie\/wp-json\/wp\/v2\/users\/6"}],"replies":[{"embeddable":true,"href":"https:\/\/kapitalis.com\/tunisie\/wp-json\/wp\/v2\/comments?post=51662"}],"version-history":[{"count":0,"href":"https:\/\/kapitalis.com\/tunisie\/wp-json\/wp\/v2\/posts\/51662\/revisions"}],"wp:featuredmedia":[{"embeddable":true,"href":"https:\/\/kapitalis.com\/tunisie\/wp-json\/wp\/v2\/media\/51664"}],"wp:attachment":[{"href":"https:\/\/kapitalis.com\/tunisie\/wp-json\/wp\/v2\/media?parent=51662"}],"wp:term":[{"taxonomy":"category","embeddable":true,"href":"https:\/\/kapitalis.com\/tunisie\/wp-json\/wp\/v2\/categories?post=51662"},{"taxonomy":"post_tag","embeddable":true,"href":"https:\/\/kapitalis.com\/tunisie\/wp-json\/wp\/v2\/tags?post=51662"}],"curies":[{"name":"wp","href":"https:\/\/api.w.org\/{rel}","templated":true}]}}