{"id":51702,"date":"2016-05-27T17:48:12","date_gmt":"2016-05-27T16:48:12","guid":{"rendered":"http:\/\/kapitalis.com\/tunisie\/?p=51702"},"modified":"2016-05-28T13:39:07","modified_gmt":"2016-05-28T12:39:07","slug":"demolition-de-dar-bin-diar-a-hergla-il-y-a-anguille-sous-roche","status":"publish","type":"post","link":"https:\/\/kapitalis.com\/tunisie\/2016\/05\/27\/demolition-de-dar-bin-diar-a-hergla-il-y-a-anguille-sous-roche\/","title":{"rendered":"D\u00e9molition de Dar Bin Diar \u00e0 Hergla : Il y a anguille sous roche"},"content":{"rendered":"<p><img loading=\"lazy\" decoding=\"async\" class=\"alignnone size-full wp-image-51704 aligncenter\" src=\"http:\/\/kapitalis.com\/tunisie\/wp-content\/uploads\/2016\/05\/Dar-Bin-Dinar.jpg\" alt=\"Dar-Bin-Dinar\" width=\"626\" height=\"380\" \/><\/p>\n<p><em><strong>La d\u00e9molition de la maison d\u2019h\u00f4tes Dar Bin Diar \u00e0 Hergla est totalement ill\u00e9gale, indique Me Mohamed Mejri, avocat des propri\u00e9taires des lieux.<\/strong> <\/em><\/p>\n<p><!--more--><\/p>\n<p>Deux jours apr\u00e8s la d\u00e9molition de la maison d\u2019h\u00f4tes de Hergla, le dossier ne sera pas ferm\u00e9 de sit\u00f4t. L\u2019affaire a pris de l\u2019importance \u00e0 tous niveaux : au\u00a0gouvernorat de Sousse, au\u00a0minist\u00e8re des Affaires locales et \u00e0 l\u2019ambassade de France, a pr\u00e9cis\u00e9 Me Mejri \u00e0 Kapitalis, ajoutant qu\u2019il a rendez-vous, jeudi prochain, avec Youssef Chahed, ministre des Affaires locales, et qu\u2019il va l\u2019informer des d\u00e9passements commis par les autorit\u00e9s locales de la d\u00e9l\u00e9gation de Hergla.<\/p>\n<p><em>\u00abD\u2019abord, le d\u00e9l\u00e9gu\u00e9, fra\u00eechement nomm\u00e9, a eu recours \u00e0 la police au lieu de la police municipale et c\u2019est anormal. En avril dernier, les forces de l\u2019ordre ont d\u00e9fonc\u00e9 la porte de la maison d\u2019h\u00f4tes sans pr\u00e9avis. Mme Madrid, la propri\u00e9taire, \u00e9tait choqu\u00e9e de voir des agents de police d\u00e9barquer chez elle de cette mani\u00e8re-l\u00e0 pour faire un constat sans avoir un mandat. Dans des conditions normales, on nous laisse 60 jours pour nous d\u00e9fendre et on se pr\u00e9sente avec un mandat en bonne et due forme. On est tomb\u00e9 des nues le jour o\u00f9 les agents de la police ont non seulement d\u00e9truit un mur mais mur\u00e9 des fen\u00eatres donnant sur une impasse appartenant \u00e0 Dar Bin Diar et non sur le domicile du voisin, Rached Mrad\u00bb<\/em>, a encore pr\u00e9cis\u00e9 l\u2019avocat.<\/p>\n<p style=\"text-align: center;\"><img loading=\"lazy\" decoding=\"async\" class=\"alignnone size-full wp-image-51709\" src=\"http:\/\/kapitalis.com\/tunisie\/wp-content\/uploads\/2016\/05\/Dar-Bin-Diar-2.jpg\" alt=\"Dar-Bin-Diar-2\" width=\"500\" height=\"300\" \/><\/p>\n<p style=\"text-align: center;\"><em>Des agents murent les fen\u00eatres&#8230; en toute ill\u00e9galit\u00e9.<\/em><\/p>\n<p>Me Mejri a admis l\u2019existence d\u2019un d\u00e9passement dans la construction des murs, par rapport \u00e0 la premi\u00e8re autorisation d\u00e9livr\u00e9e avant le 31 d\u00e9cembre 2012. <em>\u00abMais l\u2019article 16 de la loi du 27 avril 2015 pr\u00e9voit un arrangement avec la justice en payant une somme d\u2019argent \u00e9valu\u00e9e par le tribunal foncier. Depuis un mois et demi, Dar Bin Diar est dans la l\u00e9galit\u00e9 la plus absolue<\/em>\u00bb, a ajout\u00e9 l\u2019avocat, qui vient de recevoir plusieurs appels de l\u2019ambassade et du consulat de France,\u00a0pour\u00a0s\u2019informer des d\u00e9tails juridiques de l\u2019affaire.<\/p>\n<p>M et Mme Madrid ont re\u00e7u, aussi, des appels des m\u00e9dias fran\u00e7ais, notamment TF1, indign\u00e9s par ce qui s\u2019est pass\u00e9 au couple fran\u00e7ais.<\/p>\n<p><em>\u00abLes autorit\u00e9s sont bien au courant et je reste optimiste quand \u00e0 la suite de l\u2019affaire\u00bb, <\/em>a confi\u00e9 Mme Madrid \u00e0 Kapitalis.<\/p>\n<p>Nous y reviendrons\u2026<\/p>\n<p style=\"text-align: right;\"><strong>Z. A. <\/strong><\/p>\n","protected":false},"excerpt":{"rendered":"<p>La d\u00e9molition de la maison d\u2019h\u00f4tes Dar Bin Diar \u00e0 Hergla est totalement ill\u00e9gale, indique Me Mohamed Mejri, avocat des propri\u00e9taires des lieux.<\/p>\n","protected":false},"author":8,"featured_media":51704,"comment_status":"open","ping_status":"open","sticky":false,"template":"","format":"standard","meta":{"footnotes":""},"categories":[998,2433],"tags":[2197],"class_list":["post-51702","post","type-post","status-publish","format-standard","has-post-thumbnail","hentry","category-societe","category-tunisie","tag-hergla"],"yoast_head":"<!-- This site is optimized with the Yoast SEO plugin v26.6 - https:\/\/yoast.com\/wordpress\/plugins\/seo\/ -->\n<title>D\u00e9molition de Dar Bin Diar \u00e0 Hergla : Il y a anguille sous roche - Kapitalis<\/title>\n<meta name=\"robots\" content=\"index, follow, max-snippet:-1, max-image-preview:large, max-video-preview:-1\" \/>\n<link rel=\"canonical\" href=\"https:\/\/kapitalis.com\/tunisie\/2016\/05\/27\/demolition-de-dar-bin-diar-a-hergla-il-y-a-anguille-sous-roche\/\" \/>\n<meta property=\"og:locale\" content=\"fr_FR\" \/>\n<meta property=\"og:type\" content=\"article\" \/>\n<meta property=\"og:title\" content=\"D\u00e9molition de Dar Bin Diar \u00e0 Hergla : Il y a anguille sous roche - Kapitalis\" \/>\n<meta property=\"og:description\" content=\"La d\u00e9molition de la maison d\u2019h\u00f4tes Dar Bin Diar \u00e0 Hergla est totalement ill\u00e9gale, indique Me Mohamed Mejri, avocat des propri\u00e9taires des lieux.\" \/>\n<meta property=\"og:url\" content=\"https:\/\/kapitalis.com\/tunisie\/2016\/05\/27\/demolition-de-dar-bin-diar-a-hergla-il-y-a-anguille-sous-roche\/\" \/>\n<meta property=\"og:site_name\" content=\"Kapitalis\" \/>\n<meta property=\"article:publisher\" content=\"https:\/\/www.facebook.com\/KapitalisInfo\/\" \/>\n<meta property=\"article:published_time\" content=\"2016-05-27T16:48:12+00:00\" \/>\n<meta property=\"article:modified_time\" content=\"2016-05-28T12:39:07+00:00\" \/>\n<meta property=\"og:image\" content=\"https:\/\/kapitalis.com\/tunisie\/wp-content\/uploads\/2022\/05\/kapitalis-logo-fb.png\" \/>\n\t<meta property=\"og:image:width\" content=\"1200\" \/>\n\t<meta property=\"og:image:height\" content=\"630\" \/>\n\t<meta property=\"og:image:type\" content=\"image\/png\" \/>\n<meta name=\"author\" content=\"webmaster kapitalis\" \/>\n<meta name=\"twitter:card\" content=\"summary_large_image\" \/>\n<meta name=\"twitter:creator\" content=\"@KapitalisInfo\" \/>\n<meta name=\"twitter:site\" content=\"@KapitalisInfo\" \/>\n<meta name=\"twitter:label1\" content=\"\u00c9crit par\" \/>\n\t<meta name=\"twitter:data1\" content=\"webmaster kapitalis\" \/>\n\t<meta name=\"twitter:label2\" content=\"Dur\u00e9e de lecture estim\u00e9e\" \/>\n\t<meta name=\"twitter:data2\" content=\"2 minutes\" \/>\n<script type=\"application\/ld+json\" class=\"yoast-schema-graph\">{\"@context\":\"https:\/\/schema.org\",\"@graph\":[{\"@type\":\"Article\",\"@id\":\"https:\/\/kapitalis.com\/tunisie\/2016\/05\/27\/demolition-de-dar-bin-diar-a-hergla-il-y-a-anguille-sous-roche\/#article\",\"isPartOf\":{\"@id\":\"https:\/\/kapitalis.com\/tunisie\/2016\/05\/27\/demolition-de-dar-bin-diar-a-hergla-il-y-a-anguille-sous-roche\/\"},\"author\":{\"name\":\"webmaster kapitalis\",\"@id\":\"https:\/\/kapitalis.com\/tunisie\/#\/schema\/person\/d71f33a9ca44f7bad4698210b480c8e9\"},\"headline\":\"D\u00e9molition de Dar Bin Diar \u00e0 Hergla : Il y a anguille sous roche\",\"datePublished\":\"2016-05-27T16:48:12+00:00\",\"dateModified\":\"2016-05-28T12:39:07+00:00\",\"mainEntityOfPage\":{\"@id\":\"https:\/\/kapitalis.com\/tunisie\/2016\/05\/27\/demolition-de-dar-bin-diar-a-hergla-il-y-a-anguille-sous-roche\/\"},\"wordCount\":444,\"commentCount\":5,\"publisher\":{\"@id\":\"https:\/\/kapitalis.com\/tunisie\/#organization\"},\"image\":{\"@id\":\"https:\/\/kapitalis.com\/tunisie\/2016\/05\/27\/demolition-de-dar-bin-diar-a-hergla-il-y-a-anguille-sous-roche\/#primaryimage\"},\"thumbnailUrl\":\"\",\"keywords\":[\"Hergla\"],\"articleSection\":[\"SOCIETE\",\"Tunisie\"],\"inLanguage\":\"fr-FR\",\"potentialAction\":[{\"@type\":\"CommentAction\",\"name\":\"Comment\",\"target\":[\"https:\/\/kapitalis.com\/tunisie\/2016\/05\/27\/demolition-de-dar-bin-diar-a-hergla-il-y-a-anguille-sous-roche\/#respond\"]}]},{\"@type\":\"WebPage\",\"@id\":\"https:\/\/kapitalis.com\/tunisie\/2016\/05\/27\/demolition-de-dar-bin-diar-a-hergla-il-y-a-anguille-sous-roche\/\",\"url\":\"https:\/\/kapitalis.com\/tunisie\/2016\/05\/27\/demolition-de-dar-bin-diar-a-hergla-il-y-a-anguille-sous-roche\/\",\"name\":\"D\u00e9molition de Dar Bin Diar \u00e0 Hergla : Il y a anguille sous roche - Kapitalis\",\"isPartOf\":{\"@id\":\"https:\/\/kapitalis.com\/tunisie\/#website\"},\"primaryImageOfPage\":{\"@id\":\"https:\/\/kapitalis.com\/tunisie\/2016\/05\/27\/demolition-de-dar-bin-diar-a-hergla-il-y-a-anguille-sous-roche\/#primaryimage\"},\"image\":{\"@id\":\"https:\/\/kapitalis.com\/tunisie\/2016\/05\/27\/demolition-de-dar-bin-diar-a-hergla-il-y-a-anguille-sous-roche\/#primaryimage\"},\"thumbnailUrl\":\"\",\"datePublished\":\"2016-05-27T16:48:12+00:00\",\"dateModified\":\"2016-05-28T12:39:07+00:00\",\"breadcrumb\":{\"@id\":\"https:\/\/kapitalis.com\/tunisie\/2016\/05\/27\/demolition-de-dar-bin-diar-a-hergla-il-y-a-anguille-sous-roche\/#breadcrumb\"},\"inLanguage\":\"fr-FR\",\"potentialAction\":[{\"@type\":\"ReadAction\",\"target\":[\"https:\/\/kapitalis.com\/tunisie\/2016\/05\/27\/demolition-de-dar-bin-diar-a-hergla-il-y-a-anguille-sous-roche\/\"]}]},{\"@type\":\"ImageObject\",\"inLanguage\":\"fr-FR\",\"@id\":\"https:\/\/kapitalis.com\/tunisie\/2016\/05\/27\/demolition-de-dar-bin-diar-a-hergla-il-y-a-anguille-sous-roche\/#primaryimage\",\"url\":\"\",\"contentUrl\":\"\"},{\"@type\":\"BreadcrumbList\",\"@id\":\"https:\/\/kapitalis.com\/tunisie\/2016\/05\/27\/demolition-de-dar-bin-diar-a-hergla-il-y-a-anguille-sous-roche\/#breadcrumb\",\"itemListElement\":[{\"@type\":\"ListItem\",\"position\":1,\"name\":\"Accueil\",\"item\":\"https:\/\/kapitalis.com\/tunisie\/\"},{\"@type\":\"ListItem\",\"position\":2,\"name\":\"D\u00e9molition de Dar Bin Diar \u00e0 Hergla : Il y a anguille sous roche\"}]},{\"@type\":\"WebSite\",\"@id\":\"https:\/\/kapitalis.com\/tunisie\/#website\",\"url\":\"https:\/\/kapitalis.com\/tunisie\/\",\"name\":\"Kapitalis\",\"description\":\"L&#039;actualit\u00e9 en Tunisie et dans le monde\",\"publisher\":{\"@id\":\"https:\/\/kapitalis.com\/tunisie\/#organization\"},\"potentialAction\":[{\"@type\":\"SearchAction\",\"target\":{\"@type\":\"EntryPoint\",\"urlTemplate\":\"https:\/\/kapitalis.com\/tunisie\/?s={search_term_string}\"},\"query-input\":{\"@type\":\"PropertyValueSpecification\",\"valueRequired\":true,\"valueName\":\"search_term_string\"}}],\"inLanguage\":\"fr-FR\"},{\"@type\":\"Organization\",\"@id\":\"https:\/\/kapitalis.com\/tunisie\/#organization\",\"name\":\"Kapitalis\",\"url\":\"https:\/\/kapitalis.com\/tunisie\/\",\"logo\":{\"@type\":\"ImageObject\",\"inLanguage\":\"fr-FR\",\"@id\":\"https:\/\/kapitalis.com\/tunisie\/#\/schema\/logo\/image\/\",\"url\":\"https:\/\/kapitalis.com\/tunisie\/wp-content\/uploads\/2022\/05\/Kapitalis-big-size.png\",\"contentUrl\":\"https:\/\/kapitalis.com\/tunisie\/wp-content\/uploads\/2022\/05\/Kapitalis-big-size.png\",\"width\":5000,\"height\":1500,\"caption\":\"Kapitalis\"},\"image\":{\"@id\":\"https:\/\/kapitalis.com\/tunisie\/#\/schema\/logo\/image\/\"},\"sameAs\":[\"https:\/\/www.facebook.com\/KapitalisInfo\/\",\"https:\/\/x.com\/KapitalisInfo\",\"https:\/\/www.youtube.com\/channel\/UC-yDYrHyfFBWWZaOw3FPg9Q\"]},{\"@type\":\"Person\",\"@id\":\"https:\/\/kapitalis.com\/tunisie\/#\/schema\/person\/d71f33a9ca44f7bad4698210b480c8e9\",\"name\":\"webmaster kapitalis\",\"url\":\"https:\/\/kapitalis.com\/tunisie\/author\/webmaster-kapitalis\/\"}]}<\/script>\n<!-- \/ Yoast SEO plugin. -->","yoast_head_json":{"title":"D\u00e9molition de Dar Bin Diar \u00e0 Hergla : Il y a anguille sous roche - Kapitalis","robots":{"index":"index","follow":"follow","max-snippet":"max-snippet:-1","max-image-preview":"max-image-preview:large","max-video-preview":"max-video-preview:-1"},"canonical":"https:\/\/kapitalis.com\/tunisie\/2016\/05\/27\/demolition-de-dar-bin-diar-a-hergla-il-y-a-anguille-sous-roche\/","og_locale":"fr_FR","og_type":"article","og_title":"D\u00e9molition de Dar Bin Diar \u00e0 Hergla : Il y a anguille sous roche - Kapitalis","og_description":"La d\u00e9molition de la maison d\u2019h\u00f4tes Dar Bin Diar \u00e0 Hergla est totalement ill\u00e9gale, indique Me Mohamed Mejri, avocat des propri\u00e9taires des lieux.","og_url":"https:\/\/kapitalis.com\/tunisie\/2016\/05\/27\/demolition-de-dar-bin-diar-a-hergla-il-y-a-anguille-sous-roche\/","og_site_name":"Kapitalis","article_publisher":"https:\/\/www.facebook.com\/KapitalisInfo\/","article_published_time":"2016-05-27T16:48:12+00:00","article_modified_time":"2016-05-28T12:39:07+00:00","og_image":[{"width":1200,"height":630,"url":"https:\/\/kapitalis.com\/tunisie\/wp-content\/uploads\/2022\/05\/kapitalis-logo-fb.png","type":"image\/png"}],"author":"webmaster kapitalis","twitter_card":"summary_large_image","twitter_creator":"@KapitalisInfo","twitter_site":"@KapitalisInfo","twitter_misc":{"\u00c9crit par":"webmaster kapitalis","Dur\u00e9e de lecture estim\u00e9e":"2 minutes"},"schema":{"@context":"https:\/\/schema.org","@graph":[{"@type":"Article","@id":"https:\/\/kapitalis.com\/tunisie\/2016\/05\/27\/demolition-de-dar-bin-diar-a-hergla-il-y-a-anguille-sous-roche\/#article","isPartOf":{"@id":"https:\/\/kapitalis.com\/tunisie\/2016\/05\/27\/demolition-de-dar-bin-diar-a-hergla-il-y-a-anguille-sous-roche\/"},"author":{"name":"webmaster kapitalis","@id":"https:\/\/kapitalis.com\/tunisie\/#\/schema\/person\/d71f33a9ca44f7bad4698210b480c8e9"},"headline":"D\u00e9molition de Dar Bin Diar \u00e0 Hergla : Il y a anguille sous roche","datePublished":"2016-05-27T16:48:12+00:00","dateModified":"2016-05-28T12:39:07+00:00","mainEntityOfPage":{"@id":"https:\/\/kapitalis.com\/tunisie\/2016\/05\/27\/demolition-de-dar-bin-diar-a-hergla-il-y-a-anguille-sous-roche\/"},"wordCount":444,"commentCount":5,"publisher":{"@id":"https:\/\/kapitalis.com\/tunisie\/#organization"},"image":{"@id":"https:\/\/kapitalis.com\/tunisie\/2016\/05\/27\/demolition-de-dar-bin-diar-a-hergla-il-y-a-anguille-sous-roche\/#primaryimage"},"thumbnailUrl":"","keywords":["Hergla"],"articleSection":["SOCIETE","Tunisie"],"inLanguage":"fr-FR","potentialAction":[{"@type":"CommentAction","name":"Comment","target":["https:\/\/kapitalis.com\/tunisie\/2016\/05\/27\/demolition-de-dar-bin-diar-a-hergla-il-y-a-anguille-sous-roche\/#respond"]}]},{"@type":"WebPage","@id":"https:\/\/kapitalis.com\/tunisie\/2016\/05\/27\/demolition-de-dar-bin-diar-a-hergla-il-y-a-anguille-sous-roche\/","url":"https:\/\/kapitalis.com\/tunisie\/2016\/05\/27\/demolition-de-dar-bin-diar-a-hergla-il-y-a-anguille-sous-roche\/","name":"D\u00e9molition de Dar Bin Diar \u00e0 Hergla : Il y a anguille sous roche - Kapitalis","isPartOf":{"@id":"https:\/\/kapitalis.com\/tunisie\/#website"},"primaryImageOfPage":{"@id":"https:\/\/kapitalis.com\/tunisie\/2016\/05\/27\/demolition-de-dar-bin-diar-a-hergla-il-y-a-anguille-sous-roche\/#primaryimage"},"image":{"@id":"https:\/\/kapitalis.com\/tunisie\/2016\/05\/27\/demolition-de-dar-bin-diar-a-hergla-il-y-a-anguille-sous-roche\/#primaryimage"},"thumbnailUrl":"","datePublished":"2016-05-27T16:48:12+00:00","dateModified":"2016-05-28T12:39:07+00:00","breadcrumb":{"@id":"https:\/\/kapitalis.com\/tunisie\/2016\/05\/27\/demolition-de-dar-bin-diar-a-hergla-il-y-a-anguille-sous-roche\/#breadcrumb"},"inLanguage":"fr-FR","potentialAction":[{"@type":"ReadAction","target":["https:\/\/kapitalis.com\/tunisie\/2016\/05\/27\/demolition-de-dar-bin-diar-a-hergla-il-y-a-anguille-sous-roche\/"]}]},{"@type":"ImageObject","inLanguage":"fr-FR","@id":"https:\/\/kapitalis.com\/tunisie\/2016\/05\/27\/demolition-de-dar-bin-diar-a-hergla-il-y-a-anguille-sous-roche\/#primaryimage","url":"","contentUrl":""},{"@type":"BreadcrumbList","@id":"https:\/\/kapitalis.com\/tunisie\/2016\/05\/27\/demolition-de-dar-bin-diar-a-hergla-il-y-a-anguille-sous-roche\/#breadcrumb","itemListElement":[{"@type":"ListItem","position":1,"name":"Accueil","item":"https:\/\/kapitalis.com\/tunisie\/"},{"@type":"ListItem","position":2,"name":"D\u00e9molition de Dar Bin Diar \u00e0 Hergla : Il y a anguille sous roche"}]},{"@type":"WebSite","@id":"https:\/\/kapitalis.com\/tunisie\/#website","url":"https:\/\/kapitalis.com\/tunisie\/","name":"Kapitalis","description":"L&#039;actualit\u00e9 en Tunisie et dans le monde","publisher":{"@id":"https:\/\/kapitalis.com\/tunisie\/#organization"},"potentialAction":[{"@type":"SearchAction","target":{"@type":"EntryPoint","urlTemplate":"https:\/\/kapitalis.com\/tunisie\/?s={search_term_string}"},"query-input":{"@type":"PropertyValueSpecification","valueRequired":true,"valueName":"search_term_string"}}],"inLanguage":"fr-FR"},{"@type":"Organization","@id":"https:\/\/kapitalis.com\/tunisie\/#organization","name":"Kapitalis","url":"https:\/\/kapitalis.com\/tunisie\/","logo":{"@type":"ImageObject","inLanguage":"fr-FR","@id":"https:\/\/kapitalis.com\/tunisie\/#\/schema\/logo\/image\/","url":"https:\/\/kapitalis.com\/tunisie\/wp-content\/uploads\/2022\/05\/Kapitalis-big-size.png","contentUrl":"https:\/\/kapitalis.com\/tunisie\/wp-content\/uploads\/2022\/05\/Kapitalis-big-size.png","width":5000,"height":1500,"caption":"Kapitalis"},"image":{"@id":"https:\/\/kapitalis.com\/tunisie\/#\/schema\/logo\/image\/"},"sameAs":["https:\/\/www.facebook.com\/KapitalisInfo\/","https:\/\/x.com\/KapitalisInfo","https:\/\/www.youtube.com\/channel\/UC-yDYrHyfFBWWZaOw3FPg9Q"]},{"@type":"Person","@id":"https:\/\/kapitalis.com\/tunisie\/#\/schema\/person\/d71f33a9ca44f7bad4698210b480c8e9","name":"webmaster kapitalis","url":"https:\/\/kapitalis.com\/tunisie\/author\/webmaster-kapitalis\/"}]}},"_links":{"self":[{"href":"https:\/\/kapitalis.com\/tunisie\/wp-json\/wp\/v2\/posts\/51702","targetHints":{"allow":["GET"]}}],"collection":[{"href":"https:\/\/kapitalis.com\/tunisie\/wp-json\/wp\/v2\/posts"}],"about":[{"href":"https:\/\/kapitalis.com\/tunisie\/wp-json\/wp\/v2\/types\/post"}],"author":[{"embeddable":true,"href":"https:\/\/kapitalis.com\/tunisie\/wp-json\/wp\/v2\/users\/8"}],"replies":[{"embeddable":true,"href":"https:\/\/kapitalis.com\/tunisie\/wp-json\/wp\/v2\/comments?post=51702"}],"version-history":[{"count":0,"href":"https:\/\/kapitalis.com\/tunisie\/wp-json\/wp\/v2\/posts\/51702\/revisions"}],"wp:featuredmedia":[{"embeddable":true,"href":"https:\/\/kapitalis.com\/tunisie\/wp-json\/wp\/v2\/media\/51704"}],"wp:attachment":[{"href":"https:\/\/kapitalis.com\/tunisie\/wp-json\/wp\/v2\/media?parent=51702"}],"wp:term":[{"taxonomy":"category","embeddable":true,"href":"https:\/\/kapitalis.com\/tunisie\/wp-json\/wp\/v2\/categories?post=51702"},{"taxonomy":"post_tag","embeddable":true,"href":"https:\/\/kapitalis.com\/tunisie\/wp-json\/wp\/v2\/tags?post=51702"}],"curies":[{"name":"wp","href":"https:\/\/api.w.org\/{rel}","templated":true}]}}