{"id":51724,"date":"2016-05-27T18:49:07","date_gmt":"2016-05-27T17:49:07","guid":{"rendered":"http:\/\/kapitalis.com\/tunisie\/?p=51724"},"modified":"2016-05-27T18:49:07","modified_gmt":"2016-05-27T17:49:07","slug":"abbou-lappel-de-ghannouchi-a-la-reconciliation-globale-est-anticonstitutionnel","status":"publish","type":"post","link":"https:\/\/kapitalis.com\/tunisie\/2016\/05\/27\/abbou-lappel-de-ghannouchi-a-la-reconciliation-globale-est-anticonstitutionnel\/","title":{"rendered":"Abbou : \u00abL\u2019appel de Ghannouchi \u00e0 la r\u00e9conciliation globale est anticonstitutionnel\u00bb"},"content":{"rendered":"<p><img loading=\"lazy\" decoding=\"async\" class=\"alignnone size-full wp-image-9341 aligncenter\" src=\"http:\/\/kapitalis.com\/tunisie\/wp-content\/uploads\/2015\/08\/Mohamed-Abbou.jpg\" alt=\"Mohamed-Abbou\" width=\"626\" height=\"380\" \/><\/p>\n<p><em><strong>Mohamed Abbou estime que l\u2019appel de Rached Ghannouchi, pr\u00e9sident du Mouvement Ennahdha, pour une \u00abr\u00e9conciliation globale\u00bb est en contradiction\u00a0avec la constitution.<\/strong><\/em><\/p>\n<p style=\"text-align: center;\"><!--more--><\/p>\n<p><em>\u00abCet appel est extr\u00eamement dangereux car il vise \u00e0 classer les affaires des violations et \u00e0 \u00e9touffer la v\u00e9rit\u00e9 \u00bb, a averti le dirigeant au Courant d\u00e9mocratique, lors d\u2019une conf\u00e9rence sur le th\u00e8me : \u00abJustice transitionnelle : pourquoi et comment ?\u00bb<\/em>, organis\u00e9e vendredi, \u00e0 Tunis, par le Centre Islam et D\u00e9mocratie.<\/p>\n<p><em>\u00abDepuis son accession au pouvoir en 2012, Ennahdha n\u2019a fait que prolonger la dur\u00e9e du processus de la justice transitionnelle\u00bb,<\/em> a-t-il ajout\u00e9, accusant ainsi le parti islamiste tunisien de laxisme volontaire et de complicit\u00e9 active avec les auteurs des violations et des abus sous l\u2019ancien r\u00e9gime et apr\u00e8s.<\/p>\n<p>M. Abbou estime, par ailleurs, que l\u2019initiative du pr\u00e9sident de la r\u00e9publique B\u00e9ji Ca\u00efd Essebsi en faveur de la r\u00e9conciliation \u00e9conomique et financi\u00e8re s\u2019inscrit dans cette m\u00eame optique, d\u00e8s lors qu\u2019elle vient instaurer la culture de l\u2019impunit\u00e9.<\/p>\n<p><em>\u00abAbstraction faite des r\u00e9serves \u00e9mises, l\u2019initiative de Ca\u00efd Essebsi vient soutenir et appuyer le processus de justice transitionnelle de mani\u00e8re \u00e0 assurer sa r\u00e9ussite\u00bb<\/em>, a, pour sa part, estim\u00e9 la d\u00e9put\u00e9e Yamina Zoghlami (Ennahdha), tout en admettant que<em> \u00ables Tunisiens font face aujourd\u2019hui \u00e0 un douloureux dilemme: accepter cette initiative dans la mesure o\u00f9 elle va contribuer \u00e0 la dynamisation de l\u2019\u00e9conomie nationale ou la rejeter\u00bb<\/em>.<\/p>\n<p style=\"text-align: right;\"><strong>I. B.<\/strong> (avec Tap).<\/p>\n<p>&nbsp;<\/p>\n","protected":false},"excerpt":{"rendered":"<p>Mohamed Abbou estime que l\u2019appel de Rached Ghannouchi, pr\u00e9sident du Mouvement Ennahdha, pour une \u00abr\u00e9conciliation globale\u00bb est en contradiction\u00a0avec la constitution.<\/p>\n","protected":false},"author":8,"featured_media":0,"comment_status":"open","ping_status":"open","sticky":false,"template":"","format":"standard","meta":{"footnotes":""},"categories":[997,2433],"tags":[4416,5906],"class_list":["post-51724","post","type-post","status-publish","format-standard","hentry","category-politique","category-tunisie","tag-mohamed-abbou","tag-reconciliation-economique-et-financiere"],"yoast_head":"<!-- This site is optimized with the Yoast SEO plugin v26.6 - https:\/\/yoast.com\/wordpress\/plugins\/seo\/ -->\n<title>Abbou : \u00abL\u2019appel de Ghannouchi \u00e0 la r\u00e9conciliation globale est anticonstitutionnel\u00bb - Kapitalis<\/title>\n<meta name=\"robots\" content=\"index, follow, max-snippet:-1, max-image-preview:large, max-video-preview:-1\" \/>\n<link rel=\"canonical\" href=\"https:\/\/kapitalis.com\/tunisie\/2016\/05\/27\/abbou-lappel-de-ghannouchi-a-la-reconciliation-globale-est-anticonstitutionnel\/\" \/>\n<meta property=\"og:locale\" content=\"fr_FR\" \/>\n<meta property=\"og:type\" content=\"article\" \/>\n<meta property=\"og:title\" content=\"Abbou : \u00abL\u2019appel de Ghannouchi \u00e0 la r\u00e9conciliation globale est anticonstitutionnel\u00bb - Kapitalis\" \/>\n<meta property=\"og:description\" content=\"Mohamed Abbou estime que l\u2019appel de Rached Ghannouchi, pr\u00e9sident du Mouvement Ennahdha, pour une \u00abr\u00e9conciliation globale\u00bb est en contradiction\u00a0avec la constitution.\" \/>\n<meta property=\"og:url\" content=\"https:\/\/kapitalis.com\/tunisie\/2016\/05\/27\/abbou-lappel-de-ghannouchi-a-la-reconciliation-globale-est-anticonstitutionnel\/\" \/>\n<meta property=\"og:site_name\" content=\"Kapitalis\" \/>\n<meta property=\"article:publisher\" content=\"https:\/\/www.facebook.com\/KapitalisInfo\/\" \/>\n<meta property=\"article:published_time\" content=\"2016-05-27T17:49:07+00:00\" \/>\n<meta property=\"og:image\" content=\"http:\/\/kapitalis.com\/tunisie\/wp-content\/uploads\/2015\/08\/Mohamed-Abbou.jpg\" \/>\n<meta name=\"author\" content=\"webmaster kapitalis\" \/>\n<meta name=\"twitter:card\" content=\"summary_large_image\" \/>\n<meta name=\"twitter:creator\" content=\"@KapitalisInfo\" \/>\n<meta name=\"twitter:site\" content=\"@KapitalisInfo\" \/>\n<meta name=\"twitter:label1\" content=\"\u00c9crit par\" \/>\n\t<meta name=\"twitter:data1\" content=\"webmaster kapitalis\" \/>\n\t<meta name=\"twitter:label2\" content=\"Dur\u00e9e de lecture estim\u00e9e\" \/>\n\t<meta name=\"twitter:data2\" content=\"1 minute\" \/>\n<script type=\"application\/ld+json\" class=\"yoast-schema-graph\">{\"@context\":\"https:\/\/schema.org\",\"@graph\":[{\"@type\":\"Article\",\"@id\":\"https:\/\/kapitalis.com\/tunisie\/2016\/05\/27\/abbou-lappel-de-ghannouchi-a-la-reconciliation-globale-est-anticonstitutionnel\/#article\",\"isPartOf\":{\"@id\":\"https:\/\/kapitalis.com\/tunisie\/2016\/05\/27\/abbou-lappel-de-ghannouchi-a-la-reconciliation-globale-est-anticonstitutionnel\/\"},\"author\":{\"name\":\"webmaster kapitalis\",\"@id\":\"https:\/\/kapitalis.com\/tunisie\/#\/schema\/person\/d71f33a9ca44f7bad4698210b480c8e9\"},\"headline\":\"Abbou : \u00abL\u2019appel de Ghannouchi \u00e0 la r\u00e9conciliation globale est anticonstitutionnel\u00bb\",\"datePublished\":\"2016-05-27T17:49:07+00:00\",\"mainEntityOfPage\":{\"@id\":\"https:\/\/kapitalis.com\/tunisie\/2016\/05\/27\/abbou-lappel-de-ghannouchi-a-la-reconciliation-globale-est-anticonstitutionnel\/\"},\"wordCount\":266,\"commentCount\":1,\"publisher\":{\"@id\":\"https:\/\/kapitalis.com\/tunisie\/#organization\"},\"image\":{\"@id\":\"https:\/\/kapitalis.com\/tunisie\/2016\/05\/27\/abbou-lappel-de-ghannouchi-a-la-reconciliation-globale-est-anticonstitutionnel\/#primaryimage\"},\"thumbnailUrl\":\"http:\/\/kapitalis.com\/tunisie\/wp-content\/uploads\/2015\/08\/Mohamed-Abbou.jpg\",\"keywords\":[\"Mohamed Abbou\",\"r\u00e9conciliation \u00e9conomique et financi\u00e8re\"],\"articleSection\":[\"POLITIQUE\",\"Tunisie\"],\"inLanguage\":\"fr-FR\",\"potentialAction\":[{\"@type\":\"CommentAction\",\"name\":\"Comment\",\"target\":[\"https:\/\/kapitalis.com\/tunisie\/2016\/05\/27\/abbou-lappel-de-ghannouchi-a-la-reconciliation-globale-est-anticonstitutionnel\/#respond\"]}]},{\"@type\":\"WebPage\",\"@id\":\"https:\/\/kapitalis.com\/tunisie\/2016\/05\/27\/abbou-lappel-de-ghannouchi-a-la-reconciliation-globale-est-anticonstitutionnel\/\",\"url\":\"https:\/\/kapitalis.com\/tunisie\/2016\/05\/27\/abbou-lappel-de-ghannouchi-a-la-reconciliation-globale-est-anticonstitutionnel\/\",\"name\":\"Abbou : \u00abL\u2019appel de Ghannouchi \u00e0 la r\u00e9conciliation globale est anticonstitutionnel\u00bb - Kapitalis\",\"isPartOf\":{\"@id\":\"https:\/\/kapitalis.com\/tunisie\/#website\"},\"primaryImageOfPage\":{\"@id\":\"https:\/\/kapitalis.com\/tunisie\/2016\/05\/27\/abbou-lappel-de-ghannouchi-a-la-reconciliation-globale-est-anticonstitutionnel\/#primaryimage\"},\"image\":{\"@id\":\"https:\/\/kapitalis.com\/tunisie\/2016\/05\/27\/abbou-lappel-de-ghannouchi-a-la-reconciliation-globale-est-anticonstitutionnel\/#primaryimage\"},\"thumbnailUrl\":\"http:\/\/kapitalis.com\/tunisie\/wp-content\/uploads\/2015\/08\/Mohamed-Abbou.jpg\",\"datePublished\":\"2016-05-27T17:49:07+00:00\",\"breadcrumb\":{\"@id\":\"https:\/\/kapitalis.com\/tunisie\/2016\/05\/27\/abbou-lappel-de-ghannouchi-a-la-reconciliation-globale-est-anticonstitutionnel\/#breadcrumb\"},\"inLanguage\":\"fr-FR\",\"potentialAction\":[{\"@type\":\"ReadAction\",\"target\":[\"https:\/\/kapitalis.com\/tunisie\/2016\/05\/27\/abbou-lappel-de-ghannouchi-a-la-reconciliation-globale-est-anticonstitutionnel\/\"]}]},{\"@type\":\"ImageObject\",\"inLanguage\":\"fr-FR\",\"@id\":\"https:\/\/kapitalis.com\/tunisie\/2016\/05\/27\/abbou-lappel-de-ghannouchi-a-la-reconciliation-globale-est-anticonstitutionnel\/#primaryimage\",\"url\":\"http:\/\/kapitalis.com\/tunisie\/wp-content\/uploads\/2015\/08\/Mohamed-Abbou.jpg\",\"contentUrl\":\"http:\/\/kapitalis.com\/tunisie\/wp-content\/uploads\/2015\/08\/Mohamed-Abbou.jpg\"},{\"@type\":\"BreadcrumbList\",\"@id\":\"https:\/\/kapitalis.com\/tunisie\/2016\/05\/27\/abbou-lappel-de-ghannouchi-a-la-reconciliation-globale-est-anticonstitutionnel\/#breadcrumb\",\"itemListElement\":[{\"@type\":\"ListItem\",\"position\":1,\"name\":\"Accueil\",\"item\":\"https:\/\/kapitalis.com\/tunisie\/\"},{\"@type\":\"ListItem\",\"position\":2,\"name\":\"Abbou : \u00abL\u2019appel de Ghannouchi \u00e0 la r\u00e9conciliation globale est anticonstitutionnel\u00bb\"}]},{\"@type\":\"WebSite\",\"@id\":\"https:\/\/kapitalis.com\/tunisie\/#website\",\"url\":\"https:\/\/kapitalis.com\/tunisie\/\",\"name\":\"Kapitalis\",\"description\":\"L&#039;actualit\u00e9 en Tunisie et dans le monde\",\"publisher\":{\"@id\":\"https:\/\/kapitalis.com\/tunisie\/#organization\"},\"potentialAction\":[{\"@type\":\"SearchAction\",\"target\":{\"@type\":\"EntryPoint\",\"urlTemplate\":\"https:\/\/kapitalis.com\/tunisie\/?s={search_term_string}\"},\"query-input\":{\"@type\":\"PropertyValueSpecification\",\"valueRequired\":true,\"valueName\":\"search_term_string\"}}],\"inLanguage\":\"fr-FR\"},{\"@type\":\"Organization\",\"@id\":\"https:\/\/kapitalis.com\/tunisie\/#organization\",\"name\":\"Kapitalis\",\"url\":\"https:\/\/kapitalis.com\/tunisie\/\",\"logo\":{\"@type\":\"ImageObject\",\"inLanguage\":\"fr-FR\",\"@id\":\"https:\/\/kapitalis.com\/tunisie\/#\/schema\/logo\/image\/\",\"url\":\"https:\/\/kapitalis.com\/tunisie\/wp-content\/uploads\/2022\/05\/Kapitalis-big-size.png\",\"contentUrl\":\"https:\/\/kapitalis.com\/tunisie\/wp-content\/uploads\/2022\/05\/Kapitalis-big-size.png\",\"width\":5000,\"height\":1500,\"caption\":\"Kapitalis\"},\"image\":{\"@id\":\"https:\/\/kapitalis.com\/tunisie\/#\/schema\/logo\/image\/\"},\"sameAs\":[\"https:\/\/www.facebook.com\/KapitalisInfo\/\",\"https:\/\/x.com\/KapitalisInfo\",\"https:\/\/www.youtube.com\/channel\/UC-yDYrHyfFBWWZaOw3FPg9Q\"]},{\"@type\":\"Person\",\"@id\":\"https:\/\/kapitalis.com\/tunisie\/#\/schema\/person\/d71f33a9ca44f7bad4698210b480c8e9\",\"name\":\"webmaster kapitalis\",\"url\":\"https:\/\/kapitalis.com\/tunisie\/author\/webmaster-kapitalis\/\"}]}<\/script>\n<!-- \/ Yoast SEO plugin. -->","yoast_head_json":{"title":"Abbou : \u00abL\u2019appel de Ghannouchi \u00e0 la r\u00e9conciliation globale est anticonstitutionnel\u00bb - Kapitalis","robots":{"index":"index","follow":"follow","max-snippet":"max-snippet:-1","max-image-preview":"max-image-preview:large","max-video-preview":"max-video-preview:-1"},"canonical":"https:\/\/kapitalis.com\/tunisie\/2016\/05\/27\/abbou-lappel-de-ghannouchi-a-la-reconciliation-globale-est-anticonstitutionnel\/","og_locale":"fr_FR","og_type":"article","og_title":"Abbou : \u00abL\u2019appel de Ghannouchi \u00e0 la r\u00e9conciliation globale est anticonstitutionnel\u00bb - Kapitalis","og_description":"Mohamed Abbou estime que l\u2019appel de Rached Ghannouchi, pr\u00e9sident du Mouvement Ennahdha, pour une \u00abr\u00e9conciliation globale\u00bb est en contradiction\u00a0avec la constitution.","og_url":"https:\/\/kapitalis.com\/tunisie\/2016\/05\/27\/abbou-lappel-de-ghannouchi-a-la-reconciliation-globale-est-anticonstitutionnel\/","og_site_name":"Kapitalis","article_publisher":"https:\/\/www.facebook.com\/KapitalisInfo\/","article_published_time":"2016-05-27T17:49:07+00:00","og_image":[{"url":"http:\/\/kapitalis.com\/tunisie\/wp-content\/uploads\/2015\/08\/Mohamed-Abbou.jpg","type":"","width":"","height":""}],"author":"webmaster kapitalis","twitter_card":"summary_large_image","twitter_creator":"@KapitalisInfo","twitter_site":"@KapitalisInfo","twitter_misc":{"\u00c9crit par":"webmaster kapitalis","Dur\u00e9e de lecture estim\u00e9e":"1 minute"},"schema":{"@context":"https:\/\/schema.org","@graph":[{"@type":"Article","@id":"https:\/\/kapitalis.com\/tunisie\/2016\/05\/27\/abbou-lappel-de-ghannouchi-a-la-reconciliation-globale-est-anticonstitutionnel\/#article","isPartOf":{"@id":"https:\/\/kapitalis.com\/tunisie\/2016\/05\/27\/abbou-lappel-de-ghannouchi-a-la-reconciliation-globale-est-anticonstitutionnel\/"},"author":{"name":"webmaster kapitalis","@id":"https:\/\/kapitalis.com\/tunisie\/#\/schema\/person\/d71f33a9ca44f7bad4698210b480c8e9"},"headline":"Abbou : \u00abL\u2019appel de Ghannouchi \u00e0 la r\u00e9conciliation globale est anticonstitutionnel\u00bb","datePublished":"2016-05-27T17:49:07+00:00","mainEntityOfPage":{"@id":"https:\/\/kapitalis.com\/tunisie\/2016\/05\/27\/abbou-lappel-de-ghannouchi-a-la-reconciliation-globale-est-anticonstitutionnel\/"},"wordCount":266,"commentCount":1,"publisher":{"@id":"https:\/\/kapitalis.com\/tunisie\/#organization"},"image":{"@id":"https:\/\/kapitalis.com\/tunisie\/2016\/05\/27\/abbou-lappel-de-ghannouchi-a-la-reconciliation-globale-est-anticonstitutionnel\/#primaryimage"},"thumbnailUrl":"http:\/\/kapitalis.com\/tunisie\/wp-content\/uploads\/2015\/08\/Mohamed-Abbou.jpg","keywords":["Mohamed Abbou","r\u00e9conciliation \u00e9conomique et financi\u00e8re"],"articleSection":["POLITIQUE","Tunisie"],"inLanguage":"fr-FR","potentialAction":[{"@type":"CommentAction","name":"Comment","target":["https:\/\/kapitalis.com\/tunisie\/2016\/05\/27\/abbou-lappel-de-ghannouchi-a-la-reconciliation-globale-est-anticonstitutionnel\/#respond"]}]},{"@type":"WebPage","@id":"https:\/\/kapitalis.com\/tunisie\/2016\/05\/27\/abbou-lappel-de-ghannouchi-a-la-reconciliation-globale-est-anticonstitutionnel\/","url":"https:\/\/kapitalis.com\/tunisie\/2016\/05\/27\/abbou-lappel-de-ghannouchi-a-la-reconciliation-globale-est-anticonstitutionnel\/","name":"Abbou : \u00abL\u2019appel de Ghannouchi \u00e0 la r\u00e9conciliation globale est anticonstitutionnel\u00bb - Kapitalis","isPartOf":{"@id":"https:\/\/kapitalis.com\/tunisie\/#website"},"primaryImageOfPage":{"@id":"https:\/\/kapitalis.com\/tunisie\/2016\/05\/27\/abbou-lappel-de-ghannouchi-a-la-reconciliation-globale-est-anticonstitutionnel\/#primaryimage"},"image":{"@id":"https:\/\/kapitalis.com\/tunisie\/2016\/05\/27\/abbou-lappel-de-ghannouchi-a-la-reconciliation-globale-est-anticonstitutionnel\/#primaryimage"},"thumbnailUrl":"http:\/\/kapitalis.com\/tunisie\/wp-content\/uploads\/2015\/08\/Mohamed-Abbou.jpg","datePublished":"2016-05-27T17:49:07+00:00","breadcrumb":{"@id":"https:\/\/kapitalis.com\/tunisie\/2016\/05\/27\/abbou-lappel-de-ghannouchi-a-la-reconciliation-globale-est-anticonstitutionnel\/#breadcrumb"},"inLanguage":"fr-FR","potentialAction":[{"@type":"ReadAction","target":["https:\/\/kapitalis.com\/tunisie\/2016\/05\/27\/abbou-lappel-de-ghannouchi-a-la-reconciliation-globale-est-anticonstitutionnel\/"]}]},{"@type":"ImageObject","inLanguage":"fr-FR","@id":"https:\/\/kapitalis.com\/tunisie\/2016\/05\/27\/abbou-lappel-de-ghannouchi-a-la-reconciliation-globale-est-anticonstitutionnel\/#primaryimage","url":"http:\/\/kapitalis.com\/tunisie\/wp-content\/uploads\/2015\/08\/Mohamed-Abbou.jpg","contentUrl":"http:\/\/kapitalis.com\/tunisie\/wp-content\/uploads\/2015\/08\/Mohamed-Abbou.jpg"},{"@type":"BreadcrumbList","@id":"https:\/\/kapitalis.com\/tunisie\/2016\/05\/27\/abbou-lappel-de-ghannouchi-a-la-reconciliation-globale-est-anticonstitutionnel\/#breadcrumb","itemListElement":[{"@type":"ListItem","position":1,"name":"Accueil","item":"https:\/\/kapitalis.com\/tunisie\/"},{"@type":"ListItem","position":2,"name":"Abbou : \u00abL\u2019appel de Ghannouchi \u00e0 la r\u00e9conciliation globale est anticonstitutionnel\u00bb"}]},{"@type":"WebSite","@id":"https:\/\/kapitalis.com\/tunisie\/#website","url":"https:\/\/kapitalis.com\/tunisie\/","name":"Kapitalis","description":"L&#039;actualit\u00e9 en Tunisie et dans le monde","publisher":{"@id":"https:\/\/kapitalis.com\/tunisie\/#organization"},"potentialAction":[{"@type":"SearchAction","target":{"@type":"EntryPoint","urlTemplate":"https:\/\/kapitalis.com\/tunisie\/?s={search_term_string}"},"query-input":{"@type":"PropertyValueSpecification","valueRequired":true,"valueName":"search_term_string"}}],"inLanguage":"fr-FR"},{"@type":"Organization","@id":"https:\/\/kapitalis.com\/tunisie\/#organization","name":"Kapitalis","url":"https:\/\/kapitalis.com\/tunisie\/","logo":{"@type":"ImageObject","inLanguage":"fr-FR","@id":"https:\/\/kapitalis.com\/tunisie\/#\/schema\/logo\/image\/","url":"https:\/\/kapitalis.com\/tunisie\/wp-content\/uploads\/2022\/05\/Kapitalis-big-size.png","contentUrl":"https:\/\/kapitalis.com\/tunisie\/wp-content\/uploads\/2022\/05\/Kapitalis-big-size.png","width":5000,"height":1500,"caption":"Kapitalis"},"image":{"@id":"https:\/\/kapitalis.com\/tunisie\/#\/schema\/logo\/image\/"},"sameAs":["https:\/\/www.facebook.com\/KapitalisInfo\/","https:\/\/x.com\/KapitalisInfo","https:\/\/www.youtube.com\/channel\/UC-yDYrHyfFBWWZaOw3FPg9Q"]},{"@type":"Person","@id":"https:\/\/kapitalis.com\/tunisie\/#\/schema\/person\/d71f33a9ca44f7bad4698210b480c8e9","name":"webmaster kapitalis","url":"https:\/\/kapitalis.com\/tunisie\/author\/webmaster-kapitalis\/"}]}},"_links":{"self":[{"href":"https:\/\/kapitalis.com\/tunisie\/wp-json\/wp\/v2\/posts\/51724","targetHints":{"allow":["GET"]}}],"collection":[{"href":"https:\/\/kapitalis.com\/tunisie\/wp-json\/wp\/v2\/posts"}],"about":[{"href":"https:\/\/kapitalis.com\/tunisie\/wp-json\/wp\/v2\/types\/post"}],"author":[{"embeddable":true,"href":"https:\/\/kapitalis.com\/tunisie\/wp-json\/wp\/v2\/users\/8"}],"replies":[{"embeddable":true,"href":"https:\/\/kapitalis.com\/tunisie\/wp-json\/wp\/v2\/comments?post=51724"}],"version-history":[{"count":0,"href":"https:\/\/kapitalis.com\/tunisie\/wp-json\/wp\/v2\/posts\/51724\/revisions"}],"wp:attachment":[{"href":"https:\/\/kapitalis.com\/tunisie\/wp-json\/wp\/v2\/media?parent=51724"}],"wp:term":[{"taxonomy":"category","embeddable":true,"href":"https:\/\/kapitalis.com\/tunisie\/wp-json\/wp\/v2\/categories?post=51724"},{"taxonomy":"post_tag","embeddable":true,"href":"https:\/\/kapitalis.com\/tunisie\/wp-json\/wp\/v2\/tags?post=51724"}],"curies":[{"name":"wp","href":"https:\/\/api.w.org\/{rel}","templated":true}]}}