{"id":51738,"date":"2016-05-28T09:17:14","date_gmt":"2016-05-28T08:17:14","guid":{"rendered":"http:\/\/kapitalis.com\/tunisie\/?p=51738"},"modified":"2016-05-28T09:17:14","modified_gmt":"2016-05-28T08:17:14","slug":"samsung-lance-en-tunisie-les-refrigerateurs-twin-cooling-plus","status":"publish","type":"post","link":"https:\/\/kapitalis.com\/tunisie\/2016\/05\/28\/samsung-lance-en-tunisie-les-refrigerateurs-twin-cooling-plus\/","title":{"rendered":"Samsung lance en Tunisie les r\u00e9frig\u00e9rateurs Twin Cooling Plus\u2122"},"content":{"rendered":"<p><img loading=\"lazy\" decoding=\"async\" class=\"alignnone size-full wp-image-51739 aligncenter\" src=\"http:\/\/kapitalis.com\/tunisie\/wp-content\/uploads\/2016\/05\/Samsung-Frigo.jpg\" alt=\"Samsung-Frigo\" width=\"626\" height=\"380\" \/><\/p>\n<p><em><strong>Samsung Electronics Tunisie a lanc\u00e9 officiellement sa derni\u00e8re gamme de r\u00e9frig\u00e9rateurs, le Twin Cooling Plus\u2122 sur le march\u00e9 Tunisien.<\/strong> <\/em><\/p>\n<p><!--more--><\/p>\n<p>Des appareils, qui comme leur nom l\u2019indique disposent de deux fois plus de capacit\u00e9 de rafraichissement et permettent, de ce fait, de conserver les aliments bien plus longtemps.<\/p>\n<p>Le lancement a eu lieu, avant-hier, lors d\u2019une conf\u00e9rence de presse pour le moins immersive \u00e0 la patinoire du Penthouse h\u00f4tel, \u00e0 Ennasr 2, \u00e0 Tunis.<\/p>\n<p><strong>Fra\u00eecheur en toute saison et toute circonstance<\/strong><\/p>\n<p>A l\u2019approche de ramadan et de la saison estivale, Samsung Tunisie www.samsung.com propose sa nouvelle gamme de r\u00e9frig\u00e9rateurs pens\u00e9e pour faciliter le quotidien des clients. Avec le Twin Cooling Plus\u2122, le g\u00e9ant cor\u00e9en cherche \u00e0 r\u00e9pondre aux besoins de tous en optimisant les caract\u00e9ristiques de ses appareils avec des sp\u00e9cificit\u00e9s qui ont touch\u00e9 aux moindres d\u00e9tails.<\/p>\n<p>Pour sa nouvelle gamme premium, la marque fait les choses en grand et instaure la technologie Twin Cooling Plus\u2122, proposant non pas un seul refroidisseur comme dans tout r\u00e9frig\u00e9rateur, mais deux pour deux fois plus de capacit\u00e9. Gr\u00e2ce \u00e0 un taux d\u2019humidit\u00e9 de 70%, contre 30% dans les r\u00e9frig\u00e9rateurs classiques avec cong\u00e9lateurs en haut, la nouvelle s\u00e9rie de r\u00e9frig\u00e9rateurs Samsung maximise la fra\u00eecheur des aliments sans les dess\u00e9cher et augmente ainsi la dur\u00e9e de leur pr\u00e9servation.<\/p>\n<p>Partant de la r\u00e9alit\u00e9 quotidienne de tous les m\u00e9nages, les r\u00e9frig\u00e9rateurs Samsung Twin Cooling Plus\u2122 int\u00e8grent des sp\u00e9cificit\u00e9s d\u00e9sign\u00e9es non seulement pour une conservation plus prolong\u00e9e des denr\u00e9es mais aussi pour leur pr\u00e9servation maximale. Outre son impact sur la fra\u00eecheur et l\u2019humidit\u00e9, la technologie Twin Cooling Plus\u2122 permet de refroidir s\u00e9par\u00e9ment les compartiments de r\u00e9frig\u00e9ration et de cong\u00e9lation emp\u00eachant la diffusion des odeurs dans l\u2019appareil. Ainsi, les aliments congel\u00e9s conservent davantage leurs saveurs naturelles.<\/p>\n<p><strong>Des innovations fra\u00eechement d\u00e9velopp\u00e9es<\/strong><\/p>\n<p>La s\u00e9rie Samsung Twin Cooling Plus\u2122 offre ce qui se fait de mieux en mati\u00e8re de flexibilit\u00e9 de stockage. Avec la fonction Cool Select+, il est dor\u00e9navant facilement possible de transformer le cong\u00e9lateur en r\u00e9frig\u00e9rateur afin d\u2019y conserver tous les aliments frais qu\u2019il faut stocker selon les saisons ou pour des occasions sp\u00e9ciales. Le r\u00e9frig\u00e9rateur et le cong\u00e9lateur seraient ainsi maintenus en dessous des 15\u00b0C afin d\u2019emp\u00eacher la moisissure des aliments et la propagation des odeurs tout en permettant une faible consommation \u00e9lectrique.<br \/>\nAvec la Smart Conversion, pas moins de cinq modes sont disponibles allant de Regular, \u00e0 Energy Saving en passant par Vacation, Fridge Max ou encore Mini Fridge. Il est donc, par exemple, possible de s\u00e9lectionner le mode OFF* pour des \u00e9conomies d\u2019\u00e9nergie, selon les sp\u00e9cifications de la saison ou des circonstances.<\/p>\n<p>D\u2019une simple touche sur la fonction Power Cool, la nouvelle gamme des r\u00e9frig\u00e9rateurs Samsung est capable de diffuser rapidement de l\u2019air extr\u00eamement froid pour refroidir ou congeler \u00e0 grande vitesse les aliments et boissons stock\u00e9s. De m\u00eame pour la cong\u00e9lation, une option Power Freeze est disponible pour permettre \u00e0 l\u2019utilisateur de congeler les aliments ou de faire des gla\u00e7ons en moins de temps qu\u2019il en faut pour le dire, pour les moments o\u00f9 le temps presse.<\/p>\n<p>Du haut des 620L d\u2019espace de stockage, les nouveaux r\u00e9frig\u00e9rateurs Samsung offrent \u00e0 leurs d\u00e9tenteurs de multiples options de rangements. Gr\u00e2ce au tiroir coulissant, Easy Slide Shelf, rien n\u2019est plus facile que de rep\u00e9rer ou d\u2019atteindre l\u2019aliment stock\u00e9 voulu. De m\u00eame que le tiroir de rangement Deli-Tray, permet d\u2019organiser et de servir facilement les mets pr\u00e9par\u00e9s.<\/p>\n<p>La colonne d\u2019\u00e9clairage LED haute performance est plus mince et plus froide et consomme moins d\u2019\u00e9nergie qu\u2019un \u00e9clairage classique. Install\u00e9e en haut et sur les c\u00f4t\u00e9s, elle diffuse un \u00e9clairage agr\u00e9able et brillant dans chaque recoin du r\u00e9frig\u00e9rateur, garantissant ainsi une meilleure visibilit\u00e9.<\/p>\n<p style=\"text-align: center;\"><img loading=\"lazy\" decoding=\"async\" class=\"alignnone size-full wp-image-51740\" src=\"http:\/\/kapitalis.com\/tunisie\/wp-content\/uploads\/2016\/05\/Samsung-Frigo-2.jpg\" alt=\"Samsung-Frigo-2\" width=\"500\" height=\"700\" \/><\/p>\n<p><strong>Une optimisation jusqu\u2019au bout des filtres<\/strong><\/p>\n<p>Pour ses r\u00e9frig\u00e9rateurs intelligents, Samsung a souhait\u00e9 d\u00e9charg\u00e9 au plus ses clients des encombres du quotidiens. Ainsi, une protection antibact\u00e9rienne assure la propret\u00e9 et l\u2019hygi\u00e8ne du r\u00e9frig\u00e9rateur. L\u2019air circule au travers d\u2019un filtre \u00e0 charbon actif et est ainsi st\u00e9rilis\u00e9 et d\u00e9sodoris\u00e9 en continu, tandis qu\u2019une membrane antibact\u00e9rienne \u00e9limine les bact\u00e9ries.<\/p>\n<p>Avec la technologie d\u2019onduleur num\u00e9rique Digital Inverter, les acqu\u00e9reurs de la nouvelle s\u00e9rie de r\u00e9frig\u00e9rateur Samsung Twin Cooling Plus\u2122 profiteront d\u2019une garantie de 10 ans et gagneront ainsi en s\u00e9r\u00e9nit\u00e9. En effet, l\u2019onduleur ajuste automatiquement la vitesse du compresseur sur 7 niveaux diff\u00e9rents en fonction des besoins de refroidissement. Ce qui permet de non seulement de r\u00e9duire le r\u00e9duit le niveau sonore et la consommation \u00e9nerg\u00e9tique, mais aussi de minimiser au plus l\u2019usure du moteur pour des performances exceptionnelles et longue-dur\u00e9e.<\/p>\n<p><em><strong>Source<\/strong><\/em>: communiqu\u00e9.<\/p>\n","protected":false},"excerpt":{"rendered":"<p>Samsung Electronics Tunisie a lanc\u00e9 officiellement sa derni\u00e8re gamme de r\u00e9frig\u00e9rateurs, le Twin Cooling Plus\u2122 sur le march\u00e9 Tunisien.<\/p>\n","protected":false},"author":8,"featured_media":51739,"comment_status":"open","ping_status":"open","sticky":false,"template":"","format":"standard","meta":{"footnotes":""},"categories":[993,2433],"tags":[],"class_list":["post-51738","post","type-post","status-publish","format-standard","has-post-thumbnail","hentry","category-conso","category-tunisie"],"yoast_head":"<!-- This site is optimized with the Yoast SEO plugin v26.6 - https:\/\/yoast.com\/wordpress\/plugins\/seo\/ -->\n<title>Samsung lance en Tunisie les r\u00e9frig\u00e9rateurs Twin Cooling Plus\u2122 - Kapitalis<\/title>\n<meta name=\"robots\" content=\"index, follow, max-snippet:-1, max-image-preview:large, max-video-preview:-1\" \/>\n<link rel=\"canonical\" href=\"https:\/\/kapitalis.com\/tunisie\/2016\/05\/28\/samsung-lance-en-tunisie-les-refrigerateurs-twin-cooling-plus\/\" \/>\n<meta property=\"og:locale\" content=\"fr_FR\" \/>\n<meta property=\"og:type\" content=\"article\" \/>\n<meta property=\"og:title\" content=\"Samsung lance en Tunisie les r\u00e9frig\u00e9rateurs Twin Cooling Plus\u2122 - Kapitalis\" \/>\n<meta property=\"og:description\" content=\"Samsung Electronics Tunisie a lanc\u00e9 officiellement sa derni\u00e8re gamme de r\u00e9frig\u00e9rateurs, le Twin Cooling Plus\u2122 sur le march\u00e9 Tunisien.\" \/>\n<meta property=\"og:url\" content=\"https:\/\/kapitalis.com\/tunisie\/2016\/05\/28\/samsung-lance-en-tunisie-les-refrigerateurs-twin-cooling-plus\/\" \/>\n<meta property=\"og:site_name\" content=\"Kapitalis\" \/>\n<meta property=\"article:publisher\" content=\"https:\/\/www.facebook.com\/KapitalisInfo\/\" \/>\n<meta property=\"article:published_time\" content=\"2016-05-28T08:17:14+00:00\" \/>\n<meta property=\"og:image\" content=\"https:\/\/kapitalis.com\/tunisie\/wp-content\/uploads\/2022\/05\/kapitalis-logo-fb.png\" \/>\n\t<meta property=\"og:image:width\" content=\"1200\" \/>\n\t<meta property=\"og:image:height\" content=\"630\" \/>\n\t<meta property=\"og:image:type\" content=\"image\/png\" \/>\n<meta name=\"author\" content=\"webmaster kapitalis\" \/>\n<meta name=\"twitter:card\" content=\"summary_large_image\" \/>\n<meta name=\"twitter:creator\" content=\"@KapitalisInfo\" \/>\n<meta name=\"twitter:site\" content=\"@KapitalisInfo\" \/>\n<meta name=\"twitter:label1\" content=\"\u00c9crit par\" \/>\n\t<meta name=\"twitter:data1\" content=\"webmaster kapitalis\" \/>\n\t<meta name=\"twitter:label2\" content=\"Dur\u00e9e de lecture estim\u00e9e\" \/>\n\t<meta name=\"twitter:data2\" content=\"4 minutes\" \/>\n<script type=\"application\/ld+json\" class=\"yoast-schema-graph\">{\"@context\":\"https:\/\/schema.org\",\"@graph\":[{\"@type\":\"Article\",\"@id\":\"https:\/\/kapitalis.com\/tunisie\/2016\/05\/28\/samsung-lance-en-tunisie-les-refrigerateurs-twin-cooling-plus\/#article\",\"isPartOf\":{\"@id\":\"https:\/\/kapitalis.com\/tunisie\/2016\/05\/28\/samsung-lance-en-tunisie-les-refrigerateurs-twin-cooling-plus\/\"},\"author\":{\"name\":\"webmaster kapitalis\",\"@id\":\"https:\/\/kapitalis.com\/tunisie\/#\/schema\/person\/d71f33a9ca44f7bad4698210b480c8e9\"},\"headline\":\"Samsung lance en Tunisie les r\u00e9frig\u00e9rateurs Twin Cooling Plus\u2122\",\"datePublished\":\"2016-05-28T08:17:14+00:00\",\"mainEntityOfPage\":{\"@id\":\"https:\/\/kapitalis.com\/tunisie\/2016\/05\/28\/samsung-lance-en-tunisie-les-refrigerateurs-twin-cooling-plus\/\"},\"wordCount\":877,\"commentCount\":0,\"publisher\":{\"@id\":\"https:\/\/kapitalis.com\/tunisie\/#organization\"},\"image\":{\"@id\":\"https:\/\/kapitalis.com\/tunisie\/2016\/05\/28\/samsung-lance-en-tunisie-les-refrigerateurs-twin-cooling-plus\/#primaryimage\"},\"thumbnailUrl\":\"\",\"articleSection\":[\"CONSO\",\"Tunisie\"],\"inLanguage\":\"fr-FR\",\"potentialAction\":[{\"@type\":\"CommentAction\",\"name\":\"Comment\",\"target\":[\"https:\/\/kapitalis.com\/tunisie\/2016\/05\/28\/samsung-lance-en-tunisie-les-refrigerateurs-twin-cooling-plus\/#respond\"]}]},{\"@type\":\"WebPage\",\"@id\":\"https:\/\/kapitalis.com\/tunisie\/2016\/05\/28\/samsung-lance-en-tunisie-les-refrigerateurs-twin-cooling-plus\/\",\"url\":\"https:\/\/kapitalis.com\/tunisie\/2016\/05\/28\/samsung-lance-en-tunisie-les-refrigerateurs-twin-cooling-plus\/\",\"name\":\"Samsung lance en Tunisie les r\u00e9frig\u00e9rateurs Twin Cooling Plus\u2122 - Kapitalis\",\"isPartOf\":{\"@id\":\"https:\/\/kapitalis.com\/tunisie\/#website\"},\"primaryImageOfPage\":{\"@id\":\"https:\/\/kapitalis.com\/tunisie\/2016\/05\/28\/samsung-lance-en-tunisie-les-refrigerateurs-twin-cooling-plus\/#primaryimage\"},\"image\":{\"@id\":\"https:\/\/kapitalis.com\/tunisie\/2016\/05\/28\/samsung-lance-en-tunisie-les-refrigerateurs-twin-cooling-plus\/#primaryimage\"},\"thumbnailUrl\":\"\",\"datePublished\":\"2016-05-28T08:17:14+00:00\",\"breadcrumb\":{\"@id\":\"https:\/\/kapitalis.com\/tunisie\/2016\/05\/28\/samsung-lance-en-tunisie-les-refrigerateurs-twin-cooling-plus\/#breadcrumb\"},\"inLanguage\":\"fr-FR\",\"potentialAction\":[{\"@type\":\"ReadAction\",\"target\":[\"https:\/\/kapitalis.com\/tunisie\/2016\/05\/28\/samsung-lance-en-tunisie-les-refrigerateurs-twin-cooling-plus\/\"]}]},{\"@type\":\"ImageObject\",\"inLanguage\":\"fr-FR\",\"@id\":\"https:\/\/kapitalis.com\/tunisie\/2016\/05\/28\/samsung-lance-en-tunisie-les-refrigerateurs-twin-cooling-plus\/#primaryimage\",\"url\":\"\",\"contentUrl\":\"\"},{\"@type\":\"BreadcrumbList\",\"@id\":\"https:\/\/kapitalis.com\/tunisie\/2016\/05\/28\/samsung-lance-en-tunisie-les-refrigerateurs-twin-cooling-plus\/#breadcrumb\",\"itemListElement\":[{\"@type\":\"ListItem\",\"position\":1,\"name\":\"Accueil\",\"item\":\"https:\/\/kapitalis.com\/tunisie\/\"},{\"@type\":\"ListItem\",\"position\":2,\"name\":\"Samsung lance en Tunisie les r\u00e9frig\u00e9rateurs Twin Cooling Plus\u2122\"}]},{\"@type\":\"WebSite\",\"@id\":\"https:\/\/kapitalis.com\/tunisie\/#website\",\"url\":\"https:\/\/kapitalis.com\/tunisie\/\",\"name\":\"Kapitalis\",\"description\":\"L&#039;actualit\u00e9 en Tunisie et dans le monde\",\"publisher\":{\"@id\":\"https:\/\/kapitalis.com\/tunisie\/#organization\"},\"potentialAction\":[{\"@type\":\"SearchAction\",\"target\":{\"@type\":\"EntryPoint\",\"urlTemplate\":\"https:\/\/kapitalis.com\/tunisie\/?s={search_term_string}\"},\"query-input\":{\"@type\":\"PropertyValueSpecification\",\"valueRequired\":true,\"valueName\":\"search_term_string\"}}],\"inLanguage\":\"fr-FR\"},{\"@type\":\"Organization\",\"@id\":\"https:\/\/kapitalis.com\/tunisie\/#organization\",\"name\":\"Kapitalis\",\"url\":\"https:\/\/kapitalis.com\/tunisie\/\",\"logo\":{\"@type\":\"ImageObject\",\"inLanguage\":\"fr-FR\",\"@id\":\"https:\/\/kapitalis.com\/tunisie\/#\/schema\/logo\/image\/\",\"url\":\"https:\/\/kapitalis.com\/tunisie\/wp-content\/uploads\/2022\/05\/Kapitalis-big-size.png\",\"contentUrl\":\"https:\/\/kapitalis.com\/tunisie\/wp-content\/uploads\/2022\/05\/Kapitalis-big-size.png\",\"width\":5000,\"height\":1500,\"caption\":\"Kapitalis\"},\"image\":{\"@id\":\"https:\/\/kapitalis.com\/tunisie\/#\/schema\/logo\/image\/\"},\"sameAs\":[\"https:\/\/www.facebook.com\/KapitalisInfo\/\",\"https:\/\/x.com\/KapitalisInfo\",\"https:\/\/www.youtube.com\/channel\/UC-yDYrHyfFBWWZaOw3FPg9Q\"]},{\"@type\":\"Person\",\"@id\":\"https:\/\/kapitalis.com\/tunisie\/#\/schema\/person\/d71f33a9ca44f7bad4698210b480c8e9\",\"name\":\"webmaster kapitalis\",\"url\":\"https:\/\/kapitalis.com\/tunisie\/author\/webmaster-kapitalis\/\"}]}<\/script>\n<!-- \/ Yoast SEO plugin. -->","yoast_head_json":{"title":"Samsung lance en Tunisie les r\u00e9frig\u00e9rateurs Twin Cooling Plus\u2122 - Kapitalis","robots":{"index":"index","follow":"follow","max-snippet":"max-snippet:-1","max-image-preview":"max-image-preview:large","max-video-preview":"max-video-preview:-1"},"canonical":"https:\/\/kapitalis.com\/tunisie\/2016\/05\/28\/samsung-lance-en-tunisie-les-refrigerateurs-twin-cooling-plus\/","og_locale":"fr_FR","og_type":"article","og_title":"Samsung lance en Tunisie les r\u00e9frig\u00e9rateurs Twin Cooling Plus\u2122 - Kapitalis","og_description":"Samsung Electronics Tunisie a lanc\u00e9 officiellement sa derni\u00e8re gamme de r\u00e9frig\u00e9rateurs, le Twin Cooling Plus\u2122 sur le march\u00e9 Tunisien.","og_url":"https:\/\/kapitalis.com\/tunisie\/2016\/05\/28\/samsung-lance-en-tunisie-les-refrigerateurs-twin-cooling-plus\/","og_site_name":"Kapitalis","article_publisher":"https:\/\/www.facebook.com\/KapitalisInfo\/","article_published_time":"2016-05-28T08:17:14+00:00","og_image":[{"width":1200,"height":630,"url":"https:\/\/kapitalis.com\/tunisie\/wp-content\/uploads\/2022\/05\/kapitalis-logo-fb.png","type":"image\/png"}],"author":"webmaster kapitalis","twitter_card":"summary_large_image","twitter_creator":"@KapitalisInfo","twitter_site":"@KapitalisInfo","twitter_misc":{"\u00c9crit par":"webmaster kapitalis","Dur\u00e9e de lecture estim\u00e9e":"4 minutes"},"schema":{"@context":"https:\/\/schema.org","@graph":[{"@type":"Article","@id":"https:\/\/kapitalis.com\/tunisie\/2016\/05\/28\/samsung-lance-en-tunisie-les-refrigerateurs-twin-cooling-plus\/#article","isPartOf":{"@id":"https:\/\/kapitalis.com\/tunisie\/2016\/05\/28\/samsung-lance-en-tunisie-les-refrigerateurs-twin-cooling-plus\/"},"author":{"name":"webmaster kapitalis","@id":"https:\/\/kapitalis.com\/tunisie\/#\/schema\/person\/d71f33a9ca44f7bad4698210b480c8e9"},"headline":"Samsung lance en Tunisie les r\u00e9frig\u00e9rateurs Twin Cooling Plus\u2122","datePublished":"2016-05-28T08:17:14+00:00","mainEntityOfPage":{"@id":"https:\/\/kapitalis.com\/tunisie\/2016\/05\/28\/samsung-lance-en-tunisie-les-refrigerateurs-twin-cooling-plus\/"},"wordCount":877,"commentCount":0,"publisher":{"@id":"https:\/\/kapitalis.com\/tunisie\/#organization"},"image":{"@id":"https:\/\/kapitalis.com\/tunisie\/2016\/05\/28\/samsung-lance-en-tunisie-les-refrigerateurs-twin-cooling-plus\/#primaryimage"},"thumbnailUrl":"","articleSection":["CONSO","Tunisie"],"inLanguage":"fr-FR","potentialAction":[{"@type":"CommentAction","name":"Comment","target":["https:\/\/kapitalis.com\/tunisie\/2016\/05\/28\/samsung-lance-en-tunisie-les-refrigerateurs-twin-cooling-plus\/#respond"]}]},{"@type":"WebPage","@id":"https:\/\/kapitalis.com\/tunisie\/2016\/05\/28\/samsung-lance-en-tunisie-les-refrigerateurs-twin-cooling-plus\/","url":"https:\/\/kapitalis.com\/tunisie\/2016\/05\/28\/samsung-lance-en-tunisie-les-refrigerateurs-twin-cooling-plus\/","name":"Samsung lance en Tunisie les r\u00e9frig\u00e9rateurs Twin Cooling Plus\u2122 - Kapitalis","isPartOf":{"@id":"https:\/\/kapitalis.com\/tunisie\/#website"},"primaryImageOfPage":{"@id":"https:\/\/kapitalis.com\/tunisie\/2016\/05\/28\/samsung-lance-en-tunisie-les-refrigerateurs-twin-cooling-plus\/#primaryimage"},"image":{"@id":"https:\/\/kapitalis.com\/tunisie\/2016\/05\/28\/samsung-lance-en-tunisie-les-refrigerateurs-twin-cooling-plus\/#primaryimage"},"thumbnailUrl":"","datePublished":"2016-05-28T08:17:14+00:00","breadcrumb":{"@id":"https:\/\/kapitalis.com\/tunisie\/2016\/05\/28\/samsung-lance-en-tunisie-les-refrigerateurs-twin-cooling-plus\/#breadcrumb"},"inLanguage":"fr-FR","potentialAction":[{"@type":"ReadAction","target":["https:\/\/kapitalis.com\/tunisie\/2016\/05\/28\/samsung-lance-en-tunisie-les-refrigerateurs-twin-cooling-plus\/"]}]},{"@type":"ImageObject","inLanguage":"fr-FR","@id":"https:\/\/kapitalis.com\/tunisie\/2016\/05\/28\/samsung-lance-en-tunisie-les-refrigerateurs-twin-cooling-plus\/#primaryimage","url":"","contentUrl":""},{"@type":"BreadcrumbList","@id":"https:\/\/kapitalis.com\/tunisie\/2016\/05\/28\/samsung-lance-en-tunisie-les-refrigerateurs-twin-cooling-plus\/#breadcrumb","itemListElement":[{"@type":"ListItem","position":1,"name":"Accueil","item":"https:\/\/kapitalis.com\/tunisie\/"},{"@type":"ListItem","position":2,"name":"Samsung lance en Tunisie les r\u00e9frig\u00e9rateurs Twin Cooling Plus\u2122"}]},{"@type":"WebSite","@id":"https:\/\/kapitalis.com\/tunisie\/#website","url":"https:\/\/kapitalis.com\/tunisie\/","name":"Kapitalis","description":"L&#039;actualit\u00e9 en Tunisie et dans le monde","publisher":{"@id":"https:\/\/kapitalis.com\/tunisie\/#organization"},"potentialAction":[{"@type":"SearchAction","target":{"@type":"EntryPoint","urlTemplate":"https:\/\/kapitalis.com\/tunisie\/?s={search_term_string}"},"query-input":{"@type":"PropertyValueSpecification","valueRequired":true,"valueName":"search_term_string"}}],"inLanguage":"fr-FR"},{"@type":"Organization","@id":"https:\/\/kapitalis.com\/tunisie\/#organization","name":"Kapitalis","url":"https:\/\/kapitalis.com\/tunisie\/","logo":{"@type":"ImageObject","inLanguage":"fr-FR","@id":"https:\/\/kapitalis.com\/tunisie\/#\/schema\/logo\/image\/","url":"https:\/\/kapitalis.com\/tunisie\/wp-content\/uploads\/2022\/05\/Kapitalis-big-size.png","contentUrl":"https:\/\/kapitalis.com\/tunisie\/wp-content\/uploads\/2022\/05\/Kapitalis-big-size.png","width":5000,"height":1500,"caption":"Kapitalis"},"image":{"@id":"https:\/\/kapitalis.com\/tunisie\/#\/schema\/logo\/image\/"},"sameAs":["https:\/\/www.facebook.com\/KapitalisInfo\/","https:\/\/x.com\/KapitalisInfo","https:\/\/www.youtube.com\/channel\/UC-yDYrHyfFBWWZaOw3FPg9Q"]},{"@type":"Person","@id":"https:\/\/kapitalis.com\/tunisie\/#\/schema\/person\/d71f33a9ca44f7bad4698210b480c8e9","name":"webmaster kapitalis","url":"https:\/\/kapitalis.com\/tunisie\/author\/webmaster-kapitalis\/"}]}},"_links":{"self":[{"href":"https:\/\/kapitalis.com\/tunisie\/wp-json\/wp\/v2\/posts\/51738","targetHints":{"allow":["GET"]}}],"collection":[{"href":"https:\/\/kapitalis.com\/tunisie\/wp-json\/wp\/v2\/posts"}],"about":[{"href":"https:\/\/kapitalis.com\/tunisie\/wp-json\/wp\/v2\/types\/post"}],"author":[{"embeddable":true,"href":"https:\/\/kapitalis.com\/tunisie\/wp-json\/wp\/v2\/users\/8"}],"replies":[{"embeddable":true,"href":"https:\/\/kapitalis.com\/tunisie\/wp-json\/wp\/v2\/comments?post=51738"}],"version-history":[{"count":0,"href":"https:\/\/kapitalis.com\/tunisie\/wp-json\/wp\/v2\/posts\/51738\/revisions"}],"wp:featuredmedia":[{"embeddable":true,"href":"https:\/\/kapitalis.com\/tunisie\/wp-json\/wp\/v2\/media\/51739"}],"wp:attachment":[{"href":"https:\/\/kapitalis.com\/tunisie\/wp-json\/wp\/v2\/media?parent=51738"}],"wp:term":[{"taxonomy":"category","embeddable":true,"href":"https:\/\/kapitalis.com\/tunisie\/wp-json\/wp\/v2\/categories?post=51738"},{"taxonomy":"post_tag","embeddable":true,"href":"https:\/\/kapitalis.com\/tunisie\/wp-json\/wp\/v2\/tags?post=51738"}],"curies":[{"name":"wp","href":"https:\/\/api.w.org\/{rel}","templated":true}]}}