{"id":51763,"date":"2016-05-28T11:34:34","date_gmt":"2016-05-28T10:34:34","guid":{"rendered":"http:\/\/kapitalis.com\/tunisie\/?p=51763"},"modified":"2016-05-28T11:34:34","modified_gmt":"2016-05-28T10:34:34","slug":"nidaa-tounes-le-retour-en-force-de-lazhar-akremi","status":"publish","type":"post","link":"https:\/\/kapitalis.com\/tunisie\/2016\/05\/28\/nidaa-tounes-le-retour-en-force-de-lazhar-akremi\/","title":{"rendered":"Nidaa Tounes : Le retour en force de Lazhar Akremi"},"content":{"rendered":"<p style=\"text-align: center;\"><img loading=\"lazy\" decoding=\"async\" class=\"alignnone size-full wp-image-39667\" src=\"http:\/\/kapitalis.com\/tunisie\/wp-content\/uploads\/2016\/02\/lazhar-akremi-10.jpg\" alt=\"lazhar akremi  10\" width=\"626\" height=\"380\" \/><\/p>\n<p style=\"text-align: left;\"><em><strong>Deux jours apr\u00e8s sa rencontre avec le pr\u00e9sident de la r\u00e9publique, B\u00e9ji Ca\u00efd Essebsi, Mohamed Lazhar Akremi, cofondateur de Nidaa, revient au bercail.<\/strong> <\/em><\/p>\n<p style=\"text-align: left;\"><!--more--><\/p>\n<p style=\"text-align: left;\">Selon plusieurs sources, l\u2019ancien ministre aupr\u00e8s du chef du gouvernement, charg\u00e9 des Relations avec l&rsquo;Assembl\u00e9e des repr\u00e9sentants du peuple (ARP) sera de nouveau le porte-parole de Nidaa Tounes.<\/p>\n<p style=\"text-align: left;\">Mohamed Lazhar Akremi \u00e9tait, jusqu\u2019\u00e0 fin 2015, porte-parole du parti, avant de pr\u00e9senter sa d\u00e9mission au lendemain du tr\u00e8s controvers\u00e9 meeting de Djerba, organis\u00e9 par le clan de Hafedh Ca\u00efd Essebsi, et qui \u00e9tait, selon ses propos, \u00ab<em>un v\u00e9ritable putsch contre les structures l\u00e9gitimes du part<\/em>\u00bb.<\/p>\n<p style=\"text-align: left;\">Intervenant hier sur ShemsFM, M. Akremi a d\u00e9clar\u00e9 qu\u2019il n\u2019y a que <em>\u00ables morts et les \u00e2nes qui ne changent pas d\u2019avis. Il faut dire que lorsque les r\u00e9alit\u00e9s changent, les positions changent syst\u00e9matiquement en cons\u00e9quence. Et je n\u2019ai pas honte d\u2019avoir chang\u00e9 aujourd\u2019hui d\u2019avis pour reprendre ma place au sein de Nidaa qui doit reprendre sa premi\u00e8re place dans le paysage politique\u00bb.<\/em><\/p>\n<p style=\"text-align: left;\">Le retour annonc\u00e9 de nombreux dirigeants d\u00e9missionnaires co\u00efncide avec une reprise en main des r\u00eanes du parti par son fondateur, le pr\u00e9sident de la r\u00e9publique B\u00e9ji Ca\u00efd Essebsi, et l\u2019\u00e9clipse des \u00e9l\u00e9ments qui \u00e9taient parmi les responsables de la crise v\u00e9cue par le parti depuis plusieurs mois, notamment Hafedh Ca\u00efd Essebsi et Ridha Belhaj, et leurs cercles de comploteurs.<\/p>\n<p style=\"text-align: right;\"><strong>Z. A. <\/strong><\/p>\n","protected":false},"excerpt":{"rendered":"<p>Deux jours apr\u00e8s sa rencontre avec le pr\u00e9sident de la r\u00e9publique, B\u00e9ji Ca\u00efd Essebsi, Mohamed Lazhar Akremi, cofondateur de Nidaa, revient au bercail.<\/p>\n","protected":false},"author":8,"featured_media":0,"comment_status":"open","ping_status":"open","sticky":false,"template":"","format":"standard","meta":{"footnotes":""},"categories":[997,2433],"tags":[536,2007],"class_list":["post-51763","post","type-post","status-publish","format-standard","hentry","category-politique","category-tunisie","tag-lazhar-akremi","tag-ridha-belhaj"],"yoast_head":"<!-- This site is optimized with the Yoast SEO plugin v26.6 - https:\/\/yoast.com\/wordpress\/plugins\/seo\/ -->\n<title>Nidaa Tounes : Le retour en force de Lazhar Akremi - Kapitalis<\/title>\n<meta name=\"robots\" content=\"index, follow, max-snippet:-1, max-image-preview:large, max-video-preview:-1\" \/>\n<link rel=\"canonical\" href=\"https:\/\/kapitalis.com\/tunisie\/2016\/05\/28\/nidaa-tounes-le-retour-en-force-de-lazhar-akremi\/\" \/>\n<meta property=\"og:locale\" content=\"fr_FR\" \/>\n<meta property=\"og:type\" content=\"article\" \/>\n<meta property=\"og:title\" content=\"Nidaa Tounes : Le retour en force de Lazhar Akremi - Kapitalis\" \/>\n<meta property=\"og:description\" content=\"Deux jours apr\u00e8s sa rencontre avec le pr\u00e9sident de la r\u00e9publique, B\u00e9ji Ca\u00efd Essebsi, Mohamed Lazhar Akremi, cofondateur de Nidaa, revient au bercail.\" \/>\n<meta property=\"og:url\" content=\"https:\/\/kapitalis.com\/tunisie\/2016\/05\/28\/nidaa-tounes-le-retour-en-force-de-lazhar-akremi\/\" \/>\n<meta property=\"og:site_name\" content=\"Kapitalis\" \/>\n<meta property=\"article:publisher\" content=\"https:\/\/www.facebook.com\/KapitalisInfo\/\" \/>\n<meta property=\"article:published_time\" content=\"2016-05-28T10:34:34+00:00\" \/>\n<meta property=\"og:image\" content=\"http:\/\/kapitalis.com\/tunisie\/wp-content\/uploads\/2016\/02\/lazhar-akremi-10.jpg\" \/>\n<meta name=\"author\" content=\"webmaster kapitalis\" \/>\n<meta name=\"twitter:card\" content=\"summary_large_image\" \/>\n<meta name=\"twitter:creator\" content=\"@KapitalisInfo\" \/>\n<meta name=\"twitter:site\" content=\"@KapitalisInfo\" \/>\n<meta name=\"twitter:label1\" content=\"\u00c9crit par\" \/>\n\t<meta name=\"twitter:data1\" content=\"webmaster kapitalis\" \/>\n\t<meta name=\"twitter:label2\" content=\"Dur\u00e9e de lecture estim\u00e9e\" \/>\n\t<meta name=\"twitter:data2\" content=\"1 minute\" \/>\n<script type=\"application\/ld+json\" class=\"yoast-schema-graph\">{\"@context\":\"https:\/\/schema.org\",\"@graph\":[{\"@type\":\"Article\",\"@id\":\"https:\/\/kapitalis.com\/tunisie\/2016\/05\/28\/nidaa-tounes-le-retour-en-force-de-lazhar-akremi\/#article\",\"isPartOf\":{\"@id\":\"https:\/\/kapitalis.com\/tunisie\/2016\/05\/28\/nidaa-tounes-le-retour-en-force-de-lazhar-akremi\/\"},\"author\":{\"name\":\"webmaster kapitalis\",\"@id\":\"https:\/\/kapitalis.com\/tunisie\/#\/schema\/person\/d71f33a9ca44f7bad4698210b480c8e9\"},\"headline\":\"Nidaa Tounes : Le retour en force de Lazhar Akremi\",\"datePublished\":\"2016-05-28T10:34:34+00:00\",\"mainEntityOfPage\":{\"@id\":\"https:\/\/kapitalis.com\/tunisie\/2016\/05\/28\/nidaa-tounes-le-retour-en-force-de-lazhar-akremi\/\"},\"wordCount\":268,\"commentCount\":2,\"publisher\":{\"@id\":\"https:\/\/kapitalis.com\/tunisie\/#organization\"},\"image\":{\"@id\":\"https:\/\/kapitalis.com\/tunisie\/2016\/05\/28\/nidaa-tounes-le-retour-en-force-de-lazhar-akremi\/#primaryimage\"},\"thumbnailUrl\":\"http:\/\/kapitalis.com\/tunisie\/wp-content\/uploads\/2016\/02\/lazhar-akremi-10.jpg\",\"keywords\":[\"Lazhar Akremi\",\"Ridha Belhaj\"],\"articleSection\":[\"POLITIQUE\",\"Tunisie\"],\"inLanguage\":\"fr-FR\",\"potentialAction\":[{\"@type\":\"CommentAction\",\"name\":\"Comment\",\"target\":[\"https:\/\/kapitalis.com\/tunisie\/2016\/05\/28\/nidaa-tounes-le-retour-en-force-de-lazhar-akremi\/#respond\"]}]},{\"@type\":\"WebPage\",\"@id\":\"https:\/\/kapitalis.com\/tunisie\/2016\/05\/28\/nidaa-tounes-le-retour-en-force-de-lazhar-akremi\/\",\"url\":\"https:\/\/kapitalis.com\/tunisie\/2016\/05\/28\/nidaa-tounes-le-retour-en-force-de-lazhar-akremi\/\",\"name\":\"Nidaa Tounes : Le retour en force de Lazhar Akremi - Kapitalis\",\"isPartOf\":{\"@id\":\"https:\/\/kapitalis.com\/tunisie\/#website\"},\"primaryImageOfPage\":{\"@id\":\"https:\/\/kapitalis.com\/tunisie\/2016\/05\/28\/nidaa-tounes-le-retour-en-force-de-lazhar-akremi\/#primaryimage\"},\"image\":{\"@id\":\"https:\/\/kapitalis.com\/tunisie\/2016\/05\/28\/nidaa-tounes-le-retour-en-force-de-lazhar-akremi\/#primaryimage\"},\"thumbnailUrl\":\"http:\/\/kapitalis.com\/tunisie\/wp-content\/uploads\/2016\/02\/lazhar-akremi-10.jpg\",\"datePublished\":\"2016-05-28T10:34:34+00:00\",\"breadcrumb\":{\"@id\":\"https:\/\/kapitalis.com\/tunisie\/2016\/05\/28\/nidaa-tounes-le-retour-en-force-de-lazhar-akremi\/#breadcrumb\"},\"inLanguage\":\"fr-FR\",\"potentialAction\":[{\"@type\":\"ReadAction\",\"target\":[\"https:\/\/kapitalis.com\/tunisie\/2016\/05\/28\/nidaa-tounes-le-retour-en-force-de-lazhar-akremi\/\"]}]},{\"@type\":\"ImageObject\",\"inLanguage\":\"fr-FR\",\"@id\":\"https:\/\/kapitalis.com\/tunisie\/2016\/05\/28\/nidaa-tounes-le-retour-en-force-de-lazhar-akremi\/#primaryimage\",\"url\":\"http:\/\/kapitalis.com\/tunisie\/wp-content\/uploads\/2016\/02\/lazhar-akremi-10.jpg\",\"contentUrl\":\"http:\/\/kapitalis.com\/tunisie\/wp-content\/uploads\/2016\/02\/lazhar-akremi-10.jpg\"},{\"@type\":\"BreadcrumbList\",\"@id\":\"https:\/\/kapitalis.com\/tunisie\/2016\/05\/28\/nidaa-tounes-le-retour-en-force-de-lazhar-akremi\/#breadcrumb\",\"itemListElement\":[{\"@type\":\"ListItem\",\"position\":1,\"name\":\"Accueil\",\"item\":\"https:\/\/kapitalis.com\/tunisie\/\"},{\"@type\":\"ListItem\",\"position\":2,\"name\":\"Nidaa Tounes : Le retour en force de Lazhar Akremi\"}]},{\"@type\":\"WebSite\",\"@id\":\"https:\/\/kapitalis.com\/tunisie\/#website\",\"url\":\"https:\/\/kapitalis.com\/tunisie\/\",\"name\":\"Kapitalis\",\"description\":\"L&#039;actualit\u00e9 en Tunisie et dans le monde\",\"publisher\":{\"@id\":\"https:\/\/kapitalis.com\/tunisie\/#organization\"},\"potentialAction\":[{\"@type\":\"SearchAction\",\"target\":{\"@type\":\"EntryPoint\",\"urlTemplate\":\"https:\/\/kapitalis.com\/tunisie\/?s={search_term_string}\"},\"query-input\":{\"@type\":\"PropertyValueSpecification\",\"valueRequired\":true,\"valueName\":\"search_term_string\"}}],\"inLanguage\":\"fr-FR\"},{\"@type\":\"Organization\",\"@id\":\"https:\/\/kapitalis.com\/tunisie\/#organization\",\"name\":\"Kapitalis\",\"url\":\"https:\/\/kapitalis.com\/tunisie\/\",\"logo\":{\"@type\":\"ImageObject\",\"inLanguage\":\"fr-FR\",\"@id\":\"https:\/\/kapitalis.com\/tunisie\/#\/schema\/logo\/image\/\",\"url\":\"https:\/\/kapitalis.com\/tunisie\/wp-content\/uploads\/2022\/05\/Kapitalis-big-size.png\",\"contentUrl\":\"https:\/\/kapitalis.com\/tunisie\/wp-content\/uploads\/2022\/05\/Kapitalis-big-size.png\",\"width\":5000,\"height\":1500,\"caption\":\"Kapitalis\"},\"image\":{\"@id\":\"https:\/\/kapitalis.com\/tunisie\/#\/schema\/logo\/image\/\"},\"sameAs\":[\"https:\/\/www.facebook.com\/KapitalisInfo\/\",\"https:\/\/x.com\/KapitalisInfo\",\"https:\/\/www.youtube.com\/channel\/UC-yDYrHyfFBWWZaOw3FPg9Q\"]},{\"@type\":\"Person\",\"@id\":\"https:\/\/kapitalis.com\/tunisie\/#\/schema\/person\/d71f33a9ca44f7bad4698210b480c8e9\",\"name\":\"webmaster kapitalis\",\"url\":\"https:\/\/kapitalis.com\/tunisie\/author\/webmaster-kapitalis\/\"}]}<\/script>\n<!-- \/ Yoast SEO plugin. -->","yoast_head_json":{"title":"Nidaa Tounes : Le retour en force de Lazhar Akremi - Kapitalis","robots":{"index":"index","follow":"follow","max-snippet":"max-snippet:-1","max-image-preview":"max-image-preview:large","max-video-preview":"max-video-preview:-1"},"canonical":"https:\/\/kapitalis.com\/tunisie\/2016\/05\/28\/nidaa-tounes-le-retour-en-force-de-lazhar-akremi\/","og_locale":"fr_FR","og_type":"article","og_title":"Nidaa Tounes : Le retour en force de Lazhar Akremi - Kapitalis","og_description":"Deux jours apr\u00e8s sa rencontre avec le pr\u00e9sident de la r\u00e9publique, B\u00e9ji Ca\u00efd Essebsi, Mohamed Lazhar Akremi, cofondateur de Nidaa, revient au bercail.","og_url":"https:\/\/kapitalis.com\/tunisie\/2016\/05\/28\/nidaa-tounes-le-retour-en-force-de-lazhar-akremi\/","og_site_name":"Kapitalis","article_publisher":"https:\/\/www.facebook.com\/KapitalisInfo\/","article_published_time":"2016-05-28T10:34:34+00:00","og_image":[{"url":"http:\/\/kapitalis.com\/tunisie\/wp-content\/uploads\/2016\/02\/lazhar-akremi-10.jpg","type":"","width":"","height":""}],"author":"webmaster kapitalis","twitter_card":"summary_large_image","twitter_creator":"@KapitalisInfo","twitter_site":"@KapitalisInfo","twitter_misc":{"\u00c9crit par":"webmaster kapitalis","Dur\u00e9e de lecture estim\u00e9e":"1 minute"},"schema":{"@context":"https:\/\/schema.org","@graph":[{"@type":"Article","@id":"https:\/\/kapitalis.com\/tunisie\/2016\/05\/28\/nidaa-tounes-le-retour-en-force-de-lazhar-akremi\/#article","isPartOf":{"@id":"https:\/\/kapitalis.com\/tunisie\/2016\/05\/28\/nidaa-tounes-le-retour-en-force-de-lazhar-akremi\/"},"author":{"name":"webmaster kapitalis","@id":"https:\/\/kapitalis.com\/tunisie\/#\/schema\/person\/d71f33a9ca44f7bad4698210b480c8e9"},"headline":"Nidaa Tounes : Le retour en force de Lazhar Akremi","datePublished":"2016-05-28T10:34:34+00:00","mainEntityOfPage":{"@id":"https:\/\/kapitalis.com\/tunisie\/2016\/05\/28\/nidaa-tounes-le-retour-en-force-de-lazhar-akremi\/"},"wordCount":268,"commentCount":2,"publisher":{"@id":"https:\/\/kapitalis.com\/tunisie\/#organization"},"image":{"@id":"https:\/\/kapitalis.com\/tunisie\/2016\/05\/28\/nidaa-tounes-le-retour-en-force-de-lazhar-akremi\/#primaryimage"},"thumbnailUrl":"http:\/\/kapitalis.com\/tunisie\/wp-content\/uploads\/2016\/02\/lazhar-akremi-10.jpg","keywords":["Lazhar Akremi","Ridha Belhaj"],"articleSection":["POLITIQUE","Tunisie"],"inLanguage":"fr-FR","potentialAction":[{"@type":"CommentAction","name":"Comment","target":["https:\/\/kapitalis.com\/tunisie\/2016\/05\/28\/nidaa-tounes-le-retour-en-force-de-lazhar-akremi\/#respond"]}]},{"@type":"WebPage","@id":"https:\/\/kapitalis.com\/tunisie\/2016\/05\/28\/nidaa-tounes-le-retour-en-force-de-lazhar-akremi\/","url":"https:\/\/kapitalis.com\/tunisie\/2016\/05\/28\/nidaa-tounes-le-retour-en-force-de-lazhar-akremi\/","name":"Nidaa Tounes : Le retour en force de Lazhar Akremi - Kapitalis","isPartOf":{"@id":"https:\/\/kapitalis.com\/tunisie\/#website"},"primaryImageOfPage":{"@id":"https:\/\/kapitalis.com\/tunisie\/2016\/05\/28\/nidaa-tounes-le-retour-en-force-de-lazhar-akremi\/#primaryimage"},"image":{"@id":"https:\/\/kapitalis.com\/tunisie\/2016\/05\/28\/nidaa-tounes-le-retour-en-force-de-lazhar-akremi\/#primaryimage"},"thumbnailUrl":"http:\/\/kapitalis.com\/tunisie\/wp-content\/uploads\/2016\/02\/lazhar-akremi-10.jpg","datePublished":"2016-05-28T10:34:34+00:00","breadcrumb":{"@id":"https:\/\/kapitalis.com\/tunisie\/2016\/05\/28\/nidaa-tounes-le-retour-en-force-de-lazhar-akremi\/#breadcrumb"},"inLanguage":"fr-FR","potentialAction":[{"@type":"ReadAction","target":["https:\/\/kapitalis.com\/tunisie\/2016\/05\/28\/nidaa-tounes-le-retour-en-force-de-lazhar-akremi\/"]}]},{"@type":"ImageObject","inLanguage":"fr-FR","@id":"https:\/\/kapitalis.com\/tunisie\/2016\/05\/28\/nidaa-tounes-le-retour-en-force-de-lazhar-akremi\/#primaryimage","url":"http:\/\/kapitalis.com\/tunisie\/wp-content\/uploads\/2016\/02\/lazhar-akremi-10.jpg","contentUrl":"http:\/\/kapitalis.com\/tunisie\/wp-content\/uploads\/2016\/02\/lazhar-akremi-10.jpg"},{"@type":"BreadcrumbList","@id":"https:\/\/kapitalis.com\/tunisie\/2016\/05\/28\/nidaa-tounes-le-retour-en-force-de-lazhar-akremi\/#breadcrumb","itemListElement":[{"@type":"ListItem","position":1,"name":"Accueil","item":"https:\/\/kapitalis.com\/tunisie\/"},{"@type":"ListItem","position":2,"name":"Nidaa Tounes : Le retour en force de Lazhar Akremi"}]},{"@type":"WebSite","@id":"https:\/\/kapitalis.com\/tunisie\/#website","url":"https:\/\/kapitalis.com\/tunisie\/","name":"Kapitalis","description":"L&#039;actualit\u00e9 en Tunisie et dans le monde","publisher":{"@id":"https:\/\/kapitalis.com\/tunisie\/#organization"},"potentialAction":[{"@type":"SearchAction","target":{"@type":"EntryPoint","urlTemplate":"https:\/\/kapitalis.com\/tunisie\/?s={search_term_string}"},"query-input":{"@type":"PropertyValueSpecification","valueRequired":true,"valueName":"search_term_string"}}],"inLanguage":"fr-FR"},{"@type":"Organization","@id":"https:\/\/kapitalis.com\/tunisie\/#organization","name":"Kapitalis","url":"https:\/\/kapitalis.com\/tunisie\/","logo":{"@type":"ImageObject","inLanguage":"fr-FR","@id":"https:\/\/kapitalis.com\/tunisie\/#\/schema\/logo\/image\/","url":"https:\/\/kapitalis.com\/tunisie\/wp-content\/uploads\/2022\/05\/Kapitalis-big-size.png","contentUrl":"https:\/\/kapitalis.com\/tunisie\/wp-content\/uploads\/2022\/05\/Kapitalis-big-size.png","width":5000,"height":1500,"caption":"Kapitalis"},"image":{"@id":"https:\/\/kapitalis.com\/tunisie\/#\/schema\/logo\/image\/"},"sameAs":["https:\/\/www.facebook.com\/KapitalisInfo\/","https:\/\/x.com\/KapitalisInfo","https:\/\/www.youtube.com\/channel\/UC-yDYrHyfFBWWZaOw3FPg9Q"]},{"@type":"Person","@id":"https:\/\/kapitalis.com\/tunisie\/#\/schema\/person\/d71f33a9ca44f7bad4698210b480c8e9","name":"webmaster kapitalis","url":"https:\/\/kapitalis.com\/tunisie\/author\/webmaster-kapitalis\/"}]}},"_links":{"self":[{"href":"https:\/\/kapitalis.com\/tunisie\/wp-json\/wp\/v2\/posts\/51763","targetHints":{"allow":["GET"]}}],"collection":[{"href":"https:\/\/kapitalis.com\/tunisie\/wp-json\/wp\/v2\/posts"}],"about":[{"href":"https:\/\/kapitalis.com\/tunisie\/wp-json\/wp\/v2\/types\/post"}],"author":[{"embeddable":true,"href":"https:\/\/kapitalis.com\/tunisie\/wp-json\/wp\/v2\/users\/8"}],"replies":[{"embeddable":true,"href":"https:\/\/kapitalis.com\/tunisie\/wp-json\/wp\/v2\/comments?post=51763"}],"version-history":[{"count":0,"href":"https:\/\/kapitalis.com\/tunisie\/wp-json\/wp\/v2\/posts\/51763\/revisions"}],"wp:attachment":[{"href":"https:\/\/kapitalis.com\/tunisie\/wp-json\/wp\/v2\/media?parent=51763"}],"wp:term":[{"taxonomy":"category","embeddable":true,"href":"https:\/\/kapitalis.com\/tunisie\/wp-json\/wp\/v2\/categories?post=51763"},{"taxonomy":"post_tag","embeddable":true,"href":"https:\/\/kapitalis.com\/tunisie\/wp-json\/wp\/v2\/tags?post=51763"}],"curies":[{"name":"wp","href":"https:\/\/api.w.org\/{rel}","templated":true}]}}