{"id":51863,"date":"2016-05-30T08:30:21","date_gmt":"2016-05-30T07:30:21","guid":{"rendered":"http:\/\/kapitalis.com\/tunisie\/?p=51863"},"modified":"2016-05-30T08:31:28","modified_gmt":"2016-05-30T07:31:28","slug":"maison-dhote-de-hergla-le-droit-de-reponse-de-rached-mrad","status":"publish","type":"post","link":"https:\/\/kapitalis.com\/tunisie\/2016\/05\/30\/maison-dhote-de-hergla-le-droit-de-reponse-de-rached-mrad\/","title":{"rendered":"Maison d\u2019h\u00f4te de Hergla : Le droit de r\u00e9ponse de Rached Mrad"},"content":{"rendered":"<p><img loading=\"lazy\" decoding=\"async\" class=\"alignnone size-full wp-image-51704 aligncenter\" src=\"http:\/\/kapitalis.com\/tunisie\/wp-content\/uploads\/2016\/05\/Dar-Bin-Dinar.jpg\" alt=\"Dar-Bin-Dinar\" width=\"626\" height=\"380\" \/><\/p>\n<p><em><strong>Nous publions ci-dessous le droit de r\u00e9ponse de Rached Mrad \u00e0 notre article \u2018\u2018D\u00e9molition de Dar Bin Diar \u00e0 Hergla : Il y a anguille sous roche\u2019\u2019.<\/strong> <\/em><\/p>\n<p><!--more--><\/p>\n<p><em>Mon nom a \u00e9t\u00e9 cit\u00e9 me qualifiant de Nahdaoui influent dans la ville de Hergla, ce qui est compl\u00e8tement faux, tous ceux qui me connaissent dans cette ville et ailleurs savent que je ne le suis pas et ne l\u2019a jamais \u00e9t\u00e9. Une man\u0153uvre comme quoi de politiser un diff\u00e9rend entre ma personne et les propri\u00e9taires de ladite maison de h\u00f4te construite anarchiquement sans aucune autorisation.<\/em><\/p>\n<p><em>Le nom M\u2019rad est tr\u00e8s r\u00e9pandu en Tunisie (Sousse, Monastir, Nabeul, Tunis, Gafsa, le nord, l\u2019est et l\u2019ouest, etc.)<\/em><\/p>\n<p><em>J\u2019agis en tant que citoyen l\u00e9s\u00e9 puisque les fen\u00eatres de ladite maison d\u2019h\u00f4te (lui d\u00e9sormais public) menace de la sorte mon intimit\u00e9, mon int\u00e9grit\u00e9 personnelle et celle de ma famille et menace aussi ma libert\u00e9 de disposer de chez moi.<\/em><\/p>\n<p><em>La piscine est b\u00e2tie au 3e \u00e9tage (plan d\u2019am\u00e9nagement R+2); non seulement cela est interdit dans cette zone, mais la piscine peut constituer un danger pour les voisins vu son implantation.<\/em><\/p>\n<p><em>D\u2019ailleurs, les propri\u00e9taires de la maison d\u2019h\u00f4te n\u2019ont requis aucune autorisation quelconque des autorit\u00e9s locales ou r\u00e9gionales notamment celle de la \u00abprotection civile\u00bb. <\/em><\/p>\n<p><em>Nous sommes tous en faveur de la promotion du tourisme dans notre ville mais nous sommes aussi dans un pays de droit qui arbitre et prot\u00e8ge les droits de toutes les parties.<\/em><\/p>\n<p><em>Enfin, je d\u00e9fie l\u2019ouverture de l\u2019article en question de nous fournir les copies des autorisations requises (minist\u00e8res de l\u2019Int\u00e9rieur, Tourisme, etc.) de ladite maison d\u2019h\u00f4te.<\/em><\/p>\n<p><em>Le temps de la Tunisie colonie est r\u00e9volu. Nous sommes dans un pays libre ou tout le monde est enclin \u00e0 la loi.<\/em><\/p>\n<p style=\"text-align: right;\"><strong>Rached Mrad<\/strong>, Hergla.<\/p>\n<p><em><strong>La r\u00e9daction : <\/strong><\/em><\/p>\n<p>En ce qui concerne le qualificatif <em>\u00abnahdhaoui\u00bb<\/em>\u00a0pour d\u00e9signer M. Mrad, il avait \u00e9t\u00e9 utilis\u00e9 par l\u2019avocat de M et Mme Madrid. Nous avons d\u2019ailleurs rectifi\u00e9 l\u2019article apr\u00e8s l\u2019appel t\u00e9l\u00e9phonique de M. Mrad \u00e0 ce sujet.<\/p>\n<p>Pour le reste, c\u2019est aux autorit\u00e9s administratives et judiciaires de d\u00e9m\u00ealer cette affaire de voisinage et de d\u00e9terminer qui des deux parties n&rsquo;a pas respect\u00e9 la loi.<\/p>\n<p><em><strong>Articles li\u00e9s: <\/strong><\/em><\/p>\n<p><a href=\"http:\/\/kapitalis.com\/tunisie\/2016\/05\/27\/demolition-de-dar-bin-diar-a-hergla-il-y-a-anguille-sous-roche\/\"><em>D\u00e9molition de Dar Bin Diar \u00e0 Hergla : Il y a anguille sous roche<\/em><\/a><\/p>\n<p><a href=\"http:\/\/kapitalis.com\/tunisie\/2016\/05\/25\/les-dessous-de-la-demolition-de-la-maison-dhotes-de-hergla\/\"><em>Les dessous de la d\u00e9molition de la maison d\u2019h\u00f4tes de Hergla<\/em><\/a><\/p>\n","protected":false},"excerpt":{"rendered":"<p>Nous publions ci-dessous le droit de r\u00e9ponse de Rached Mrad \u00e0 notre article \u2018\u2018D\u00e9molition de Dar Bin Diar \u00e0 Hergla : Il y a anguille sous roche\u2019\u2019.<\/p>\n","protected":false},"author":8,"featured_media":0,"comment_status":"open","ping_status":"open","sticky":false,"template":"","format":"standard","meta":{"footnotes":""},"categories":[998,2433],"tags":[2197],"class_list":["post-51863","post","type-post","status-publish","format-standard","hentry","category-societe","category-tunisie","tag-hergla"],"yoast_head":"<!-- This site is optimized with the Yoast SEO plugin v26.6 - https:\/\/yoast.com\/wordpress\/plugins\/seo\/ -->\n<title>Maison d\u2019h\u00f4te de Hergla : Le droit de r\u00e9ponse de Rached Mrad - Kapitalis<\/title>\n<meta name=\"robots\" content=\"index, follow, max-snippet:-1, max-image-preview:large, max-video-preview:-1\" \/>\n<link rel=\"canonical\" href=\"https:\/\/kapitalis.com\/tunisie\/2016\/05\/30\/maison-dhote-de-hergla-le-droit-de-reponse-de-rached-mrad\/\" \/>\n<meta property=\"og:locale\" content=\"fr_FR\" \/>\n<meta property=\"og:type\" content=\"article\" \/>\n<meta property=\"og:title\" content=\"Maison d\u2019h\u00f4te de Hergla : Le droit de r\u00e9ponse de Rached Mrad - Kapitalis\" \/>\n<meta property=\"og:description\" content=\"Nous publions ci-dessous le droit de r\u00e9ponse de Rached Mrad \u00e0 notre article \u2018\u2018D\u00e9molition de Dar Bin Diar \u00e0 Hergla : Il y a anguille sous roche\u2019\u2019.\" \/>\n<meta property=\"og:url\" content=\"https:\/\/kapitalis.com\/tunisie\/2016\/05\/30\/maison-dhote-de-hergla-le-droit-de-reponse-de-rached-mrad\/\" \/>\n<meta property=\"og:site_name\" content=\"Kapitalis\" \/>\n<meta property=\"article:publisher\" content=\"https:\/\/www.facebook.com\/KapitalisInfo\/\" \/>\n<meta property=\"article:published_time\" content=\"2016-05-30T07:30:21+00:00\" \/>\n<meta property=\"article:modified_time\" content=\"2016-05-30T07:31:28+00:00\" \/>\n<meta property=\"og:image\" content=\"http:\/\/kapitalis.com\/tunisie\/wp-content\/uploads\/2016\/05\/Dar-Bin-Dinar.jpg\" \/>\n<meta name=\"author\" content=\"webmaster kapitalis\" \/>\n<meta name=\"twitter:card\" content=\"summary_large_image\" \/>\n<meta name=\"twitter:creator\" content=\"@KapitalisInfo\" \/>\n<meta name=\"twitter:site\" content=\"@KapitalisInfo\" \/>\n<meta name=\"twitter:label1\" content=\"\u00c9crit par\" \/>\n\t<meta name=\"twitter:data1\" content=\"webmaster kapitalis\" \/>\n\t<meta name=\"twitter:label2\" content=\"Dur\u00e9e de lecture estim\u00e9e\" \/>\n\t<meta name=\"twitter:data2\" content=\"2 minutes\" \/>\n<script type=\"application\/ld+json\" class=\"yoast-schema-graph\">{\"@context\":\"https:\/\/schema.org\",\"@graph\":[{\"@type\":\"Article\",\"@id\":\"https:\/\/kapitalis.com\/tunisie\/2016\/05\/30\/maison-dhote-de-hergla-le-droit-de-reponse-de-rached-mrad\/#article\",\"isPartOf\":{\"@id\":\"https:\/\/kapitalis.com\/tunisie\/2016\/05\/30\/maison-dhote-de-hergla-le-droit-de-reponse-de-rached-mrad\/\"},\"author\":{\"name\":\"webmaster kapitalis\",\"@id\":\"https:\/\/kapitalis.com\/tunisie\/#\/schema\/person\/d71f33a9ca44f7bad4698210b480c8e9\"},\"headline\":\"Maison d\u2019h\u00f4te de Hergla : Le droit de r\u00e9ponse de Rached Mrad\",\"datePublished\":\"2016-05-30T07:30:21+00:00\",\"dateModified\":\"2016-05-30T07:31:28+00:00\",\"mainEntityOfPage\":{\"@id\":\"https:\/\/kapitalis.com\/tunisie\/2016\/05\/30\/maison-dhote-de-hergla-le-droit-de-reponse-de-rached-mrad\/\"},\"wordCount\":447,\"commentCount\":0,\"publisher\":{\"@id\":\"https:\/\/kapitalis.com\/tunisie\/#organization\"},\"image\":{\"@id\":\"https:\/\/kapitalis.com\/tunisie\/2016\/05\/30\/maison-dhote-de-hergla-le-droit-de-reponse-de-rached-mrad\/#primaryimage\"},\"thumbnailUrl\":\"http:\/\/kapitalis.com\/tunisie\/wp-content\/uploads\/2016\/05\/Dar-Bin-Dinar.jpg\",\"keywords\":[\"Hergla\"],\"articleSection\":[\"SOCIETE\",\"Tunisie\"],\"inLanguage\":\"fr-FR\",\"potentialAction\":[{\"@type\":\"CommentAction\",\"name\":\"Comment\",\"target\":[\"https:\/\/kapitalis.com\/tunisie\/2016\/05\/30\/maison-dhote-de-hergla-le-droit-de-reponse-de-rached-mrad\/#respond\"]}]},{\"@type\":\"WebPage\",\"@id\":\"https:\/\/kapitalis.com\/tunisie\/2016\/05\/30\/maison-dhote-de-hergla-le-droit-de-reponse-de-rached-mrad\/\",\"url\":\"https:\/\/kapitalis.com\/tunisie\/2016\/05\/30\/maison-dhote-de-hergla-le-droit-de-reponse-de-rached-mrad\/\",\"name\":\"Maison d\u2019h\u00f4te de Hergla : Le droit de r\u00e9ponse de Rached Mrad - Kapitalis\",\"isPartOf\":{\"@id\":\"https:\/\/kapitalis.com\/tunisie\/#website\"},\"primaryImageOfPage\":{\"@id\":\"https:\/\/kapitalis.com\/tunisie\/2016\/05\/30\/maison-dhote-de-hergla-le-droit-de-reponse-de-rached-mrad\/#primaryimage\"},\"image\":{\"@id\":\"https:\/\/kapitalis.com\/tunisie\/2016\/05\/30\/maison-dhote-de-hergla-le-droit-de-reponse-de-rached-mrad\/#primaryimage\"},\"thumbnailUrl\":\"http:\/\/kapitalis.com\/tunisie\/wp-content\/uploads\/2016\/05\/Dar-Bin-Dinar.jpg\",\"datePublished\":\"2016-05-30T07:30:21+00:00\",\"dateModified\":\"2016-05-30T07:31:28+00:00\",\"breadcrumb\":{\"@id\":\"https:\/\/kapitalis.com\/tunisie\/2016\/05\/30\/maison-dhote-de-hergla-le-droit-de-reponse-de-rached-mrad\/#breadcrumb\"},\"inLanguage\":\"fr-FR\",\"potentialAction\":[{\"@type\":\"ReadAction\",\"target\":[\"https:\/\/kapitalis.com\/tunisie\/2016\/05\/30\/maison-dhote-de-hergla-le-droit-de-reponse-de-rached-mrad\/\"]}]},{\"@type\":\"ImageObject\",\"inLanguage\":\"fr-FR\",\"@id\":\"https:\/\/kapitalis.com\/tunisie\/2016\/05\/30\/maison-dhote-de-hergla-le-droit-de-reponse-de-rached-mrad\/#primaryimage\",\"url\":\"http:\/\/kapitalis.com\/tunisie\/wp-content\/uploads\/2016\/05\/Dar-Bin-Dinar.jpg\",\"contentUrl\":\"http:\/\/kapitalis.com\/tunisie\/wp-content\/uploads\/2016\/05\/Dar-Bin-Dinar.jpg\"},{\"@type\":\"BreadcrumbList\",\"@id\":\"https:\/\/kapitalis.com\/tunisie\/2016\/05\/30\/maison-dhote-de-hergla-le-droit-de-reponse-de-rached-mrad\/#breadcrumb\",\"itemListElement\":[{\"@type\":\"ListItem\",\"position\":1,\"name\":\"Accueil\",\"item\":\"https:\/\/kapitalis.com\/tunisie\/\"},{\"@type\":\"ListItem\",\"position\":2,\"name\":\"Maison d\u2019h\u00f4te de Hergla : Le droit de r\u00e9ponse de Rached Mrad\"}]},{\"@type\":\"WebSite\",\"@id\":\"https:\/\/kapitalis.com\/tunisie\/#website\",\"url\":\"https:\/\/kapitalis.com\/tunisie\/\",\"name\":\"Kapitalis\",\"description\":\"L&#039;actualit\u00e9 en Tunisie et dans le monde\",\"publisher\":{\"@id\":\"https:\/\/kapitalis.com\/tunisie\/#organization\"},\"potentialAction\":[{\"@type\":\"SearchAction\",\"target\":{\"@type\":\"EntryPoint\",\"urlTemplate\":\"https:\/\/kapitalis.com\/tunisie\/?s={search_term_string}\"},\"query-input\":{\"@type\":\"PropertyValueSpecification\",\"valueRequired\":true,\"valueName\":\"search_term_string\"}}],\"inLanguage\":\"fr-FR\"},{\"@type\":\"Organization\",\"@id\":\"https:\/\/kapitalis.com\/tunisie\/#organization\",\"name\":\"Kapitalis\",\"url\":\"https:\/\/kapitalis.com\/tunisie\/\",\"logo\":{\"@type\":\"ImageObject\",\"inLanguage\":\"fr-FR\",\"@id\":\"https:\/\/kapitalis.com\/tunisie\/#\/schema\/logo\/image\/\",\"url\":\"https:\/\/kapitalis.com\/tunisie\/wp-content\/uploads\/2022\/05\/Kapitalis-big-size.png\",\"contentUrl\":\"https:\/\/kapitalis.com\/tunisie\/wp-content\/uploads\/2022\/05\/Kapitalis-big-size.png\",\"width\":5000,\"height\":1500,\"caption\":\"Kapitalis\"},\"image\":{\"@id\":\"https:\/\/kapitalis.com\/tunisie\/#\/schema\/logo\/image\/\"},\"sameAs\":[\"https:\/\/www.facebook.com\/KapitalisInfo\/\",\"https:\/\/x.com\/KapitalisInfo\",\"https:\/\/www.youtube.com\/channel\/UC-yDYrHyfFBWWZaOw3FPg9Q\"]},{\"@type\":\"Person\",\"@id\":\"https:\/\/kapitalis.com\/tunisie\/#\/schema\/person\/d71f33a9ca44f7bad4698210b480c8e9\",\"name\":\"webmaster kapitalis\",\"url\":\"https:\/\/kapitalis.com\/tunisie\/author\/webmaster-kapitalis\/\"}]}<\/script>\n<!-- \/ Yoast SEO plugin. -->","yoast_head_json":{"title":"Maison d\u2019h\u00f4te de Hergla : Le droit de r\u00e9ponse de Rached Mrad - Kapitalis","robots":{"index":"index","follow":"follow","max-snippet":"max-snippet:-1","max-image-preview":"max-image-preview:large","max-video-preview":"max-video-preview:-1"},"canonical":"https:\/\/kapitalis.com\/tunisie\/2016\/05\/30\/maison-dhote-de-hergla-le-droit-de-reponse-de-rached-mrad\/","og_locale":"fr_FR","og_type":"article","og_title":"Maison d\u2019h\u00f4te de Hergla : Le droit de r\u00e9ponse de Rached Mrad - Kapitalis","og_description":"Nous publions ci-dessous le droit de r\u00e9ponse de Rached Mrad \u00e0 notre article \u2018\u2018D\u00e9molition de Dar Bin Diar \u00e0 Hergla : Il y a anguille sous roche\u2019\u2019.","og_url":"https:\/\/kapitalis.com\/tunisie\/2016\/05\/30\/maison-dhote-de-hergla-le-droit-de-reponse-de-rached-mrad\/","og_site_name":"Kapitalis","article_publisher":"https:\/\/www.facebook.com\/KapitalisInfo\/","article_published_time":"2016-05-30T07:30:21+00:00","article_modified_time":"2016-05-30T07:31:28+00:00","og_image":[{"url":"http:\/\/kapitalis.com\/tunisie\/wp-content\/uploads\/2016\/05\/Dar-Bin-Dinar.jpg","type":"","width":"","height":""}],"author":"webmaster kapitalis","twitter_card":"summary_large_image","twitter_creator":"@KapitalisInfo","twitter_site":"@KapitalisInfo","twitter_misc":{"\u00c9crit par":"webmaster kapitalis","Dur\u00e9e de lecture estim\u00e9e":"2 minutes"},"schema":{"@context":"https:\/\/schema.org","@graph":[{"@type":"Article","@id":"https:\/\/kapitalis.com\/tunisie\/2016\/05\/30\/maison-dhote-de-hergla-le-droit-de-reponse-de-rached-mrad\/#article","isPartOf":{"@id":"https:\/\/kapitalis.com\/tunisie\/2016\/05\/30\/maison-dhote-de-hergla-le-droit-de-reponse-de-rached-mrad\/"},"author":{"name":"webmaster kapitalis","@id":"https:\/\/kapitalis.com\/tunisie\/#\/schema\/person\/d71f33a9ca44f7bad4698210b480c8e9"},"headline":"Maison d\u2019h\u00f4te de Hergla : Le droit de r\u00e9ponse de Rached Mrad","datePublished":"2016-05-30T07:30:21+00:00","dateModified":"2016-05-30T07:31:28+00:00","mainEntityOfPage":{"@id":"https:\/\/kapitalis.com\/tunisie\/2016\/05\/30\/maison-dhote-de-hergla-le-droit-de-reponse-de-rached-mrad\/"},"wordCount":447,"commentCount":0,"publisher":{"@id":"https:\/\/kapitalis.com\/tunisie\/#organization"},"image":{"@id":"https:\/\/kapitalis.com\/tunisie\/2016\/05\/30\/maison-dhote-de-hergla-le-droit-de-reponse-de-rached-mrad\/#primaryimage"},"thumbnailUrl":"http:\/\/kapitalis.com\/tunisie\/wp-content\/uploads\/2016\/05\/Dar-Bin-Dinar.jpg","keywords":["Hergla"],"articleSection":["SOCIETE","Tunisie"],"inLanguage":"fr-FR","potentialAction":[{"@type":"CommentAction","name":"Comment","target":["https:\/\/kapitalis.com\/tunisie\/2016\/05\/30\/maison-dhote-de-hergla-le-droit-de-reponse-de-rached-mrad\/#respond"]}]},{"@type":"WebPage","@id":"https:\/\/kapitalis.com\/tunisie\/2016\/05\/30\/maison-dhote-de-hergla-le-droit-de-reponse-de-rached-mrad\/","url":"https:\/\/kapitalis.com\/tunisie\/2016\/05\/30\/maison-dhote-de-hergla-le-droit-de-reponse-de-rached-mrad\/","name":"Maison d\u2019h\u00f4te de Hergla : Le droit de r\u00e9ponse de Rached Mrad - Kapitalis","isPartOf":{"@id":"https:\/\/kapitalis.com\/tunisie\/#website"},"primaryImageOfPage":{"@id":"https:\/\/kapitalis.com\/tunisie\/2016\/05\/30\/maison-dhote-de-hergla-le-droit-de-reponse-de-rached-mrad\/#primaryimage"},"image":{"@id":"https:\/\/kapitalis.com\/tunisie\/2016\/05\/30\/maison-dhote-de-hergla-le-droit-de-reponse-de-rached-mrad\/#primaryimage"},"thumbnailUrl":"http:\/\/kapitalis.com\/tunisie\/wp-content\/uploads\/2016\/05\/Dar-Bin-Dinar.jpg","datePublished":"2016-05-30T07:30:21+00:00","dateModified":"2016-05-30T07:31:28+00:00","breadcrumb":{"@id":"https:\/\/kapitalis.com\/tunisie\/2016\/05\/30\/maison-dhote-de-hergla-le-droit-de-reponse-de-rached-mrad\/#breadcrumb"},"inLanguage":"fr-FR","potentialAction":[{"@type":"ReadAction","target":["https:\/\/kapitalis.com\/tunisie\/2016\/05\/30\/maison-dhote-de-hergla-le-droit-de-reponse-de-rached-mrad\/"]}]},{"@type":"ImageObject","inLanguage":"fr-FR","@id":"https:\/\/kapitalis.com\/tunisie\/2016\/05\/30\/maison-dhote-de-hergla-le-droit-de-reponse-de-rached-mrad\/#primaryimage","url":"http:\/\/kapitalis.com\/tunisie\/wp-content\/uploads\/2016\/05\/Dar-Bin-Dinar.jpg","contentUrl":"http:\/\/kapitalis.com\/tunisie\/wp-content\/uploads\/2016\/05\/Dar-Bin-Dinar.jpg"},{"@type":"BreadcrumbList","@id":"https:\/\/kapitalis.com\/tunisie\/2016\/05\/30\/maison-dhote-de-hergla-le-droit-de-reponse-de-rached-mrad\/#breadcrumb","itemListElement":[{"@type":"ListItem","position":1,"name":"Accueil","item":"https:\/\/kapitalis.com\/tunisie\/"},{"@type":"ListItem","position":2,"name":"Maison d\u2019h\u00f4te de Hergla : Le droit de r\u00e9ponse de Rached Mrad"}]},{"@type":"WebSite","@id":"https:\/\/kapitalis.com\/tunisie\/#website","url":"https:\/\/kapitalis.com\/tunisie\/","name":"Kapitalis","description":"L&#039;actualit\u00e9 en Tunisie et dans le monde","publisher":{"@id":"https:\/\/kapitalis.com\/tunisie\/#organization"},"potentialAction":[{"@type":"SearchAction","target":{"@type":"EntryPoint","urlTemplate":"https:\/\/kapitalis.com\/tunisie\/?s={search_term_string}"},"query-input":{"@type":"PropertyValueSpecification","valueRequired":true,"valueName":"search_term_string"}}],"inLanguage":"fr-FR"},{"@type":"Organization","@id":"https:\/\/kapitalis.com\/tunisie\/#organization","name":"Kapitalis","url":"https:\/\/kapitalis.com\/tunisie\/","logo":{"@type":"ImageObject","inLanguage":"fr-FR","@id":"https:\/\/kapitalis.com\/tunisie\/#\/schema\/logo\/image\/","url":"https:\/\/kapitalis.com\/tunisie\/wp-content\/uploads\/2022\/05\/Kapitalis-big-size.png","contentUrl":"https:\/\/kapitalis.com\/tunisie\/wp-content\/uploads\/2022\/05\/Kapitalis-big-size.png","width":5000,"height":1500,"caption":"Kapitalis"},"image":{"@id":"https:\/\/kapitalis.com\/tunisie\/#\/schema\/logo\/image\/"},"sameAs":["https:\/\/www.facebook.com\/KapitalisInfo\/","https:\/\/x.com\/KapitalisInfo","https:\/\/www.youtube.com\/channel\/UC-yDYrHyfFBWWZaOw3FPg9Q"]},{"@type":"Person","@id":"https:\/\/kapitalis.com\/tunisie\/#\/schema\/person\/d71f33a9ca44f7bad4698210b480c8e9","name":"webmaster kapitalis","url":"https:\/\/kapitalis.com\/tunisie\/author\/webmaster-kapitalis\/"}]}},"_links":{"self":[{"href":"https:\/\/kapitalis.com\/tunisie\/wp-json\/wp\/v2\/posts\/51863","targetHints":{"allow":["GET"]}}],"collection":[{"href":"https:\/\/kapitalis.com\/tunisie\/wp-json\/wp\/v2\/posts"}],"about":[{"href":"https:\/\/kapitalis.com\/tunisie\/wp-json\/wp\/v2\/types\/post"}],"author":[{"embeddable":true,"href":"https:\/\/kapitalis.com\/tunisie\/wp-json\/wp\/v2\/users\/8"}],"replies":[{"embeddable":true,"href":"https:\/\/kapitalis.com\/tunisie\/wp-json\/wp\/v2\/comments?post=51863"}],"version-history":[{"count":0,"href":"https:\/\/kapitalis.com\/tunisie\/wp-json\/wp\/v2\/posts\/51863\/revisions"}],"wp:attachment":[{"href":"https:\/\/kapitalis.com\/tunisie\/wp-json\/wp\/v2\/media?parent=51863"}],"wp:term":[{"taxonomy":"category","embeddable":true,"href":"https:\/\/kapitalis.com\/tunisie\/wp-json\/wp\/v2\/categories?post=51863"},{"taxonomy":"post_tag","embeddable":true,"href":"https:\/\/kapitalis.com\/tunisie\/wp-json\/wp\/v2\/tags?post=51863"}],"curies":[{"name":"wp","href":"https:\/\/api.w.org\/{rel}","templated":true}]}}