{"id":52023,"date":"2016-05-31T08:17:03","date_gmt":"2016-05-31T07:17:03","guid":{"rendered":"http:\/\/kapitalis.com\/tunisie\/?p=52023"},"modified":"2016-05-31T08:17:03","modified_gmt":"2016-05-31T07:17:03","slug":"tunisie-allemagne-partenariat-de-transformation-du-port-de-rades","status":"publish","type":"post","link":"https:\/\/kapitalis.com\/tunisie\/2016\/05\/31\/tunisie-allemagne-partenariat-de-transformation-du-port-de-rades\/","title":{"rendered":"Tunisie-Allemagne : Partenariat de transformation du port de Rad\u00e8s"},"content":{"rendered":"<p><img loading=\"lazy\" decoding=\"async\" class=\"alignnone size-full wp-image-52024 aligncenter\" src=\"http:\/\/kapitalis.com\/tunisie\/wp-content\/uploads\/2016\/05\/Mohamed-Said-Jaouadi-et-Uwe-Beckmeyer.jpg\" alt=\"Mohamed-Said-Jaouadi-et-Uwe-Beckmeyer\" width=\"626\" height=\"380\" \/><\/p>\n<p style=\"text-align: center;\"><em>Mohamed Said Jaouadi, conseiller aupr\u00e8s du ministre du Transport, et Uwe Beckmeyer, secr\u00e9taire d&rsquo;Etat parlementaire aupr\u00e8s du minist\u00e8re f\u00e9d\u00e9ral allemand de l&rsquo;Economie et de l&rsquo;Energie (Ph. AHK Tunisie).<\/em><\/p>\n<p><em><strong>L\u2019Allemagne assiste la Tunisie dans un programme de transformation du port de Rad\u00e8s, le centre n\u00e9vralgique de l\u2019\u00e9conomie exportatrice tunisienne.<\/strong> <\/em><\/p>\n<p><!--more--><\/p>\n<p>Le port de Rad\u00e8s fait actuellement face \u00e0 d\u2019importants d\u00e9fis. Le minist\u00e8re du Transport et ses institutions affili\u00e9es ont identifi\u00e9 divers chantiers, notamment dans les domaines de la s\u00e9curit\u00e9, des processus du fonctionnement portuaire ainsi que de l\u2019organisation des containers.<\/p>\n<p>A cet effet, un projet a \u00e9t\u00e9 lanc\u00e9 le 26 mai 2016, dans le cadre d\u2019un partenariat entre l\u2019Allemagne et la Tunisie, par la Chambre tuniso-allemande de l\u2019industrie et du commerce (AHK Tunisie), le minist\u00e8re f\u00e9d\u00e9ral allemand de l\u2019Economie et de l\u2019Energie (BMWI), le minist\u00e8re tunisien du Transport et celui du D\u00e9veloppement, de l\u2019Investissement et de la Coop\u00e9ration internationale.<\/p>\n<p>Uwe Beckmeyer, secr\u00e9taire d\u2019Etat parlementaire aupr\u00e8s du BMWI, a expliqu\u00e9, lors de la r\u00e9union de lancement, que ce projet vise \u00e0 \u00e9laborer un plan d\u2019action pour optimiser la situation au port avec les comp\u00e9tences et le know-how n\u00e9cessaires.<\/p>\n<p>Maintes activit\u00e9s sont actuellement en cours dans le but d\u2019am\u00e9liorer le fonctionnement du port. L\u2019AHK Tunisie, en concertation \u00e9troite avec les autorit\u00e9s tunisiennes concern\u00e9es, vise \u00e0 compl\u00e9ter ce travail en misant sur trois axes bien cibl\u00e9s : la s\u00e9curit\u00e9, les processus op\u00e9rationnels et la gestion de proc\u00e9d\u00e9s.<\/p>\n<p>A cet effet, deux experts sont venus d\u2019Allemagne pour d\u00e9velopper ce plan d\u2019action avec les responsables tunisiens. Pour avoir une id\u00e9e de la situation, les deux experts ont visit\u00e9 le port et effectu\u00e9 des r\u00e9unions avec les institutions tunisiennes partenaires, \u00e0 savoir la direction g\u00e9n\u00e9rale du Transport maritime et des Ports maritimes de commerce, la Stam, la Douane et l\u2019OMMP.<\/p>\n<p style=\"text-align: center;\"><img loading=\"lazy\" decoding=\"async\" class=\"alignnone size-full wp-image-52025\" src=\"http:\/\/kapitalis.com\/tunisie\/wp-content\/uploads\/2016\/05\/Reunion-Port-de-Rades.jpg\" alt=\"Reunion-Port-de-Rades\" width=\"500\" height=\"300\" \/><\/p>\n<p style=\"text-align: center;\"><em>Echange d&rsquo;exp\u00e9rience autour du port de Rad\u00e8s dans le cadre du partenariat de transformation tuniso-allemand (Ph. AHK Tunisie).<\/em><\/p>\n<p>L\u2019AHK Tunisie a en outre organis\u00e9 un \u00e9change d\u2019exp\u00e9riences avec des entreprises exportatrices membres install\u00e9es en Tunisie et des prestataires de services logistiques. Cela a permis aux experts de recueillir de premi\u00e8res impressions et de pr\u00e9parer des approches de solutions concr\u00e8tes \u00e0 court et moyen-terme. Celles-ci seront mises en place d\u2019ici la fin de cette ann\u00e9e, s\u2019int\u00e9grant dans l\u2019ensemble des initiatives d\u2019am\u00e9lioration pr\u00e9vues pour le port de Rad\u00e8s.<\/p>\n<p style=\"text-align: right;\"><strong>I. B.<\/strong> (avec communiqu\u00e9).<\/p>\n<p>&nbsp;<\/p>\n","protected":false},"excerpt":{"rendered":"<p>Mohamed Said Jaouadi, conseiller aupr\u00e8s du ministre du Transport, et Uwe Beckmeyer, secr\u00e9taire d&rsquo;Etat parlementaire aupr\u00e8s du minist\u00e8re f\u00e9d\u00e9ral allemand de l&rsquo;Economie et de l&rsquo;Energie (Ph. AHK Tunisie). L\u2019Allemagne assiste la Tunisie dans un programme de transformation du port de Rad\u00e8s, le centre n\u00e9vralgique de l\u2019\u00e9conomie exportatrice tunisienne.<\/p>\n","protected":false},"author":8,"featured_media":52024,"comment_status":"open","ping_status":"open","sticky":false,"template":"","format":"standard","meta":{"footnotes":""},"categories":[995,2433],"tags":[49,289,18742,5659,13745,918],"class_list":["post-52023","post","type-post","status-publish","format-standard","has-post-thumbnail","hentry","category-economie","category-tunisie","tag-ahk-tunisie","tag-douane","tag-ommp","tag-port-de-rades","tag-stam","tag-transport"],"yoast_head":"<!-- This site is optimized with the Yoast SEO plugin v26.6 - https:\/\/yoast.com\/wordpress\/plugins\/seo\/ -->\n<title>Tunisie-Allemagne : Partenariat de transformation du port de Rad\u00e8s - Kapitalis<\/title>\n<meta name=\"robots\" content=\"index, follow, max-snippet:-1, max-image-preview:large, max-video-preview:-1\" \/>\n<link rel=\"canonical\" href=\"https:\/\/kapitalis.com\/tunisie\/2016\/05\/31\/tunisie-allemagne-partenariat-de-transformation-du-port-de-rades\/\" \/>\n<meta property=\"og:locale\" content=\"fr_FR\" \/>\n<meta property=\"og:type\" content=\"article\" \/>\n<meta property=\"og:title\" content=\"Tunisie-Allemagne : Partenariat de transformation du port de Rad\u00e8s - Kapitalis\" \/>\n<meta property=\"og:description\" content=\"Mohamed Said Jaouadi, conseiller aupr\u00e8s du ministre du Transport, et Uwe Beckmeyer, secr\u00e9taire d&rsquo;Etat parlementaire aupr\u00e8s du minist\u00e8re f\u00e9d\u00e9ral allemand de l&rsquo;Economie et de l&rsquo;Energie (Ph. AHK Tunisie). L\u2019Allemagne assiste la Tunisie dans un programme de transformation du port de Rad\u00e8s, le centre n\u00e9vralgique de l\u2019\u00e9conomie exportatrice tunisienne.\" \/>\n<meta property=\"og:url\" content=\"https:\/\/kapitalis.com\/tunisie\/2016\/05\/31\/tunisie-allemagne-partenariat-de-transformation-du-port-de-rades\/\" \/>\n<meta property=\"og:site_name\" content=\"Kapitalis\" \/>\n<meta property=\"article:publisher\" content=\"https:\/\/www.facebook.com\/KapitalisInfo\/\" \/>\n<meta property=\"article:published_time\" content=\"2016-05-31T07:17:03+00:00\" \/>\n<meta property=\"og:image\" content=\"https:\/\/kapitalis.com\/tunisie\/wp-content\/uploads\/2022\/05\/kapitalis-logo-fb.png\" \/>\n\t<meta property=\"og:image:width\" content=\"1200\" \/>\n\t<meta property=\"og:image:height\" content=\"630\" \/>\n\t<meta property=\"og:image:type\" content=\"image\/png\" \/>\n<meta name=\"author\" content=\"webmaster kapitalis\" \/>\n<meta name=\"twitter:card\" content=\"summary_large_image\" \/>\n<meta name=\"twitter:creator\" content=\"@KapitalisInfo\" \/>\n<meta name=\"twitter:site\" content=\"@KapitalisInfo\" \/>\n<meta name=\"twitter:label1\" content=\"\u00c9crit par\" \/>\n\t<meta name=\"twitter:data1\" content=\"webmaster kapitalis\" \/>\n\t<meta name=\"twitter:label2\" content=\"Dur\u00e9e de lecture estim\u00e9e\" \/>\n\t<meta name=\"twitter:data2\" content=\"2 minutes\" \/>\n<script type=\"application\/ld+json\" class=\"yoast-schema-graph\">{\"@context\":\"https:\/\/schema.org\",\"@graph\":[{\"@type\":\"Article\",\"@id\":\"https:\/\/kapitalis.com\/tunisie\/2016\/05\/31\/tunisie-allemagne-partenariat-de-transformation-du-port-de-rades\/#article\",\"isPartOf\":{\"@id\":\"https:\/\/kapitalis.com\/tunisie\/2016\/05\/31\/tunisie-allemagne-partenariat-de-transformation-du-port-de-rades\/\"},\"author\":{\"name\":\"webmaster kapitalis\",\"@id\":\"https:\/\/kapitalis.com\/tunisie\/#\/schema\/person\/d71f33a9ca44f7bad4698210b480c8e9\"},\"headline\":\"Tunisie-Allemagne : Partenariat de transformation du port de Rad\u00e8s\",\"datePublished\":\"2016-05-31T07:17:03+00:00\",\"mainEntityOfPage\":{\"@id\":\"https:\/\/kapitalis.com\/tunisie\/2016\/05\/31\/tunisie-allemagne-partenariat-de-transformation-du-port-de-rades\/\"},\"wordCount\":458,\"commentCount\":0,\"publisher\":{\"@id\":\"https:\/\/kapitalis.com\/tunisie\/#organization\"},\"image\":{\"@id\":\"https:\/\/kapitalis.com\/tunisie\/2016\/05\/31\/tunisie-allemagne-partenariat-de-transformation-du-port-de-rades\/#primaryimage\"},\"thumbnailUrl\":\"\",\"keywords\":[\"AHK-Tunisie\",\"Douane\",\"OMMP\",\"port de Rades\",\"Stam\",\"transport\"],\"articleSection\":[\"ECONOMIE\",\"Tunisie\"],\"inLanguage\":\"fr-FR\",\"potentialAction\":[{\"@type\":\"CommentAction\",\"name\":\"Comment\",\"target\":[\"https:\/\/kapitalis.com\/tunisie\/2016\/05\/31\/tunisie-allemagne-partenariat-de-transformation-du-port-de-rades\/#respond\"]}]},{\"@type\":\"WebPage\",\"@id\":\"https:\/\/kapitalis.com\/tunisie\/2016\/05\/31\/tunisie-allemagne-partenariat-de-transformation-du-port-de-rades\/\",\"url\":\"https:\/\/kapitalis.com\/tunisie\/2016\/05\/31\/tunisie-allemagne-partenariat-de-transformation-du-port-de-rades\/\",\"name\":\"Tunisie-Allemagne : Partenariat de transformation du port de Rad\u00e8s - Kapitalis\",\"isPartOf\":{\"@id\":\"https:\/\/kapitalis.com\/tunisie\/#website\"},\"primaryImageOfPage\":{\"@id\":\"https:\/\/kapitalis.com\/tunisie\/2016\/05\/31\/tunisie-allemagne-partenariat-de-transformation-du-port-de-rades\/#primaryimage\"},\"image\":{\"@id\":\"https:\/\/kapitalis.com\/tunisie\/2016\/05\/31\/tunisie-allemagne-partenariat-de-transformation-du-port-de-rades\/#primaryimage\"},\"thumbnailUrl\":\"\",\"datePublished\":\"2016-05-31T07:17:03+00:00\",\"breadcrumb\":{\"@id\":\"https:\/\/kapitalis.com\/tunisie\/2016\/05\/31\/tunisie-allemagne-partenariat-de-transformation-du-port-de-rades\/#breadcrumb\"},\"inLanguage\":\"fr-FR\",\"potentialAction\":[{\"@type\":\"ReadAction\",\"target\":[\"https:\/\/kapitalis.com\/tunisie\/2016\/05\/31\/tunisie-allemagne-partenariat-de-transformation-du-port-de-rades\/\"]}]},{\"@type\":\"ImageObject\",\"inLanguage\":\"fr-FR\",\"@id\":\"https:\/\/kapitalis.com\/tunisie\/2016\/05\/31\/tunisie-allemagne-partenariat-de-transformation-du-port-de-rades\/#primaryimage\",\"url\":\"\",\"contentUrl\":\"\"},{\"@type\":\"BreadcrumbList\",\"@id\":\"https:\/\/kapitalis.com\/tunisie\/2016\/05\/31\/tunisie-allemagne-partenariat-de-transformation-du-port-de-rades\/#breadcrumb\",\"itemListElement\":[{\"@type\":\"ListItem\",\"position\":1,\"name\":\"Accueil\",\"item\":\"https:\/\/kapitalis.com\/tunisie\/\"},{\"@type\":\"ListItem\",\"position\":2,\"name\":\"Tunisie-Allemagne : Partenariat de transformation du port de Rad\u00e8s\"}]},{\"@type\":\"WebSite\",\"@id\":\"https:\/\/kapitalis.com\/tunisie\/#website\",\"url\":\"https:\/\/kapitalis.com\/tunisie\/\",\"name\":\"Kapitalis\",\"description\":\"L&#039;actualit\u00e9 en Tunisie et dans le monde\",\"publisher\":{\"@id\":\"https:\/\/kapitalis.com\/tunisie\/#organization\"},\"potentialAction\":[{\"@type\":\"SearchAction\",\"target\":{\"@type\":\"EntryPoint\",\"urlTemplate\":\"https:\/\/kapitalis.com\/tunisie\/?s={search_term_string}\"},\"query-input\":{\"@type\":\"PropertyValueSpecification\",\"valueRequired\":true,\"valueName\":\"search_term_string\"}}],\"inLanguage\":\"fr-FR\"},{\"@type\":\"Organization\",\"@id\":\"https:\/\/kapitalis.com\/tunisie\/#organization\",\"name\":\"Kapitalis\",\"url\":\"https:\/\/kapitalis.com\/tunisie\/\",\"logo\":{\"@type\":\"ImageObject\",\"inLanguage\":\"fr-FR\",\"@id\":\"https:\/\/kapitalis.com\/tunisie\/#\/schema\/logo\/image\/\",\"url\":\"https:\/\/kapitalis.com\/tunisie\/wp-content\/uploads\/2022\/05\/Kapitalis-big-size.png\",\"contentUrl\":\"https:\/\/kapitalis.com\/tunisie\/wp-content\/uploads\/2022\/05\/Kapitalis-big-size.png\",\"width\":5000,\"height\":1500,\"caption\":\"Kapitalis\"},\"image\":{\"@id\":\"https:\/\/kapitalis.com\/tunisie\/#\/schema\/logo\/image\/\"},\"sameAs\":[\"https:\/\/www.facebook.com\/KapitalisInfo\/\",\"https:\/\/x.com\/KapitalisInfo\",\"https:\/\/www.youtube.com\/channel\/UC-yDYrHyfFBWWZaOw3FPg9Q\"]},{\"@type\":\"Person\",\"@id\":\"https:\/\/kapitalis.com\/tunisie\/#\/schema\/person\/d71f33a9ca44f7bad4698210b480c8e9\",\"name\":\"webmaster kapitalis\",\"url\":\"https:\/\/kapitalis.com\/tunisie\/author\/webmaster-kapitalis\/\"}]}<\/script>\n<!-- \/ Yoast SEO plugin. -->","yoast_head_json":{"title":"Tunisie-Allemagne : Partenariat de transformation du port de Rad\u00e8s - Kapitalis","robots":{"index":"index","follow":"follow","max-snippet":"max-snippet:-1","max-image-preview":"max-image-preview:large","max-video-preview":"max-video-preview:-1"},"canonical":"https:\/\/kapitalis.com\/tunisie\/2016\/05\/31\/tunisie-allemagne-partenariat-de-transformation-du-port-de-rades\/","og_locale":"fr_FR","og_type":"article","og_title":"Tunisie-Allemagne : Partenariat de transformation du port de Rad\u00e8s - Kapitalis","og_description":"Mohamed Said Jaouadi, conseiller aupr\u00e8s du ministre du Transport, et Uwe Beckmeyer, secr\u00e9taire d&rsquo;Etat parlementaire aupr\u00e8s du minist\u00e8re f\u00e9d\u00e9ral allemand de l&rsquo;Economie et de l&rsquo;Energie (Ph. AHK Tunisie). L\u2019Allemagne assiste la Tunisie dans un programme de transformation du port de Rad\u00e8s, le centre n\u00e9vralgique de l\u2019\u00e9conomie exportatrice tunisienne.","og_url":"https:\/\/kapitalis.com\/tunisie\/2016\/05\/31\/tunisie-allemagne-partenariat-de-transformation-du-port-de-rades\/","og_site_name":"Kapitalis","article_publisher":"https:\/\/www.facebook.com\/KapitalisInfo\/","article_published_time":"2016-05-31T07:17:03+00:00","og_image":[{"width":1200,"height":630,"url":"https:\/\/kapitalis.com\/tunisie\/wp-content\/uploads\/2022\/05\/kapitalis-logo-fb.png","type":"image\/png"}],"author":"webmaster kapitalis","twitter_card":"summary_large_image","twitter_creator":"@KapitalisInfo","twitter_site":"@KapitalisInfo","twitter_misc":{"\u00c9crit par":"webmaster kapitalis","Dur\u00e9e de lecture estim\u00e9e":"2 minutes"},"schema":{"@context":"https:\/\/schema.org","@graph":[{"@type":"Article","@id":"https:\/\/kapitalis.com\/tunisie\/2016\/05\/31\/tunisie-allemagne-partenariat-de-transformation-du-port-de-rades\/#article","isPartOf":{"@id":"https:\/\/kapitalis.com\/tunisie\/2016\/05\/31\/tunisie-allemagne-partenariat-de-transformation-du-port-de-rades\/"},"author":{"name":"webmaster kapitalis","@id":"https:\/\/kapitalis.com\/tunisie\/#\/schema\/person\/d71f33a9ca44f7bad4698210b480c8e9"},"headline":"Tunisie-Allemagne : Partenariat de transformation du port de Rad\u00e8s","datePublished":"2016-05-31T07:17:03+00:00","mainEntityOfPage":{"@id":"https:\/\/kapitalis.com\/tunisie\/2016\/05\/31\/tunisie-allemagne-partenariat-de-transformation-du-port-de-rades\/"},"wordCount":458,"commentCount":0,"publisher":{"@id":"https:\/\/kapitalis.com\/tunisie\/#organization"},"image":{"@id":"https:\/\/kapitalis.com\/tunisie\/2016\/05\/31\/tunisie-allemagne-partenariat-de-transformation-du-port-de-rades\/#primaryimage"},"thumbnailUrl":"","keywords":["AHK-Tunisie","Douane","OMMP","port de Rades","Stam","transport"],"articleSection":["ECONOMIE","Tunisie"],"inLanguage":"fr-FR","potentialAction":[{"@type":"CommentAction","name":"Comment","target":["https:\/\/kapitalis.com\/tunisie\/2016\/05\/31\/tunisie-allemagne-partenariat-de-transformation-du-port-de-rades\/#respond"]}]},{"@type":"WebPage","@id":"https:\/\/kapitalis.com\/tunisie\/2016\/05\/31\/tunisie-allemagne-partenariat-de-transformation-du-port-de-rades\/","url":"https:\/\/kapitalis.com\/tunisie\/2016\/05\/31\/tunisie-allemagne-partenariat-de-transformation-du-port-de-rades\/","name":"Tunisie-Allemagne : Partenariat de transformation du port de Rad\u00e8s - Kapitalis","isPartOf":{"@id":"https:\/\/kapitalis.com\/tunisie\/#website"},"primaryImageOfPage":{"@id":"https:\/\/kapitalis.com\/tunisie\/2016\/05\/31\/tunisie-allemagne-partenariat-de-transformation-du-port-de-rades\/#primaryimage"},"image":{"@id":"https:\/\/kapitalis.com\/tunisie\/2016\/05\/31\/tunisie-allemagne-partenariat-de-transformation-du-port-de-rades\/#primaryimage"},"thumbnailUrl":"","datePublished":"2016-05-31T07:17:03+00:00","breadcrumb":{"@id":"https:\/\/kapitalis.com\/tunisie\/2016\/05\/31\/tunisie-allemagne-partenariat-de-transformation-du-port-de-rades\/#breadcrumb"},"inLanguage":"fr-FR","potentialAction":[{"@type":"ReadAction","target":["https:\/\/kapitalis.com\/tunisie\/2016\/05\/31\/tunisie-allemagne-partenariat-de-transformation-du-port-de-rades\/"]}]},{"@type":"ImageObject","inLanguage":"fr-FR","@id":"https:\/\/kapitalis.com\/tunisie\/2016\/05\/31\/tunisie-allemagne-partenariat-de-transformation-du-port-de-rades\/#primaryimage","url":"","contentUrl":""},{"@type":"BreadcrumbList","@id":"https:\/\/kapitalis.com\/tunisie\/2016\/05\/31\/tunisie-allemagne-partenariat-de-transformation-du-port-de-rades\/#breadcrumb","itemListElement":[{"@type":"ListItem","position":1,"name":"Accueil","item":"https:\/\/kapitalis.com\/tunisie\/"},{"@type":"ListItem","position":2,"name":"Tunisie-Allemagne : Partenariat de transformation du port de Rad\u00e8s"}]},{"@type":"WebSite","@id":"https:\/\/kapitalis.com\/tunisie\/#website","url":"https:\/\/kapitalis.com\/tunisie\/","name":"Kapitalis","description":"L&#039;actualit\u00e9 en Tunisie et dans le monde","publisher":{"@id":"https:\/\/kapitalis.com\/tunisie\/#organization"},"potentialAction":[{"@type":"SearchAction","target":{"@type":"EntryPoint","urlTemplate":"https:\/\/kapitalis.com\/tunisie\/?s={search_term_string}"},"query-input":{"@type":"PropertyValueSpecification","valueRequired":true,"valueName":"search_term_string"}}],"inLanguage":"fr-FR"},{"@type":"Organization","@id":"https:\/\/kapitalis.com\/tunisie\/#organization","name":"Kapitalis","url":"https:\/\/kapitalis.com\/tunisie\/","logo":{"@type":"ImageObject","inLanguage":"fr-FR","@id":"https:\/\/kapitalis.com\/tunisie\/#\/schema\/logo\/image\/","url":"https:\/\/kapitalis.com\/tunisie\/wp-content\/uploads\/2022\/05\/Kapitalis-big-size.png","contentUrl":"https:\/\/kapitalis.com\/tunisie\/wp-content\/uploads\/2022\/05\/Kapitalis-big-size.png","width":5000,"height":1500,"caption":"Kapitalis"},"image":{"@id":"https:\/\/kapitalis.com\/tunisie\/#\/schema\/logo\/image\/"},"sameAs":["https:\/\/www.facebook.com\/KapitalisInfo\/","https:\/\/x.com\/KapitalisInfo","https:\/\/www.youtube.com\/channel\/UC-yDYrHyfFBWWZaOw3FPg9Q"]},{"@type":"Person","@id":"https:\/\/kapitalis.com\/tunisie\/#\/schema\/person\/d71f33a9ca44f7bad4698210b480c8e9","name":"webmaster kapitalis","url":"https:\/\/kapitalis.com\/tunisie\/author\/webmaster-kapitalis\/"}]}},"_links":{"self":[{"href":"https:\/\/kapitalis.com\/tunisie\/wp-json\/wp\/v2\/posts\/52023","targetHints":{"allow":["GET"]}}],"collection":[{"href":"https:\/\/kapitalis.com\/tunisie\/wp-json\/wp\/v2\/posts"}],"about":[{"href":"https:\/\/kapitalis.com\/tunisie\/wp-json\/wp\/v2\/types\/post"}],"author":[{"embeddable":true,"href":"https:\/\/kapitalis.com\/tunisie\/wp-json\/wp\/v2\/users\/8"}],"replies":[{"embeddable":true,"href":"https:\/\/kapitalis.com\/tunisie\/wp-json\/wp\/v2\/comments?post=52023"}],"version-history":[{"count":0,"href":"https:\/\/kapitalis.com\/tunisie\/wp-json\/wp\/v2\/posts\/52023\/revisions"}],"wp:featuredmedia":[{"embeddable":true,"href":"https:\/\/kapitalis.com\/tunisie\/wp-json\/wp\/v2\/media\/52024"}],"wp:attachment":[{"href":"https:\/\/kapitalis.com\/tunisie\/wp-json\/wp\/v2\/media?parent=52023"}],"wp:term":[{"taxonomy":"category","embeddable":true,"href":"https:\/\/kapitalis.com\/tunisie\/wp-json\/wp\/v2\/categories?post=52023"},{"taxonomy":"post_tag","embeddable":true,"href":"https:\/\/kapitalis.com\/tunisie\/wp-json\/wp\/v2\/tags?post=52023"}],"curies":[{"name":"wp","href":"https:\/\/api.w.org\/{rel}","templated":true}]}}