{"id":5205028,"date":"2022-11-24T09:37:55","date_gmt":"2022-11-24T08:37:55","guid":{"rendered":"https:\/\/kapitalis.com\/tunisie\/?p=5205028"},"modified":"2022-11-24T09:37:56","modified_gmt":"2022-11-24T08:37:56","slug":"la-tunisie-doit-se-preparer-au-passage-au-moteur-electrique-et-a-hydrogene","status":"publish","type":"post","link":"https:\/\/kapitalis.com\/tunisie\/2022\/11\/24\/la-tunisie-doit-se-preparer-au-passage-au-moteur-electrique-et-a-hydrogene\/","title":{"rendered":"La Tunisie doit se pr\u00e9parer au passage au moteur \u00e9lectrique et \u00e0 hydrog\u00e8ne"},"content":{"rendered":"\n<p><strong><em>Le passage au moteur \u00e9lectrique et la mont\u00e9e en puissance des v\u00e9hicules \u00e0 hydrog\u00e8ne n\u00e9cessitent d\u2019\u00e9normes efforts d\u2019adaptation de la part de la Tunisie, ont d\u00e9clar\u00e9 les participants \u00e0 un d\u00e9bat organis\u00e9 mercredi 23 novembre 2022 dans le cadre de la deuxi\u00e8me \u00e9dition de la Journ\u00e9e de l\u2019industrie de l\u2019innovation.<\/em><\/strong><\/p>\n\n\n\n<!--more-->\n\n\n\n<p>L\u2019hydrog\u00e8ne est per\u00e7u comme un levier de la transition \u00e9nerg\u00e9tique vers une \u00e9conomie bas carbone. La Tunisie doit exploiter ces opportunit\u00e9s pour s\u00e9curiser la production et l\u2019exportation d\u2019hydrog\u00e8ne, ont-ils ajout\u00e9.<\/p>\n\n\n\n<p>L\u2019acc\u00e9l\u00e9ration du processus de transition \u00e9nerg\u00e9tique et la mise en place de nouvelles r\u00e9glementations sur les \u00e9missions de CO2 au cours des derni\u00e8res ann\u00e9es ont entra\u00een\u00e9 un d\u00e9veloppement sans pr\u00e9c\u00e9dent des ventes de v\u00e9hicules \u00e0 carburants alternatifs, \u00e9lectriques et hybrides rechargeables.<\/p>\n\n\n\n<p>Le directeur g\u00e9n\u00e9ral de la Chambre tuniso-allemande de l\u2019industrie et du commerce (AHK), J\u00f6rn Bousselmi, a d\u00e9clar\u00e9 que la Tunisie devait s\u2019adapter \u00e0 une nouvelle \u00e8re de transition technologique et \u00e9nerg\u00e9tique ainsi qu\u2019\u00e0 l\u2019\u00e9lectrification qui couvre \u00e9galement l\u2019industrie automobile g\u00e9n\u00e9ratrice d\u2019emplois.<\/p>\n\n\n\n<p><em>\u00abLa Tunisie a les atouts et le savoir-faire n\u00e9cessaires pour \u00eatre un p\u00f4le technologique\u00bb<\/em>, a-t-il ajout\u00e9. Aussi, les r\u00e9glementations n\u00e9cessaires doivent-elles \u00eatre d\u00e9velopp\u00e9es pour donner une impulsion \u00e0 ce secteur innovant. <\/p>\n\n\n\n<p><strong><em>D\u2019apr\u00e8s Tap.<\/em><\/strong><\/p>\n","protected":false},"excerpt":{"rendered":"<p>L\u2019hydrog\u00e8ne est un levier de la transition \u00e9nerg\u00e9tique vers une \u00e9conomie bas carbone que la Tunisie doit d\u00e9velopper. <\/p>\n","protected":false},"author":8,"featured_media":5205097,"comment_status":"open","ping_status":"open","sticky":false,"template":"","format":"standard","meta":{"footnotes":""},"categories":[54707,995,2433],"tags":[5178,104630,104631,104628,104626,104627,104629,101559],"class_list":["post-5205028","post","type-post","status-publish","format-standard","has-post-thumbnail","hentry","category-auto","category-economie","category-tunisie","tag-ahk","tag-economie-bas-carbone","tag-industry-innovation-day","tag-jorn-bousselmi-2","tag-moteur-a-essence","tag-moteur-a-hydrogene","tag-transition-energetique-2","tag-tunisie-2"],"yoast_head":"<!-- This site is optimized with the Yoast SEO plugin v26.6 - https:\/\/yoast.com\/wordpress\/plugins\/seo\/ -->\n<title>La Tunisie doit se pr\u00e9parer au passage au moteur \u00e9lectrique et \u00e0 hydrog\u00e8ne - Kapitalis<\/title>\n<meta name=\"robots\" content=\"index, follow, max-snippet:-1, max-image-preview:large, max-video-preview:-1\" \/>\n<link rel=\"canonical\" href=\"https:\/\/kapitalis.com\/tunisie\/2022\/11\/24\/la-tunisie-doit-se-preparer-au-passage-au-moteur-electrique-et-a-hydrogene\/\" \/>\n<meta property=\"og:locale\" content=\"fr_FR\" \/>\n<meta property=\"og:type\" content=\"article\" \/>\n<meta property=\"og:title\" content=\"La Tunisie doit se pr\u00e9parer au passage au moteur \u00e9lectrique et \u00e0 hydrog\u00e8ne - Kapitalis\" \/>\n<meta property=\"og:description\" content=\"L\u2019hydrog\u00e8ne est un levier de la transition \u00e9nerg\u00e9tique vers une \u00e9conomie bas carbone que la Tunisie doit d\u00e9velopper.\" \/>\n<meta property=\"og:url\" content=\"https:\/\/kapitalis.com\/tunisie\/2022\/11\/24\/la-tunisie-doit-se-preparer-au-passage-au-moteur-electrique-et-a-hydrogene\/\" \/>\n<meta property=\"og:site_name\" content=\"Kapitalis\" \/>\n<meta property=\"article:publisher\" content=\"https:\/\/www.facebook.com\/KapitalisInfo\/\" \/>\n<meta property=\"article:published_time\" content=\"2022-11-24T08:37:55+00:00\" \/>\n<meta property=\"article:modified_time\" content=\"2022-11-24T08:37:56+00:00\" \/>\n<meta property=\"og:image\" content=\"https:\/\/kapitalis.com\/tunisie\/wp-content\/uploads\/2022\/11\/Industry-Innovation-Day-2022.jpg\" \/>\n\t<meta property=\"og:image:width\" content=\"1200\" \/>\n\t<meta property=\"og:image:height\" content=\"630\" \/>\n\t<meta property=\"og:image:type\" content=\"image\/jpeg\" \/>\n<meta name=\"author\" content=\"webmaster kapitalis\" \/>\n<meta name=\"twitter:card\" content=\"summary_large_image\" \/>\n<meta name=\"twitter:creator\" content=\"@KapitalisInfo\" \/>\n<meta name=\"twitter:site\" content=\"@KapitalisInfo\" \/>\n<meta name=\"twitter:label1\" content=\"\u00c9crit par\" \/>\n\t<meta name=\"twitter:data1\" content=\"webmaster kapitalis\" \/>\n\t<meta name=\"twitter:label2\" content=\"Dur\u00e9e de lecture estim\u00e9e\" \/>\n\t<meta name=\"twitter:data2\" content=\"1 minute\" \/>\n<script type=\"application\/ld+json\" class=\"yoast-schema-graph\">{\"@context\":\"https:\/\/schema.org\",\"@graph\":[{\"@type\":\"Article\",\"@id\":\"https:\/\/kapitalis.com\/tunisie\/2022\/11\/24\/la-tunisie-doit-se-preparer-au-passage-au-moteur-electrique-et-a-hydrogene\/#article\",\"isPartOf\":{\"@id\":\"https:\/\/kapitalis.com\/tunisie\/2022\/11\/24\/la-tunisie-doit-se-preparer-au-passage-au-moteur-electrique-et-a-hydrogene\/\"},\"author\":{\"name\":\"webmaster kapitalis\",\"@id\":\"https:\/\/kapitalis.com\/tunisie\/#\/schema\/person\/d71f33a9ca44f7bad4698210b480c8e9\"},\"headline\":\"La Tunisie doit se pr\u00e9parer au passage au moteur \u00e9lectrique et \u00e0 hydrog\u00e8ne\",\"datePublished\":\"2022-11-24T08:37:55+00:00\",\"dateModified\":\"2022-11-24T08:37:56+00:00\",\"mainEntityOfPage\":{\"@id\":\"https:\/\/kapitalis.com\/tunisie\/2022\/11\/24\/la-tunisie-doit-se-preparer-au-passage-au-moteur-electrique-et-a-hydrogene\/\"},\"wordCount\":255,\"commentCount\":3,\"publisher\":{\"@id\":\"https:\/\/kapitalis.com\/tunisie\/#organization\"},\"image\":{\"@id\":\"https:\/\/kapitalis.com\/tunisie\/2022\/11\/24\/la-tunisie-doit-se-preparer-au-passage-au-moteur-electrique-et-a-hydrogene\/#primaryimage\"},\"thumbnailUrl\":\"https:\/\/kapitalis.com\/tunisie\/wp-content\/uploads\/2022\/11\/Industry-Innovation-Day-2022.jpg\",\"keywords\":[\"AHK\",\"\u00e9conomie bas carbone\",\"Industry Innovation Day\",\"J\u00f6rn Bousselmi\",\"moteur \u00e0 essence\",\"moteur \u00e0 hydrog\u00e8ne\",\"transition \u00e9nerg\u00e9tique;\",\"Tunisie;\"],\"articleSection\":[\"AUTO\",\"ECONOMIE\",\"Tunisie\"],\"inLanguage\":\"fr-FR\",\"potentialAction\":[{\"@type\":\"CommentAction\",\"name\":\"Comment\",\"target\":[\"https:\/\/kapitalis.com\/tunisie\/2022\/11\/24\/la-tunisie-doit-se-preparer-au-passage-au-moteur-electrique-et-a-hydrogene\/#respond\"]}]},{\"@type\":\"WebPage\",\"@id\":\"https:\/\/kapitalis.com\/tunisie\/2022\/11\/24\/la-tunisie-doit-se-preparer-au-passage-au-moteur-electrique-et-a-hydrogene\/\",\"url\":\"https:\/\/kapitalis.com\/tunisie\/2022\/11\/24\/la-tunisie-doit-se-preparer-au-passage-au-moteur-electrique-et-a-hydrogene\/\",\"name\":\"La Tunisie doit se pr\u00e9parer au passage au moteur \u00e9lectrique et \u00e0 hydrog\u00e8ne - Kapitalis\",\"isPartOf\":{\"@id\":\"https:\/\/kapitalis.com\/tunisie\/#website\"},\"primaryImageOfPage\":{\"@id\":\"https:\/\/kapitalis.com\/tunisie\/2022\/11\/24\/la-tunisie-doit-se-preparer-au-passage-au-moteur-electrique-et-a-hydrogene\/#primaryimage\"},\"image\":{\"@id\":\"https:\/\/kapitalis.com\/tunisie\/2022\/11\/24\/la-tunisie-doit-se-preparer-au-passage-au-moteur-electrique-et-a-hydrogene\/#primaryimage\"},\"thumbnailUrl\":\"https:\/\/kapitalis.com\/tunisie\/wp-content\/uploads\/2022\/11\/Industry-Innovation-Day-2022.jpg\",\"datePublished\":\"2022-11-24T08:37:55+00:00\",\"dateModified\":\"2022-11-24T08:37:56+00:00\",\"breadcrumb\":{\"@id\":\"https:\/\/kapitalis.com\/tunisie\/2022\/11\/24\/la-tunisie-doit-se-preparer-au-passage-au-moteur-electrique-et-a-hydrogene\/#breadcrumb\"},\"inLanguage\":\"fr-FR\",\"potentialAction\":[{\"@type\":\"ReadAction\",\"target\":[\"https:\/\/kapitalis.com\/tunisie\/2022\/11\/24\/la-tunisie-doit-se-preparer-au-passage-au-moteur-electrique-et-a-hydrogene\/\"]}]},{\"@type\":\"ImageObject\",\"inLanguage\":\"fr-FR\",\"@id\":\"https:\/\/kapitalis.com\/tunisie\/2022\/11\/24\/la-tunisie-doit-se-preparer-au-passage-au-moteur-electrique-et-a-hydrogene\/#primaryimage\",\"url\":\"https:\/\/kapitalis.com\/tunisie\/wp-content\/uploads\/2022\/11\/Industry-Innovation-Day-2022.jpg\",\"contentUrl\":\"https:\/\/kapitalis.com\/tunisie\/wp-content\/uploads\/2022\/11\/Industry-Innovation-Day-2022.jpg\",\"width\":1200,\"height\":630},{\"@type\":\"BreadcrumbList\",\"@id\":\"https:\/\/kapitalis.com\/tunisie\/2022\/11\/24\/la-tunisie-doit-se-preparer-au-passage-au-moteur-electrique-et-a-hydrogene\/#breadcrumb\",\"itemListElement\":[{\"@type\":\"ListItem\",\"position\":1,\"name\":\"Accueil\",\"item\":\"https:\/\/kapitalis.com\/tunisie\/\"},{\"@type\":\"ListItem\",\"position\":2,\"name\":\"La Tunisie doit se pr\u00e9parer au passage au moteur \u00e9lectrique et \u00e0 hydrog\u00e8ne\"}]},{\"@type\":\"WebSite\",\"@id\":\"https:\/\/kapitalis.com\/tunisie\/#website\",\"url\":\"https:\/\/kapitalis.com\/tunisie\/\",\"name\":\"Kapitalis\",\"description\":\"L&#039;actualit\u00e9 en Tunisie et dans le monde\",\"publisher\":{\"@id\":\"https:\/\/kapitalis.com\/tunisie\/#organization\"},\"potentialAction\":[{\"@type\":\"SearchAction\",\"target\":{\"@type\":\"EntryPoint\",\"urlTemplate\":\"https:\/\/kapitalis.com\/tunisie\/?s={search_term_string}\"},\"query-input\":{\"@type\":\"PropertyValueSpecification\",\"valueRequired\":true,\"valueName\":\"search_term_string\"}}],\"inLanguage\":\"fr-FR\"},{\"@type\":\"Organization\",\"@id\":\"https:\/\/kapitalis.com\/tunisie\/#organization\",\"name\":\"Kapitalis\",\"url\":\"https:\/\/kapitalis.com\/tunisie\/\",\"logo\":{\"@type\":\"ImageObject\",\"inLanguage\":\"fr-FR\",\"@id\":\"https:\/\/kapitalis.com\/tunisie\/#\/schema\/logo\/image\/\",\"url\":\"https:\/\/kapitalis.com\/tunisie\/wp-content\/uploads\/2022\/05\/Kapitalis-big-size.png\",\"contentUrl\":\"https:\/\/kapitalis.com\/tunisie\/wp-content\/uploads\/2022\/05\/Kapitalis-big-size.png\",\"width\":5000,\"height\":1500,\"caption\":\"Kapitalis\"},\"image\":{\"@id\":\"https:\/\/kapitalis.com\/tunisie\/#\/schema\/logo\/image\/\"},\"sameAs\":[\"https:\/\/www.facebook.com\/KapitalisInfo\/\",\"https:\/\/x.com\/KapitalisInfo\",\"https:\/\/www.youtube.com\/channel\/UC-yDYrHyfFBWWZaOw3FPg9Q\"]},{\"@type\":\"Person\",\"@id\":\"https:\/\/kapitalis.com\/tunisie\/#\/schema\/person\/d71f33a9ca44f7bad4698210b480c8e9\",\"name\":\"webmaster kapitalis\",\"url\":\"https:\/\/kapitalis.com\/tunisie\/author\/webmaster-kapitalis\/\"}]}<\/script>\n<!-- \/ Yoast SEO plugin. -->","yoast_head_json":{"title":"La Tunisie doit se pr\u00e9parer au passage au moteur \u00e9lectrique et \u00e0 hydrog\u00e8ne - Kapitalis","robots":{"index":"index","follow":"follow","max-snippet":"max-snippet:-1","max-image-preview":"max-image-preview:large","max-video-preview":"max-video-preview:-1"},"canonical":"https:\/\/kapitalis.com\/tunisie\/2022\/11\/24\/la-tunisie-doit-se-preparer-au-passage-au-moteur-electrique-et-a-hydrogene\/","og_locale":"fr_FR","og_type":"article","og_title":"La Tunisie doit se pr\u00e9parer au passage au moteur \u00e9lectrique et \u00e0 hydrog\u00e8ne - Kapitalis","og_description":"L\u2019hydrog\u00e8ne est un levier de la transition \u00e9nerg\u00e9tique vers une \u00e9conomie bas carbone que la Tunisie doit d\u00e9velopper.","og_url":"https:\/\/kapitalis.com\/tunisie\/2022\/11\/24\/la-tunisie-doit-se-preparer-au-passage-au-moteur-electrique-et-a-hydrogene\/","og_site_name":"Kapitalis","article_publisher":"https:\/\/www.facebook.com\/KapitalisInfo\/","article_published_time":"2022-11-24T08:37:55+00:00","article_modified_time":"2022-11-24T08:37:56+00:00","og_image":[{"width":1200,"height":630,"url":"https:\/\/kapitalis.com\/tunisie\/wp-content\/uploads\/2022\/11\/Industry-Innovation-Day-2022.jpg","type":"image\/jpeg"}],"author":"webmaster kapitalis","twitter_card":"summary_large_image","twitter_creator":"@KapitalisInfo","twitter_site":"@KapitalisInfo","twitter_misc":{"\u00c9crit par":"webmaster kapitalis","Dur\u00e9e de lecture estim\u00e9e":"1 minute"},"schema":{"@context":"https:\/\/schema.org","@graph":[{"@type":"Article","@id":"https:\/\/kapitalis.com\/tunisie\/2022\/11\/24\/la-tunisie-doit-se-preparer-au-passage-au-moteur-electrique-et-a-hydrogene\/#article","isPartOf":{"@id":"https:\/\/kapitalis.com\/tunisie\/2022\/11\/24\/la-tunisie-doit-se-preparer-au-passage-au-moteur-electrique-et-a-hydrogene\/"},"author":{"name":"webmaster kapitalis","@id":"https:\/\/kapitalis.com\/tunisie\/#\/schema\/person\/d71f33a9ca44f7bad4698210b480c8e9"},"headline":"La Tunisie doit se pr\u00e9parer au passage au moteur \u00e9lectrique et \u00e0 hydrog\u00e8ne","datePublished":"2022-11-24T08:37:55+00:00","dateModified":"2022-11-24T08:37:56+00:00","mainEntityOfPage":{"@id":"https:\/\/kapitalis.com\/tunisie\/2022\/11\/24\/la-tunisie-doit-se-preparer-au-passage-au-moteur-electrique-et-a-hydrogene\/"},"wordCount":255,"commentCount":3,"publisher":{"@id":"https:\/\/kapitalis.com\/tunisie\/#organization"},"image":{"@id":"https:\/\/kapitalis.com\/tunisie\/2022\/11\/24\/la-tunisie-doit-se-preparer-au-passage-au-moteur-electrique-et-a-hydrogene\/#primaryimage"},"thumbnailUrl":"https:\/\/kapitalis.com\/tunisie\/wp-content\/uploads\/2022\/11\/Industry-Innovation-Day-2022.jpg","keywords":["AHK","\u00e9conomie bas carbone","Industry Innovation Day","J\u00f6rn Bousselmi","moteur \u00e0 essence","moteur \u00e0 hydrog\u00e8ne","transition \u00e9nerg\u00e9tique;","Tunisie;"],"articleSection":["AUTO","ECONOMIE","Tunisie"],"inLanguage":"fr-FR","potentialAction":[{"@type":"CommentAction","name":"Comment","target":["https:\/\/kapitalis.com\/tunisie\/2022\/11\/24\/la-tunisie-doit-se-preparer-au-passage-au-moteur-electrique-et-a-hydrogene\/#respond"]}]},{"@type":"WebPage","@id":"https:\/\/kapitalis.com\/tunisie\/2022\/11\/24\/la-tunisie-doit-se-preparer-au-passage-au-moteur-electrique-et-a-hydrogene\/","url":"https:\/\/kapitalis.com\/tunisie\/2022\/11\/24\/la-tunisie-doit-se-preparer-au-passage-au-moteur-electrique-et-a-hydrogene\/","name":"La Tunisie doit se pr\u00e9parer au passage au moteur \u00e9lectrique et \u00e0 hydrog\u00e8ne - Kapitalis","isPartOf":{"@id":"https:\/\/kapitalis.com\/tunisie\/#website"},"primaryImageOfPage":{"@id":"https:\/\/kapitalis.com\/tunisie\/2022\/11\/24\/la-tunisie-doit-se-preparer-au-passage-au-moteur-electrique-et-a-hydrogene\/#primaryimage"},"image":{"@id":"https:\/\/kapitalis.com\/tunisie\/2022\/11\/24\/la-tunisie-doit-se-preparer-au-passage-au-moteur-electrique-et-a-hydrogene\/#primaryimage"},"thumbnailUrl":"https:\/\/kapitalis.com\/tunisie\/wp-content\/uploads\/2022\/11\/Industry-Innovation-Day-2022.jpg","datePublished":"2022-11-24T08:37:55+00:00","dateModified":"2022-11-24T08:37:56+00:00","breadcrumb":{"@id":"https:\/\/kapitalis.com\/tunisie\/2022\/11\/24\/la-tunisie-doit-se-preparer-au-passage-au-moteur-electrique-et-a-hydrogene\/#breadcrumb"},"inLanguage":"fr-FR","potentialAction":[{"@type":"ReadAction","target":["https:\/\/kapitalis.com\/tunisie\/2022\/11\/24\/la-tunisie-doit-se-preparer-au-passage-au-moteur-electrique-et-a-hydrogene\/"]}]},{"@type":"ImageObject","inLanguage":"fr-FR","@id":"https:\/\/kapitalis.com\/tunisie\/2022\/11\/24\/la-tunisie-doit-se-preparer-au-passage-au-moteur-electrique-et-a-hydrogene\/#primaryimage","url":"https:\/\/kapitalis.com\/tunisie\/wp-content\/uploads\/2022\/11\/Industry-Innovation-Day-2022.jpg","contentUrl":"https:\/\/kapitalis.com\/tunisie\/wp-content\/uploads\/2022\/11\/Industry-Innovation-Day-2022.jpg","width":1200,"height":630},{"@type":"BreadcrumbList","@id":"https:\/\/kapitalis.com\/tunisie\/2022\/11\/24\/la-tunisie-doit-se-preparer-au-passage-au-moteur-electrique-et-a-hydrogene\/#breadcrumb","itemListElement":[{"@type":"ListItem","position":1,"name":"Accueil","item":"https:\/\/kapitalis.com\/tunisie\/"},{"@type":"ListItem","position":2,"name":"La Tunisie doit se pr\u00e9parer au passage au moteur \u00e9lectrique et \u00e0 hydrog\u00e8ne"}]},{"@type":"WebSite","@id":"https:\/\/kapitalis.com\/tunisie\/#website","url":"https:\/\/kapitalis.com\/tunisie\/","name":"Kapitalis","description":"L&#039;actualit\u00e9 en Tunisie et dans le monde","publisher":{"@id":"https:\/\/kapitalis.com\/tunisie\/#organization"},"potentialAction":[{"@type":"SearchAction","target":{"@type":"EntryPoint","urlTemplate":"https:\/\/kapitalis.com\/tunisie\/?s={search_term_string}"},"query-input":{"@type":"PropertyValueSpecification","valueRequired":true,"valueName":"search_term_string"}}],"inLanguage":"fr-FR"},{"@type":"Organization","@id":"https:\/\/kapitalis.com\/tunisie\/#organization","name":"Kapitalis","url":"https:\/\/kapitalis.com\/tunisie\/","logo":{"@type":"ImageObject","inLanguage":"fr-FR","@id":"https:\/\/kapitalis.com\/tunisie\/#\/schema\/logo\/image\/","url":"https:\/\/kapitalis.com\/tunisie\/wp-content\/uploads\/2022\/05\/Kapitalis-big-size.png","contentUrl":"https:\/\/kapitalis.com\/tunisie\/wp-content\/uploads\/2022\/05\/Kapitalis-big-size.png","width":5000,"height":1500,"caption":"Kapitalis"},"image":{"@id":"https:\/\/kapitalis.com\/tunisie\/#\/schema\/logo\/image\/"},"sameAs":["https:\/\/www.facebook.com\/KapitalisInfo\/","https:\/\/x.com\/KapitalisInfo","https:\/\/www.youtube.com\/channel\/UC-yDYrHyfFBWWZaOw3FPg9Q"]},{"@type":"Person","@id":"https:\/\/kapitalis.com\/tunisie\/#\/schema\/person\/d71f33a9ca44f7bad4698210b480c8e9","name":"webmaster kapitalis","url":"https:\/\/kapitalis.com\/tunisie\/author\/webmaster-kapitalis\/"}]}},"_links":{"self":[{"href":"https:\/\/kapitalis.com\/tunisie\/wp-json\/wp\/v2\/posts\/5205028","targetHints":{"allow":["GET"]}}],"collection":[{"href":"https:\/\/kapitalis.com\/tunisie\/wp-json\/wp\/v2\/posts"}],"about":[{"href":"https:\/\/kapitalis.com\/tunisie\/wp-json\/wp\/v2\/types\/post"}],"author":[{"embeddable":true,"href":"https:\/\/kapitalis.com\/tunisie\/wp-json\/wp\/v2\/users\/8"}],"replies":[{"embeddable":true,"href":"https:\/\/kapitalis.com\/tunisie\/wp-json\/wp\/v2\/comments?post=5205028"}],"version-history":[{"count":1,"href":"https:\/\/kapitalis.com\/tunisie\/wp-json\/wp\/v2\/posts\/5205028\/revisions"}],"predecessor-version":[{"id":5205121,"href":"https:\/\/kapitalis.com\/tunisie\/wp-json\/wp\/v2\/posts\/5205028\/revisions\/5205121"}],"wp:featuredmedia":[{"embeddable":true,"href":"https:\/\/kapitalis.com\/tunisie\/wp-json\/wp\/v2\/media\/5205097"}],"wp:attachment":[{"href":"https:\/\/kapitalis.com\/tunisie\/wp-json\/wp\/v2\/media?parent=5205028"}],"wp:term":[{"taxonomy":"category","embeddable":true,"href":"https:\/\/kapitalis.com\/tunisie\/wp-json\/wp\/v2\/categories?post=5205028"},{"taxonomy":"post_tag","embeddable":true,"href":"https:\/\/kapitalis.com\/tunisie\/wp-json\/wp\/v2\/tags?post=5205028"}],"curies":[{"name":"wp","href":"https:\/\/api.w.org\/{rel}","templated":true}]}}