{"id":5205544,"date":"2022-11-24T10:26:23","date_gmt":"2022-11-24T09:26:23","guid":{"rendered":"https:\/\/kapitalis.com\/tunisie\/?p=5205544"},"modified":"2022-11-24T10:26:24","modified_gmt":"2022-11-24T09:26:24","slug":"le-comite-de-defense-de-belaid-et-brahmi-annonce-de-nouvelles-revelations-a-geneve","status":"publish","type":"post","link":"https:\/\/kapitalis.com\/tunisie\/2022\/11\/24\/le-comite-de-defense-de-belaid-et-brahmi-annonce-de-nouvelles-revelations-a-geneve\/","title":{"rendered":"Le comit\u00e9 de d\u00e9fense de Bela\u00efd et Brahmi annonce de nouvelles r\u00e9v\u00e9lations \u00e0 Gen\u00e8ve"},"content":{"rendered":"\n<p><strong><em>Le comit\u00e9 de d\u00e9fense des deux martyrs Chokri Bela\u00efd et Mohamed Brahmi organise avec l&rsquo;Association des Tunisiennes et Tunisiens en Suisse (ATTS), une conf\u00e9rence de presse \u00e0 Gen\u00e8ve, le vendredi 25 novembre 2022, promettant de nouvelles r\u00e9v\u00e9lations&#8230;<\/em><\/strong><\/p>\n\n\n\n<!--more-->\n\n\n\n<p>Ces r\u00e9v\u00e9lations concerneraient les assassinats des deux politiciens et \u00ab<em>l&rsquo;organisation secr\u00e8te du parti islamiste Ennahdha<\/em>\u00bb, selon le texte du communiqu\u00e9.<\/p>\n\n\n\n<p>La conf\u00e9rence sera suivie d&rsquo;un d\u00e9bat avec le public et de la projection du film Chambres noires.<\/p>\n\n\n\n<p>Elle aura lieu \u00e0 la Maison des associations, situ\u00e9e au 15 rue des Savoises, 1205, Gen\u00e8ve.<\/p>\n\n\n<div class=\"wp-block-image\">\n<figure class=\"aligncenter size-large is-resized\"><img decoding=\"async\" src=\"https:\/\/kapitalis.com\/tunisie\/wp-content\/uploads\/2022\/11\/conf.-geneve-725x1024.jpg\" alt=\"\" class=\"wp-image-5205796\" width=\"600\" srcset=\"https:\/\/kapitalis.com\/tunisie\/wp-content\/uploads\/2022\/11\/conf.-geneve-725x1024.jpg 725w, https:\/\/kapitalis.com\/tunisie\/wp-content\/uploads\/2022\/11\/conf.-geneve-212x300.jpg 212w, https:\/\/kapitalis.com\/tunisie\/wp-content\/uploads\/2022\/11\/conf.-geneve-580x820.jpg 580w, https:\/\/kapitalis.com\/tunisie\/wp-content\/uploads\/2022\/11\/conf.-geneve.jpg 750w\" sizes=\"(max-width: 725px) 100vw, 725px\" \/><\/figure>\n<\/div>\n\n\n<p class=\"has-text-align-right\"><strong>C. B. Y.<\/strong><\/p>\n\n\n\n<p><\/p>\n","protected":false},"excerpt":{"rendered":"<p>Le comit\u00e9 de d\u00e9fense des deux martyrs Chokri Bela\u00efd et Mohamed Brahmi organise avec l&rsquo;Association des Tunisiennes et Tunisiens en Suisse (ATTS), une conf\u00e9rence de presse \u00e0 Gen\u00e8ve, le vendredi 25 novembre 2022, promettant de nouvelles r\u00e9v\u00e9lations&#8230;<\/p>\n","protected":false},"author":24,"featured_media":1811409,"comment_status":"open","ping_status":"open","sticky":false,"template":"","format":"standard","meta":{"footnotes":""},"categories":[997,2433],"tags":[104633,104632,2794,62643],"class_list":["post-5205544","post","type-post","status-publish","format-standard","has-post-thumbnail","hentry","category-politique","category-tunisie","tag-atts","tag-belaid-et-brahmi-2","tag-geneve","tag-tunisie"],"yoast_head":"<!-- This site is optimized with the Yoast SEO plugin v26.6 - https:\/\/yoast.com\/wordpress\/plugins\/seo\/ -->\n<title>Le comit\u00e9 de d\u00e9fense de Bela\u00efd et Brahmi annonce de nouvelles r\u00e9v\u00e9lations \u00e0 Gen\u00e8ve - Kapitalis<\/title>\n<meta name=\"robots\" content=\"index, follow, max-snippet:-1, max-image-preview:large, max-video-preview:-1\" \/>\n<link rel=\"canonical\" href=\"https:\/\/kapitalis.com\/tunisie\/2022\/11\/24\/le-comite-de-defense-de-belaid-et-brahmi-annonce-de-nouvelles-revelations-a-geneve\/\" \/>\n<meta property=\"og:locale\" content=\"fr_FR\" \/>\n<meta property=\"og:type\" content=\"article\" \/>\n<meta property=\"og:title\" content=\"Le comit\u00e9 de d\u00e9fense de Bela\u00efd et Brahmi annonce de nouvelles r\u00e9v\u00e9lations \u00e0 Gen\u00e8ve - Kapitalis\" \/>\n<meta property=\"og:description\" content=\"Le comit\u00e9 de d\u00e9fense des deux martyrs Chokri Bela\u00efd et Mohamed Brahmi organise avec l&rsquo;Association des Tunisiennes et Tunisiens en Suisse (ATTS), une conf\u00e9rence de presse \u00e0 Gen\u00e8ve, le vendredi 25 novembre 2022, promettant de nouvelles r\u00e9v\u00e9lations&#8230;\" \/>\n<meta property=\"og:url\" content=\"https:\/\/kapitalis.com\/tunisie\/2022\/11\/24\/le-comite-de-defense-de-belaid-et-brahmi-annonce-de-nouvelles-revelations-a-geneve\/\" \/>\n<meta property=\"og:site_name\" content=\"Kapitalis\" \/>\n<meta property=\"article:publisher\" content=\"https:\/\/www.facebook.com\/KapitalisInfo\/\" \/>\n<meta property=\"article:published_time\" content=\"2022-11-24T09:26:23+00:00\" \/>\n<meta property=\"article:modified_time\" content=\"2022-11-24T09:26:24+00:00\" \/>\n<meta property=\"og:image\" content=\"https:\/\/kapitalis.com\/tunisie\/wp-content\/uploads\/2022\/06\/Belaid-Brahmi.jpg\" \/>\n\t<meta property=\"og:image:width\" content=\"1200\" \/>\n\t<meta property=\"og:image:height\" content=\"630\" \/>\n\t<meta property=\"og:image:type\" content=\"image\/jpeg\" \/>\n<meta name=\"author\" content=\"Cherif Benyounes\" \/>\n<meta name=\"twitter:card\" content=\"summary_large_image\" \/>\n<meta name=\"twitter:creator\" content=\"@KapitalisInfo\" \/>\n<meta name=\"twitter:site\" content=\"@KapitalisInfo\" \/>\n<meta name=\"twitter:label1\" content=\"\u00c9crit par\" \/>\n\t<meta name=\"twitter:data1\" content=\"Cherif Benyounes\" \/>\n\t<meta name=\"twitter:label2\" content=\"Dur\u00e9e de lecture estim\u00e9e\" \/>\n\t<meta name=\"twitter:data2\" content=\"1 minute\" \/>\n<script type=\"application\/ld+json\" class=\"yoast-schema-graph\">{\"@context\":\"https:\/\/schema.org\",\"@graph\":[{\"@type\":\"Article\",\"@id\":\"https:\/\/kapitalis.com\/tunisie\/2022\/11\/24\/le-comite-de-defense-de-belaid-et-brahmi-annonce-de-nouvelles-revelations-a-geneve\/#article\",\"isPartOf\":{\"@id\":\"https:\/\/kapitalis.com\/tunisie\/2022\/11\/24\/le-comite-de-defense-de-belaid-et-brahmi-annonce-de-nouvelles-revelations-a-geneve\/\"},\"author\":{\"name\":\"Cherif Benyounes\",\"@id\":\"https:\/\/kapitalis.com\/tunisie\/#\/schema\/person\/b35b8d631961131107263178aeb8019e\"},\"headline\":\"Le comit\u00e9 de d\u00e9fense de Bela\u00efd et Brahmi annonce de nouvelles r\u00e9v\u00e9lations \u00e0 Gen\u00e8ve\",\"datePublished\":\"2022-11-24T09:26:23+00:00\",\"dateModified\":\"2022-11-24T09:26:24+00:00\",\"mainEntityOfPage\":{\"@id\":\"https:\/\/kapitalis.com\/tunisie\/2022\/11\/24\/le-comite-de-defense-de-belaid-et-brahmi-annonce-de-nouvelles-revelations-a-geneve\/\"},\"wordCount\":118,\"commentCount\":1,\"publisher\":{\"@id\":\"https:\/\/kapitalis.com\/tunisie\/#organization\"},\"image\":{\"@id\":\"https:\/\/kapitalis.com\/tunisie\/2022\/11\/24\/le-comite-de-defense-de-belaid-et-brahmi-annonce-de-nouvelles-revelations-a-geneve\/#primaryimage\"},\"thumbnailUrl\":\"https:\/\/kapitalis.com\/tunisie\/wp-content\/uploads\/2022\/06\/Belaid-Brahmi.jpg\",\"keywords\":[\"ATTS\",\"Bela\u00efd et Brahmi\",\"Gen\u00e8ve\",\"Tunisie\"],\"articleSection\":[\"POLITIQUE\",\"Tunisie\"],\"inLanguage\":\"fr-FR\",\"potentialAction\":[{\"@type\":\"CommentAction\",\"name\":\"Comment\",\"target\":[\"https:\/\/kapitalis.com\/tunisie\/2022\/11\/24\/le-comite-de-defense-de-belaid-et-brahmi-annonce-de-nouvelles-revelations-a-geneve\/#respond\"]}]},{\"@type\":\"WebPage\",\"@id\":\"https:\/\/kapitalis.com\/tunisie\/2022\/11\/24\/le-comite-de-defense-de-belaid-et-brahmi-annonce-de-nouvelles-revelations-a-geneve\/\",\"url\":\"https:\/\/kapitalis.com\/tunisie\/2022\/11\/24\/le-comite-de-defense-de-belaid-et-brahmi-annonce-de-nouvelles-revelations-a-geneve\/\",\"name\":\"Le comit\u00e9 de d\u00e9fense de Bela\u00efd et Brahmi annonce de nouvelles r\u00e9v\u00e9lations \u00e0 Gen\u00e8ve - Kapitalis\",\"isPartOf\":{\"@id\":\"https:\/\/kapitalis.com\/tunisie\/#website\"},\"primaryImageOfPage\":{\"@id\":\"https:\/\/kapitalis.com\/tunisie\/2022\/11\/24\/le-comite-de-defense-de-belaid-et-brahmi-annonce-de-nouvelles-revelations-a-geneve\/#primaryimage\"},\"image\":{\"@id\":\"https:\/\/kapitalis.com\/tunisie\/2022\/11\/24\/le-comite-de-defense-de-belaid-et-brahmi-annonce-de-nouvelles-revelations-a-geneve\/#primaryimage\"},\"thumbnailUrl\":\"https:\/\/kapitalis.com\/tunisie\/wp-content\/uploads\/2022\/06\/Belaid-Brahmi.jpg\",\"datePublished\":\"2022-11-24T09:26:23+00:00\",\"dateModified\":\"2022-11-24T09:26:24+00:00\",\"breadcrumb\":{\"@id\":\"https:\/\/kapitalis.com\/tunisie\/2022\/11\/24\/le-comite-de-defense-de-belaid-et-brahmi-annonce-de-nouvelles-revelations-a-geneve\/#breadcrumb\"},\"inLanguage\":\"fr-FR\",\"potentialAction\":[{\"@type\":\"ReadAction\",\"target\":[\"https:\/\/kapitalis.com\/tunisie\/2022\/11\/24\/le-comite-de-defense-de-belaid-et-brahmi-annonce-de-nouvelles-revelations-a-geneve\/\"]}]},{\"@type\":\"ImageObject\",\"inLanguage\":\"fr-FR\",\"@id\":\"https:\/\/kapitalis.com\/tunisie\/2022\/11\/24\/le-comite-de-defense-de-belaid-et-brahmi-annonce-de-nouvelles-revelations-a-geneve\/#primaryimage\",\"url\":\"https:\/\/kapitalis.com\/tunisie\/wp-content\/uploads\/2022\/06\/Belaid-Brahmi.jpg\",\"contentUrl\":\"https:\/\/kapitalis.com\/tunisie\/wp-content\/uploads\/2022\/06\/Belaid-Brahmi.jpg\",\"width\":1200,\"height\":630},{\"@type\":\"BreadcrumbList\",\"@id\":\"https:\/\/kapitalis.com\/tunisie\/2022\/11\/24\/le-comite-de-defense-de-belaid-et-brahmi-annonce-de-nouvelles-revelations-a-geneve\/#breadcrumb\",\"itemListElement\":[{\"@type\":\"ListItem\",\"position\":1,\"name\":\"Accueil\",\"item\":\"https:\/\/kapitalis.com\/tunisie\/\"},{\"@type\":\"ListItem\",\"position\":2,\"name\":\"Le comit\u00e9 de d\u00e9fense de Bela\u00efd et Brahmi annonce de nouvelles r\u00e9v\u00e9lations \u00e0 Gen\u00e8ve\"}]},{\"@type\":\"WebSite\",\"@id\":\"https:\/\/kapitalis.com\/tunisie\/#website\",\"url\":\"https:\/\/kapitalis.com\/tunisie\/\",\"name\":\"Kapitalis\",\"description\":\"L&#039;actualit\u00e9 en Tunisie et dans le monde\",\"publisher\":{\"@id\":\"https:\/\/kapitalis.com\/tunisie\/#organization\"},\"potentialAction\":[{\"@type\":\"SearchAction\",\"target\":{\"@type\":\"EntryPoint\",\"urlTemplate\":\"https:\/\/kapitalis.com\/tunisie\/?s={search_term_string}\"},\"query-input\":{\"@type\":\"PropertyValueSpecification\",\"valueRequired\":true,\"valueName\":\"search_term_string\"}}],\"inLanguage\":\"fr-FR\"},{\"@type\":\"Organization\",\"@id\":\"https:\/\/kapitalis.com\/tunisie\/#organization\",\"name\":\"Kapitalis\",\"url\":\"https:\/\/kapitalis.com\/tunisie\/\",\"logo\":{\"@type\":\"ImageObject\",\"inLanguage\":\"fr-FR\",\"@id\":\"https:\/\/kapitalis.com\/tunisie\/#\/schema\/logo\/image\/\",\"url\":\"https:\/\/kapitalis.com\/tunisie\/wp-content\/uploads\/2022\/05\/Kapitalis-big-size.png\",\"contentUrl\":\"https:\/\/kapitalis.com\/tunisie\/wp-content\/uploads\/2022\/05\/Kapitalis-big-size.png\",\"width\":5000,\"height\":1500,\"caption\":\"Kapitalis\"},\"image\":{\"@id\":\"https:\/\/kapitalis.com\/tunisie\/#\/schema\/logo\/image\/\"},\"sameAs\":[\"https:\/\/www.facebook.com\/KapitalisInfo\/\",\"https:\/\/x.com\/KapitalisInfo\",\"https:\/\/www.youtube.com\/channel\/UC-yDYrHyfFBWWZaOw3FPg9Q\"]},{\"@type\":\"Person\",\"@id\":\"https:\/\/kapitalis.com\/tunisie\/#\/schema\/person\/b35b8d631961131107263178aeb8019e\",\"name\":\"Cherif Benyounes\",\"url\":\"https:\/\/kapitalis.com\/tunisie\/author\/cherif\/\"}]}<\/script>\n<!-- \/ Yoast SEO plugin. -->","yoast_head_json":{"title":"Le comit\u00e9 de d\u00e9fense de Bela\u00efd et Brahmi annonce de nouvelles r\u00e9v\u00e9lations \u00e0 Gen\u00e8ve - Kapitalis","robots":{"index":"index","follow":"follow","max-snippet":"max-snippet:-1","max-image-preview":"max-image-preview:large","max-video-preview":"max-video-preview:-1"},"canonical":"https:\/\/kapitalis.com\/tunisie\/2022\/11\/24\/le-comite-de-defense-de-belaid-et-brahmi-annonce-de-nouvelles-revelations-a-geneve\/","og_locale":"fr_FR","og_type":"article","og_title":"Le comit\u00e9 de d\u00e9fense de Bela\u00efd et Brahmi annonce de nouvelles r\u00e9v\u00e9lations \u00e0 Gen\u00e8ve - Kapitalis","og_description":"Le comit\u00e9 de d\u00e9fense des deux martyrs Chokri Bela\u00efd et Mohamed Brahmi organise avec l&rsquo;Association des Tunisiennes et Tunisiens en Suisse (ATTS), une conf\u00e9rence de presse \u00e0 Gen\u00e8ve, le vendredi 25 novembre 2022, promettant de nouvelles r\u00e9v\u00e9lations&#8230;","og_url":"https:\/\/kapitalis.com\/tunisie\/2022\/11\/24\/le-comite-de-defense-de-belaid-et-brahmi-annonce-de-nouvelles-revelations-a-geneve\/","og_site_name":"Kapitalis","article_publisher":"https:\/\/www.facebook.com\/KapitalisInfo\/","article_published_time":"2022-11-24T09:26:23+00:00","article_modified_time":"2022-11-24T09:26:24+00:00","og_image":[{"width":1200,"height":630,"url":"https:\/\/kapitalis.com\/tunisie\/wp-content\/uploads\/2022\/06\/Belaid-Brahmi.jpg","type":"image\/jpeg"}],"author":"Cherif Benyounes","twitter_card":"summary_large_image","twitter_creator":"@KapitalisInfo","twitter_site":"@KapitalisInfo","twitter_misc":{"\u00c9crit par":"Cherif Benyounes","Dur\u00e9e de lecture estim\u00e9e":"1 minute"},"schema":{"@context":"https:\/\/schema.org","@graph":[{"@type":"Article","@id":"https:\/\/kapitalis.com\/tunisie\/2022\/11\/24\/le-comite-de-defense-de-belaid-et-brahmi-annonce-de-nouvelles-revelations-a-geneve\/#article","isPartOf":{"@id":"https:\/\/kapitalis.com\/tunisie\/2022\/11\/24\/le-comite-de-defense-de-belaid-et-brahmi-annonce-de-nouvelles-revelations-a-geneve\/"},"author":{"name":"Cherif Benyounes","@id":"https:\/\/kapitalis.com\/tunisie\/#\/schema\/person\/b35b8d631961131107263178aeb8019e"},"headline":"Le comit\u00e9 de d\u00e9fense de Bela\u00efd et Brahmi annonce de nouvelles r\u00e9v\u00e9lations \u00e0 Gen\u00e8ve","datePublished":"2022-11-24T09:26:23+00:00","dateModified":"2022-11-24T09:26:24+00:00","mainEntityOfPage":{"@id":"https:\/\/kapitalis.com\/tunisie\/2022\/11\/24\/le-comite-de-defense-de-belaid-et-brahmi-annonce-de-nouvelles-revelations-a-geneve\/"},"wordCount":118,"commentCount":1,"publisher":{"@id":"https:\/\/kapitalis.com\/tunisie\/#organization"},"image":{"@id":"https:\/\/kapitalis.com\/tunisie\/2022\/11\/24\/le-comite-de-defense-de-belaid-et-brahmi-annonce-de-nouvelles-revelations-a-geneve\/#primaryimage"},"thumbnailUrl":"https:\/\/kapitalis.com\/tunisie\/wp-content\/uploads\/2022\/06\/Belaid-Brahmi.jpg","keywords":["ATTS","Bela\u00efd et Brahmi","Gen\u00e8ve","Tunisie"],"articleSection":["POLITIQUE","Tunisie"],"inLanguage":"fr-FR","potentialAction":[{"@type":"CommentAction","name":"Comment","target":["https:\/\/kapitalis.com\/tunisie\/2022\/11\/24\/le-comite-de-defense-de-belaid-et-brahmi-annonce-de-nouvelles-revelations-a-geneve\/#respond"]}]},{"@type":"WebPage","@id":"https:\/\/kapitalis.com\/tunisie\/2022\/11\/24\/le-comite-de-defense-de-belaid-et-brahmi-annonce-de-nouvelles-revelations-a-geneve\/","url":"https:\/\/kapitalis.com\/tunisie\/2022\/11\/24\/le-comite-de-defense-de-belaid-et-brahmi-annonce-de-nouvelles-revelations-a-geneve\/","name":"Le comit\u00e9 de d\u00e9fense de Bela\u00efd et Brahmi annonce de nouvelles r\u00e9v\u00e9lations \u00e0 Gen\u00e8ve - Kapitalis","isPartOf":{"@id":"https:\/\/kapitalis.com\/tunisie\/#website"},"primaryImageOfPage":{"@id":"https:\/\/kapitalis.com\/tunisie\/2022\/11\/24\/le-comite-de-defense-de-belaid-et-brahmi-annonce-de-nouvelles-revelations-a-geneve\/#primaryimage"},"image":{"@id":"https:\/\/kapitalis.com\/tunisie\/2022\/11\/24\/le-comite-de-defense-de-belaid-et-brahmi-annonce-de-nouvelles-revelations-a-geneve\/#primaryimage"},"thumbnailUrl":"https:\/\/kapitalis.com\/tunisie\/wp-content\/uploads\/2022\/06\/Belaid-Brahmi.jpg","datePublished":"2022-11-24T09:26:23+00:00","dateModified":"2022-11-24T09:26:24+00:00","breadcrumb":{"@id":"https:\/\/kapitalis.com\/tunisie\/2022\/11\/24\/le-comite-de-defense-de-belaid-et-brahmi-annonce-de-nouvelles-revelations-a-geneve\/#breadcrumb"},"inLanguage":"fr-FR","potentialAction":[{"@type":"ReadAction","target":["https:\/\/kapitalis.com\/tunisie\/2022\/11\/24\/le-comite-de-defense-de-belaid-et-brahmi-annonce-de-nouvelles-revelations-a-geneve\/"]}]},{"@type":"ImageObject","inLanguage":"fr-FR","@id":"https:\/\/kapitalis.com\/tunisie\/2022\/11\/24\/le-comite-de-defense-de-belaid-et-brahmi-annonce-de-nouvelles-revelations-a-geneve\/#primaryimage","url":"https:\/\/kapitalis.com\/tunisie\/wp-content\/uploads\/2022\/06\/Belaid-Brahmi.jpg","contentUrl":"https:\/\/kapitalis.com\/tunisie\/wp-content\/uploads\/2022\/06\/Belaid-Brahmi.jpg","width":1200,"height":630},{"@type":"BreadcrumbList","@id":"https:\/\/kapitalis.com\/tunisie\/2022\/11\/24\/le-comite-de-defense-de-belaid-et-brahmi-annonce-de-nouvelles-revelations-a-geneve\/#breadcrumb","itemListElement":[{"@type":"ListItem","position":1,"name":"Accueil","item":"https:\/\/kapitalis.com\/tunisie\/"},{"@type":"ListItem","position":2,"name":"Le comit\u00e9 de d\u00e9fense de Bela\u00efd et Brahmi annonce de nouvelles r\u00e9v\u00e9lations \u00e0 Gen\u00e8ve"}]},{"@type":"WebSite","@id":"https:\/\/kapitalis.com\/tunisie\/#website","url":"https:\/\/kapitalis.com\/tunisie\/","name":"Kapitalis","description":"L&#039;actualit\u00e9 en Tunisie et dans le monde","publisher":{"@id":"https:\/\/kapitalis.com\/tunisie\/#organization"},"potentialAction":[{"@type":"SearchAction","target":{"@type":"EntryPoint","urlTemplate":"https:\/\/kapitalis.com\/tunisie\/?s={search_term_string}"},"query-input":{"@type":"PropertyValueSpecification","valueRequired":true,"valueName":"search_term_string"}}],"inLanguage":"fr-FR"},{"@type":"Organization","@id":"https:\/\/kapitalis.com\/tunisie\/#organization","name":"Kapitalis","url":"https:\/\/kapitalis.com\/tunisie\/","logo":{"@type":"ImageObject","inLanguage":"fr-FR","@id":"https:\/\/kapitalis.com\/tunisie\/#\/schema\/logo\/image\/","url":"https:\/\/kapitalis.com\/tunisie\/wp-content\/uploads\/2022\/05\/Kapitalis-big-size.png","contentUrl":"https:\/\/kapitalis.com\/tunisie\/wp-content\/uploads\/2022\/05\/Kapitalis-big-size.png","width":5000,"height":1500,"caption":"Kapitalis"},"image":{"@id":"https:\/\/kapitalis.com\/tunisie\/#\/schema\/logo\/image\/"},"sameAs":["https:\/\/www.facebook.com\/KapitalisInfo\/","https:\/\/x.com\/KapitalisInfo","https:\/\/www.youtube.com\/channel\/UC-yDYrHyfFBWWZaOw3FPg9Q"]},{"@type":"Person","@id":"https:\/\/kapitalis.com\/tunisie\/#\/schema\/person\/b35b8d631961131107263178aeb8019e","name":"Cherif Benyounes","url":"https:\/\/kapitalis.com\/tunisie\/author\/cherif\/"}]}},"_links":{"self":[{"href":"https:\/\/kapitalis.com\/tunisie\/wp-json\/wp\/v2\/posts\/5205544","targetHints":{"allow":["GET"]}}],"collection":[{"href":"https:\/\/kapitalis.com\/tunisie\/wp-json\/wp\/v2\/posts"}],"about":[{"href":"https:\/\/kapitalis.com\/tunisie\/wp-json\/wp\/v2\/types\/post"}],"author":[{"embeddable":true,"href":"https:\/\/kapitalis.com\/tunisie\/wp-json\/wp\/v2\/users\/24"}],"replies":[{"embeddable":true,"href":"https:\/\/kapitalis.com\/tunisie\/wp-json\/wp\/v2\/comments?post=5205544"}],"version-history":[{"count":2,"href":"https:\/\/kapitalis.com\/tunisie\/wp-json\/wp\/v2\/posts\/5205544\/revisions"}],"predecessor-version":[{"id":5205804,"href":"https:\/\/kapitalis.com\/tunisie\/wp-json\/wp\/v2\/posts\/5205544\/revisions\/5205804"}],"wp:featuredmedia":[{"embeddable":true,"href":"https:\/\/kapitalis.com\/tunisie\/wp-json\/wp\/v2\/media\/1811409"}],"wp:attachment":[{"href":"https:\/\/kapitalis.com\/tunisie\/wp-json\/wp\/v2\/media?parent=5205544"}],"wp:term":[{"taxonomy":"category","embeddable":true,"href":"https:\/\/kapitalis.com\/tunisie\/wp-json\/wp\/v2\/categories?post=5205544"},{"taxonomy":"post_tag","embeddable":true,"href":"https:\/\/kapitalis.com\/tunisie\/wp-json\/wp\/v2\/tags?post=5205544"}],"curies":[{"name":"wp","href":"https:\/\/api.w.org\/{rel}","templated":true}]}}