{"id":5207462,"date":"2022-11-24T12:40:26","date_gmt":"2022-11-24T11:40:26","guid":{"rendered":"https:\/\/kapitalis.com\/tunisie\/?p=5207462"},"modified":"2022-11-29T08:37:15","modified_gmt":"2022-11-29T07:37:15","slug":"apres-le-succes-du-sommet-de-la-francophonie-djerba-25e-gouvernorat-de-la-tunisie","status":"publish","type":"post","link":"https:\/\/kapitalis.com\/tunisie\/2022\/11\/24\/apres-le-succes-du-sommet-de-la-francophonie-djerba-25e-gouvernorat-de-la-tunisie\/","title":{"rendered":"Apr\u00e8s le succ\u00e8s du Sommet de la Francophonie, Djerba 25e gouvernorat de la Tunisie"},"content":{"rendered":"\n<p><strong><em>Apr\u00e8s le succ\u00e8s du 18<sup>e<\/sup> Sommet de la Francophonie, l\u2019\u00eele de Djerba est reconnaissante au pr\u00e9sident de la r\u00e9publique Ka\u00efs Sa\u00efed qui lui a permis d\u2019abriter cet \u00e9v\u00e9nement international et de prouver une nouvelle fois son sens de l\u2019hospitalit\u00e9. \u00a0<\/em><\/strong><\/p>\n\n\n\n<p>Par <strong>Fathi Ben Hamidane<\/strong> *<\/p>\n\n\n\n<!--more-->\n\n\n<div class=\"wp-block-image\">\n<figure class=\"alignleft size-full\"><img decoding=\"async\" src=\"http:\/\/kapitalis.com\/tunisie\/wp-content\/uploads\/2020\/06\/Fathi-Ben-Hamidane.jpg\" alt=\"\" class=\"wp-image-305823\"\/><\/figure>\n<\/div>\n\n\n<p>Les travaux du 18e Sommet de la Francophonie viennent de s\u2019achever dans l\u2019\u00eele des r\u00eaves (19-20 novembre 2022). De l\u2019aveu tr\u00e8s largement partag\u00e9, ce Sommet a connu un grand succ\u00e8s. N\u2019en d\u00e9plaise \u00e0 tous ses d\u00e9tracteurs, \u00e0 tous ceux qui ne tiennent pas la francophonie et l\u2019ouverture sur le monde dans leur c\u0153ur et \u00e0 tous ceux qui doutaient de la capacit\u00e9 de notre pays et de notre \u00eele d\u2019organiser et de g\u00e9rer un \u00e9v\u00e8nement de cette importance et de cette envergure, le pr\u00e9sident de la r\u00e9publique a adopt\u00e9 une attitude claire, ferme et d\u00e9termin\u00e9e&nbsp;: donner une chance aux r\u00e9gions de l\u2019int\u00e9rieur de participer, elles aussi, \u00e0 tout ce qui touche la Tunisie, son pr\u00e9sent et son avenir.<\/p>\n\n\n\n<p>Face \u00e0 tous les sceptiques et d\u00e9tracteurs, le pr\u00e9sident a toujours maintenu une position ferme&nbsp;: le Sommet aura bien lieu \u00e0 Djerba et sera une r\u00e9ussite&nbsp;! Il a d\u00e9fendu farouchement et sans h\u00e9sitation, avec fermet\u00e9 et rigueur, ce projet qui s\u2019est r\u00e9v\u00e9l\u00e9 \u00eatre, au bout du compte, un exploit remarquable pour la Tunisie, f\u00e9d\u00e9rateur et certainement b\u00e9n\u00e9fique \u00e0 plus d\u2019un titre.<\/p>\n\n\n\n<h2 class=\"wp-block-heading\">Une terre d\u2019accueil et d\u2019\u00e9change<\/h2>\n\n\n\n<p>Tout d\u2019abord, le succ\u00e8s de ce sommet a permis \u00e0 notre pays de briller \u00e0 nouveau sur la sc\u00e8ne mondiale. La Tunisie qui a longtemps \u00e9t\u00e9 par le pass\u00e9 une terre d\u2019accueil et d\u2019\u00e9change et un pays entendu et \u00e9cout\u00e9, respect\u00e9 et salu\u00e9 dans les organisations internationales et les institutions et forums mondiaux, retrouvera sans nul doute, apr\u00e8s ce succ\u00e8s diplomatique, la place qui est la sienne au sein de la communaut\u00e9 internationale. Ceci, gr\u00e2ce \u00e0 ses femmes, ses hommes et ses jeunes qui ont apport\u00e9 la preuve de leur comp\u00e9tence, d\u00e9vouement et abn\u00e9gation.<\/p>\n\n\n\n<figure class=\"wp-block-embed is-type-wp-embed is-provider-kapitalis wp-block-embed-kapitalis\"><div class=\"wp-block-embed__wrapper\">\n<blockquote class=\"wp-embedded-content\" data-secret=\"8ggJe0x5Kf\"><a href=\"https:\/\/kapitalis.com\/tunisie\/2020\/04\/21\/djerba-marginalisee-et-blessee-nen-peut-plus\/\">Djerba, marginalis\u00e9e et bless\u00e9e, n\u2019en peut plus<\/a><\/blockquote><iframe loading=\"lazy\" class=\"wp-embedded-content\" sandbox=\"allow-scripts\" security=\"restricted\" style=\"position: absolute; clip: rect(1px, 1px, 1px, 1px);\" title=\"\u00ab\u00a0Djerba, marginalis\u00e9e et bless\u00e9e, n\u2019en peut plus\u00a0\u00bb &#8212; Kapitalis\" src=\"https:\/\/kapitalis.com\/tunisie\/2020\/04\/21\/djerba-marginalisee-et-blessee-nen-peut-plus\/embed\/#?secret=RcNdbngW1d#?secret=8ggJe0x5Kf\" data-secret=\"8ggJe0x5Kf\" width=\"600\" height=\"338\" frameborder=\"0\" marginwidth=\"0\" marginheight=\"0\" scrolling=\"no\"><\/iframe>\n<\/div><\/figure>\n\n\n\n<p>Une fois la confiance g\u00e9n\u00e9rale retrouv\u00e9e dans le pays et une fois les frictions et les clivages politiques et partisans d\u00e9pass\u00e9s, ce beau et magnifique pays qui nous est cher deviendra un havre de paix et un p\u00f4le de d\u00e9veloppement o\u00f9 il fera bon vivre et o\u00f9 la culture, la cr\u00e9ativit\u00e9 et la libre entreprise retrouveront leur droit et la place qui leur est due.<\/p>\n\n\n\n<p>L\u2019organisation de ce sommet, et surtout les diverses activit\u00e9s et autres spectacles, concerts et expositions de tout genre, ont donn\u00e9 une id\u00e9e claire de l\u2019\u00e9tendue du savoir-faire tunisien, de la cr\u00e9ativit\u00e9 artistique, artisanale et scientifique de ces femmes et de ces hommes capables de pousser ce pays, encore et encore vers les sommets. Ces jeunes, ces artisans et ces artistes sont une grande fiert\u00e9 pour tous et invitent \u00e0 croire que l\u2019avenir de notre pays ne pourra \u00eatre que rose.<\/p>\n\n\n\n<p>Aussi, et \u00e0 la lumi\u00e8re de ces constatations, n\u2019est-il pas tout \u00e0 fait normal et naturel d\u2019exprimer une profonde reconnaissance, une v\u00e9ritable gratitude et une grande estime au pr\u00e9sident de la r\u00e9publique et de lui adresser des remerciements sinc\u00e8res pour avoir farouchement d\u00e9fendu et soutenu ce projet et \u0153uvr\u00e9 \u00e0 sa concr\u00e9tisation et \u00e0 sa r\u00e9ussite&nbsp;?<\/p>\n\n\n\n<p>Monsieur le pr\u00e9sident, Djerba vous dit merci!<\/p>\n\n\n\n<h2 class=\"wp-block-heading\">La lutte contre la salet\u00e9 et la pollution<\/h2>\n\n\n\n<p>Cette perle et ce joyau de la M\u00e9diterran\u00e9e, de l\u2019Afrique, de la \u00abFrancophonie\u00bb et du monde arabe n\u2019a jamais \u00e9t\u00e9 aussi belle, aussi propre et aussi accueillante qu\u2019en ce moment. Puissent les autorit\u00e9s locales tirer profit de tous ces acquis, les conserver jalousement et les sauvegarder afin que Djerba puisse contribuer le plus positivement possible \u00e0 la fiert\u00e9 de la Tunisie tout enti\u00e8re et renforcer la belle image qu\u2019elle donne au monde&nbsp;: paix, tol\u00e9rance, diversit\u00e9, ouverture sur les cultures et civilisations universelles.<\/p>\n\n\n\n<p>Ceci \u00e9tant dit, d\u2019aucuns \u00e0 Djerba, soucieux et d\u00e9sireux de faire de Djerba un lieu mieux adapt\u00e9 \u00e0 la fois pour la vill\u00e9giature et pour le bon vivre, respectueux de la nature, de l\u2019environnement et du d\u00e9veloppement durable, verraient d\u2019un bon \u0153il la mise en place de structures efficaces et viables qui veilleraient le mieux possible \u00e0 r\u00e9pondre aux attentes de la population \u00e0 cet \u00e9gard.<\/p>\n\n\n\n<p>A tire d\u2019exemple, nombreux sont ceux qui souhaiteraient voir la police de l\u2019environnement assumer pleinement son r\u00f4le primordial dans la sauvegarde de l\u2019\u00eele et la lutte contre la salet\u00e9 et la pollution.<\/p>\n\n\n\n<p>Des patrouilles r\u00e9guli\u00e8res et fr\u00e9quentes pourraient \u00eatre effectu\u00e9es sur les routes et sur les plages (pendant la saison estivale) afin de surveiller et s\u00e9vir, le cas \u00e9ch\u00e9ant, l\u00e0 o\u00f9 des atteintes \u00e0 la propret\u00e9 ou \u00e0 l\u2019environnement sont constat\u00e9es. La police de l\u2019environnement devrait agir fermement et utiliser \u00e0 bon escient le mat\u00e9riel, les v\u00e9hicules et autres ressources mises \u00e0 leur disposition.<\/p>\n\n\n\n<h2 class=\"wp-block-heading\">Djerba, 25<sup>e<\/sup> gouvernorat de la Tunisie<\/h2>\n\n\n\n<p><em>Last but not least<\/em>, Djerba serait une \u00eele b\u00e9nie de Dieu et \u00e0 jamais reconnaissante aux autorit\u00e9s centrales si quelque chose de totalement concret et palpable pouvait enfin \u00eatre fait en r\u00e9ponse \u00e0 la demande incessante et r\u00e9currente de la population de faire de Djerba un gouvernorat, le 25e gouvernorat de la Tunisie. Ceci permettra sans aucun doute de faciliter consid\u00e9rablement la vie de l\u2019habitant au quotidien et d\u2019\u00e9pargner au citoyen les multiples aller- retour entre Djerba et M\u00e9denine, que 78 kilom\u00e8tres s\u00e9parent, pour tout ce qui a trait aux diff\u00e9rentes d\u00e9marches administratives et toutes les tracasseries qui s\u2019en suivent.<\/p>\n\n\n\n<figure class=\"wp-block-embed is-type-wp-embed is-provider-kapitalis wp-block-embed-kapitalis\"><div class=\"wp-block-embed__wrapper\">\n<blockquote class=\"wp-embedded-content\" data-secret=\"aLUnclV2Kq\"><a href=\"https:\/\/kapitalis.com\/tunisie\/2020\/08\/09\/djerba-encore-et-toujours\/\">Djerba\u2026 encore et toujours<\/a><\/blockquote><iframe loading=\"lazy\" class=\"wp-embedded-content\" sandbox=\"allow-scripts\" security=\"restricted\" style=\"position: absolute; clip: rect(1px, 1px, 1px, 1px);\" title=\"\u00ab\u00a0Djerba\u2026 encore et toujours\u00a0\u00bb &#8212; Kapitalis\" src=\"https:\/\/kapitalis.com\/tunisie\/2020\/08\/09\/djerba-encore-et-toujours\/embed\/#?secret=4m7DkJyREh#?secret=aLUnclV2Kq\" data-secret=\"aLUnclV2Kq\" width=\"600\" height=\"338\" frameborder=\"0\" marginwidth=\"0\" marginheight=\"0\" scrolling=\"no\"><\/iframe>\n<\/div><\/figure>\n\n\n\n<p>Continuez, monsieur le pr\u00e9sident, \u00e0 d\u00e9fendre les int\u00e9r\u00eats du citoyen et de la Tunisie tout enti\u00e8re, \u00e0 pr\u00e9server ses acquis et \u00e0 servir au mieux ses enfants, ses femmes et ses hommes qui m\u00e9ritent attention et bonne gouvernance, apr\u00e8s toutes ces ann\u00e9es difficiles.<\/p>\n\n\n\n<p>Pour conclure et pour revenir, encore une fois, \u00e0 Djerba qui a fait l\u2019objet de tant d\u2019attention et d\u2019\u00e9gard, il ne serait peut-\u00eatre pas d\u00e9plac\u00e9 de citer au passage ce qu\u2019a \u00e9crit un jour Gustave Flaubert en parlant de l\u2019\u00eele&nbsp;: <em>\u00abL\u2019air y est si doux qu\u2019il emp\u00eache de mourir\u00bb<\/em>.<\/p>\n\n\n\n<p>Vous avez probablement pu v\u00e9rifier et appr\u00e9cier \u00e0 sa juste valeur, cette fois-ci et peut-\u00eatre aussi d\u2019autres fois auparavant, la sagacit\u00e9 de cette affirmation.<\/p>\n\n\n\n<p>Alors longue vie monsieur le pr\u00e9sident et merci\u00a0!!!<\/p>\n\n\n\n<p><em>* Ancien fonctionnaire international et enseignant universitaire.<\/em> <\/p>\n","protected":false},"excerpt":{"rendered":"<p>Le pr\u00e9sident Ka\u00efs Sa\u00efed va-t-il satisfaire la demande incessante et r\u00e9currente de la population de faire de Djerba un gouvernorat, le 25e gouvernorat de la Tunisie.<\/p>\n","protected":false},"author":8,"featured_media":5207649,"comment_status":"open","ping_status":"open","sticky":false,"template":"","format":"standard","meta":{"footnotes":""},"categories":[992,997,1000,2433],"tags":[284,335,88170,12235,732,12104,72700,62643],"class_list":["post-5207462","post","type-post","status-publish","format-standard","has-post-thumbnail","hentry","category-a-la-une","category-politique","category-tribune","category-tunisie","tag-djerba","tag-environnement","tag-fathi-ben-hamidane","tag-kais-saied","tag-pollution","tag-salete","tag-sommet-de-la-francophonie","tag-tunisie"],"yoast_head":"<!-- This site is optimized with the Yoast SEO plugin v26.6 - https:\/\/yoast.com\/wordpress\/plugins\/seo\/ -->\n<title>Apr\u00e8s le succ\u00e8s du Sommet de la Francophonie, Djerba 25e gouvernorat de la Tunisie - Kapitalis<\/title>\n<meta name=\"robots\" content=\"index, follow, max-snippet:-1, max-image-preview:large, max-video-preview:-1\" \/>\n<link rel=\"canonical\" href=\"https:\/\/kapitalis.com\/tunisie\/2022\/11\/24\/apres-le-succes-du-sommet-de-la-francophonie-djerba-25e-gouvernorat-de-la-tunisie\/\" \/>\n<meta property=\"og:locale\" content=\"fr_FR\" \/>\n<meta property=\"og:type\" content=\"article\" \/>\n<meta property=\"og:title\" content=\"Apr\u00e8s le succ\u00e8s du Sommet de la Francophonie, Djerba 25e gouvernorat de la Tunisie - Kapitalis\" \/>\n<meta property=\"og:description\" content=\"Le pr\u00e9sident Ka\u00efs Sa\u00efed va-t-il satisfaire la demande incessante et r\u00e9currente de la population de faire de Djerba un gouvernorat, le 25e gouvernorat de la Tunisie.\" \/>\n<meta property=\"og:url\" content=\"https:\/\/kapitalis.com\/tunisie\/2022\/11\/24\/apres-le-succes-du-sommet-de-la-francophonie-djerba-25e-gouvernorat-de-la-tunisie\/\" \/>\n<meta property=\"og:site_name\" content=\"Kapitalis\" \/>\n<meta property=\"article:publisher\" content=\"https:\/\/www.facebook.com\/KapitalisInfo\/\" \/>\n<meta property=\"article:published_time\" content=\"2022-11-24T11:40:26+00:00\" \/>\n<meta property=\"article:modified_time\" content=\"2022-11-29T07:37:15+00:00\" \/>\n<meta property=\"og:image\" content=\"https:\/\/kapitalis.com\/tunisie\/wp-content\/uploads\/2022\/11\/Kais-Saied-Francophonie.jpg\" \/>\n\t<meta property=\"og:image:width\" content=\"1200\" \/>\n\t<meta property=\"og:image:height\" content=\"630\" \/>\n\t<meta property=\"og:image:type\" content=\"image\/jpeg\" \/>\n<meta name=\"author\" content=\"webmaster kapitalis\" \/>\n<meta name=\"twitter:card\" content=\"summary_large_image\" \/>\n<meta name=\"twitter:creator\" content=\"@KapitalisInfo\" \/>\n<meta name=\"twitter:site\" content=\"@KapitalisInfo\" \/>\n<meta name=\"twitter:label1\" content=\"\u00c9crit par\" \/>\n\t<meta name=\"twitter:data1\" content=\"webmaster kapitalis\" \/>\n\t<meta name=\"twitter:label2\" content=\"Dur\u00e9e de lecture estim\u00e9e\" \/>\n\t<meta name=\"twitter:data2\" content=\"6 minutes\" \/>\n<script type=\"application\/ld+json\" class=\"yoast-schema-graph\">{\"@context\":\"https:\/\/schema.org\",\"@graph\":[{\"@type\":\"Article\",\"@id\":\"https:\/\/kapitalis.com\/tunisie\/2022\/11\/24\/apres-le-succes-du-sommet-de-la-francophonie-djerba-25e-gouvernorat-de-la-tunisie\/#article\",\"isPartOf\":{\"@id\":\"https:\/\/kapitalis.com\/tunisie\/2022\/11\/24\/apres-le-succes-du-sommet-de-la-francophonie-djerba-25e-gouvernorat-de-la-tunisie\/\"},\"author\":{\"name\":\"webmaster kapitalis\",\"@id\":\"https:\/\/kapitalis.com\/tunisie\/#\/schema\/person\/d71f33a9ca44f7bad4698210b480c8e9\"},\"headline\":\"Apr\u00e8s le succ\u00e8s du Sommet de la Francophonie, Djerba 25e gouvernorat de la Tunisie\",\"datePublished\":\"2022-11-24T11:40:26+00:00\",\"dateModified\":\"2022-11-29T07:37:15+00:00\",\"mainEntityOfPage\":{\"@id\":\"https:\/\/kapitalis.com\/tunisie\/2022\/11\/24\/apres-le-succes-du-sommet-de-la-francophonie-djerba-25e-gouvernorat-de-la-tunisie\/\"},\"wordCount\":1165,\"commentCount\":24,\"publisher\":{\"@id\":\"https:\/\/kapitalis.com\/tunisie\/#organization\"},\"image\":{\"@id\":\"https:\/\/kapitalis.com\/tunisie\/2022\/11\/24\/apres-le-succes-du-sommet-de-la-francophonie-djerba-25e-gouvernorat-de-la-tunisie\/#primaryimage\"},\"thumbnailUrl\":\"https:\/\/kapitalis.com\/tunisie\/wp-content\/uploads\/2022\/11\/Kais-Saied-Francophonie.jpg\",\"keywords\":[\"Djerba\",\"environnement\",\"Fathi Ben Hamidane\",\"Ka\u00efs Saied\",\"pollution\",\"salet\u00e9\",\"Sommet de la Francophonie\",\"Tunisie\"],\"articleSection\":[\"A LA UNE\",\"POLITIQUE\",\"TRIBUNE\",\"Tunisie\"],\"inLanguage\":\"fr-FR\",\"potentialAction\":[{\"@type\":\"CommentAction\",\"name\":\"Comment\",\"target\":[\"https:\/\/kapitalis.com\/tunisie\/2022\/11\/24\/apres-le-succes-du-sommet-de-la-francophonie-djerba-25e-gouvernorat-de-la-tunisie\/#respond\"]}]},{\"@type\":\"WebPage\",\"@id\":\"https:\/\/kapitalis.com\/tunisie\/2022\/11\/24\/apres-le-succes-du-sommet-de-la-francophonie-djerba-25e-gouvernorat-de-la-tunisie\/\",\"url\":\"https:\/\/kapitalis.com\/tunisie\/2022\/11\/24\/apres-le-succes-du-sommet-de-la-francophonie-djerba-25e-gouvernorat-de-la-tunisie\/\",\"name\":\"Apr\u00e8s le succ\u00e8s du Sommet de la Francophonie, Djerba 25e gouvernorat de la Tunisie - Kapitalis\",\"isPartOf\":{\"@id\":\"https:\/\/kapitalis.com\/tunisie\/#website\"},\"primaryImageOfPage\":{\"@id\":\"https:\/\/kapitalis.com\/tunisie\/2022\/11\/24\/apres-le-succes-du-sommet-de-la-francophonie-djerba-25e-gouvernorat-de-la-tunisie\/#primaryimage\"},\"image\":{\"@id\":\"https:\/\/kapitalis.com\/tunisie\/2022\/11\/24\/apres-le-succes-du-sommet-de-la-francophonie-djerba-25e-gouvernorat-de-la-tunisie\/#primaryimage\"},\"thumbnailUrl\":\"https:\/\/kapitalis.com\/tunisie\/wp-content\/uploads\/2022\/11\/Kais-Saied-Francophonie.jpg\",\"datePublished\":\"2022-11-24T11:40:26+00:00\",\"dateModified\":\"2022-11-29T07:37:15+00:00\",\"breadcrumb\":{\"@id\":\"https:\/\/kapitalis.com\/tunisie\/2022\/11\/24\/apres-le-succes-du-sommet-de-la-francophonie-djerba-25e-gouvernorat-de-la-tunisie\/#breadcrumb\"},\"inLanguage\":\"fr-FR\",\"potentialAction\":[{\"@type\":\"ReadAction\",\"target\":[\"https:\/\/kapitalis.com\/tunisie\/2022\/11\/24\/apres-le-succes-du-sommet-de-la-francophonie-djerba-25e-gouvernorat-de-la-tunisie\/\"]}]},{\"@type\":\"ImageObject\",\"inLanguage\":\"fr-FR\",\"@id\":\"https:\/\/kapitalis.com\/tunisie\/2022\/11\/24\/apres-le-succes-du-sommet-de-la-francophonie-djerba-25e-gouvernorat-de-la-tunisie\/#primaryimage\",\"url\":\"https:\/\/kapitalis.com\/tunisie\/wp-content\/uploads\/2022\/11\/Kais-Saied-Francophonie.jpg\",\"contentUrl\":\"https:\/\/kapitalis.com\/tunisie\/wp-content\/uploads\/2022\/11\/Kais-Saied-Francophonie.jpg\",\"width\":1200,\"height\":630},{\"@type\":\"BreadcrumbList\",\"@id\":\"https:\/\/kapitalis.com\/tunisie\/2022\/11\/24\/apres-le-succes-du-sommet-de-la-francophonie-djerba-25e-gouvernorat-de-la-tunisie\/#breadcrumb\",\"itemListElement\":[{\"@type\":\"ListItem\",\"position\":1,\"name\":\"Accueil\",\"item\":\"https:\/\/kapitalis.com\/tunisie\/\"},{\"@type\":\"ListItem\",\"position\":2,\"name\":\"Apr\u00e8s le succ\u00e8s du Sommet de la Francophonie, Djerba 25e gouvernorat de la Tunisie\"}]},{\"@type\":\"WebSite\",\"@id\":\"https:\/\/kapitalis.com\/tunisie\/#website\",\"url\":\"https:\/\/kapitalis.com\/tunisie\/\",\"name\":\"Kapitalis\",\"description\":\"L&#039;actualit\u00e9 en Tunisie et dans le monde\",\"publisher\":{\"@id\":\"https:\/\/kapitalis.com\/tunisie\/#organization\"},\"potentialAction\":[{\"@type\":\"SearchAction\",\"target\":{\"@type\":\"EntryPoint\",\"urlTemplate\":\"https:\/\/kapitalis.com\/tunisie\/?s={search_term_string}\"},\"query-input\":{\"@type\":\"PropertyValueSpecification\",\"valueRequired\":true,\"valueName\":\"search_term_string\"}}],\"inLanguage\":\"fr-FR\"},{\"@type\":\"Organization\",\"@id\":\"https:\/\/kapitalis.com\/tunisie\/#organization\",\"name\":\"Kapitalis\",\"url\":\"https:\/\/kapitalis.com\/tunisie\/\",\"logo\":{\"@type\":\"ImageObject\",\"inLanguage\":\"fr-FR\",\"@id\":\"https:\/\/kapitalis.com\/tunisie\/#\/schema\/logo\/image\/\",\"url\":\"https:\/\/kapitalis.com\/tunisie\/wp-content\/uploads\/2022\/05\/Kapitalis-big-size.png\",\"contentUrl\":\"https:\/\/kapitalis.com\/tunisie\/wp-content\/uploads\/2022\/05\/Kapitalis-big-size.png\",\"width\":5000,\"height\":1500,\"caption\":\"Kapitalis\"},\"image\":{\"@id\":\"https:\/\/kapitalis.com\/tunisie\/#\/schema\/logo\/image\/\"},\"sameAs\":[\"https:\/\/www.facebook.com\/KapitalisInfo\/\",\"https:\/\/x.com\/KapitalisInfo\",\"https:\/\/www.youtube.com\/channel\/UC-yDYrHyfFBWWZaOw3FPg9Q\"]},{\"@type\":\"Person\",\"@id\":\"https:\/\/kapitalis.com\/tunisie\/#\/schema\/person\/d71f33a9ca44f7bad4698210b480c8e9\",\"name\":\"webmaster kapitalis\",\"url\":\"https:\/\/kapitalis.com\/tunisie\/author\/webmaster-kapitalis\/\"}]}<\/script>\n<!-- \/ Yoast SEO plugin. -->","yoast_head_json":{"title":"Apr\u00e8s le succ\u00e8s du Sommet de la Francophonie, Djerba 25e gouvernorat de la Tunisie - Kapitalis","robots":{"index":"index","follow":"follow","max-snippet":"max-snippet:-1","max-image-preview":"max-image-preview:large","max-video-preview":"max-video-preview:-1"},"canonical":"https:\/\/kapitalis.com\/tunisie\/2022\/11\/24\/apres-le-succes-du-sommet-de-la-francophonie-djerba-25e-gouvernorat-de-la-tunisie\/","og_locale":"fr_FR","og_type":"article","og_title":"Apr\u00e8s le succ\u00e8s du Sommet de la Francophonie, Djerba 25e gouvernorat de la Tunisie - Kapitalis","og_description":"Le pr\u00e9sident Ka\u00efs Sa\u00efed va-t-il satisfaire la demande incessante et r\u00e9currente de la population de faire de Djerba un gouvernorat, le 25e gouvernorat de la Tunisie.","og_url":"https:\/\/kapitalis.com\/tunisie\/2022\/11\/24\/apres-le-succes-du-sommet-de-la-francophonie-djerba-25e-gouvernorat-de-la-tunisie\/","og_site_name":"Kapitalis","article_publisher":"https:\/\/www.facebook.com\/KapitalisInfo\/","article_published_time":"2022-11-24T11:40:26+00:00","article_modified_time":"2022-11-29T07:37:15+00:00","og_image":[{"width":1200,"height":630,"url":"https:\/\/kapitalis.com\/tunisie\/wp-content\/uploads\/2022\/11\/Kais-Saied-Francophonie.jpg","type":"image\/jpeg"}],"author":"webmaster kapitalis","twitter_card":"summary_large_image","twitter_creator":"@KapitalisInfo","twitter_site":"@KapitalisInfo","twitter_misc":{"\u00c9crit par":"webmaster kapitalis","Dur\u00e9e de lecture estim\u00e9e":"6 minutes"},"schema":{"@context":"https:\/\/schema.org","@graph":[{"@type":"Article","@id":"https:\/\/kapitalis.com\/tunisie\/2022\/11\/24\/apres-le-succes-du-sommet-de-la-francophonie-djerba-25e-gouvernorat-de-la-tunisie\/#article","isPartOf":{"@id":"https:\/\/kapitalis.com\/tunisie\/2022\/11\/24\/apres-le-succes-du-sommet-de-la-francophonie-djerba-25e-gouvernorat-de-la-tunisie\/"},"author":{"name":"webmaster kapitalis","@id":"https:\/\/kapitalis.com\/tunisie\/#\/schema\/person\/d71f33a9ca44f7bad4698210b480c8e9"},"headline":"Apr\u00e8s le succ\u00e8s du Sommet de la Francophonie, Djerba 25e gouvernorat de la Tunisie","datePublished":"2022-11-24T11:40:26+00:00","dateModified":"2022-11-29T07:37:15+00:00","mainEntityOfPage":{"@id":"https:\/\/kapitalis.com\/tunisie\/2022\/11\/24\/apres-le-succes-du-sommet-de-la-francophonie-djerba-25e-gouvernorat-de-la-tunisie\/"},"wordCount":1165,"commentCount":24,"publisher":{"@id":"https:\/\/kapitalis.com\/tunisie\/#organization"},"image":{"@id":"https:\/\/kapitalis.com\/tunisie\/2022\/11\/24\/apres-le-succes-du-sommet-de-la-francophonie-djerba-25e-gouvernorat-de-la-tunisie\/#primaryimage"},"thumbnailUrl":"https:\/\/kapitalis.com\/tunisie\/wp-content\/uploads\/2022\/11\/Kais-Saied-Francophonie.jpg","keywords":["Djerba","environnement","Fathi Ben Hamidane","Ka\u00efs Saied","pollution","salet\u00e9","Sommet de la Francophonie","Tunisie"],"articleSection":["A LA UNE","POLITIQUE","TRIBUNE","Tunisie"],"inLanguage":"fr-FR","potentialAction":[{"@type":"CommentAction","name":"Comment","target":["https:\/\/kapitalis.com\/tunisie\/2022\/11\/24\/apres-le-succes-du-sommet-de-la-francophonie-djerba-25e-gouvernorat-de-la-tunisie\/#respond"]}]},{"@type":"WebPage","@id":"https:\/\/kapitalis.com\/tunisie\/2022\/11\/24\/apres-le-succes-du-sommet-de-la-francophonie-djerba-25e-gouvernorat-de-la-tunisie\/","url":"https:\/\/kapitalis.com\/tunisie\/2022\/11\/24\/apres-le-succes-du-sommet-de-la-francophonie-djerba-25e-gouvernorat-de-la-tunisie\/","name":"Apr\u00e8s le succ\u00e8s du Sommet de la Francophonie, Djerba 25e gouvernorat de la Tunisie - Kapitalis","isPartOf":{"@id":"https:\/\/kapitalis.com\/tunisie\/#website"},"primaryImageOfPage":{"@id":"https:\/\/kapitalis.com\/tunisie\/2022\/11\/24\/apres-le-succes-du-sommet-de-la-francophonie-djerba-25e-gouvernorat-de-la-tunisie\/#primaryimage"},"image":{"@id":"https:\/\/kapitalis.com\/tunisie\/2022\/11\/24\/apres-le-succes-du-sommet-de-la-francophonie-djerba-25e-gouvernorat-de-la-tunisie\/#primaryimage"},"thumbnailUrl":"https:\/\/kapitalis.com\/tunisie\/wp-content\/uploads\/2022\/11\/Kais-Saied-Francophonie.jpg","datePublished":"2022-11-24T11:40:26+00:00","dateModified":"2022-11-29T07:37:15+00:00","breadcrumb":{"@id":"https:\/\/kapitalis.com\/tunisie\/2022\/11\/24\/apres-le-succes-du-sommet-de-la-francophonie-djerba-25e-gouvernorat-de-la-tunisie\/#breadcrumb"},"inLanguage":"fr-FR","potentialAction":[{"@type":"ReadAction","target":["https:\/\/kapitalis.com\/tunisie\/2022\/11\/24\/apres-le-succes-du-sommet-de-la-francophonie-djerba-25e-gouvernorat-de-la-tunisie\/"]}]},{"@type":"ImageObject","inLanguage":"fr-FR","@id":"https:\/\/kapitalis.com\/tunisie\/2022\/11\/24\/apres-le-succes-du-sommet-de-la-francophonie-djerba-25e-gouvernorat-de-la-tunisie\/#primaryimage","url":"https:\/\/kapitalis.com\/tunisie\/wp-content\/uploads\/2022\/11\/Kais-Saied-Francophonie.jpg","contentUrl":"https:\/\/kapitalis.com\/tunisie\/wp-content\/uploads\/2022\/11\/Kais-Saied-Francophonie.jpg","width":1200,"height":630},{"@type":"BreadcrumbList","@id":"https:\/\/kapitalis.com\/tunisie\/2022\/11\/24\/apres-le-succes-du-sommet-de-la-francophonie-djerba-25e-gouvernorat-de-la-tunisie\/#breadcrumb","itemListElement":[{"@type":"ListItem","position":1,"name":"Accueil","item":"https:\/\/kapitalis.com\/tunisie\/"},{"@type":"ListItem","position":2,"name":"Apr\u00e8s le succ\u00e8s du Sommet de la Francophonie, Djerba 25e gouvernorat de la Tunisie"}]},{"@type":"WebSite","@id":"https:\/\/kapitalis.com\/tunisie\/#website","url":"https:\/\/kapitalis.com\/tunisie\/","name":"Kapitalis","description":"L&#039;actualit\u00e9 en Tunisie et dans le monde","publisher":{"@id":"https:\/\/kapitalis.com\/tunisie\/#organization"},"potentialAction":[{"@type":"SearchAction","target":{"@type":"EntryPoint","urlTemplate":"https:\/\/kapitalis.com\/tunisie\/?s={search_term_string}"},"query-input":{"@type":"PropertyValueSpecification","valueRequired":true,"valueName":"search_term_string"}}],"inLanguage":"fr-FR"},{"@type":"Organization","@id":"https:\/\/kapitalis.com\/tunisie\/#organization","name":"Kapitalis","url":"https:\/\/kapitalis.com\/tunisie\/","logo":{"@type":"ImageObject","inLanguage":"fr-FR","@id":"https:\/\/kapitalis.com\/tunisie\/#\/schema\/logo\/image\/","url":"https:\/\/kapitalis.com\/tunisie\/wp-content\/uploads\/2022\/05\/Kapitalis-big-size.png","contentUrl":"https:\/\/kapitalis.com\/tunisie\/wp-content\/uploads\/2022\/05\/Kapitalis-big-size.png","width":5000,"height":1500,"caption":"Kapitalis"},"image":{"@id":"https:\/\/kapitalis.com\/tunisie\/#\/schema\/logo\/image\/"},"sameAs":["https:\/\/www.facebook.com\/KapitalisInfo\/","https:\/\/x.com\/KapitalisInfo","https:\/\/www.youtube.com\/channel\/UC-yDYrHyfFBWWZaOw3FPg9Q"]},{"@type":"Person","@id":"https:\/\/kapitalis.com\/tunisie\/#\/schema\/person\/d71f33a9ca44f7bad4698210b480c8e9","name":"webmaster kapitalis","url":"https:\/\/kapitalis.com\/tunisie\/author\/webmaster-kapitalis\/"}]}},"_links":{"self":[{"href":"https:\/\/kapitalis.com\/tunisie\/wp-json\/wp\/v2\/posts\/5207462","targetHints":{"allow":["GET"]}}],"collection":[{"href":"https:\/\/kapitalis.com\/tunisie\/wp-json\/wp\/v2\/posts"}],"about":[{"href":"https:\/\/kapitalis.com\/tunisie\/wp-json\/wp\/v2\/types\/post"}],"author":[{"embeddable":true,"href":"https:\/\/kapitalis.com\/tunisie\/wp-json\/wp\/v2\/users\/8"}],"replies":[{"embeddable":true,"href":"https:\/\/kapitalis.com\/tunisie\/wp-json\/wp\/v2\/comments?post=5207462"}],"version-history":[{"count":2,"href":"https:\/\/kapitalis.com\/tunisie\/wp-json\/wp\/v2\/posts\/5207462\/revisions"}],"predecessor-version":[{"id":5363033,"href":"https:\/\/kapitalis.com\/tunisie\/wp-json\/wp\/v2\/posts\/5207462\/revisions\/5363033"}],"wp:featuredmedia":[{"embeddable":true,"href":"https:\/\/kapitalis.com\/tunisie\/wp-json\/wp\/v2\/media\/5207649"}],"wp:attachment":[{"href":"https:\/\/kapitalis.com\/tunisie\/wp-json\/wp\/v2\/media?parent=5207462"}],"wp:term":[{"taxonomy":"category","embeddable":true,"href":"https:\/\/kapitalis.com\/tunisie\/wp-json\/wp\/v2\/categories?post=5207462"},{"taxonomy":"post_tag","embeddable":true,"href":"https:\/\/kapitalis.com\/tunisie\/wp-json\/wp\/v2\/tags?post=5207462"}],"curies":[{"name":"wp","href":"https:\/\/api.w.org\/{rel}","templated":true}]}}