{"id":5221,"date":"2015-06-25T18:19:43","date_gmt":"2015-06-25T17:19:43","guid":{"rendered":"http:\/\/kapitalis.com\/tunisie\/?p=5221"},"modified":"2015-06-25T18:19:43","modified_gmt":"2015-06-25T17:19:43","slug":"ettayara-la-presidence-de-la-republique-dement-chafik-jarraya","status":"publish","type":"post","link":"https:\/\/kapitalis.com\/tunisie\/2015\/06\/25\/ettayara-la-presidence-de-la-republique-dement-chafik-jarraya\/","title":{"rendered":"Ettayara: La pr\u00e9sidence de la r\u00e9publique d\u00e9ment Chafik Jarraya"},"content":{"rendered":"<p><img loading=\"lazy\" decoding=\"async\" class=\"aligncenter size-full wp-image-5222\" src=\"http:\/\/kapitalis.com\/tunisie\/wp-content\/uploads\/2015\/06\/Chafik-Jarraya1.jpg\" alt=\"Chafik-Jarraya\" width=\"626\" height=\"380\" \/><\/p>\n<p><em><strong>Le pr\u00e9sident de la r\u00e9publique n\u2019est pas agac\u00e9 par la cam\u00e9ra cach\u00e9e \u2018\u2018Ettayara\u2019\u2019, diffus\u00e9e sur Ettasiaa TV, comme l\u2019a pr\u00e9tendu Chafik Jarraya.<\/strong><\/em><\/p>\n<p><!--more--><\/p>\n<p>C\u2019est ce qu\u2019a indiqu\u00e9 aujourd\u2019hui, le Palais de Carthage dans un communiqu\u00e9 o\u00f9 il d\u00e9ment clairement les all\u00e9gations attribu\u00e9es \u00e0 Beji Ca\u00efd Essebsi par l\u2019homme d\u2019affaires, actuellement en <em>\u00abmission tr\u00e8s sp\u00e9ciale\u00bb<\/em> \u00e0 Tripoli, aupr\u00e8s des chefs des milices islamistes de Fajr Libya.<\/p>\n<p>La pr\u00e9sidence de la r\u00e9publique, qui a r\u00e9affirm\u00e9 par la m\u00eame occasion son engagement pour la libert\u00e9 d\u2019expression et l\u2019ind\u00e9pendance des medias, n\u2019a pas pr\u00e9cis\u00e9 le nom de l\u2019homme d\u2019affaires, se contentant de d\u00e9mentir les propos attribu\u00e9s au chef de l\u2019Etat, mais l\u2019allusion est limpide \u00e0 Chafik Jarraya qui, dans une vid\u00e9o fuit\u00e9e, le montrant avec des responsables libyens, se targuait d\u2019avoir rencontr\u00e9 r\u00e9cemment le pr\u00e9sident, qui lui aurait confi\u00e9 n\u2019avoir pas appr\u00e9ci\u00e9 la cam\u00e9ra cach\u00e9e mettant en sc\u00e8ne des islamistes libyens qui prennent d\u2019assaut un avion tunisien atterri en catastrophe \u00e0 l\u2019a\u00e9roport de Misrata.<\/p>\n<p><em>\u00abLe pr\u00e9sident trouve lui aussi cette s\u00e9quence humiliante pour les Libyens, qui ont le droit de mal le prendre et de r\u00e9agir en cons\u00e9quence\u00bb<\/em>, confiait Chafik Jarraya \u00e0 ses amis libyens.<\/p>\n<p>Les milices islamistes de Misrata \u2013 <em>\u00abthouar\u00bb<\/em> (r\u00e9volutionnaires) pour les uns, terroristes pour les autres \u2013 avaient d\u00e9j\u00e0 fait part de leur m\u00e9contentement et menac\u00e9 de r\u00e9pliquer, le moment venu, \u00e0 leur mani\u00e8re<\/p>\n<p>Notons que, dans la m\u00eame vid\u00e9o fuit\u00e9e, l\u2019homme d\u2019affaires donne notre coll\u00e8gue Sofiane Ben Hamida en p\u00e2ture \u00e0 ses \u00abamis\u00bb islamistes libyens. <em>\u00abIl qualifie \u00e0 tort les \u2018\u2018thouar\u2019\u2019 de terroristes et abaisse les Libyens par de pareilles d\u00e9clarations\u00bb<\/em>, a-t-il dit.<\/p>\n<p>Si ce n\u2019est pas l\u00e0 un appel au meurtre&#8230;<\/p>\n<p style=\"text-align: right;\"><strong>Y. N. M.<\/strong><\/p>\n","protected":false},"excerpt":{"rendered":"<p>Le pr\u00e9sident de la r\u00e9publique n\u2019est pas agac\u00e9 par la cam\u00e9ra cach\u00e9e \u2018\u2018Ettayara\u2019\u2019, diffus\u00e9e sur Ettasiaa TV, comme l\u2019a pr\u00e9tendu Chafik Jarraya.<\/p>\n","protected":false},"author":5,"featured_media":5222,"comment_status":"open","ping_status":"open","sticky":false,"template":"","format":"standard","meta":{"footnotes":""},"categories":[997,2433],"tags":[2307,2594,418,501,1362],"class_list":["post-5221","post","type-post","status-publish","format-standard","has-post-thumbnail","hentry","category-politique","category-tunisie","tag-camera-cachee","tag-chafik-jarraya","tag-gouvernement","tag-islamiste","tag-president"],"yoast_head":"<!-- This site is optimized with the Yoast SEO plugin v26.6 - https:\/\/yoast.com\/wordpress\/plugins\/seo\/ -->\n<title>Ettayara: La pr\u00e9sidence de la r\u00e9publique d\u00e9ment Chafik Jarraya - Kapitalis<\/title>\n<meta name=\"robots\" content=\"index, follow, max-snippet:-1, max-image-preview:large, max-video-preview:-1\" \/>\n<link rel=\"canonical\" href=\"https:\/\/kapitalis.com\/tunisie\/2015\/06\/25\/ettayara-la-presidence-de-la-republique-dement-chafik-jarraya\/\" \/>\n<meta property=\"og:locale\" content=\"fr_FR\" \/>\n<meta property=\"og:type\" content=\"article\" \/>\n<meta property=\"og:title\" content=\"Ettayara: La pr\u00e9sidence de la r\u00e9publique d\u00e9ment Chafik Jarraya - Kapitalis\" \/>\n<meta property=\"og:description\" content=\"Le pr\u00e9sident de la r\u00e9publique n\u2019est pas agac\u00e9 par la cam\u00e9ra cach\u00e9e \u2018\u2018Ettayara\u2019\u2019, diffus\u00e9e sur Ettasiaa TV, comme l\u2019a pr\u00e9tendu Chafik Jarraya.\" \/>\n<meta property=\"og:url\" content=\"https:\/\/kapitalis.com\/tunisie\/2015\/06\/25\/ettayara-la-presidence-de-la-republique-dement-chafik-jarraya\/\" \/>\n<meta property=\"og:site_name\" content=\"Kapitalis\" \/>\n<meta property=\"article:publisher\" content=\"https:\/\/www.facebook.com\/KapitalisInfo\/\" \/>\n<meta property=\"article:published_time\" content=\"2015-06-25T17:19:43+00:00\" \/>\n<meta property=\"og:image\" content=\"https:\/\/kapitalis.com\/tunisie\/wp-content\/uploads\/2022\/05\/kapitalis-logo-fb.png\" \/>\n\t<meta property=\"og:image:width\" content=\"1200\" \/>\n\t<meta property=\"og:image:height\" content=\"630\" \/>\n\t<meta property=\"og:image:type\" content=\"image\/png\" \/>\n<meta name=\"author\" content=\"Ridha Elkefi\" \/>\n<meta name=\"twitter:card\" content=\"summary_large_image\" \/>\n<meta name=\"twitter:creator\" content=\"@KapitalisInfo\" \/>\n<meta name=\"twitter:site\" content=\"@KapitalisInfo\" \/>\n<meta name=\"twitter:label1\" content=\"\u00c9crit par\" \/>\n\t<meta name=\"twitter:data1\" content=\"Ridha Elkefi\" \/>\n\t<meta name=\"twitter:label2\" content=\"Dur\u00e9e de lecture estim\u00e9e\" \/>\n\t<meta name=\"twitter:data2\" content=\"2 minutes\" \/>\n<script type=\"application\/ld+json\" class=\"yoast-schema-graph\">{\"@context\":\"https:\/\/schema.org\",\"@graph\":[{\"@type\":\"Article\",\"@id\":\"https:\/\/kapitalis.com\/tunisie\/2015\/06\/25\/ettayara-la-presidence-de-la-republique-dement-chafik-jarraya\/#article\",\"isPartOf\":{\"@id\":\"https:\/\/kapitalis.com\/tunisie\/2015\/06\/25\/ettayara-la-presidence-de-la-republique-dement-chafik-jarraya\/\"},\"author\":{\"name\":\"Ridha Elkefi\",\"@id\":\"https:\/\/kapitalis.com\/tunisie\/#\/schema\/person\/16627fc9b2fc0116230e88af071eebab\"},\"headline\":\"Ettayara: La pr\u00e9sidence de la r\u00e9publique d\u00e9ment Chafik Jarraya\",\"datePublished\":\"2015-06-25T17:19:43+00:00\",\"mainEntityOfPage\":{\"@id\":\"https:\/\/kapitalis.com\/tunisie\/2015\/06\/25\/ettayara-la-presidence-de-la-republique-dement-chafik-jarraya\/\"},\"wordCount\":343,\"commentCount\":0,\"publisher\":{\"@id\":\"https:\/\/kapitalis.com\/tunisie\/#organization\"},\"image\":{\"@id\":\"https:\/\/kapitalis.com\/tunisie\/2015\/06\/25\/ettayara-la-presidence-de-la-republique-dement-chafik-jarraya\/#primaryimage\"},\"thumbnailUrl\":\"\",\"keywords\":[\"cam\u00e9ra cach\u00e9e\",\"Chafik Jarraya\",\"gouvernement\",\"islamiste\",\"pr\u00e9sident\"],\"articleSection\":[\"POLITIQUE\",\"Tunisie\"],\"inLanguage\":\"fr-FR\",\"potentialAction\":[{\"@type\":\"CommentAction\",\"name\":\"Comment\",\"target\":[\"https:\/\/kapitalis.com\/tunisie\/2015\/06\/25\/ettayara-la-presidence-de-la-republique-dement-chafik-jarraya\/#respond\"]}]},{\"@type\":\"WebPage\",\"@id\":\"https:\/\/kapitalis.com\/tunisie\/2015\/06\/25\/ettayara-la-presidence-de-la-republique-dement-chafik-jarraya\/\",\"url\":\"https:\/\/kapitalis.com\/tunisie\/2015\/06\/25\/ettayara-la-presidence-de-la-republique-dement-chafik-jarraya\/\",\"name\":\"Ettayara: La pr\u00e9sidence de la r\u00e9publique d\u00e9ment Chafik Jarraya - Kapitalis\",\"isPartOf\":{\"@id\":\"https:\/\/kapitalis.com\/tunisie\/#website\"},\"primaryImageOfPage\":{\"@id\":\"https:\/\/kapitalis.com\/tunisie\/2015\/06\/25\/ettayara-la-presidence-de-la-republique-dement-chafik-jarraya\/#primaryimage\"},\"image\":{\"@id\":\"https:\/\/kapitalis.com\/tunisie\/2015\/06\/25\/ettayara-la-presidence-de-la-republique-dement-chafik-jarraya\/#primaryimage\"},\"thumbnailUrl\":\"\",\"datePublished\":\"2015-06-25T17:19:43+00:00\",\"breadcrumb\":{\"@id\":\"https:\/\/kapitalis.com\/tunisie\/2015\/06\/25\/ettayara-la-presidence-de-la-republique-dement-chafik-jarraya\/#breadcrumb\"},\"inLanguage\":\"fr-FR\",\"potentialAction\":[{\"@type\":\"ReadAction\",\"target\":[\"https:\/\/kapitalis.com\/tunisie\/2015\/06\/25\/ettayara-la-presidence-de-la-republique-dement-chafik-jarraya\/\"]}]},{\"@type\":\"ImageObject\",\"inLanguage\":\"fr-FR\",\"@id\":\"https:\/\/kapitalis.com\/tunisie\/2015\/06\/25\/ettayara-la-presidence-de-la-republique-dement-chafik-jarraya\/#primaryimage\",\"url\":\"\",\"contentUrl\":\"\"},{\"@type\":\"BreadcrumbList\",\"@id\":\"https:\/\/kapitalis.com\/tunisie\/2015\/06\/25\/ettayara-la-presidence-de-la-republique-dement-chafik-jarraya\/#breadcrumb\",\"itemListElement\":[{\"@type\":\"ListItem\",\"position\":1,\"name\":\"Accueil\",\"item\":\"https:\/\/kapitalis.com\/tunisie\/\"},{\"@type\":\"ListItem\",\"position\":2,\"name\":\"Ettayara: La pr\u00e9sidence de la r\u00e9publique d\u00e9ment Chafik Jarraya\"}]},{\"@type\":\"WebSite\",\"@id\":\"https:\/\/kapitalis.com\/tunisie\/#website\",\"url\":\"https:\/\/kapitalis.com\/tunisie\/\",\"name\":\"Kapitalis\",\"description\":\"L&#039;actualit\u00e9 en Tunisie et dans le monde\",\"publisher\":{\"@id\":\"https:\/\/kapitalis.com\/tunisie\/#organization\"},\"potentialAction\":[{\"@type\":\"SearchAction\",\"target\":{\"@type\":\"EntryPoint\",\"urlTemplate\":\"https:\/\/kapitalis.com\/tunisie\/?s={search_term_string}\"},\"query-input\":{\"@type\":\"PropertyValueSpecification\",\"valueRequired\":true,\"valueName\":\"search_term_string\"}}],\"inLanguage\":\"fr-FR\"},{\"@type\":\"Organization\",\"@id\":\"https:\/\/kapitalis.com\/tunisie\/#organization\",\"name\":\"Kapitalis\",\"url\":\"https:\/\/kapitalis.com\/tunisie\/\",\"logo\":{\"@type\":\"ImageObject\",\"inLanguage\":\"fr-FR\",\"@id\":\"https:\/\/kapitalis.com\/tunisie\/#\/schema\/logo\/image\/\",\"url\":\"https:\/\/kapitalis.com\/tunisie\/wp-content\/uploads\/2022\/05\/Kapitalis-big-size.png\",\"contentUrl\":\"https:\/\/kapitalis.com\/tunisie\/wp-content\/uploads\/2022\/05\/Kapitalis-big-size.png\",\"width\":5000,\"height\":1500,\"caption\":\"Kapitalis\"},\"image\":{\"@id\":\"https:\/\/kapitalis.com\/tunisie\/#\/schema\/logo\/image\/\"},\"sameAs\":[\"https:\/\/www.facebook.com\/KapitalisInfo\/\",\"https:\/\/x.com\/KapitalisInfo\",\"https:\/\/www.youtube.com\/channel\/UC-yDYrHyfFBWWZaOw3FPg9Q\"]},{\"@type\":\"Person\",\"@id\":\"https:\/\/kapitalis.com\/tunisie\/#\/schema\/person\/16627fc9b2fc0116230e88af071eebab\",\"name\":\"Ridha Elkefi\",\"url\":\"https:\/\/kapitalis.com\/tunisie\/author\/ridha-kefi\/\"}]}<\/script>\n<!-- \/ Yoast SEO plugin. -->","yoast_head_json":{"title":"Ettayara: La pr\u00e9sidence de la r\u00e9publique d\u00e9ment Chafik Jarraya - Kapitalis","robots":{"index":"index","follow":"follow","max-snippet":"max-snippet:-1","max-image-preview":"max-image-preview:large","max-video-preview":"max-video-preview:-1"},"canonical":"https:\/\/kapitalis.com\/tunisie\/2015\/06\/25\/ettayara-la-presidence-de-la-republique-dement-chafik-jarraya\/","og_locale":"fr_FR","og_type":"article","og_title":"Ettayara: La pr\u00e9sidence de la r\u00e9publique d\u00e9ment Chafik Jarraya - Kapitalis","og_description":"Le pr\u00e9sident de la r\u00e9publique n\u2019est pas agac\u00e9 par la cam\u00e9ra cach\u00e9e \u2018\u2018Ettayara\u2019\u2019, diffus\u00e9e sur Ettasiaa TV, comme l\u2019a pr\u00e9tendu Chafik Jarraya.","og_url":"https:\/\/kapitalis.com\/tunisie\/2015\/06\/25\/ettayara-la-presidence-de-la-republique-dement-chafik-jarraya\/","og_site_name":"Kapitalis","article_publisher":"https:\/\/www.facebook.com\/KapitalisInfo\/","article_published_time":"2015-06-25T17:19:43+00:00","og_image":[{"width":1200,"height":630,"url":"https:\/\/kapitalis.com\/tunisie\/wp-content\/uploads\/2022\/05\/kapitalis-logo-fb.png","type":"image\/png"}],"author":"Ridha Elkefi","twitter_card":"summary_large_image","twitter_creator":"@KapitalisInfo","twitter_site":"@KapitalisInfo","twitter_misc":{"\u00c9crit par":"Ridha Elkefi","Dur\u00e9e de lecture estim\u00e9e":"2 minutes"},"schema":{"@context":"https:\/\/schema.org","@graph":[{"@type":"Article","@id":"https:\/\/kapitalis.com\/tunisie\/2015\/06\/25\/ettayara-la-presidence-de-la-republique-dement-chafik-jarraya\/#article","isPartOf":{"@id":"https:\/\/kapitalis.com\/tunisie\/2015\/06\/25\/ettayara-la-presidence-de-la-republique-dement-chafik-jarraya\/"},"author":{"name":"Ridha Elkefi","@id":"https:\/\/kapitalis.com\/tunisie\/#\/schema\/person\/16627fc9b2fc0116230e88af071eebab"},"headline":"Ettayara: La pr\u00e9sidence de la r\u00e9publique d\u00e9ment Chafik Jarraya","datePublished":"2015-06-25T17:19:43+00:00","mainEntityOfPage":{"@id":"https:\/\/kapitalis.com\/tunisie\/2015\/06\/25\/ettayara-la-presidence-de-la-republique-dement-chafik-jarraya\/"},"wordCount":343,"commentCount":0,"publisher":{"@id":"https:\/\/kapitalis.com\/tunisie\/#organization"},"image":{"@id":"https:\/\/kapitalis.com\/tunisie\/2015\/06\/25\/ettayara-la-presidence-de-la-republique-dement-chafik-jarraya\/#primaryimage"},"thumbnailUrl":"","keywords":["cam\u00e9ra cach\u00e9e","Chafik Jarraya","gouvernement","islamiste","pr\u00e9sident"],"articleSection":["POLITIQUE","Tunisie"],"inLanguage":"fr-FR","potentialAction":[{"@type":"CommentAction","name":"Comment","target":["https:\/\/kapitalis.com\/tunisie\/2015\/06\/25\/ettayara-la-presidence-de-la-republique-dement-chafik-jarraya\/#respond"]}]},{"@type":"WebPage","@id":"https:\/\/kapitalis.com\/tunisie\/2015\/06\/25\/ettayara-la-presidence-de-la-republique-dement-chafik-jarraya\/","url":"https:\/\/kapitalis.com\/tunisie\/2015\/06\/25\/ettayara-la-presidence-de-la-republique-dement-chafik-jarraya\/","name":"Ettayara: La pr\u00e9sidence de la r\u00e9publique d\u00e9ment Chafik Jarraya - Kapitalis","isPartOf":{"@id":"https:\/\/kapitalis.com\/tunisie\/#website"},"primaryImageOfPage":{"@id":"https:\/\/kapitalis.com\/tunisie\/2015\/06\/25\/ettayara-la-presidence-de-la-republique-dement-chafik-jarraya\/#primaryimage"},"image":{"@id":"https:\/\/kapitalis.com\/tunisie\/2015\/06\/25\/ettayara-la-presidence-de-la-republique-dement-chafik-jarraya\/#primaryimage"},"thumbnailUrl":"","datePublished":"2015-06-25T17:19:43+00:00","breadcrumb":{"@id":"https:\/\/kapitalis.com\/tunisie\/2015\/06\/25\/ettayara-la-presidence-de-la-republique-dement-chafik-jarraya\/#breadcrumb"},"inLanguage":"fr-FR","potentialAction":[{"@type":"ReadAction","target":["https:\/\/kapitalis.com\/tunisie\/2015\/06\/25\/ettayara-la-presidence-de-la-republique-dement-chafik-jarraya\/"]}]},{"@type":"ImageObject","inLanguage":"fr-FR","@id":"https:\/\/kapitalis.com\/tunisie\/2015\/06\/25\/ettayara-la-presidence-de-la-republique-dement-chafik-jarraya\/#primaryimage","url":"","contentUrl":""},{"@type":"BreadcrumbList","@id":"https:\/\/kapitalis.com\/tunisie\/2015\/06\/25\/ettayara-la-presidence-de-la-republique-dement-chafik-jarraya\/#breadcrumb","itemListElement":[{"@type":"ListItem","position":1,"name":"Accueil","item":"https:\/\/kapitalis.com\/tunisie\/"},{"@type":"ListItem","position":2,"name":"Ettayara: La pr\u00e9sidence de la r\u00e9publique d\u00e9ment Chafik Jarraya"}]},{"@type":"WebSite","@id":"https:\/\/kapitalis.com\/tunisie\/#website","url":"https:\/\/kapitalis.com\/tunisie\/","name":"Kapitalis","description":"L&#039;actualit\u00e9 en Tunisie et dans le monde","publisher":{"@id":"https:\/\/kapitalis.com\/tunisie\/#organization"},"potentialAction":[{"@type":"SearchAction","target":{"@type":"EntryPoint","urlTemplate":"https:\/\/kapitalis.com\/tunisie\/?s={search_term_string}"},"query-input":{"@type":"PropertyValueSpecification","valueRequired":true,"valueName":"search_term_string"}}],"inLanguage":"fr-FR"},{"@type":"Organization","@id":"https:\/\/kapitalis.com\/tunisie\/#organization","name":"Kapitalis","url":"https:\/\/kapitalis.com\/tunisie\/","logo":{"@type":"ImageObject","inLanguage":"fr-FR","@id":"https:\/\/kapitalis.com\/tunisie\/#\/schema\/logo\/image\/","url":"https:\/\/kapitalis.com\/tunisie\/wp-content\/uploads\/2022\/05\/Kapitalis-big-size.png","contentUrl":"https:\/\/kapitalis.com\/tunisie\/wp-content\/uploads\/2022\/05\/Kapitalis-big-size.png","width":5000,"height":1500,"caption":"Kapitalis"},"image":{"@id":"https:\/\/kapitalis.com\/tunisie\/#\/schema\/logo\/image\/"},"sameAs":["https:\/\/www.facebook.com\/KapitalisInfo\/","https:\/\/x.com\/KapitalisInfo","https:\/\/www.youtube.com\/channel\/UC-yDYrHyfFBWWZaOw3FPg9Q"]},{"@type":"Person","@id":"https:\/\/kapitalis.com\/tunisie\/#\/schema\/person\/16627fc9b2fc0116230e88af071eebab","name":"Ridha Elkefi","url":"https:\/\/kapitalis.com\/tunisie\/author\/ridha-kefi\/"}]}},"_links":{"self":[{"href":"https:\/\/kapitalis.com\/tunisie\/wp-json\/wp\/v2\/posts\/5221","targetHints":{"allow":["GET"]}}],"collection":[{"href":"https:\/\/kapitalis.com\/tunisie\/wp-json\/wp\/v2\/posts"}],"about":[{"href":"https:\/\/kapitalis.com\/tunisie\/wp-json\/wp\/v2\/types\/post"}],"author":[{"embeddable":true,"href":"https:\/\/kapitalis.com\/tunisie\/wp-json\/wp\/v2\/users\/5"}],"replies":[{"embeddable":true,"href":"https:\/\/kapitalis.com\/tunisie\/wp-json\/wp\/v2\/comments?post=5221"}],"version-history":[{"count":0,"href":"https:\/\/kapitalis.com\/tunisie\/wp-json\/wp\/v2\/posts\/5221\/revisions"}],"wp:featuredmedia":[{"embeddable":true,"href":"https:\/\/kapitalis.com\/tunisie\/wp-json\/wp\/v2\/media\/5222"}],"wp:attachment":[{"href":"https:\/\/kapitalis.com\/tunisie\/wp-json\/wp\/v2\/media?parent=5221"}],"wp:term":[{"taxonomy":"category","embeddable":true,"href":"https:\/\/kapitalis.com\/tunisie\/wp-json\/wp\/v2\/categories?post=5221"},{"taxonomy":"post_tag","embeddable":true,"href":"https:\/\/kapitalis.com\/tunisie\/wp-json\/wp\/v2\/tags?post=5221"}],"curies":[{"name":"wp","href":"https:\/\/api.w.org\/{rel}","templated":true}]}}