{"id":5233488,"date":"2022-11-25T11:22:02","date_gmt":"2022-11-25T10:22:02","guid":{"rendered":"https:\/\/kapitalis.com\/tunisie\/?p=5233488"},"modified":"2022-11-25T11:22:04","modified_gmt":"2022-11-25T10:22:04","slug":"moktar-lamari-les-deux-chiffres-les-plus-inquietants-de-leconomie-tunisienne","status":"publish","type":"post","link":"https:\/\/kapitalis.com\/tunisie\/2022\/11\/25\/moktar-lamari-les-deux-chiffres-les-plus-inquietants-de-leconomie-tunisienne\/","title":{"rendered":"Moktar Lamari\u00a0: \u00abLes deux chiffres les plus inqui\u00e9tants de l\u2019\u00e9conomie tunisienne\u00bb"},"content":{"rendered":"\n<p><strong><em>L\u2019agence de notation Fitch Solutions, a publi\u00e9 Portrait macro\u00e9conomique de la Tunisie, publi\u00e9 le 22 novembre 2022, un tableau brossant le portrait macro\u00e9conomique de la Tunisie. Deux chiffres y retiennent surtout l&rsquo;attention&#8230; <\/em><\/strong> <\/p>\n\n\n\n<!--more-->\n\n\n\n<p>Commentant les principaux chiffres relatifs \u00e0 l\u2019\u00e9conomie tunisienne contenus dans ce tableau, l\u2019\u00e9conomiste universitaire qui enseigne au Canada, Moktar Lamari, a \u00e9crit ceci\u00a0sur son<a href=\"https:\/\/www.facebook.com\/groups\/375846620757494\/?multi_permalinks=646416167033870&amp;ref=share\" target=\"_blank\" rel=\"noreferrer noopener\"> blog<\/a>: <em>\u00abDeux chiffres m\u2019inqui\u00e8tent et qui contredisent les chiffres officiels du gouvernement et de la Banque centrale de Tunisie. Un, la dette publique rapport\u00e9e au PIB serait de 127% en 2022. Deux, le taux directeur de la banque centrale va augmenter de 125 points de base dans les 4 prochains mois\u2026 Fitch Solutions produit ce tableau dans un rapport qui analyse en profondeur les risques et les tendances ! Tout y passe\u2026 et tout indique que le gouvernement fait de la r\u00e9tention de la vraie information et les m\u00e9dias laissent faire, par complaisance, ou par incomp\u00e9tence?\u00bb<\/em><\/p>\n\n\n<div class=\"wp-block-image\">\n<figure class=\"aligncenter size-full is-resized\"><img decoding=\"async\" src=\"https:\/\/kapitalis.com\/tunisie\/wp-content\/uploads\/2022\/11\/Fitch-Solutions-Economie-Tunisienne.jpg\" alt=\"\" class=\"wp-image-5233771\" width=\"800\" srcset=\"https:\/\/kapitalis.com\/tunisie\/wp-content\/uploads\/2022\/11\/Fitch-Solutions-Economie-Tunisienne.jpg 960w, https:\/\/kapitalis.com\/tunisie\/wp-content\/uploads\/2022\/11\/Fitch-Solutions-Economie-Tunisienne-300x225.jpg 300w, https:\/\/kapitalis.com\/tunisie\/wp-content\/uploads\/2022\/11\/Fitch-Solutions-Economie-Tunisienne-768x576.jpg 768w, https:\/\/kapitalis.com\/tunisie\/wp-content\/uploads\/2022\/11\/Fitch-Solutions-Economie-Tunisienne-580x435.jpg 580w, https:\/\/kapitalis.com\/tunisie\/wp-content\/uploads\/2022\/11\/Fitch-Solutions-Economie-Tunisienne-860x645.jpg 860w\" sizes=\"(max-width: 960px) 100vw, 960px\" \/><\/figure>\n<\/div>\n\n\n<p>Concernant la r\u00e9tention de l\u2019information, M. Lamari a sans doute raison de pointer les m\u00e9dias tunisiens, mais si certains sont, comme il le dit, complaisants, la plupart n\u2019ont malheureusement pas la sp\u00e9cialisation n\u00e9cessaire pour l\u2019analyse financi\u00e8re pointue.<\/p>\n\n\n\n<p>Pour ce qui est de Kapitalis, nous avons toujours cherch\u00e9 \u00e0 bien informer nos lecteurs sur les probl\u00e8mes de l\u2019\u00e9conomie nationale, tout en laissant la parole, par pr\u00e9caution professionnelle, aux experts avis\u00e9s comme M. Lamari. \u00a0<\/p>\n\n\n\n<p class=\"has-text-align-right\"><strong>I. B. <\/strong><\/p>\n","protected":false},"excerpt":{"rendered":"<p>Selon Fitch Solutions, le taux directeur de la Banque centrale de Tunisie va augmenter de 125 points de base dans les 4 prochains mois. <\/p>\n","protected":false},"author":8,"featured_media":5233706,"comment_status":"open","ping_status":"open","sticky":false,"template":"","format":"standard","meta":{"footnotes":""},"categories":[995,2433],"tags":[19926,6777,104657,68595,880,62643],"class_list":["post-5233488","post","type-post","status-publish","format-standard","has-post-thumbnail","hentry","category-economie","category-tunisie","tag-dette-publique","tag-fitch-ratings","tag-fitch-solutions","tag-moktar-lamari","tag-taux-directeur","tag-tunisie"],"yoast_head":"<!-- This site is optimized with the Yoast SEO plugin v26.6 - https:\/\/yoast.com\/wordpress\/plugins\/seo\/ -->\n<title>Moktar Lamari\u00a0: \u00abLes deux chiffres les plus inqui\u00e9tants de l\u2019\u00e9conomie tunisienne\u00bb - Kapitalis<\/title>\n<meta name=\"robots\" content=\"index, follow, max-snippet:-1, max-image-preview:large, max-video-preview:-1\" \/>\n<link rel=\"canonical\" href=\"https:\/\/kapitalis.com\/tunisie\/2022\/11\/25\/moktar-lamari-les-deux-chiffres-les-plus-inquietants-de-leconomie-tunisienne\/\" \/>\n<meta property=\"og:locale\" content=\"fr_FR\" \/>\n<meta property=\"og:type\" content=\"article\" \/>\n<meta property=\"og:title\" content=\"Moktar Lamari\u00a0: \u00abLes deux chiffres les plus inqui\u00e9tants de l\u2019\u00e9conomie tunisienne\u00bb - Kapitalis\" \/>\n<meta property=\"og:description\" content=\"Selon Fitch Solutions, le taux directeur de la Banque centrale de Tunisie va augmenter de 125 points de base dans les 4 prochains mois.\" \/>\n<meta property=\"og:url\" content=\"https:\/\/kapitalis.com\/tunisie\/2022\/11\/25\/moktar-lamari-les-deux-chiffres-les-plus-inquietants-de-leconomie-tunisienne\/\" \/>\n<meta property=\"og:site_name\" content=\"Kapitalis\" \/>\n<meta property=\"article:publisher\" content=\"https:\/\/www.facebook.com\/KapitalisInfo\/\" \/>\n<meta property=\"article:published_time\" content=\"2022-11-25T10:22:02+00:00\" \/>\n<meta property=\"article:modified_time\" content=\"2022-11-25T10:22:04+00:00\" \/>\n<meta property=\"og:image\" content=\"https:\/\/kapitalis.com\/tunisie\/wp-content\/uploads\/2022\/11\/Moktar-Lamari.jpg\" \/>\n\t<meta property=\"og:image:width\" content=\"1200\" \/>\n\t<meta property=\"og:image:height\" content=\"630\" \/>\n\t<meta property=\"og:image:type\" content=\"image\/jpeg\" \/>\n<meta name=\"author\" content=\"webmaster kapitalis\" \/>\n<meta name=\"twitter:card\" content=\"summary_large_image\" \/>\n<meta name=\"twitter:creator\" content=\"@KapitalisInfo\" \/>\n<meta name=\"twitter:site\" content=\"@KapitalisInfo\" \/>\n<meta name=\"twitter:label1\" content=\"\u00c9crit par\" \/>\n\t<meta name=\"twitter:data1\" content=\"webmaster kapitalis\" \/>\n\t<meta name=\"twitter:label2\" content=\"Dur\u00e9e de lecture estim\u00e9e\" \/>\n\t<meta name=\"twitter:data2\" content=\"2 minutes\" \/>\n<script type=\"application\/ld+json\" class=\"yoast-schema-graph\">{\"@context\":\"https:\/\/schema.org\",\"@graph\":[{\"@type\":\"Article\",\"@id\":\"https:\/\/kapitalis.com\/tunisie\/2022\/11\/25\/moktar-lamari-les-deux-chiffres-les-plus-inquietants-de-leconomie-tunisienne\/#article\",\"isPartOf\":{\"@id\":\"https:\/\/kapitalis.com\/tunisie\/2022\/11\/25\/moktar-lamari-les-deux-chiffres-les-plus-inquietants-de-leconomie-tunisienne\/\"},\"author\":{\"name\":\"webmaster kapitalis\",\"@id\":\"https:\/\/kapitalis.com\/tunisie\/#\/schema\/person\/d71f33a9ca44f7bad4698210b480c8e9\"},\"headline\":\"Moktar Lamari\u00a0: \u00abLes deux chiffres les plus inqui\u00e9tants de l\u2019\u00e9conomie tunisienne\u00bb\",\"datePublished\":\"2022-11-25T10:22:02+00:00\",\"dateModified\":\"2022-11-25T10:22:04+00:00\",\"mainEntityOfPage\":{\"@id\":\"https:\/\/kapitalis.com\/tunisie\/2022\/11\/25\/moktar-lamari-les-deux-chiffres-les-plus-inquietants-de-leconomie-tunisienne\/\"},\"wordCount\":254,\"commentCount\":1,\"publisher\":{\"@id\":\"https:\/\/kapitalis.com\/tunisie\/#organization\"},\"image\":{\"@id\":\"https:\/\/kapitalis.com\/tunisie\/2022\/11\/25\/moktar-lamari-les-deux-chiffres-les-plus-inquietants-de-leconomie-tunisienne\/#primaryimage\"},\"thumbnailUrl\":\"https:\/\/kapitalis.com\/tunisie\/wp-content\/uploads\/2022\/11\/Moktar-Lamari.jpg\",\"keywords\":[\"dette publique\",\"Fitch Ratings\",\"Fitch Solutions\",\"Moktar Lamari\",\"taux directeur\",\"Tunisie\"],\"articleSection\":[\"ECONOMIE\",\"Tunisie\"],\"inLanguage\":\"fr-FR\",\"potentialAction\":[{\"@type\":\"CommentAction\",\"name\":\"Comment\",\"target\":[\"https:\/\/kapitalis.com\/tunisie\/2022\/11\/25\/moktar-lamari-les-deux-chiffres-les-plus-inquietants-de-leconomie-tunisienne\/#respond\"]}]},{\"@type\":\"WebPage\",\"@id\":\"https:\/\/kapitalis.com\/tunisie\/2022\/11\/25\/moktar-lamari-les-deux-chiffres-les-plus-inquietants-de-leconomie-tunisienne\/\",\"url\":\"https:\/\/kapitalis.com\/tunisie\/2022\/11\/25\/moktar-lamari-les-deux-chiffres-les-plus-inquietants-de-leconomie-tunisienne\/\",\"name\":\"Moktar Lamari\u00a0: \u00abLes deux chiffres les plus inqui\u00e9tants de l\u2019\u00e9conomie tunisienne\u00bb - Kapitalis\",\"isPartOf\":{\"@id\":\"https:\/\/kapitalis.com\/tunisie\/#website\"},\"primaryImageOfPage\":{\"@id\":\"https:\/\/kapitalis.com\/tunisie\/2022\/11\/25\/moktar-lamari-les-deux-chiffres-les-plus-inquietants-de-leconomie-tunisienne\/#primaryimage\"},\"image\":{\"@id\":\"https:\/\/kapitalis.com\/tunisie\/2022\/11\/25\/moktar-lamari-les-deux-chiffres-les-plus-inquietants-de-leconomie-tunisienne\/#primaryimage\"},\"thumbnailUrl\":\"https:\/\/kapitalis.com\/tunisie\/wp-content\/uploads\/2022\/11\/Moktar-Lamari.jpg\",\"datePublished\":\"2022-11-25T10:22:02+00:00\",\"dateModified\":\"2022-11-25T10:22:04+00:00\",\"breadcrumb\":{\"@id\":\"https:\/\/kapitalis.com\/tunisie\/2022\/11\/25\/moktar-lamari-les-deux-chiffres-les-plus-inquietants-de-leconomie-tunisienne\/#breadcrumb\"},\"inLanguage\":\"fr-FR\",\"potentialAction\":[{\"@type\":\"ReadAction\",\"target\":[\"https:\/\/kapitalis.com\/tunisie\/2022\/11\/25\/moktar-lamari-les-deux-chiffres-les-plus-inquietants-de-leconomie-tunisienne\/\"]}]},{\"@type\":\"ImageObject\",\"inLanguage\":\"fr-FR\",\"@id\":\"https:\/\/kapitalis.com\/tunisie\/2022\/11\/25\/moktar-lamari-les-deux-chiffres-les-plus-inquietants-de-leconomie-tunisienne\/#primaryimage\",\"url\":\"https:\/\/kapitalis.com\/tunisie\/wp-content\/uploads\/2022\/11\/Moktar-Lamari.jpg\",\"contentUrl\":\"https:\/\/kapitalis.com\/tunisie\/wp-content\/uploads\/2022\/11\/Moktar-Lamari.jpg\",\"width\":1200,\"height\":630},{\"@type\":\"BreadcrumbList\",\"@id\":\"https:\/\/kapitalis.com\/tunisie\/2022\/11\/25\/moktar-lamari-les-deux-chiffres-les-plus-inquietants-de-leconomie-tunisienne\/#breadcrumb\",\"itemListElement\":[{\"@type\":\"ListItem\",\"position\":1,\"name\":\"Accueil\",\"item\":\"https:\/\/kapitalis.com\/tunisie\/\"},{\"@type\":\"ListItem\",\"position\":2,\"name\":\"Moktar Lamari\u00a0: \u00abLes deux chiffres les plus inqui\u00e9tants de l\u2019\u00e9conomie tunisienne\u00bb\"}]},{\"@type\":\"WebSite\",\"@id\":\"https:\/\/kapitalis.com\/tunisie\/#website\",\"url\":\"https:\/\/kapitalis.com\/tunisie\/\",\"name\":\"Kapitalis\",\"description\":\"L&#039;actualit\u00e9 en Tunisie et dans le monde\",\"publisher\":{\"@id\":\"https:\/\/kapitalis.com\/tunisie\/#organization\"},\"potentialAction\":[{\"@type\":\"SearchAction\",\"target\":{\"@type\":\"EntryPoint\",\"urlTemplate\":\"https:\/\/kapitalis.com\/tunisie\/?s={search_term_string}\"},\"query-input\":{\"@type\":\"PropertyValueSpecification\",\"valueRequired\":true,\"valueName\":\"search_term_string\"}}],\"inLanguage\":\"fr-FR\"},{\"@type\":\"Organization\",\"@id\":\"https:\/\/kapitalis.com\/tunisie\/#organization\",\"name\":\"Kapitalis\",\"url\":\"https:\/\/kapitalis.com\/tunisie\/\",\"logo\":{\"@type\":\"ImageObject\",\"inLanguage\":\"fr-FR\",\"@id\":\"https:\/\/kapitalis.com\/tunisie\/#\/schema\/logo\/image\/\",\"url\":\"https:\/\/kapitalis.com\/tunisie\/wp-content\/uploads\/2022\/05\/Kapitalis-big-size.png\",\"contentUrl\":\"https:\/\/kapitalis.com\/tunisie\/wp-content\/uploads\/2022\/05\/Kapitalis-big-size.png\",\"width\":5000,\"height\":1500,\"caption\":\"Kapitalis\"},\"image\":{\"@id\":\"https:\/\/kapitalis.com\/tunisie\/#\/schema\/logo\/image\/\"},\"sameAs\":[\"https:\/\/www.facebook.com\/KapitalisInfo\/\",\"https:\/\/x.com\/KapitalisInfo\",\"https:\/\/www.youtube.com\/channel\/UC-yDYrHyfFBWWZaOw3FPg9Q\"]},{\"@type\":\"Person\",\"@id\":\"https:\/\/kapitalis.com\/tunisie\/#\/schema\/person\/d71f33a9ca44f7bad4698210b480c8e9\",\"name\":\"webmaster kapitalis\",\"url\":\"https:\/\/kapitalis.com\/tunisie\/author\/webmaster-kapitalis\/\"}]}<\/script>\n<!-- \/ Yoast SEO plugin. -->","yoast_head_json":{"title":"Moktar Lamari\u00a0: \u00abLes deux chiffres les plus inqui\u00e9tants de l\u2019\u00e9conomie tunisienne\u00bb - Kapitalis","robots":{"index":"index","follow":"follow","max-snippet":"max-snippet:-1","max-image-preview":"max-image-preview:large","max-video-preview":"max-video-preview:-1"},"canonical":"https:\/\/kapitalis.com\/tunisie\/2022\/11\/25\/moktar-lamari-les-deux-chiffres-les-plus-inquietants-de-leconomie-tunisienne\/","og_locale":"fr_FR","og_type":"article","og_title":"Moktar Lamari\u00a0: \u00abLes deux chiffres les plus inqui\u00e9tants de l\u2019\u00e9conomie tunisienne\u00bb - Kapitalis","og_description":"Selon Fitch Solutions, le taux directeur de la Banque centrale de Tunisie va augmenter de 125 points de base dans les 4 prochains mois.","og_url":"https:\/\/kapitalis.com\/tunisie\/2022\/11\/25\/moktar-lamari-les-deux-chiffres-les-plus-inquietants-de-leconomie-tunisienne\/","og_site_name":"Kapitalis","article_publisher":"https:\/\/www.facebook.com\/KapitalisInfo\/","article_published_time":"2022-11-25T10:22:02+00:00","article_modified_time":"2022-11-25T10:22:04+00:00","og_image":[{"width":1200,"height":630,"url":"https:\/\/kapitalis.com\/tunisie\/wp-content\/uploads\/2022\/11\/Moktar-Lamari.jpg","type":"image\/jpeg"}],"author":"webmaster kapitalis","twitter_card":"summary_large_image","twitter_creator":"@KapitalisInfo","twitter_site":"@KapitalisInfo","twitter_misc":{"\u00c9crit par":"webmaster kapitalis","Dur\u00e9e de lecture estim\u00e9e":"2 minutes"},"schema":{"@context":"https:\/\/schema.org","@graph":[{"@type":"Article","@id":"https:\/\/kapitalis.com\/tunisie\/2022\/11\/25\/moktar-lamari-les-deux-chiffres-les-plus-inquietants-de-leconomie-tunisienne\/#article","isPartOf":{"@id":"https:\/\/kapitalis.com\/tunisie\/2022\/11\/25\/moktar-lamari-les-deux-chiffres-les-plus-inquietants-de-leconomie-tunisienne\/"},"author":{"name":"webmaster kapitalis","@id":"https:\/\/kapitalis.com\/tunisie\/#\/schema\/person\/d71f33a9ca44f7bad4698210b480c8e9"},"headline":"Moktar Lamari\u00a0: \u00abLes deux chiffres les plus inqui\u00e9tants de l\u2019\u00e9conomie tunisienne\u00bb","datePublished":"2022-11-25T10:22:02+00:00","dateModified":"2022-11-25T10:22:04+00:00","mainEntityOfPage":{"@id":"https:\/\/kapitalis.com\/tunisie\/2022\/11\/25\/moktar-lamari-les-deux-chiffres-les-plus-inquietants-de-leconomie-tunisienne\/"},"wordCount":254,"commentCount":1,"publisher":{"@id":"https:\/\/kapitalis.com\/tunisie\/#organization"},"image":{"@id":"https:\/\/kapitalis.com\/tunisie\/2022\/11\/25\/moktar-lamari-les-deux-chiffres-les-plus-inquietants-de-leconomie-tunisienne\/#primaryimage"},"thumbnailUrl":"https:\/\/kapitalis.com\/tunisie\/wp-content\/uploads\/2022\/11\/Moktar-Lamari.jpg","keywords":["dette publique","Fitch Ratings","Fitch Solutions","Moktar Lamari","taux directeur","Tunisie"],"articleSection":["ECONOMIE","Tunisie"],"inLanguage":"fr-FR","potentialAction":[{"@type":"CommentAction","name":"Comment","target":["https:\/\/kapitalis.com\/tunisie\/2022\/11\/25\/moktar-lamari-les-deux-chiffres-les-plus-inquietants-de-leconomie-tunisienne\/#respond"]}]},{"@type":"WebPage","@id":"https:\/\/kapitalis.com\/tunisie\/2022\/11\/25\/moktar-lamari-les-deux-chiffres-les-plus-inquietants-de-leconomie-tunisienne\/","url":"https:\/\/kapitalis.com\/tunisie\/2022\/11\/25\/moktar-lamari-les-deux-chiffres-les-plus-inquietants-de-leconomie-tunisienne\/","name":"Moktar Lamari\u00a0: \u00abLes deux chiffres les plus inqui\u00e9tants de l\u2019\u00e9conomie tunisienne\u00bb - Kapitalis","isPartOf":{"@id":"https:\/\/kapitalis.com\/tunisie\/#website"},"primaryImageOfPage":{"@id":"https:\/\/kapitalis.com\/tunisie\/2022\/11\/25\/moktar-lamari-les-deux-chiffres-les-plus-inquietants-de-leconomie-tunisienne\/#primaryimage"},"image":{"@id":"https:\/\/kapitalis.com\/tunisie\/2022\/11\/25\/moktar-lamari-les-deux-chiffres-les-plus-inquietants-de-leconomie-tunisienne\/#primaryimage"},"thumbnailUrl":"https:\/\/kapitalis.com\/tunisie\/wp-content\/uploads\/2022\/11\/Moktar-Lamari.jpg","datePublished":"2022-11-25T10:22:02+00:00","dateModified":"2022-11-25T10:22:04+00:00","breadcrumb":{"@id":"https:\/\/kapitalis.com\/tunisie\/2022\/11\/25\/moktar-lamari-les-deux-chiffres-les-plus-inquietants-de-leconomie-tunisienne\/#breadcrumb"},"inLanguage":"fr-FR","potentialAction":[{"@type":"ReadAction","target":["https:\/\/kapitalis.com\/tunisie\/2022\/11\/25\/moktar-lamari-les-deux-chiffres-les-plus-inquietants-de-leconomie-tunisienne\/"]}]},{"@type":"ImageObject","inLanguage":"fr-FR","@id":"https:\/\/kapitalis.com\/tunisie\/2022\/11\/25\/moktar-lamari-les-deux-chiffres-les-plus-inquietants-de-leconomie-tunisienne\/#primaryimage","url":"https:\/\/kapitalis.com\/tunisie\/wp-content\/uploads\/2022\/11\/Moktar-Lamari.jpg","contentUrl":"https:\/\/kapitalis.com\/tunisie\/wp-content\/uploads\/2022\/11\/Moktar-Lamari.jpg","width":1200,"height":630},{"@type":"BreadcrumbList","@id":"https:\/\/kapitalis.com\/tunisie\/2022\/11\/25\/moktar-lamari-les-deux-chiffres-les-plus-inquietants-de-leconomie-tunisienne\/#breadcrumb","itemListElement":[{"@type":"ListItem","position":1,"name":"Accueil","item":"https:\/\/kapitalis.com\/tunisie\/"},{"@type":"ListItem","position":2,"name":"Moktar Lamari\u00a0: \u00abLes deux chiffres les plus inqui\u00e9tants de l\u2019\u00e9conomie tunisienne\u00bb"}]},{"@type":"WebSite","@id":"https:\/\/kapitalis.com\/tunisie\/#website","url":"https:\/\/kapitalis.com\/tunisie\/","name":"Kapitalis","description":"L&#039;actualit\u00e9 en Tunisie et dans le monde","publisher":{"@id":"https:\/\/kapitalis.com\/tunisie\/#organization"},"potentialAction":[{"@type":"SearchAction","target":{"@type":"EntryPoint","urlTemplate":"https:\/\/kapitalis.com\/tunisie\/?s={search_term_string}"},"query-input":{"@type":"PropertyValueSpecification","valueRequired":true,"valueName":"search_term_string"}}],"inLanguage":"fr-FR"},{"@type":"Organization","@id":"https:\/\/kapitalis.com\/tunisie\/#organization","name":"Kapitalis","url":"https:\/\/kapitalis.com\/tunisie\/","logo":{"@type":"ImageObject","inLanguage":"fr-FR","@id":"https:\/\/kapitalis.com\/tunisie\/#\/schema\/logo\/image\/","url":"https:\/\/kapitalis.com\/tunisie\/wp-content\/uploads\/2022\/05\/Kapitalis-big-size.png","contentUrl":"https:\/\/kapitalis.com\/tunisie\/wp-content\/uploads\/2022\/05\/Kapitalis-big-size.png","width":5000,"height":1500,"caption":"Kapitalis"},"image":{"@id":"https:\/\/kapitalis.com\/tunisie\/#\/schema\/logo\/image\/"},"sameAs":["https:\/\/www.facebook.com\/KapitalisInfo\/","https:\/\/x.com\/KapitalisInfo","https:\/\/www.youtube.com\/channel\/UC-yDYrHyfFBWWZaOw3FPg9Q"]},{"@type":"Person","@id":"https:\/\/kapitalis.com\/tunisie\/#\/schema\/person\/d71f33a9ca44f7bad4698210b480c8e9","name":"webmaster kapitalis","url":"https:\/\/kapitalis.com\/tunisie\/author\/webmaster-kapitalis\/"}]}},"_links":{"self":[{"href":"https:\/\/kapitalis.com\/tunisie\/wp-json\/wp\/v2\/posts\/5233488","targetHints":{"allow":["GET"]}}],"collection":[{"href":"https:\/\/kapitalis.com\/tunisie\/wp-json\/wp\/v2\/posts"}],"about":[{"href":"https:\/\/kapitalis.com\/tunisie\/wp-json\/wp\/v2\/types\/post"}],"author":[{"embeddable":true,"href":"https:\/\/kapitalis.com\/tunisie\/wp-json\/wp\/v2\/users\/8"}],"replies":[{"embeddable":true,"href":"https:\/\/kapitalis.com\/tunisie\/wp-json\/wp\/v2\/comments?post=5233488"}],"version-history":[{"count":1,"href":"https:\/\/kapitalis.com\/tunisie\/wp-json\/wp\/v2\/posts\/5233488\/revisions"}],"predecessor-version":[{"id":5233874,"href":"https:\/\/kapitalis.com\/tunisie\/wp-json\/wp\/v2\/posts\/5233488\/revisions\/5233874"}],"wp:featuredmedia":[{"embeddable":true,"href":"https:\/\/kapitalis.com\/tunisie\/wp-json\/wp\/v2\/media\/5233706"}],"wp:attachment":[{"href":"https:\/\/kapitalis.com\/tunisie\/wp-json\/wp\/v2\/media?parent=5233488"}],"wp:term":[{"taxonomy":"category","embeddable":true,"href":"https:\/\/kapitalis.com\/tunisie\/wp-json\/wp\/v2\/categories?post=5233488"},{"taxonomy":"post_tag","embeddable":true,"href":"https:\/\/kapitalis.com\/tunisie\/wp-json\/wp\/v2\/tags?post=5233488"}],"curies":[{"name":"wp","href":"https:\/\/api.w.org\/{rel}","templated":true}]}}