{"id":52352,"date":"2016-06-02T12:46:00","date_gmt":"2016-06-02T11:46:00","guid":{"rendered":"http:\/\/kapitalis.com\/tunisie\/?p=52352"},"modified":"2016-06-02T12:46:00","modified_gmt":"2016-06-02T11:46:00","slug":"canada-lextradition-de-belhassen-trabelsi-prevue-le-31-mai-na-pas-lieu","status":"publish","type":"post","link":"https:\/\/kapitalis.com\/tunisie\/2016\/06\/02\/canada-lextradition-de-belhassen-trabelsi-prevue-le-31-mai-na-pas-lieu\/","title":{"rendered":"Canada : L\u2019extradition de Belhassen Trabelsi, pr\u00e9vue le 31 mai, n\u2019a pas  lieu"},"content":{"rendered":"<p><img loading=\"lazy\" decoding=\"async\" class=\"alignnone size-full wp-image-9831 aligncenter\" src=\"http:\/\/kapitalis.com\/tunisie\/wp-content\/uploads\/2015\/08\/Belhassen-Trabelsi.jpeg\" alt=\"Belhassen-Trabelsi\" width=\"626\" height=\"380\" \/><\/p>\n<p><em><strong>L\u2019extradition par les autorit\u00e9s canadiennes de Belhassen Trabelsi vers la Tunisie, pr\u00e9vue le 31 mai dernier, n\u2019a pas pu avoir lieu. Car ce dernier\u00a0a disparu avec femme et enfants.<\/strong><\/em><\/p>\n<p><!--more--><\/p>\n<p>Selon la presse canadienne, le beau-fr\u00e8re de l\u2019ancien pr\u00e9sident Ben Ali devait \u00eatre expuls\u00e9 du Canada, le 31 mai dernier, et arriver \u00e0 l\u2019a\u00e9roport de Tunis-Carthage, le 1er juin, mais les choses ne se sont pas d\u00e9roul\u00e9es comme pr\u00e9vu.<\/p>\n<p><em>\u00abLe principal int\u00e9ress\u00e9 s&rsquo;est volatilis\u00e9 dans la nature avant que l&rsquo;Agence des services frontaliers ne r\u00e9ussisse \u00e0 le mettre dans un avion\u00bb,<\/em> \u00e9crit la presse canadienne, en pr\u00e9cisant que <em>\u00abl\u2019Agence a refus\u00e9 de commenter la situation hier\u00bb.<\/em><\/p>\n<p>Apr\u00e8s avoir publi\u00e9 62 avis de recherche avec photo de fugitifs qu\u2019elle souhaitait expulser du Canada, \u00e0 l&rsquo;\u00e9poque du gouvernement conservateur, cette Agence <em>\u00abaffirme maintenant que la loi lui interdit de divulguer des renseignements sur un fugitif\u00bb.<\/em><\/p>\n<p style=\"text-align: right;\"><strong>Z. A.<\/strong><\/p>\n","protected":false},"excerpt":{"rendered":"<p>L\u2019extradition par les autorit\u00e9s canadiennes de Belhassen Trabelsi vers la Tunisie, pr\u00e9vue le 31 mai dernier, n\u2019a pas pu avoir lieu. Car ce dernier\u00a0a disparu avec femme et enfants.<\/p>\n","protected":false},"author":8,"featured_media":0,"comment_status":"open","ping_status":"open","sticky":false,"template":"","format":"standard","meta":{"footnotes":""},"categories":[997,2433],"tags":[3097,6537,367],"class_list":["post-52352","post","type-post","status-publish","format-standard","hentry","category-politique","category-tunisie","tag-aeroport-de-tunis-carthage","tag-canada","tag-extradition"],"yoast_head":"<!-- This site is optimized with the Yoast SEO plugin v26.6 - https:\/\/yoast.com\/wordpress\/plugins\/seo\/ -->\n<title>Canada : L\u2019extradition de Belhassen Trabelsi, pr\u00e9vue le 31 mai, n\u2019a pas lieu - Kapitalis<\/title>\n<meta name=\"robots\" content=\"index, follow, max-snippet:-1, max-image-preview:large, max-video-preview:-1\" \/>\n<link rel=\"canonical\" href=\"https:\/\/kapitalis.com\/tunisie\/2016\/06\/02\/canada-lextradition-de-belhassen-trabelsi-prevue-le-31-mai-na-pas-lieu\/\" \/>\n<meta property=\"og:locale\" content=\"fr_FR\" \/>\n<meta property=\"og:type\" content=\"article\" \/>\n<meta property=\"og:title\" content=\"Canada : L\u2019extradition de Belhassen Trabelsi, pr\u00e9vue le 31 mai, n\u2019a pas lieu - Kapitalis\" \/>\n<meta property=\"og:description\" content=\"L\u2019extradition par les autorit\u00e9s canadiennes de Belhassen Trabelsi vers la Tunisie, pr\u00e9vue le 31 mai dernier, n\u2019a pas pu avoir lieu. Car ce dernier\u00a0a disparu avec femme et enfants.\" \/>\n<meta property=\"og:url\" content=\"https:\/\/kapitalis.com\/tunisie\/2016\/06\/02\/canada-lextradition-de-belhassen-trabelsi-prevue-le-31-mai-na-pas-lieu\/\" \/>\n<meta property=\"og:site_name\" content=\"Kapitalis\" \/>\n<meta property=\"article:publisher\" content=\"https:\/\/www.facebook.com\/KapitalisInfo\/\" \/>\n<meta property=\"article:published_time\" content=\"2016-06-02T11:46:00+00:00\" \/>\n<meta property=\"og:image\" content=\"http:\/\/kapitalis.com\/tunisie\/wp-content\/uploads\/2015\/08\/Belhassen-Trabelsi.jpeg\" \/>\n<meta name=\"author\" content=\"webmaster kapitalis\" \/>\n<meta name=\"twitter:card\" content=\"summary_large_image\" \/>\n<meta name=\"twitter:creator\" content=\"@KapitalisInfo\" \/>\n<meta name=\"twitter:site\" content=\"@KapitalisInfo\" \/>\n<meta name=\"twitter:label1\" content=\"\u00c9crit par\" \/>\n\t<meta name=\"twitter:data1\" content=\"webmaster kapitalis\" \/>\n\t<meta name=\"twitter:label2\" content=\"Dur\u00e9e de lecture estim\u00e9e\" \/>\n\t<meta name=\"twitter:data2\" content=\"1 minute\" \/>\n<script type=\"application\/ld+json\" class=\"yoast-schema-graph\">{\"@context\":\"https:\/\/schema.org\",\"@graph\":[{\"@type\":\"Article\",\"@id\":\"https:\/\/kapitalis.com\/tunisie\/2016\/06\/02\/canada-lextradition-de-belhassen-trabelsi-prevue-le-31-mai-na-pas-lieu\/#article\",\"isPartOf\":{\"@id\":\"https:\/\/kapitalis.com\/tunisie\/2016\/06\/02\/canada-lextradition-de-belhassen-trabelsi-prevue-le-31-mai-na-pas-lieu\/\"},\"author\":{\"name\":\"webmaster kapitalis\",\"@id\":\"https:\/\/kapitalis.com\/tunisie\/#\/schema\/person\/d71f33a9ca44f7bad4698210b480c8e9\"},\"headline\":\"Canada : L\u2019extradition de Belhassen Trabelsi, pr\u00e9vue le 31 mai, n\u2019a pas lieu\",\"datePublished\":\"2016-06-02T11:46:00+00:00\",\"mainEntityOfPage\":{\"@id\":\"https:\/\/kapitalis.com\/tunisie\/2016\/06\/02\/canada-lextradition-de-belhassen-trabelsi-prevue-le-31-mai-na-pas-lieu\/\"},\"wordCount\":172,\"commentCount\":9,\"publisher\":{\"@id\":\"https:\/\/kapitalis.com\/tunisie\/#organization\"},\"image\":{\"@id\":\"https:\/\/kapitalis.com\/tunisie\/2016\/06\/02\/canada-lextradition-de-belhassen-trabelsi-prevue-le-31-mai-na-pas-lieu\/#primaryimage\"},\"thumbnailUrl\":\"http:\/\/kapitalis.com\/tunisie\/wp-content\/uploads\/2015\/08\/Belhassen-Trabelsi.jpeg\",\"keywords\":[\"a\u00e9roport de Tunis-Carthage\",\"Canada\",\"extradition\"],\"articleSection\":[\"POLITIQUE\",\"Tunisie\"],\"inLanguage\":\"fr-FR\",\"potentialAction\":[{\"@type\":\"CommentAction\",\"name\":\"Comment\",\"target\":[\"https:\/\/kapitalis.com\/tunisie\/2016\/06\/02\/canada-lextradition-de-belhassen-trabelsi-prevue-le-31-mai-na-pas-lieu\/#respond\"]}]},{\"@type\":\"WebPage\",\"@id\":\"https:\/\/kapitalis.com\/tunisie\/2016\/06\/02\/canada-lextradition-de-belhassen-trabelsi-prevue-le-31-mai-na-pas-lieu\/\",\"url\":\"https:\/\/kapitalis.com\/tunisie\/2016\/06\/02\/canada-lextradition-de-belhassen-trabelsi-prevue-le-31-mai-na-pas-lieu\/\",\"name\":\"Canada : L\u2019extradition de Belhassen Trabelsi, pr\u00e9vue le 31 mai, n\u2019a pas lieu - Kapitalis\",\"isPartOf\":{\"@id\":\"https:\/\/kapitalis.com\/tunisie\/#website\"},\"primaryImageOfPage\":{\"@id\":\"https:\/\/kapitalis.com\/tunisie\/2016\/06\/02\/canada-lextradition-de-belhassen-trabelsi-prevue-le-31-mai-na-pas-lieu\/#primaryimage\"},\"image\":{\"@id\":\"https:\/\/kapitalis.com\/tunisie\/2016\/06\/02\/canada-lextradition-de-belhassen-trabelsi-prevue-le-31-mai-na-pas-lieu\/#primaryimage\"},\"thumbnailUrl\":\"http:\/\/kapitalis.com\/tunisie\/wp-content\/uploads\/2015\/08\/Belhassen-Trabelsi.jpeg\",\"datePublished\":\"2016-06-02T11:46:00+00:00\",\"breadcrumb\":{\"@id\":\"https:\/\/kapitalis.com\/tunisie\/2016\/06\/02\/canada-lextradition-de-belhassen-trabelsi-prevue-le-31-mai-na-pas-lieu\/#breadcrumb\"},\"inLanguage\":\"fr-FR\",\"potentialAction\":[{\"@type\":\"ReadAction\",\"target\":[\"https:\/\/kapitalis.com\/tunisie\/2016\/06\/02\/canada-lextradition-de-belhassen-trabelsi-prevue-le-31-mai-na-pas-lieu\/\"]}]},{\"@type\":\"ImageObject\",\"inLanguage\":\"fr-FR\",\"@id\":\"https:\/\/kapitalis.com\/tunisie\/2016\/06\/02\/canada-lextradition-de-belhassen-trabelsi-prevue-le-31-mai-na-pas-lieu\/#primaryimage\",\"url\":\"http:\/\/kapitalis.com\/tunisie\/wp-content\/uploads\/2015\/08\/Belhassen-Trabelsi.jpeg\",\"contentUrl\":\"http:\/\/kapitalis.com\/tunisie\/wp-content\/uploads\/2015\/08\/Belhassen-Trabelsi.jpeg\"},{\"@type\":\"BreadcrumbList\",\"@id\":\"https:\/\/kapitalis.com\/tunisie\/2016\/06\/02\/canada-lextradition-de-belhassen-trabelsi-prevue-le-31-mai-na-pas-lieu\/#breadcrumb\",\"itemListElement\":[{\"@type\":\"ListItem\",\"position\":1,\"name\":\"Accueil\",\"item\":\"https:\/\/kapitalis.com\/tunisie\/\"},{\"@type\":\"ListItem\",\"position\":2,\"name\":\"Canada : L\u2019extradition de Belhassen Trabelsi, pr\u00e9vue le 31 mai, n\u2019a pas lieu\"}]},{\"@type\":\"WebSite\",\"@id\":\"https:\/\/kapitalis.com\/tunisie\/#website\",\"url\":\"https:\/\/kapitalis.com\/tunisie\/\",\"name\":\"Kapitalis\",\"description\":\"L&#039;actualit\u00e9 en Tunisie et dans le monde\",\"publisher\":{\"@id\":\"https:\/\/kapitalis.com\/tunisie\/#organization\"},\"potentialAction\":[{\"@type\":\"SearchAction\",\"target\":{\"@type\":\"EntryPoint\",\"urlTemplate\":\"https:\/\/kapitalis.com\/tunisie\/?s={search_term_string}\"},\"query-input\":{\"@type\":\"PropertyValueSpecification\",\"valueRequired\":true,\"valueName\":\"search_term_string\"}}],\"inLanguage\":\"fr-FR\"},{\"@type\":\"Organization\",\"@id\":\"https:\/\/kapitalis.com\/tunisie\/#organization\",\"name\":\"Kapitalis\",\"url\":\"https:\/\/kapitalis.com\/tunisie\/\",\"logo\":{\"@type\":\"ImageObject\",\"inLanguage\":\"fr-FR\",\"@id\":\"https:\/\/kapitalis.com\/tunisie\/#\/schema\/logo\/image\/\",\"url\":\"https:\/\/kapitalis.com\/tunisie\/wp-content\/uploads\/2022\/05\/Kapitalis-big-size.png\",\"contentUrl\":\"https:\/\/kapitalis.com\/tunisie\/wp-content\/uploads\/2022\/05\/Kapitalis-big-size.png\",\"width\":5000,\"height\":1500,\"caption\":\"Kapitalis\"},\"image\":{\"@id\":\"https:\/\/kapitalis.com\/tunisie\/#\/schema\/logo\/image\/\"},\"sameAs\":[\"https:\/\/www.facebook.com\/KapitalisInfo\/\",\"https:\/\/x.com\/KapitalisInfo\",\"https:\/\/www.youtube.com\/channel\/UC-yDYrHyfFBWWZaOw3FPg9Q\"]},{\"@type\":\"Person\",\"@id\":\"https:\/\/kapitalis.com\/tunisie\/#\/schema\/person\/d71f33a9ca44f7bad4698210b480c8e9\",\"name\":\"webmaster kapitalis\",\"url\":\"https:\/\/kapitalis.com\/tunisie\/author\/webmaster-kapitalis\/\"}]}<\/script>\n<!-- \/ Yoast SEO plugin. -->","yoast_head_json":{"title":"Canada : L\u2019extradition de Belhassen Trabelsi, pr\u00e9vue le 31 mai, n\u2019a pas lieu - Kapitalis","robots":{"index":"index","follow":"follow","max-snippet":"max-snippet:-1","max-image-preview":"max-image-preview:large","max-video-preview":"max-video-preview:-1"},"canonical":"https:\/\/kapitalis.com\/tunisie\/2016\/06\/02\/canada-lextradition-de-belhassen-trabelsi-prevue-le-31-mai-na-pas-lieu\/","og_locale":"fr_FR","og_type":"article","og_title":"Canada : L\u2019extradition de Belhassen Trabelsi, pr\u00e9vue le 31 mai, n\u2019a pas lieu - Kapitalis","og_description":"L\u2019extradition par les autorit\u00e9s canadiennes de Belhassen Trabelsi vers la Tunisie, pr\u00e9vue le 31 mai dernier, n\u2019a pas pu avoir lieu. Car ce dernier\u00a0a disparu avec femme et enfants.","og_url":"https:\/\/kapitalis.com\/tunisie\/2016\/06\/02\/canada-lextradition-de-belhassen-trabelsi-prevue-le-31-mai-na-pas-lieu\/","og_site_name":"Kapitalis","article_publisher":"https:\/\/www.facebook.com\/KapitalisInfo\/","article_published_time":"2016-06-02T11:46:00+00:00","og_image":[{"url":"http:\/\/kapitalis.com\/tunisie\/wp-content\/uploads\/2015\/08\/Belhassen-Trabelsi.jpeg","type":"","width":"","height":""}],"author":"webmaster kapitalis","twitter_card":"summary_large_image","twitter_creator":"@KapitalisInfo","twitter_site":"@KapitalisInfo","twitter_misc":{"\u00c9crit par":"webmaster kapitalis","Dur\u00e9e de lecture estim\u00e9e":"1 minute"},"schema":{"@context":"https:\/\/schema.org","@graph":[{"@type":"Article","@id":"https:\/\/kapitalis.com\/tunisie\/2016\/06\/02\/canada-lextradition-de-belhassen-trabelsi-prevue-le-31-mai-na-pas-lieu\/#article","isPartOf":{"@id":"https:\/\/kapitalis.com\/tunisie\/2016\/06\/02\/canada-lextradition-de-belhassen-trabelsi-prevue-le-31-mai-na-pas-lieu\/"},"author":{"name":"webmaster kapitalis","@id":"https:\/\/kapitalis.com\/tunisie\/#\/schema\/person\/d71f33a9ca44f7bad4698210b480c8e9"},"headline":"Canada : L\u2019extradition de Belhassen Trabelsi, pr\u00e9vue le 31 mai, n\u2019a pas lieu","datePublished":"2016-06-02T11:46:00+00:00","mainEntityOfPage":{"@id":"https:\/\/kapitalis.com\/tunisie\/2016\/06\/02\/canada-lextradition-de-belhassen-trabelsi-prevue-le-31-mai-na-pas-lieu\/"},"wordCount":172,"commentCount":9,"publisher":{"@id":"https:\/\/kapitalis.com\/tunisie\/#organization"},"image":{"@id":"https:\/\/kapitalis.com\/tunisie\/2016\/06\/02\/canada-lextradition-de-belhassen-trabelsi-prevue-le-31-mai-na-pas-lieu\/#primaryimage"},"thumbnailUrl":"http:\/\/kapitalis.com\/tunisie\/wp-content\/uploads\/2015\/08\/Belhassen-Trabelsi.jpeg","keywords":["a\u00e9roport de Tunis-Carthage","Canada","extradition"],"articleSection":["POLITIQUE","Tunisie"],"inLanguage":"fr-FR","potentialAction":[{"@type":"CommentAction","name":"Comment","target":["https:\/\/kapitalis.com\/tunisie\/2016\/06\/02\/canada-lextradition-de-belhassen-trabelsi-prevue-le-31-mai-na-pas-lieu\/#respond"]}]},{"@type":"WebPage","@id":"https:\/\/kapitalis.com\/tunisie\/2016\/06\/02\/canada-lextradition-de-belhassen-trabelsi-prevue-le-31-mai-na-pas-lieu\/","url":"https:\/\/kapitalis.com\/tunisie\/2016\/06\/02\/canada-lextradition-de-belhassen-trabelsi-prevue-le-31-mai-na-pas-lieu\/","name":"Canada : L\u2019extradition de Belhassen Trabelsi, pr\u00e9vue le 31 mai, n\u2019a pas lieu - Kapitalis","isPartOf":{"@id":"https:\/\/kapitalis.com\/tunisie\/#website"},"primaryImageOfPage":{"@id":"https:\/\/kapitalis.com\/tunisie\/2016\/06\/02\/canada-lextradition-de-belhassen-trabelsi-prevue-le-31-mai-na-pas-lieu\/#primaryimage"},"image":{"@id":"https:\/\/kapitalis.com\/tunisie\/2016\/06\/02\/canada-lextradition-de-belhassen-trabelsi-prevue-le-31-mai-na-pas-lieu\/#primaryimage"},"thumbnailUrl":"http:\/\/kapitalis.com\/tunisie\/wp-content\/uploads\/2015\/08\/Belhassen-Trabelsi.jpeg","datePublished":"2016-06-02T11:46:00+00:00","breadcrumb":{"@id":"https:\/\/kapitalis.com\/tunisie\/2016\/06\/02\/canada-lextradition-de-belhassen-trabelsi-prevue-le-31-mai-na-pas-lieu\/#breadcrumb"},"inLanguage":"fr-FR","potentialAction":[{"@type":"ReadAction","target":["https:\/\/kapitalis.com\/tunisie\/2016\/06\/02\/canada-lextradition-de-belhassen-trabelsi-prevue-le-31-mai-na-pas-lieu\/"]}]},{"@type":"ImageObject","inLanguage":"fr-FR","@id":"https:\/\/kapitalis.com\/tunisie\/2016\/06\/02\/canada-lextradition-de-belhassen-trabelsi-prevue-le-31-mai-na-pas-lieu\/#primaryimage","url":"http:\/\/kapitalis.com\/tunisie\/wp-content\/uploads\/2015\/08\/Belhassen-Trabelsi.jpeg","contentUrl":"http:\/\/kapitalis.com\/tunisie\/wp-content\/uploads\/2015\/08\/Belhassen-Trabelsi.jpeg"},{"@type":"BreadcrumbList","@id":"https:\/\/kapitalis.com\/tunisie\/2016\/06\/02\/canada-lextradition-de-belhassen-trabelsi-prevue-le-31-mai-na-pas-lieu\/#breadcrumb","itemListElement":[{"@type":"ListItem","position":1,"name":"Accueil","item":"https:\/\/kapitalis.com\/tunisie\/"},{"@type":"ListItem","position":2,"name":"Canada : L\u2019extradition de Belhassen Trabelsi, pr\u00e9vue le 31 mai, n\u2019a pas lieu"}]},{"@type":"WebSite","@id":"https:\/\/kapitalis.com\/tunisie\/#website","url":"https:\/\/kapitalis.com\/tunisie\/","name":"Kapitalis","description":"L&#039;actualit\u00e9 en Tunisie et dans le monde","publisher":{"@id":"https:\/\/kapitalis.com\/tunisie\/#organization"},"potentialAction":[{"@type":"SearchAction","target":{"@type":"EntryPoint","urlTemplate":"https:\/\/kapitalis.com\/tunisie\/?s={search_term_string}"},"query-input":{"@type":"PropertyValueSpecification","valueRequired":true,"valueName":"search_term_string"}}],"inLanguage":"fr-FR"},{"@type":"Organization","@id":"https:\/\/kapitalis.com\/tunisie\/#organization","name":"Kapitalis","url":"https:\/\/kapitalis.com\/tunisie\/","logo":{"@type":"ImageObject","inLanguage":"fr-FR","@id":"https:\/\/kapitalis.com\/tunisie\/#\/schema\/logo\/image\/","url":"https:\/\/kapitalis.com\/tunisie\/wp-content\/uploads\/2022\/05\/Kapitalis-big-size.png","contentUrl":"https:\/\/kapitalis.com\/tunisie\/wp-content\/uploads\/2022\/05\/Kapitalis-big-size.png","width":5000,"height":1500,"caption":"Kapitalis"},"image":{"@id":"https:\/\/kapitalis.com\/tunisie\/#\/schema\/logo\/image\/"},"sameAs":["https:\/\/www.facebook.com\/KapitalisInfo\/","https:\/\/x.com\/KapitalisInfo","https:\/\/www.youtube.com\/channel\/UC-yDYrHyfFBWWZaOw3FPg9Q"]},{"@type":"Person","@id":"https:\/\/kapitalis.com\/tunisie\/#\/schema\/person\/d71f33a9ca44f7bad4698210b480c8e9","name":"webmaster kapitalis","url":"https:\/\/kapitalis.com\/tunisie\/author\/webmaster-kapitalis\/"}]}},"_links":{"self":[{"href":"https:\/\/kapitalis.com\/tunisie\/wp-json\/wp\/v2\/posts\/52352","targetHints":{"allow":["GET"]}}],"collection":[{"href":"https:\/\/kapitalis.com\/tunisie\/wp-json\/wp\/v2\/posts"}],"about":[{"href":"https:\/\/kapitalis.com\/tunisie\/wp-json\/wp\/v2\/types\/post"}],"author":[{"embeddable":true,"href":"https:\/\/kapitalis.com\/tunisie\/wp-json\/wp\/v2\/users\/8"}],"replies":[{"embeddable":true,"href":"https:\/\/kapitalis.com\/tunisie\/wp-json\/wp\/v2\/comments?post=52352"}],"version-history":[{"count":0,"href":"https:\/\/kapitalis.com\/tunisie\/wp-json\/wp\/v2\/posts\/52352\/revisions"}],"wp:attachment":[{"href":"https:\/\/kapitalis.com\/tunisie\/wp-json\/wp\/v2\/media?parent=52352"}],"wp:term":[{"taxonomy":"category","embeddable":true,"href":"https:\/\/kapitalis.com\/tunisie\/wp-json\/wp\/v2\/categories?post=52352"},{"taxonomy":"post_tag","embeddable":true,"href":"https:\/\/kapitalis.com\/tunisie\/wp-json\/wp\/v2\/tags?post=52352"}],"curies":[{"name":"wp","href":"https:\/\/api.w.org\/{rel}","templated":true}]}}