{"id":52378,"date":"2016-06-02T16:45:09","date_gmt":"2016-06-02T15:45:09","guid":{"rendered":"http:\/\/kapitalis.com\/tunisie\/?p=52378"},"modified":"2016-06-02T16:45:09","modified_gmt":"2016-06-02T15:45:09","slug":"une-federation-interprofessionnelle-du-tourisme-voit-le-jour","status":"publish","type":"post","link":"https:\/\/kapitalis.com\/tunisie\/2016\/06\/02\/une-federation-interprofessionnelle-du-tourisme-voit-le-jour\/","title":{"rendered":"Une F\u00e9d\u00e9ration interprofessionnelle du tourisme voit le jour"},"content":{"rendered":"<p><img loading=\"lazy\" decoding=\"async\" class=\"alignnone size-full wp-image-10605 aligncenter\" src=\"http:\/\/kapitalis.com\/tunisie\/wp-content\/uploads\/2015\/08\/Tourisme-interieur.jpg\" alt=\"Tourisme-interieur\" width=\"626\" height=\"380\" \/><br \/>\n<em><strong>L\u2019annonce officielle de la cr\u00e9ation de F\u00e9d\u00e9ration interprofessionnelle du tourisme (FIT) a paru au Journal officiel de la r\u00e9publique tunisienne (Jort, n\u00b041 du 5 avril 2016).<\/strong><\/em><\/p>\n<p><!--more--><\/p>\n<p>Ce nouveau syndicat ind\u00e9pendant mise sur une approche plus globale du secteur du tourisme. Les membres de son conseil d\u2019administration \u00e9lus lors de l\u2019assembl\u00e9e constitutive, tenue le 1er mars 2016, sont Houssem Ben Azouz (pr\u00e9sident), Kawther Meddeb (1er vice-pr\u00e9sident), Amor D\u00e9hissy (2e vice-pr\u00e9sident), N\u00e9jib Gana (secr\u00e9taire g\u00e9n\u00e9ral) et Amor Ch\u00e9rif (tr\u00e9sorier).<\/p>\n<p>Dans un communiqu\u00e9 publi\u00e9 aujourd\u2019hui, la FIT pr\u00e9cise que son objectif est de travailler sur une vision sp\u00e9cifique du secteur touristique et ambitionne de combler un vide en regroupant tous les acteurs ayant un lien direct ou indirect avec le tourisme, et ce quel que soit leur champ d\u2019action : agences de voyage, \u00e9tablissements d\u2019h\u00e9bergement, soci\u00e9t\u00e9 de transport, de loisirs, de sports, d\u2019animation culturelle et artistique, d\u2019artisanat\u2026<\/p>\n<p>Le communiqu\u00e9 ajoute que la FIT reste ouverte \u00e0 l\u2019adh\u00e9sion des personnes morales, physiques, associations ou syndicats ayant un lien direct ou indirect avec le tourisme.<\/p>\n<p style=\"text-align: right;\"><strong>Z. A.<\/strong><\/p>\n","protected":false},"excerpt":{"rendered":"<p>L\u2019annonce officielle de la cr\u00e9ation de F\u00e9d\u00e9ration interprofessionnelle du tourisme (FIT) a paru au Journal officiel de la r\u00e9publique tunisienne (Jort, n\u00b041 du 5 avril 2016).<\/p>\n","protected":false},"author":8,"featured_media":0,"comment_status":"open","ping_status":"open","sticky":false,"template":"","format":"standard","meta":{"footnotes":""},"categories":[995,2433],"tags":[6688],"class_list":["post-52378","post","type-post","status-publish","format-standard","hentry","category-economie","category-tunisie","tag-agences-de-voyage"],"yoast_head":"<!-- This site is optimized with the Yoast SEO plugin v26.6 - https:\/\/yoast.com\/wordpress\/plugins\/seo\/ -->\n<title>Une F\u00e9d\u00e9ration interprofessionnelle du tourisme voit le jour - Kapitalis<\/title>\n<meta name=\"robots\" content=\"index, follow, max-snippet:-1, max-image-preview:large, max-video-preview:-1\" \/>\n<link rel=\"canonical\" href=\"https:\/\/kapitalis.com\/tunisie\/2016\/06\/02\/une-federation-interprofessionnelle-du-tourisme-voit-le-jour\/\" \/>\n<meta property=\"og:locale\" content=\"fr_FR\" \/>\n<meta property=\"og:type\" content=\"article\" \/>\n<meta property=\"og:title\" content=\"Une F\u00e9d\u00e9ration interprofessionnelle du tourisme voit le jour - Kapitalis\" \/>\n<meta property=\"og:description\" content=\"L\u2019annonce officielle de la cr\u00e9ation de F\u00e9d\u00e9ration interprofessionnelle du tourisme (FIT) a paru au Journal officiel de la r\u00e9publique tunisienne (Jort, n\u00b041 du 5 avril 2016).\" \/>\n<meta property=\"og:url\" content=\"https:\/\/kapitalis.com\/tunisie\/2016\/06\/02\/une-federation-interprofessionnelle-du-tourisme-voit-le-jour\/\" \/>\n<meta property=\"og:site_name\" content=\"Kapitalis\" \/>\n<meta property=\"article:publisher\" content=\"https:\/\/www.facebook.com\/KapitalisInfo\/\" \/>\n<meta property=\"article:published_time\" content=\"2016-06-02T15:45:09+00:00\" \/>\n<meta property=\"og:image\" content=\"http:\/\/kapitalis.com\/tunisie\/wp-content\/uploads\/2015\/08\/Tourisme-interieur.jpg\" \/>\n<meta name=\"author\" content=\"webmaster kapitalis\" \/>\n<meta name=\"twitter:card\" content=\"summary_large_image\" \/>\n<meta name=\"twitter:creator\" content=\"@KapitalisInfo\" \/>\n<meta name=\"twitter:site\" content=\"@KapitalisInfo\" \/>\n<meta name=\"twitter:label1\" content=\"\u00c9crit par\" \/>\n\t<meta name=\"twitter:data1\" content=\"webmaster kapitalis\" \/>\n\t<meta name=\"twitter:label2\" content=\"Dur\u00e9e de lecture estim\u00e9e\" \/>\n\t<meta name=\"twitter:data2\" content=\"1 minute\" \/>\n<script type=\"application\/ld+json\" class=\"yoast-schema-graph\">{\"@context\":\"https:\/\/schema.org\",\"@graph\":[{\"@type\":\"Article\",\"@id\":\"https:\/\/kapitalis.com\/tunisie\/2016\/06\/02\/une-federation-interprofessionnelle-du-tourisme-voit-le-jour\/#article\",\"isPartOf\":{\"@id\":\"https:\/\/kapitalis.com\/tunisie\/2016\/06\/02\/une-federation-interprofessionnelle-du-tourisme-voit-le-jour\/\"},\"author\":{\"name\":\"webmaster kapitalis\",\"@id\":\"https:\/\/kapitalis.com\/tunisie\/#\/schema\/person\/d71f33a9ca44f7bad4698210b480c8e9\"},\"headline\":\"Une F\u00e9d\u00e9ration interprofessionnelle du tourisme voit le jour\",\"datePublished\":\"2016-06-02T15:45:09+00:00\",\"mainEntityOfPage\":{\"@id\":\"https:\/\/kapitalis.com\/tunisie\/2016\/06\/02\/une-federation-interprofessionnelle-du-tourisme-voit-le-jour\/\"},\"wordCount\":207,\"commentCount\":1,\"publisher\":{\"@id\":\"https:\/\/kapitalis.com\/tunisie\/#organization\"},\"image\":{\"@id\":\"https:\/\/kapitalis.com\/tunisie\/2016\/06\/02\/une-federation-interprofessionnelle-du-tourisme-voit-le-jour\/#primaryimage\"},\"thumbnailUrl\":\"http:\/\/kapitalis.com\/tunisie\/wp-content\/uploads\/2015\/08\/Tourisme-interieur.jpg\",\"keywords\":[\"agences de voyage\"],\"articleSection\":[\"ECONOMIE\",\"Tunisie\"],\"inLanguage\":\"fr-FR\",\"potentialAction\":[{\"@type\":\"CommentAction\",\"name\":\"Comment\",\"target\":[\"https:\/\/kapitalis.com\/tunisie\/2016\/06\/02\/une-federation-interprofessionnelle-du-tourisme-voit-le-jour\/#respond\"]}]},{\"@type\":\"WebPage\",\"@id\":\"https:\/\/kapitalis.com\/tunisie\/2016\/06\/02\/une-federation-interprofessionnelle-du-tourisme-voit-le-jour\/\",\"url\":\"https:\/\/kapitalis.com\/tunisie\/2016\/06\/02\/une-federation-interprofessionnelle-du-tourisme-voit-le-jour\/\",\"name\":\"Une F\u00e9d\u00e9ration interprofessionnelle du tourisme voit le jour - Kapitalis\",\"isPartOf\":{\"@id\":\"https:\/\/kapitalis.com\/tunisie\/#website\"},\"primaryImageOfPage\":{\"@id\":\"https:\/\/kapitalis.com\/tunisie\/2016\/06\/02\/une-federation-interprofessionnelle-du-tourisme-voit-le-jour\/#primaryimage\"},\"image\":{\"@id\":\"https:\/\/kapitalis.com\/tunisie\/2016\/06\/02\/une-federation-interprofessionnelle-du-tourisme-voit-le-jour\/#primaryimage\"},\"thumbnailUrl\":\"http:\/\/kapitalis.com\/tunisie\/wp-content\/uploads\/2015\/08\/Tourisme-interieur.jpg\",\"datePublished\":\"2016-06-02T15:45:09+00:00\",\"breadcrumb\":{\"@id\":\"https:\/\/kapitalis.com\/tunisie\/2016\/06\/02\/une-federation-interprofessionnelle-du-tourisme-voit-le-jour\/#breadcrumb\"},\"inLanguage\":\"fr-FR\",\"potentialAction\":[{\"@type\":\"ReadAction\",\"target\":[\"https:\/\/kapitalis.com\/tunisie\/2016\/06\/02\/une-federation-interprofessionnelle-du-tourisme-voit-le-jour\/\"]}]},{\"@type\":\"ImageObject\",\"inLanguage\":\"fr-FR\",\"@id\":\"https:\/\/kapitalis.com\/tunisie\/2016\/06\/02\/une-federation-interprofessionnelle-du-tourisme-voit-le-jour\/#primaryimage\",\"url\":\"http:\/\/kapitalis.com\/tunisie\/wp-content\/uploads\/2015\/08\/Tourisme-interieur.jpg\",\"contentUrl\":\"http:\/\/kapitalis.com\/tunisie\/wp-content\/uploads\/2015\/08\/Tourisme-interieur.jpg\"},{\"@type\":\"BreadcrumbList\",\"@id\":\"https:\/\/kapitalis.com\/tunisie\/2016\/06\/02\/une-federation-interprofessionnelle-du-tourisme-voit-le-jour\/#breadcrumb\",\"itemListElement\":[{\"@type\":\"ListItem\",\"position\":1,\"name\":\"Accueil\",\"item\":\"https:\/\/kapitalis.com\/tunisie\/\"},{\"@type\":\"ListItem\",\"position\":2,\"name\":\"Une F\u00e9d\u00e9ration interprofessionnelle du tourisme voit le jour\"}]},{\"@type\":\"WebSite\",\"@id\":\"https:\/\/kapitalis.com\/tunisie\/#website\",\"url\":\"https:\/\/kapitalis.com\/tunisie\/\",\"name\":\"Kapitalis\",\"description\":\"L&#039;actualit\u00e9 en Tunisie et dans le monde\",\"publisher\":{\"@id\":\"https:\/\/kapitalis.com\/tunisie\/#organization\"},\"potentialAction\":[{\"@type\":\"SearchAction\",\"target\":{\"@type\":\"EntryPoint\",\"urlTemplate\":\"https:\/\/kapitalis.com\/tunisie\/?s={search_term_string}\"},\"query-input\":{\"@type\":\"PropertyValueSpecification\",\"valueRequired\":true,\"valueName\":\"search_term_string\"}}],\"inLanguage\":\"fr-FR\"},{\"@type\":\"Organization\",\"@id\":\"https:\/\/kapitalis.com\/tunisie\/#organization\",\"name\":\"Kapitalis\",\"url\":\"https:\/\/kapitalis.com\/tunisie\/\",\"logo\":{\"@type\":\"ImageObject\",\"inLanguage\":\"fr-FR\",\"@id\":\"https:\/\/kapitalis.com\/tunisie\/#\/schema\/logo\/image\/\",\"url\":\"https:\/\/kapitalis.com\/tunisie\/wp-content\/uploads\/2022\/05\/Kapitalis-big-size.png\",\"contentUrl\":\"https:\/\/kapitalis.com\/tunisie\/wp-content\/uploads\/2022\/05\/Kapitalis-big-size.png\",\"width\":5000,\"height\":1500,\"caption\":\"Kapitalis\"},\"image\":{\"@id\":\"https:\/\/kapitalis.com\/tunisie\/#\/schema\/logo\/image\/\"},\"sameAs\":[\"https:\/\/www.facebook.com\/KapitalisInfo\/\",\"https:\/\/x.com\/KapitalisInfo\",\"https:\/\/www.youtube.com\/channel\/UC-yDYrHyfFBWWZaOw3FPg9Q\"]},{\"@type\":\"Person\",\"@id\":\"https:\/\/kapitalis.com\/tunisie\/#\/schema\/person\/d71f33a9ca44f7bad4698210b480c8e9\",\"name\":\"webmaster kapitalis\",\"url\":\"https:\/\/kapitalis.com\/tunisie\/author\/webmaster-kapitalis\/\"}]}<\/script>\n<!-- \/ Yoast SEO plugin. -->","yoast_head_json":{"title":"Une F\u00e9d\u00e9ration interprofessionnelle du tourisme voit le jour - Kapitalis","robots":{"index":"index","follow":"follow","max-snippet":"max-snippet:-1","max-image-preview":"max-image-preview:large","max-video-preview":"max-video-preview:-1"},"canonical":"https:\/\/kapitalis.com\/tunisie\/2016\/06\/02\/une-federation-interprofessionnelle-du-tourisme-voit-le-jour\/","og_locale":"fr_FR","og_type":"article","og_title":"Une F\u00e9d\u00e9ration interprofessionnelle du tourisme voit le jour - Kapitalis","og_description":"L\u2019annonce officielle de la cr\u00e9ation de F\u00e9d\u00e9ration interprofessionnelle du tourisme (FIT) a paru au Journal officiel de la r\u00e9publique tunisienne (Jort, n\u00b041 du 5 avril 2016).","og_url":"https:\/\/kapitalis.com\/tunisie\/2016\/06\/02\/une-federation-interprofessionnelle-du-tourisme-voit-le-jour\/","og_site_name":"Kapitalis","article_publisher":"https:\/\/www.facebook.com\/KapitalisInfo\/","article_published_time":"2016-06-02T15:45:09+00:00","og_image":[{"url":"http:\/\/kapitalis.com\/tunisie\/wp-content\/uploads\/2015\/08\/Tourisme-interieur.jpg","type":"","width":"","height":""}],"author":"webmaster kapitalis","twitter_card":"summary_large_image","twitter_creator":"@KapitalisInfo","twitter_site":"@KapitalisInfo","twitter_misc":{"\u00c9crit par":"webmaster kapitalis","Dur\u00e9e de lecture estim\u00e9e":"1 minute"},"schema":{"@context":"https:\/\/schema.org","@graph":[{"@type":"Article","@id":"https:\/\/kapitalis.com\/tunisie\/2016\/06\/02\/une-federation-interprofessionnelle-du-tourisme-voit-le-jour\/#article","isPartOf":{"@id":"https:\/\/kapitalis.com\/tunisie\/2016\/06\/02\/une-federation-interprofessionnelle-du-tourisme-voit-le-jour\/"},"author":{"name":"webmaster kapitalis","@id":"https:\/\/kapitalis.com\/tunisie\/#\/schema\/person\/d71f33a9ca44f7bad4698210b480c8e9"},"headline":"Une F\u00e9d\u00e9ration interprofessionnelle du tourisme voit le jour","datePublished":"2016-06-02T15:45:09+00:00","mainEntityOfPage":{"@id":"https:\/\/kapitalis.com\/tunisie\/2016\/06\/02\/une-federation-interprofessionnelle-du-tourisme-voit-le-jour\/"},"wordCount":207,"commentCount":1,"publisher":{"@id":"https:\/\/kapitalis.com\/tunisie\/#organization"},"image":{"@id":"https:\/\/kapitalis.com\/tunisie\/2016\/06\/02\/une-federation-interprofessionnelle-du-tourisme-voit-le-jour\/#primaryimage"},"thumbnailUrl":"http:\/\/kapitalis.com\/tunisie\/wp-content\/uploads\/2015\/08\/Tourisme-interieur.jpg","keywords":["agences de voyage"],"articleSection":["ECONOMIE","Tunisie"],"inLanguage":"fr-FR","potentialAction":[{"@type":"CommentAction","name":"Comment","target":["https:\/\/kapitalis.com\/tunisie\/2016\/06\/02\/une-federation-interprofessionnelle-du-tourisme-voit-le-jour\/#respond"]}]},{"@type":"WebPage","@id":"https:\/\/kapitalis.com\/tunisie\/2016\/06\/02\/une-federation-interprofessionnelle-du-tourisme-voit-le-jour\/","url":"https:\/\/kapitalis.com\/tunisie\/2016\/06\/02\/une-federation-interprofessionnelle-du-tourisme-voit-le-jour\/","name":"Une F\u00e9d\u00e9ration interprofessionnelle du tourisme voit le jour - Kapitalis","isPartOf":{"@id":"https:\/\/kapitalis.com\/tunisie\/#website"},"primaryImageOfPage":{"@id":"https:\/\/kapitalis.com\/tunisie\/2016\/06\/02\/une-federation-interprofessionnelle-du-tourisme-voit-le-jour\/#primaryimage"},"image":{"@id":"https:\/\/kapitalis.com\/tunisie\/2016\/06\/02\/une-federation-interprofessionnelle-du-tourisme-voit-le-jour\/#primaryimage"},"thumbnailUrl":"http:\/\/kapitalis.com\/tunisie\/wp-content\/uploads\/2015\/08\/Tourisme-interieur.jpg","datePublished":"2016-06-02T15:45:09+00:00","breadcrumb":{"@id":"https:\/\/kapitalis.com\/tunisie\/2016\/06\/02\/une-federation-interprofessionnelle-du-tourisme-voit-le-jour\/#breadcrumb"},"inLanguage":"fr-FR","potentialAction":[{"@type":"ReadAction","target":["https:\/\/kapitalis.com\/tunisie\/2016\/06\/02\/une-federation-interprofessionnelle-du-tourisme-voit-le-jour\/"]}]},{"@type":"ImageObject","inLanguage":"fr-FR","@id":"https:\/\/kapitalis.com\/tunisie\/2016\/06\/02\/une-federation-interprofessionnelle-du-tourisme-voit-le-jour\/#primaryimage","url":"http:\/\/kapitalis.com\/tunisie\/wp-content\/uploads\/2015\/08\/Tourisme-interieur.jpg","contentUrl":"http:\/\/kapitalis.com\/tunisie\/wp-content\/uploads\/2015\/08\/Tourisme-interieur.jpg"},{"@type":"BreadcrumbList","@id":"https:\/\/kapitalis.com\/tunisie\/2016\/06\/02\/une-federation-interprofessionnelle-du-tourisme-voit-le-jour\/#breadcrumb","itemListElement":[{"@type":"ListItem","position":1,"name":"Accueil","item":"https:\/\/kapitalis.com\/tunisie\/"},{"@type":"ListItem","position":2,"name":"Une F\u00e9d\u00e9ration interprofessionnelle du tourisme voit le jour"}]},{"@type":"WebSite","@id":"https:\/\/kapitalis.com\/tunisie\/#website","url":"https:\/\/kapitalis.com\/tunisie\/","name":"Kapitalis","description":"L&#039;actualit\u00e9 en Tunisie et dans le monde","publisher":{"@id":"https:\/\/kapitalis.com\/tunisie\/#organization"},"potentialAction":[{"@type":"SearchAction","target":{"@type":"EntryPoint","urlTemplate":"https:\/\/kapitalis.com\/tunisie\/?s={search_term_string}"},"query-input":{"@type":"PropertyValueSpecification","valueRequired":true,"valueName":"search_term_string"}}],"inLanguage":"fr-FR"},{"@type":"Organization","@id":"https:\/\/kapitalis.com\/tunisie\/#organization","name":"Kapitalis","url":"https:\/\/kapitalis.com\/tunisie\/","logo":{"@type":"ImageObject","inLanguage":"fr-FR","@id":"https:\/\/kapitalis.com\/tunisie\/#\/schema\/logo\/image\/","url":"https:\/\/kapitalis.com\/tunisie\/wp-content\/uploads\/2022\/05\/Kapitalis-big-size.png","contentUrl":"https:\/\/kapitalis.com\/tunisie\/wp-content\/uploads\/2022\/05\/Kapitalis-big-size.png","width":5000,"height":1500,"caption":"Kapitalis"},"image":{"@id":"https:\/\/kapitalis.com\/tunisie\/#\/schema\/logo\/image\/"},"sameAs":["https:\/\/www.facebook.com\/KapitalisInfo\/","https:\/\/x.com\/KapitalisInfo","https:\/\/www.youtube.com\/channel\/UC-yDYrHyfFBWWZaOw3FPg9Q"]},{"@type":"Person","@id":"https:\/\/kapitalis.com\/tunisie\/#\/schema\/person\/d71f33a9ca44f7bad4698210b480c8e9","name":"webmaster kapitalis","url":"https:\/\/kapitalis.com\/tunisie\/author\/webmaster-kapitalis\/"}]}},"_links":{"self":[{"href":"https:\/\/kapitalis.com\/tunisie\/wp-json\/wp\/v2\/posts\/52378","targetHints":{"allow":["GET"]}}],"collection":[{"href":"https:\/\/kapitalis.com\/tunisie\/wp-json\/wp\/v2\/posts"}],"about":[{"href":"https:\/\/kapitalis.com\/tunisie\/wp-json\/wp\/v2\/types\/post"}],"author":[{"embeddable":true,"href":"https:\/\/kapitalis.com\/tunisie\/wp-json\/wp\/v2\/users\/8"}],"replies":[{"embeddable":true,"href":"https:\/\/kapitalis.com\/tunisie\/wp-json\/wp\/v2\/comments?post=52378"}],"version-history":[{"count":0,"href":"https:\/\/kapitalis.com\/tunisie\/wp-json\/wp\/v2\/posts\/52378\/revisions"}],"wp:attachment":[{"href":"https:\/\/kapitalis.com\/tunisie\/wp-json\/wp\/v2\/media?parent=52378"}],"wp:term":[{"taxonomy":"category","embeddable":true,"href":"https:\/\/kapitalis.com\/tunisie\/wp-json\/wp\/v2\/categories?post=52378"},{"taxonomy":"post_tag","embeddable":true,"href":"https:\/\/kapitalis.com\/tunisie\/wp-json\/wp\/v2\/tags?post=52378"}],"curies":[{"name":"wp","href":"https:\/\/api.w.org\/{rel}","templated":true}]}}