{"id":52405,"date":"2016-06-03T07:20:28","date_gmt":"2016-06-03T06:20:28","guid":{"rendered":"http:\/\/kapitalis.com\/tunisie\/?p=52405"},"modified":"2016-06-03T07:20:28","modified_gmt":"2016-06-03T06:20:28","slug":"les-securitaires-protestent-contre-leur-privation-du-droit-de-vote","status":"publish","type":"post","link":"https:\/\/kapitalis.com\/tunisie\/2016\/06\/03\/les-securitaires-protestent-contre-leur-privation-du-droit-de-vote\/","title":{"rendered":"Les s\u00e9curitaires protestent contre leur privation du droit de vote"},"content":{"rendered":"<p><img loading=\"lazy\" decoding=\"async\" class=\"alignnone size-full wp-image-8547 aligncenter\" src=\"http:\/\/kapitalis.com\/tunisie\/wp-content\/uploads\/2015\/08\/Ministere-Interieur.jpg\" alt=\"Ministere-Interieur\" width=\"626\" height=\"380\" \/><\/p>\n<p style=\"text-align: center;\"><em>Si\u00e8ge du minist\u00e8re de l&rsquo;Int\u00e9rieur, \u00e0 Tunis.<\/em><\/p>\n<p><em><strong>L\u2019Union nationale des syndicats des forces de s\u00e9curit\u00e9 (UNSFS) se dit attach\u00e9e au droit vote de ses affili\u00e9s, qui est inscrit dans la constitution.<\/strong><\/em><\/p>\n<p><!--more--><\/p>\n<p>Dans un communiqu\u00e9 rendu public, jeudi, \u00e0 la veille du d\u00e9marrage d\u2019un d\u00e9bat parlementaire sur la loi \u00e9lectorale des conseils municipaux et r\u00e9gionaux, l\u2019UNSFS se dit indign\u00e9e par les d\u00e9clarations de certains responsables qui appellent \u00e0 \u00e9carter les s\u00e9curitaires de l\u2019op\u00e9ration \u00e9lectorale.<\/p>\n<p><em>\u00abLes \u00e9lections constituent un test pour la d\u00e9mocratie\u00bb<\/em>, a soulign\u00e9 l\u2019organisation, ajoutant qu\u2019elle va user de tous les moyens juridiques et syndicaux pour r\u00e9aliser les objectifs des s\u00e9curitaires d\u2019exercer leur enti\u00e8re citoyennet\u00e9.<\/p>\n<p>L\u2019UNSFS a, par ailleurs, appel\u00e9 le ministre de l\u2019Int\u00e9rieur, en tant que repr\u00e9sentant du gouvernement, \u00e0 intervenir d\u2019urgence pour consacrer ce droit constitutionnel.<\/p>\n<p><em><strong>Source<\/strong> <\/em>: Tap.<\/p>\n","protected":false},"excerpt":{"rendered":"<p>Si\u00e8ge du minist\u00e8re de l&rsquo;Int\u00e9rieur, \u00e0 Tunis. L\u2019Union nationale des syndicats des forces de s\u00e9curit\u00e9 (UNSFS) se dit attach\u00e9e au droit vote de ses affili\u00e9s, qui est inscrit dans la constitution.<\/p>\n","protected":false},"author":8,"featured_media":0,"comment_status":"open","ping_status":"open","sticky":false,"template":"","format":"standard","meta":{"footnotes":""},"categories":[997,2433],"tags":[230,2828,10494,1395],"class_list":["post-52405","post","type-post","status-publish","format-standard","hentry","category-politique","category-tunisie","tag-constitution","tag-forces-de-securite","tag-securitaires","tag-syndicats"],"yoast_head":"<!-- This site is optimized with the Yoast SEO plugin v26.6 - https:\/\/yoast.com\/wordpress\/plugins\/seo\/ -->\n<title>Les s\u00e9curitaires protestent contre leur privation du droit de vote - Kapitalis<\/title>\n<meta name=\"robots\" content=\"index, follow, max-snippet:-1, max-image-preview:large, max-video-preview:-1\" \/>\n<link rel=\"canonical\" href=\"https:\/\/kapitalis.com\/tunisie\/2016\/06\/03\/les-securitaires-protestent-contre-leur-privation-du-droit-de-vote\/\" \/>\n<meta property=\"og:locale\" content=\"fr_FR\" \/>\n<meta property=\"og:type\" content=\"article\" \/>\n<meta property=\"og:title\" content=\"Les s\u00e9curitaires protestent contre leur privation du droit de vote - Kapitalis\" \/>\n<meta property=\"og:description\" content=\"Si\u00e8ge du minist\u00e8re de l&rsquo;Int\u00e9rieur, \u00e0 Tunis. L\u2019Union nationale des syndicats des forces de s\u00e9curit\u00e9 (UNSFS) se dit attach\u00e9e au droit vote de ses affili\u00e9s, qui est inscrit dans la constitution.\" \/>\n<meta property=\"og:url\" content=\"https:\/\/kapitalis.com\/tunisie\/2016\/06\/03\/les-securitaires-protestent-contre-leur-privation-du-droit-de-vote\/\" \/>\n<meta property=\"og:site_name\" content=\"Kapitalis\" \/>\n<meta property=\"article:publisher\" content=\"https:\/\/www.facebook.com\/KapitalisInfo\/\" \/>\n<meta property=\"article:published_time\" content=\"2016-06-03T06:20:28+00:00\" \/>\n<meta property=\"og:image\" content=\"http:\/\/kapitalis.com\/tunisie\/wp-content\/uploads\/2015\/08\/Ministere-Interieur.jpg\" \/>\n<meta name=\"author\" content=\"webmaster kapitalis\" \/>\n<meta name=\"twitter:card\" content=\"summary_large_image\" \/>\n<meta name=\"twitter:creator\" content=\"@KapitalisInfo\" \/>\n<meta name=\"twitter:site\" content=\"@KapitalisInfo\" \/>\n<meta name=\"twitter:label1\" content=\"\u00c9crit par\" \/>\n\t<meta name=\"twitter:data1\" content=\"webmaster kapitalis\" \/>\n\t<meta name=\"twitter:label2\" content=\"Dur\u00e9e de lecture estim\u00e9e\" \/>\n\t<meta name=\"twitter:data2\" content=\"1 minute\" \/>\n<script type=\"application\/ld+json\" class=\"yoast-schema-graph\">{\"@context\":\"https:\/\/schema.org\",\"@graph\":[{\"@type\":\"Article\",\"@id\":\"https:\/\/kapitalis.com\/tunisie\/2016\/06\/03\/les-securitaires-protestent-contre-leur-privation-du-droit-de-vote\/#article\",\"isPartOf\":{\"@id\":\"https:\/\/kapitalis.com\/tunisie\/2016\/06\/03\/les-securitaires-protestent-contre-leur-privation-du-droit-de-vote\/\"},\"author\":{\"name\":\"webmaster kapitalis\",\"@id\":\"https:\/\/kapitalis.com\/tunisie\/#\/schema\/person\/d71f33a9ca44f7bad4698210b480c8e9\"},\"headline\":\"Les s\u00e9curitaires protestent contre leur privation du droit de vote\",\"datePublished\":\"2016-06-03T06:20:28+00:00\",\"mainEntityOfPage\":{\"@id\":\"https:\/\/kapitalis.com\/tunisie\/2016\/06\/03\/les-securitaires-protestent-contre-leur-privation-du-droit-de-vote\/\"},\"wordCount\":166,\"commentCount\":0,\"publisher\":{\"@id\":\"https:\/\/kapitalis.com\/tunisie\/#organization\"},\"image\":{\"@id\":\"https:\/\/kapitalis.com\/tunisie\/2016\/06\/03\/les-securitaires-protestent-contre-leur-privation-du-droit-de-vote\/#primaryimage\"},\"thumbnailUrl\":\"http:\/\/kapitalis.com\/tunisie\/wp-content\/uploads\/2015\/08\/Ministere-Interieur.jpg\",\"keywords\":[\"constitution\",\"forces de s\u00e9curit\u00e9\",\"s\u00e9curitaires\",\"syndicats\"],\"articleSection\":[\"POLITIQUE\",\"Tunisie\"],\"inLanguage\":\"fr-FR\",\"potentialAction\":[{\"@type\":\"CommentAction\",\"name\":\"Comment\",\"target\":[\"https:\/\/kapitalis.com\/tunisie\/2016\/06\/03\/les-securitaires-protestent-contre-leur-privation-du-droit-de-vote\/#respond\"]}]},{\"@type\":\"WebPage\",\"@id\":\"https:\/\/kapitalis.com\/tunisie\/2016\/06\/03\/les-securitaires-protestent-contre-leur-privation-du-droit-de-vote\/\",\"url\":\"https:\/\/kapitalis.com\/tunisie\/2016\/06\/03\/les-securitaires-protestent-contre-leur-privation-du-droit-de-vote\/\",\"name\":\"Les s\u00e9curitaires protestent contre leur privation du droit de vote - Kapitalis\",\"isPartOf\":{\"@id\":\"https:\/\/kapitalis.com\/tunisie\/#website\"},\"primaryImageOfPage\":{\"@id\":\"https:\/\/kapitalis.com\/tunisie\/2016\/06\/03\/les-securitaires-protestent-contre-leur-privation-du-droit-de-vote\/#primaryimage\"},\"image\":{\"@id\":\"https:\/\/kapitalis.com\/tunisie\/2016\/06\/03\/les-securitaires-protestent-contre-leur-privation-du-droit-de-vote\/#primaryimage\"},\"thumbnailUrl\":\"http:\/\/kapitalis.com\/tunisie\/wp-content\/uploads\/2015\/08\/Ministere-Interieur.jpg\",\"datePublished\":\"2016-06-03T06:20:28+00:00\",\"breadcrumb\":{\"@id\":\"https:\/\/kapitalis.com\/tunisie\/2016\/06\/03\/les-securitaires-protestent-contre-leur-privation-du-droit-de-vote\/#breadcrumb\"},\"inLanguage\":\"fr-FR\",\"potentialAction\":[{\"@type\":\"ReadAction\",\"target\":[\"https:\/\/kapitalis.com\/tunisie\/2016\/06\/03\/les-securitaires-protestent-contre-leur-privation-du-droit-de-vote\/\"]}]},{\"@type\":\"ImageObject\",\"inLanguage\":\"fr-FR\",\"@id\":\"https:\/\/kapitalis.com\/tunisie\/2016\/06\/03\/les-securitaires-protestent-contre-leur-privation-du-droit-de-vote\/#primaryimage\",\"url\":\"http:\/\/kapitalis.com\/tunisie\/wp-content\/uploads\/2015\/08\/Ministere-Interieur.jpg\",\"contentUrl\":\"http:\/\/kapitalis.com\/tunisie\/wp-content\/uploads\/2015\/08\/Ministere-Interieur.jpg\"},{\"@type\":\"BreadcrumbList\",\"@id\":\"https:\/\/kapitalis.com\/tunisie\/2016\/06\/03\/les-securitaires-protestent-contre-leur-privation-du-droit-de-vote\/#breadcrumb\",\"itemListElement\":[{\"@type\":\"ListItem\",\"position\":1,\"name\":\"Accueil\",\"item\":\"https:\/\/kapitalis.com\/tunisie\/\"},{\"@type\":\"ListItem\",\"position\":2,\"name\":\"Les s\u00e9curitaires protestent contre leur privation du droit de vote\"}]},{\"@type\":\"WebSite\",\"@id\":\"https:\/\/kapitalis.com\/tunisie\/#website\",\"url\":\"https:\/\/kapitalis.com\/tunisie\/\",\"name\":\"Kapitalis\",\"description\":\"L&#039;actualit\u00e9 en Tunisie et dans le monde\",\"publisher\":{\"@id\":\"https:\/\/kapitalis.com\/tunisie\/#organization\"},\"potentialAction\":[{\"@type\":\"SearchAction\",\"target\":{\"@type\":\"EntryPoint\",\"urlTemplate\":\"https:\/\/kapitalis.com\/tunisie\/?s={search_term_string}\"},\"query-input\":{\"@type\":\"PropertyValueSpecification\",\"valueRequired\":true,\"valueName\":\"search_term_string\"}}],\"inLanguage\":\"fr-FR\"},{\"@type\":\"Organization\",\"@id\":\"https:\/\/kapitalis.com\/tunisie\/#organization\",\"name\":\"Kapitalis\",\"url\":\"https:\/\/kapitalis.com\/tunisie\/\",\"logo\":{\"@type\":\"ImageObject\",\"inLanguage\":\"fr-FR\",\"@id\":\"https:\/\/kapitalis.com\/tunisie\/#\/schema\/logo\/image\/\",\"url\":\"https:\/\/kapitalis.com\/tunisie\/wp-content\/uploads\/2022\/05\/Kapitalis-big-size.png\",\"contentUrl\":\"https:\/\/kapitalis.com\/tunisie\/wp-content\/uploads\/2022\/05\/Kapitalis-big-size.png\",\"width\":5000,\"height\":1500,\"caption\":\"Kapitalis\"},\"image\":{\"@id\":\"https:\/\/kapitalis.com\/tunisie\/#\/schema\/logo\/image\/\"},\"sameAs\":[\"https:\/\/www.facebook.com\/KapitalisInfo\/\",\"https:\/\/x.com\/KapitalisInfo\",\"https:\/\/www.youtube.com\/channel\/UC-yDYrHyfFBWWZaOw3FPg9Q\"]},{\"@type\":\"Person\",\"@id\":\"https:\/\/kapitalis.com\/tunisie\/#\/schema\/person\/d71f33a9ca44f7bad4698210b480c8e9\",\"name\":\"webmaster kapitalis\",\"url\":\"https:\/\/kapitalis.com\/tunisie\/author\/webmaster-kapitalis\/\"}]}<\/script>\n<!-- \/ Yoast SEO plugin. -->","yoast_head_json":{"title":"Les s\u00e9curitaires protestent contre leur privation du droit de vote - Kapitalis","robots":{"index":"index","follow":"follow","max-snippet":"max-snippet:-1","max-image-preview":"max-image-preview:large","max-video-preview":"max-video-preview:-1"},"canonical":"https:\/\/kapitalis.com\/tunisie\/2016\/06\/03\/les-securitaires-protestent-contre-leur-privation-du-droit-de-vote\/","og_locale":"fr_FR","og_type":"article","og_title":"Les s\u00e9curitaires protestent contre leur privation du droit de vote - Kapitalis","og_description":"Si\u00e8ge du minist\u00e8re de l&rsquo;Int\u00e9rieur, \u00e0 Tunis. L\u2019Union nationale des syndicats des forces de s\u00e9curit\u00e9 (UNSFS) se dit attach\u00e9e au droit vote de ses affili\u00e9s, qui est inscrit dans la constitution.","og_url":"https:\/\/kapitalis.com\/tunisie\/2016\/06\/03\/les-securitaires-protestent-contre-leur-privation-du-droit-de-vote\/","og_site_name":"Kapitalis","article_publisher":"https:\/\/www.facebook.com\/KapitalisInfo\/","article_published_time":"2016-06-03T06:20:28+00:00","og_image":[{"url":"http:\/\/kapitalis.com\/tunisie\/wp-content\/uploads\/2015\/08\/Ministere-Interieur.jpg","type":"","width":"","height":""}],"author":"webmaster kapitalis","twitter_card":"summary_large_image","twitter_creator":"@KapitalisInfo","twitter_site":"@KapitalisInfo","twitter_misc":{"\u00c9crit par":"webmaster kapitalis","Dur\u00e9e de lecture estim\u00e9e":"1 minute"},"schema":{"@context":"https:\/\/schema.org","@graph":[{"@type":"Article","@id":"https:\/\/kapitalis.com\/tunisie\/2016\/06\/03\/les-securitaires-protestent-contre-leur-privation-du-droit-de-vote\/#article","isPartOf":{"@id":"https:\/\/kapitalis.com\/tunisie\/2016\/06\/03\/les-securitaires-protestent-contre-leur-privation-du-droit-de-vote\/"},"author":{"name":"webmaster kapitalis","@id":"https:\/\/kapitalis.com\/tunisie\/#\/schema\/person\/d71f33a9ca44f7bad4698210b480c8e9"},"headline":"Les s\u00e9curitaires protestent contre leur privation du droit de vote","datePublished":"2016-06-03T06:20:28+00:00","mainEntityOfPage":{"@id":"https:\/\/kapitalis.com\/tunisie\/2016\/06\/03\/les-securitaires-protestent-contre-leur-privation-du-droit-de-vote\/"},"wordCount":166,"commentCount":0,"publisher":{"@id":"https:\/\/kapitalis.com\/tunisie\/#organization"},"image":{"@id":"https:\/\/kapitalis.com\/tunisie\/2016\/06\/03\/les-securitaires-protestent-contre-leur-privation-du-droit-de-vote\/#primaryimage"},"thumbnailUrl":"http:\/\/kapitalis.com\/tunisie\/wp-content\/uploads\/2015\/08\/Ministere-Interieur.jpg","keywords":["constitution","forces de s\u00e9curit\u00e9","s\u00e9curitaires","syndicats"],"articleSection":["POLITIQUE","Tunisie"],"inLanguage":"fr-FR","potentialAction":[{"@type":"CommentAction","name":"Comment","target":["https:\/\/kapitalis.com\/tunisie\/2016\/06\/03\/les-securitaires-protestent-contre-leur-privation-du-droit-de-vote\/#respond"]}]},{"@type":"WebPage","@id":"https:\/\/kapitalis.com\/tunisie\/2016\/06\/03\/les-securitaires-protestent-contre-leur-privation-du-droit-de-vote\/","url":"https:\/\/kapitalis.com\/tunisie\/2016\/06\/03\/les-securitaires-protestent-contre-leur-privation-du-droit-de-vote\/","name":"Les s\u00e9curitaires protestent contre leur privation du droit de vote - Kapitalis","isPartOf":{"@id":"https:\/\/kapitalis.com\/tunisie\/#website"},"primaryImageOfPage":{"@id":"https:\/\/kapitalis.com\/tunisie\/2016\/06\/03\/les-securitaires-protestent-contre-leur-privation-du-droit-de-vote\/#primaryimage"},"image":{"@id":"https:\/\/kapitalis.com\/tunisie\/2016\/06\/03\/les-securitaires-protestent-contre-leur-privation-du-droit-de-vote\/#primaryimage"},"thumbnailUrl":"http:\/\/kapitalis.com\/tunisie\/wp-content\/uploads\/2015\/08\/Ministere-Interieur.jpg","datePublished":"2016-06-03T06:20:28+00:00","breadcrumb":{"@id":"https:\/\/kapitalis.com\/tunisie\/2016\/06\/03\/les-securitaires-protestent-contre-leur-privation-du-droit-de-vote\/#breadcrumb"},"inLanguage":"fr-FR","potentialAction":[{"@type":"ReadAction","target":["https:\/\/kapitalis.com\/tunisie\/2016\/06\/03\/les-securitaires-protestent-contre-leur-privation-du-droit-de-vote\/"]}]},{"@type":"ImageObject","inLanguage":"fr-FR","@id":"https:\/\/kapitalis.com\/tunisie\/2016\/06\/03\/les-securitaires-protestent-contre-leur-privation-du-droit-de-vote\/#primaryimage","url":"http:\/\/kapitalis.com\/tunisie\/wp-content\/uploads\/2015\/08\/Ministere-Interieur.jpg","contentUrl":"http:\/\/kapitalis.com\/tunisie\/wp-content\/uploads\/2015\/08\/Ministere-Interieur.jpg"},{"@type":"BreadcrumbList","@id":"https:\/\/kapitalis.com\/tunisie\/2016\/06\/03\/les-securitaires-protestent-contre-leur-privation-du-droit-de-vote\/#breadcrumb","itemListElement":[{"@type":"ListItem","position":1,"name":"Accueil","item":"https:\/\/kapitalis.com\/tunisie\/"},{"@type":"ListItem","position":2,"name":"Les s\u00e9curitaires protestent contre leur privation du droit de vote"}]},{"@type":"WebSite","@id":"https:\/\/kapitalis.com\/tunisie\/#website","url":"https:\/\/kapitalis.com\/tunisie\/","name":"Kapitalis","description":"L&#039;actualit\u00e9 en Tunisie et dans le monde","publisher":{"@id":"https:\/\/kapitalis.com\/tunisie\/#organization"},"potentialAction":[{"@type":"SearchAction","target":{"@type":"EntryPoint","urlTemplate":"https:\/\/kapitalis.com\/tunisie\/?s={search_term_string}"},"query-input":{"@type":"PropertyValueSpecification","valueRequired":true,"valueName":"search_term_string"}}],"inLanguage":"fr-FR"},{"@type":"Organization","@id":"https:\/\/kapitalis.com\/tunisie\/#organization","name":"Kapitalis","url":"https:\/\/kapitalis.com\/tunisie\/","logo":{"@type":"ImageObject","inLanguage":"fr-FR","@id":"https:\/\/kapitalis.com\/tunisie\/#\/schema\/logo\/image\/","url":"https:\/\/kapitalis.com\/tunisie\/wp-content\/uploads\/2022\/05\/Kapitalis-big-size.png","contentUrl":"https:\/\/kapitalis.com\/tunisie\/wp-content\/uploads\/2022\/05\/Kapitalis-big-size.png","width":5000,"height":1500,"caption":"Kapitalis"},"image":{"@id":"https:\/\/kapitalis.com\/tunisie\/#\/schema\/logo\/image\/"},"sameAs":["https:\/\/www.facebook.com\/KapitalisInfo\/","https:\/\/x.com\/KapitalisInfo","https:\/\/www.youtube.com\/channel\/UC-yDYrHyfFBWWZaOw3FPg9Q"]},{"@type":"Person","@id":"https:\/\/kapitalis.com\/tunisie\/#\/schema\/person\/d71f33a9ca44f7bad4698210b480c8e9","name":"webmaster kapitalis","url":"https:\/\/kapitalis.com\/tunisie\/author\/webmaster-kapitalis\/"}]}},"_links":{"self":[{"href":"https:\/\/kapitalis.com\/tunisie\/wp-json\/wp\/v2\/posts\/52405","targetHints":{"allow":["GET"]}}],"collection":[{"href":"https:\/\/kapitalis.com\/tunisie\/wp-json\/wp\/v2\/posts"}],"about":[{"href":"https:\/\/kapitalis.com\/tunisie\/wp-json\/wp\/v2\/types\/post"}],"author":[{"embeddable":true,"href":"https:\/\/kapitalis.com\/tunisie\/wp-json\/wp\/v2\/users\/8"}],"replies":[{"embeddable":true,"href":"https:\/\/kapitalis.com\/tunisie\/wp-json\/wp\/v2\/comments?post=52405"}],"version-history":[{"count":0,"href":"https:\/\/kapitalis.com\/tunisie\/wp-json\/wp\/v2\/posts\/52405\/revisions"}],"wp:attachment":[{"href":"https:\/\/kapitalis.com\/tunisie\/wp-json\/wp\/v2\/media?parent=52405"}],"wp:term":[{"taxonomy":"category","embeddable":true,"href":"https:\/\/kapitalis.com\/tunisie\/wp-json\/wp\/v2\/categories?post=52405"},{"taxonomy":"post_tag","embeddable":true,"href":"https:\/\/kapitalis.com\/tunisie\/wp-json\/wp\/v2\/tags?post=52405"}],"curies":[{"name":"wp","href":"https:\/\/api.w.org\/{rel}","templated":true}]}}