{"id":5241437,"date":"2022-11-25T17:54:13","date_gmt":"2022-11-25T16:54:13","guid":{"rendered":"https:\/\/kapitalis.com\/tunisie\/?p=5241437"},"modified":"2022-11-25T17:57:52","modified_gmt":"2022-11-25T16:57:52","slug":"tunisie-meteo-baisse-des-temperatures-pluies-et-vents-des-cette-nuit","status":"publish","type":"post","link":"https:\/\/kapitalis.com\/tunisie\/2022\/11\/25\/tunisie-meteo-baisse-des-temperatures-pluies-et-vents-des-cette-nuit\/","title":{"rendered":"Tunisie-M\u00e9t\u00e9o : Baisse des temp\u00e9ratures, pluies et vents d\u00e8s cette nuit"},"content":{"rendered":"\n<p><strong><em>L&rsquo;Institut national de m\u00e9t\u00e9orologie (INM), annonce des pluies temporairement orageuses \u00e0 partir de cette nuit, avec une baisse des temp\u00e9ratures et des vents forts par endroits.<\/em><\/strong><\/p>\n\n\n\n<!--more-->\n\n\n\n<p>Des fortes pluies sont attendues en particulier au nord et dans les r\u00e9gions c\u00f4ti\u00e8res, avec des quantit\u00e9s de pluies comprises entre 30 et 50 mm, pouvant atteindre les 80 mm, sachant que des vents forts sont \u00e9galement attendus, pouvant atteindre 90 km\/h dans les r\u00e9gions c\u00f4ti\u00e8res et sur les hauteurs ainsi que dans sud-ouest, o\u00f9 des temp\u00eates de sable seront enregistr\u00e9s.<\/p>\n\n\n\n<p>Tout en pr\u00e9cisant que ce temps se poursuivra durant le week-end du samedi 26 et dimanche 27 novembre, l&rsquo;INM a \u00e9galement annonc\u00e9 une baisse des temp\u00e9ratures, avec des maximales comprises entre 12 et 16\u00b0C au nord et \u00e0 l\u2019Ouest et entre 17 et 21\u00b0C dans le reste des r\u00e9gions.<\/p>\n\n\n\n<p class=\"has-text-align-right\"><strong>Y. N.<\/strong><\/p>\n","protected":false},"excerpt":{"rendered":"<p>Tunisie-M\u00e9t\u00e9o : Baisse des temp\u00e9ratures, pluies et vents d\u00e8s cette nuit<\/p>\n","protected":false},"author":6,"featured_media":958413,"comment_status":"open","ping_status":"open","sticky":false,"template":"","format":"standard","meta":{"footnotes":""},"categories":[998,2433],"tags":[7918,603,1664,62643,4029],"class_list":["post-5241437","post","type-post","status-publish","format-standard","has-post-thumbnail","hentry","category-societe","category-tunisie","tag-baisse-temperatures","tag-meteo","tag-pluies","tag-tunisie","tag-vents"],"yoast_head":"<!-- This site is optimized with the Yoast SEO plugin v26.6 - https:\/\/yoast.com\/wordpress\/plugins\/seo\/ -->\n<title>Tunisie-M\u00e9t\u00e9o : Baisse des temp\u00e9ratures, pluies et vents d\u00e8s cette nuit - Kapitalis<\/title>\n<meta name=\"description\" content=\"L&#039;Institut national de m\u00e9t\u00e9orologie (INM), annonce des pluies temporairement orageuses partir de cette nuit du vendredi 25 novembre 2022, avec une baisse des temp\u00e9ratures et des vents forts par endroits.\" \/>\n<meta name=\"robots\" content=\"index, follow, max-snippet:-1, max-image-preview:large, max-video-preview:-1\" \/>\n<link rel=\"canonical\" href=\"https:\/\/kapitalis.com\/tunisie\/2022\/11\/25\/tunisie-meteo-baisse-des-temperatures-pluies-et-vents-des-cette-nuit\/\" \/>\n<meta property=\"og:locale\" content=\"fr_FR\" \/>\n<meta property=\"og:type\" content=\"article\" \/>\n<meta property=\"og:title\" content=\"Tunisie-M\u00e9t\u00e9o : Baisse des temp\u00e9ratures, pluies et vents d\u00e8s cette nuit - Kapitalis\" \/>\n<meta property=\"og:description\" content=\"L&#039;Institut national de m\u00e9t\u00e9orologie (INM), annonce des pluies temporairement orageuses partir de cette nuit du vendredi 25 novembre 2022, avec une baisse des temp\u00e9ratures et des vents forts par endroits.\" \/>\n<meta property=\"og:url\" content=\"https:\/\/kapitalis.com\/tunisie\/2022\/11\/25\/tunisie-meteo-baisse-des-temperatures-pluies-et-vents-des-cette-nuit\/\" \/>\n<meta property=\"og:site_name\" content=\"Kapitalis\" \/>\n<meta property=\"article:publisher\" content=\"https:\/\/www.facebook.com\/KapitalisInfo\/\" \/>\n<meta property=\"article:published_time\" content=\"2022-11-25T16:54:13+00:00\" \/>\n<meta property=\"article:modified_time\" content=\"2022-11-25T16:57:52+00:00\" \/>\n<meta property=\"og:image\" content=\"https:\/\/kapitalis.com\/tunisie\/wp-content\/uploads\/2022\/05\/pluies-meteo.jpg\" \/>\n\t<meta property=\"og:image:width\" content=\"1200\" \/>\n\t<meta property=\"og:image:height\" content=\"630\" \/>\n\t<meta property=\"og:image:type\" content=\"image\/jpeg\" \/>\n<meta name=\"author\" content=\"Yusra NY\" \/>\n<meta name=\"twitter:card\" content=\"summary_large_image\" \/>\n<meta name=\"twitter:creator\" content=\"@KapitalisInfo\" \/>\n<meta name=\"twitter:site\" content=\"@KapitalisInfo\" \/>\n<meta name=\"twitter:label1\" content=\"\u00c9crit par\" \/>\n\t<meta name=\"twitter:data1\" content=\"Yusra NY\" \/>\n\t<meta name=\"twitter:label2\" content=\"Dur\u00e9e de lecture estim\u00e9e\" \/>\n\t<meta name=\"twitter:data2\" content=\"1 minute\" \/>\n<script type=\"application\/ld+json\" class=\"yoast-schema-graph\">{\"@context\":\"https:\/\/schema.org\",\"@graph\":[{\"@type\":\"Article\",\"@id\":\"https:\/\/kapitalis.com\/tunisie\/2022\/11\/25\/tunisie-meteo-baisse-des-temperatures-pluies-et-vents-des-cette-nuit\/#article\",\"isPartOf\":{\"@id\":\"https:\/\/kapitalis.com\/tunisie\/2022\/11\/25\/tunisie-meteo-baisse-des-temperatures-pluies-et-vents-des-cette-nuit\/\"},\"author\":{\"name\":\"Yusra NY\",\"@id\":\"https:\/\/kapitalis.com\/tunisie\/#\/schema\/person\/74bbde0154d49d790a92aaeac5bc01d5\"},\"headline\":\"Tunisie-M\u00e9t\u00e9o : Baisse des temp\u00e9ratures, pluies et vents d\u00e8s cette nuit\",\"datePublished\":\"2022-11-25T16:54:13+00:00\",\"dateModified\":\"2022-11-25T16:57:52+00:00\",\"mainEntityOfPage\":{\"@id\":\"https:\/\/kapitalis.com\/tunisie\/2022\/11\/25\/tunisie-meteo-baisse-des-temperatures-pluies-et-vents-des-cette-nuit\/\"},\"wordCount\":159,\"commentCount\":0,\"publisher\":{\"@id\":\"https:\/\/kapitalis.com\/tunisie\/#organization\"},\"image\":{\"@id\":\"https:\/\/kapitalis.com\/tunisie\/2022\/11\/25\/tunisie-meteo-baisse-des-temperatures-pluies-et-vents-des-cette-nuit\/#primaryimage\"},\"thumbnailUrl\":\"https:\/\/kapitalis.com\/tunisie\/wp-content\/uploads\/2022\/05\/pluies-meteo.jpg\",\"keywords\":[\"baisse temp\u00e9ratures\",\"m\u00e9t\u00e9o\",\"pluies\",\"Tunisie\",\"vents\"],\"articleSection\":[\"SOCIETE\",\"Tunisie\"],\"inLanguage\":\"fr-FR\",\"potentialAction\":[{\"@type\":\"CommentAction\",\"name\":\"Comment\",\"target\":[\"https:\/\/kapitalis.com\/tunisie\/2022\/11\/25\/tunisie-meteo-baisse-des-temperatures-pluies-et-vents-des-cette-nuit\/#respond\"]}]},{\"@type\":\"WebPage\",\"@id\":\"https:\/\/kapitalis.com\/tunisie\/2022\/11\/25\/tunisie-meteo-baisse-des-temperatures-pluies-et-vents-des-cette-nuit\/\",\"url\":\"https:\/\/kapitalis.com\/tunisie\/2022\/11\/25\/tunisie-meteo-baisse-des-temperatures-pluies-et-vents-des-cette-nuit\/\",\"name\":\"Tunisie-M\u00e9t\u00e9o : Baisse des temp\u00e9ratures, pluies et vents d\u00e8s cette nuit - Kapitalis\",\"isPartOf\":{\"@id\":\"https:\/\/kapitalis.com\/tunisie\/#website\"},\"primaryImageOfPage\":{\"@id\":\"https:\/\/kapitalis.com\/tunisie\/2022\/11\/25\/tunisie-meteo-baisse-des-temperatures-pluies-et-vents-des-cette-nuit\/#primaryimage\"},\"image\":{\"@id\":\"https:\/\/kapitalis.com\/tunisie\/2022\/11\/25\/tunisie-meteo-baisse-des-temperatures-pluies-et-vents-des-cette-nuit\/#primaryimage\"},\"thumbnailUrl\":\"https:\/\/kapitalis.com\/tunisie\/wp-content\/uploads\/2022\/05\/pluies-meteo.jpg\",\"datePublished\":\"2022-11-25T16:54:13+00:00\",\"dateModified\":\"2022-11-25T16:57:52+00:00\",\"description\":\"L'Institut national de m\u00e9t\u00e9orologie (INM), annonce des pluies temporairement orageuses partir de cette nuit du vendredi 25 novembre 2022, avec une baisse des temp\u00e9ratures et des vents forts par endroits.\",\"breadcrumb\":{\"@id\":\"https:\/\/kapitalis.com\/tunisie\/2022\/11\/25\/tunisie-meteo-baisse-des-temperatures-pluies-et-vents-des-cette-nuit\/#breadcrumb\"},\"inLanguage\":\"fr-FR\",\"potentialAction\":[{\"@type\":\"ReadAction\",\"target\":[\"https:\/\/kapitalis.com\/tunisie\/2022\/11\/25\/tunisie-meteo-baisse-des-temperatures-pluies-et-vents-des-cette-nuit\/\"]}]},{\"@type\":\"ImageObject\",\"inLanguage\":\"fr-FR\",\"@id\":\"https:\/\/kapitalis.com\/tunisie\/2022\/11\/25\/tunisie-meteo-baisse-des-temperatures-pluies-et-vents-des-cette-nuit\/#primaryimage\",\"url\":\"https:\/\/kapitalis.com\/tunisie\/wp-content\/uploads\/2022\/05\/pluies-meteo.jpg\",\"contentUrl\":\"https:\/\/kapitalis.com\/tunisie\/wp-content\/uploads\/2022\/05\/pluies-meteo.jpg\",\"width\":1200,\"height\":630},{\"@type\":\"BreadcrumbList\",\"@id\":\"https:\/\/kapitalis.com\/tunisie\/2022\/11\/25\/tunisie-meteo-baisse-des-temperatures-pluies-et-vents-des-cette-nuit\/#breadcrumb\",\"itemListElement\":[{\"@type\":\"ListItem\",\"position\":1,\"name\":\"Accueil\",\"item\":\"https:\/\/kapitalis.com\/tunisie\/\"},{\"@type\":\"ListItem\",\"position\":2,\"name\":\"Tunisie-M\u00e9t\u00e9o : Baisse des temp\u00e9ratures, pluies et vents d\u00e8s cette nuit\"}]},{\"@type\":\"WebSite\",\"@id\":\"https:\/\/kapitalis.com\/tunisie\/#website\",\"url\":\"https:\/\/kapitalis.com\/tunisie\/\",\"name\":\"Kapitalis\",\"description\":\"L&#039;actualit\u00e9 en Tunisie et dans le monde\",\"publisher\":{\"@id\":\"https:\/\/kapitalis.com\/tunisie\/#organization\"},\"potentialAction\":[{\"@type\":\"SearchAction\",\"target\":{\"@type\":\"EntryPoint\",\"urlTemplate\":\"https:\/\/kapitalis.com\/tunisie\/?s={search_term_string}\"},\"query-input\":{\"@type\":\"PropertyValueSpecification\",\"valueRequired\":true,\"valueName\":\"search_term_string\"}}],\"inLanguage\":\"fr-FR\"},{\"@type\":\"Organization\",\"@id\":\"https:\/\/kapitalis.com\/tunisie\/#organization\",\"name\":\"Kapitalis\",\"url\":\"https:\/\/kapitalis.com\/tunisie\/\",\"logo\":{\"@type\":\"ImageObject\",\"inLanguage\":\"fr-FR\",\"@id\":\"https:\/\/kapitalis.com\/tunisie\/#\/schema\/logo\/image\/\",\"url\":\"https:\/\/kapitalis.com\/tunisie\/wp-content\/uploads\/2022\/05\/Kapitalis-big-size.png\",\"contentUrl\":\"https:\/\/kapitalis.com\/tunisie\/wp-content\/uploads\/2022\/05\/Kapitalis-big-size.png\",\"width\":5000,\"height\":1500,\"caption\":\"Kapitalis\"},\"image\":{\"@id\":\"https:\/\/kapitalis.com\/tunisie\/#\/schema\/logo\/image\/\"},\"sameAs\":[\"https:\/\/www.facebook.com\/KapitalisInfo\/\",\"https:\/\/x.com\/KapitalisInfo\",\"https:\/\/www.youtube.com\/channel\/UC-yDYrHyfFBWWZaOw3FPg9Q\"]},{\"@type\":\"Person\",\"@id\":\"https:\/\/kapitalis.com\/tunisie\/#\/schema\/person\/74bbde0154d49d790a92aaeac5bc01d5\",\"name\":\"Yusra NY\",\"url\":\"https:\/\/kapitalis.com\/tunisie\/author\/yuza_adam\/\"}]}<\/script>\n<!-- \/ Yoast SEO plugin. -->","yoast_head_json":{"title":"Tunisie-M\u00e9t\u00e9o : Baisse des temp\u00e9ratures, pluies et vents d\u00e8s cette nuit - Kapitalis","description":"L'Institut national de m\u00e9t\u00e9orologie (INM), annonce des pluies temporairement orageuses partir de cette nuit du vendredi 25 novembre 2022, avec une baisse des temp\u00e9ratures et des vents forts par endroits.","robots":{"index":"index","follow":"follow","max-snippet":"max-snippet:-1","max-image-preview":"max-image-preview:large","max-video-preview":"max-video-preview:-1"},"canonical":"https:\/\/kapitalis.com\/tunisie\/2022\/11\/25\/tunisie-meteo-baisse-des-temperatures-pluies-et-vents-des-cette-nuit\/","og_locale":"fr_FR","og_type":"article","og_title":"Tunisie-M\u00e9t\u00e9o : Baisse des temp\u00e9ratures, pluies et vents d\u00e8s cette nuit - Kapitalis","og_description":"L'Institut national de m\u00e9t\u00e9orologie (INM), annonce des pluies temporairement orageuses partir de cette nuit du vendredi 25 novembre 2022, avec une baisse des temp\u00e9ratures et des vents forts par endroits.","og_url":"https:\/\/kapitalis.com\/tunisie\/2022\/11\/25\/tunisie-meteo-baisse-des-temperatures-pluies-et-vents-des-cette-nuit\/","og_site_name":"Kapitalis","article_publisher":"https:\/\/www.facebook.com\/KapitalisInfo\/","article_published_time":"2022-11-25T16:54:13+00:00","article_modified_time":"2022-11-25T16:57:52+00:00","og_image":[{"width":1200,"height":630,"url":"https:\/\/kapitalis.com\/tunisie\/wp-content\/uploads\/2022\/05\/pluies-meteo.jpg","type":"image\/jpeg"}],"author":"Yusra NY","twitter_card":"summary_large_image","twitter_creator":"@KapitalisInfo","twitter_site":"@KapitalisInfo","twitter_misc":{"\u00c9crit par":"Yusra NY","Dur\u00e9e de lecture estim\u00e9e":"1 minute"},"schema":{"@context":"https:\/\/schema.org","@graph":[{"@type":"Article","@id":"https:\/\/kapitalis.com\/tunisie\/2022\/11\/25\/tunisie-meteo-baisse-des-temperatures-pluies-et-vents-des-cette-nuit\/#article","isPartOf":{"@id":"https:\/\/kapitalis.com\/tunisie\/2022\/11\/25\/tunisie-meteo-baisse-des-temperatures-pluies-et-vents-des-cette-nuit\/"},"author":{"name":"Yusra NY","@id":"https:\/\/kapitalis.com\/tunisie\/#\/schema\/person\/74bbde0154d49d790a92aaeac5bc01d5"},"headline":"Tunisie-M\u00e9t\u00e9o : Baisse des temp\u00e9ratures, pluies et vents d\u00e8s cette nuit","datePublished":"2022-11-25T16:54:13+00:00","dateModified":"2022-11-25T16:57:52+00:00","mainEntityOfPage":{"@id":"https:\/\/kapitalis.com\/tunisie\/2022\/11\/25\/tunisie-meteo-baisse-des-temperatures-pluies-et-vents-des-cette-nuit\/"},"wordCount":159,"commentCount":0,"publisher":{"@id":"https:\/\/kapitalis.com\/tunisie\/#organization"},"image":{"@id":"https:\/\/kapitalis.com\/tunisie\/2022\/11\/25\/tunisie-meteo-baisse-des-temperatures-pluies-et-vents-des-cette-nuit\/#primaryimage"},"thumbnailUrl":"https:\/\/kapitalis.com\/tunisie\/wp-content\/uploads\/2022\/05\/pluies-meteo.jpg","keywords":["baisse temp\u00e9ratures","m\u00e9t\u00e9o","pluies","Tunisie","vents"],"articleSection":["SOCIETE","Tunisie"],"inLanguage":"fr-FR","potentialAction":[{"@type":"CommentAction","name":"Comment","target":["https:\/\/kapitalis.com\/tunisie\/2022\/11\/25\/tunisie-meteo-baisse-des-temperatures-pluies-et-vents-des-cette-nuit\/#respond"]}]},{"@type":"WebPage","@id":"https:\/\/kapitalis.com\/tunisie\/2022\/11\/25\/tunisie-meteo-baisse-des-temperatures-pluies-et-vents-des-cette-nuit\/","url":"https:\/\/kapitalis.com\/tunisie\/2022\/11\/25\/tunisie-meteo-baisse-des-temperatures-pluies-et-vents-des-cette-nuit\/","name":"Tunisie-M\u00e9t\u00e9o : Baisse des temp\u00e9ratures, pluies et vents d\u00e8s cette nuit - Kapitalis","isPartOf":{"@id":"https:\/\/kapitalis.com\/tunisie\/#website"},"primaryImageOfPage":{"@id":"https:\/\/kapitalis.com\/tunisie\/2022\/11\/25\/tunisie-meteo-baisse-des-temperatures-pluies-et-vents-des-cette-nuit\/#primaryimage"},"image":{"@id":"https:\/\/kapitalis.com\/tunisie\/2022\/11\/25\/tunisie-meteo-baisse-des-temperatures-pluies-et-vents-des-cette-nuit\/#primaryimage"},"thumbnailUrl":"https:\/\/kapitalis.com\/tunisie\/wp-content\/uploads\/2022\/05\/pluies-meteo.jpg","datePublished":"2022-11-25T16:54:13+00:00","dateModified":"2022-11-25T16:57:52+00:00","description":"L'Institut national de m\u00e9t\u00e9orologie (INM), annonce des pluies temporairement orageuses partir de cette nuit du vendredi 25 novembre 2022, avec une baisse des temp\u00e9ratures et des vents forts par endroits.","breadcrumb":{"@id":"https:\/\/kapitalis.com\/tunisie\/2022\/11\/25\/tunisie-meteo-baisse-des-temperatures-pluies-et-vents-des-cette-nuit\/#breadcrumb"},"inLanguage":"fr-FR","potentialAction":[{"@type":"ReadAction","target":["https:\/\/kapitalis.com\/tunisie\/2022\/11\/25\/tunisie-meteo-baisse-des-temperatures-pluies-et-vents-des-cette-nuit\/"]}]},{"@type":"ImageObject","inLanguage":"fr-FR","@id":"https:\/\/kapitalis.com\/tunisie\/2022\/11\/25\/tunisie-meteo-baisse-des-temperatures-pluies-et-vents-des-cette-nuit\/#primaryimage","url":"https:\/\/kapitalis.com\/tunisie\/wp-content\/uploads\/2022\/05\/pluies-meteo.jpg","contentUrl":"https:\/\/kapitalis.com\/tunisie\/wp-content\/uploads\/2022\/05\/pluies-meteo.jpg","width":1200,"height":630},{"@type":"BreadcrumbList","@id":"https:\/\/kapitalis.com\/tunisie\/2022\/11\/25\/tunisie-meteo-baisse-des-temperatures-pluies-et-vents-des-cette-nuit\/#breadcrumb","itemListElement":[{"@type":"ListItem","position":1,"name":"Accueil","item":"https:\/\/kapitalis.com\/tunisie\/"},{"@type":"ListItem","position":2,"name":"Tunisie-M\u00e9t\u00e9o : Baisse des temp\u00e9ratures, pluies et vents d\u00e8s cette nuit"}]},{"@type":"WebSite","@id":"https:\/\/kapitalis.com\/tunisie\/#website","url":"https:\/\/kapitalis.com\/tunisie\/","name":"Kapitalis","description":"L&#039;actualit\u00e9 en Tunisie et dans le monde","publisher":{"@id":"https:\/\/kapitalis.com\/tunisie\/#organization"},"potentialAction":[{"@type":"SearchAction","target":{"@type":"EntryPoint","urlTemplate":"https:\/\/kapitalis.com\/tunisie\/?s={search_term_string}"},"query-input":{"@type":"PropertyValueSpecification","valueRequired":true,"valueName":"search_term_string"}}],"inLanguage":"fr-FR"},{"@type":"Organization","@id":"https:\/\/kapitalis.com\/tunisie\/#organization","name":"Kapitalis","url":"https:\/\/kapitalis.com\/tunisie\/","logo":{"@type":"ImageObject","inLanguage":"fr-FR","@id":"https:\/\/kapitalis.com\/tunisie\/#\/schema\/logo\/image\/","url":"https:\/\/kapitalis.com\/tunisie\/wp-content\/uploads\/2022\/05\/Kapitalis-big-size.png","contentUrl":"https:\/\/kapitalis.com\/tunisie\/wp-content\/uploads\/2022\/05\/Kapitalis-big-size.png","width":5000,"height":1500,"caption":"Kapitalis"},"image":{"@id":"https:\/\/kapitalis.com\/tunisie\/#\/schema\/logo\/image\/"},"sameAs":["https:\/\/www.facebook.com\/KapitalisInfo\/","https:\/\/x.com\/KapitalisInfo","https:\/\/www.youtube.com\/channel\/UC-yDYrHyfFBWWZaOw3FPg9Q"]},{"@type":"Person","@id":"https:\/\/kapitalis.com\/tunisie\/#\/schema\/person\/74bbde0154d49d790a92aaeac5bc01d5","name":"Yusra NY","url":"https:\/\/kapitalis.com\/tunisie\/author\/yuza_adam\/"}]}},"_links":{"self":[{"href":"https:\/\/kapitalis.com\/tunisie\/wp-json\/wp\/v2\/posts\/5241437","targetHints":{"allow":["GET"]}}],"collection":[{"href":"https:\/\/kapitalis.com\/tunisie\/wp-json\/wp\/v2\/posts"}],"about":[{"href":"https:\/\/kapitalis.com\/tunisie\/wp-json\/wp\/v2\/types\/post"}],"author":[{"embeddable":true,"href":"https:\/\/kapitalis.com\/tunisie\/wp-json\/wp\/v2\/users\/6"}],"replies":[{"embeddable":true,"href":"https:\/\/kapitalis.com\/tunisie\/wp-json\/wp\/v2\/comments?post=5241437"}],"version-history":[{"count":2,"href":"https:\/\/kapitalis.com\/tunisie\/wp-json\/wp\/v2\/posts\/5241437\/revisions"}],"predecessor-version":[{"id":5241515,"href":"https:\/\/kapitalis.com\/tunisie\/wp-json\/wp\/v2\/posts\/5241437\/revisions\/5241515"}],"wp:featuredmedia":[{"embeddable":true,"href":"https:\/\/kapitalis.com\/tunisie\/wp-json\/wp\/v2\/media\/958413"}],"wp:attachment":[{"href":"https:\/\/kapitalis.com\/tunisie\/wp-json\/wp\/v2\/media?parent=5241437"}],"wp:term":[{"taxonomy":"category","embeddable":true,"href":"https:\/\/kapitalis.com\/tunisie\/wp-json\/wp\/v2\/categories?post=5241437"},{"taxonomy":"post_tag","embeddable":true,"href":"https:\/\/kapitalis.com\/tunisie\/wp-json\/wp\/v2\/tags?post=5241437"}],"curies":[{"name":"wp","href":"https:\/\/api.w.org\/{rel}","templated":true}]}}