{"id":52579,"date":"2016-06-04T10:57:58","date_gmt":"2016-06-04T09:57:58","guid":{"rendered":"http:\/\/kapitalis.com\/tunisie\/?p=52579"},"modified":"2016-06-04T10:57:58","modified_gmt":"2016-06-04T09:57:58","slug":"libye-douze-infirmieres-ukrainiennes-enlevees","status":"publish","type":"post","link":"https:\/\/kapitalis.com\/tunisie\/2016\/06\/04\/libye-douze-infirmieres-ukrainiennes-enlevees\/","title":{"rendered":"Libye : Douze infirmi\u00e8res ukrainiennes enlev\u00e9es"},"content":{"rendered":"<p><img loading=\"lazy\" decoding=\"async\" class=\"alignnone size-full wp-image-40482 aligncenter\" src=\"http:\/\/kapitalis.com\/tunisie\/wp-content\/uploads\/2016\/02\/Tripoli.jpg\" alt=\"Tripoli\" width=\"626\" height=\"380\" \/><\/p>\n<p style=\"text-align: center;\"><em>Tripoli.<\/em><\/p>\n<p><em><strong>Des groupes arm\u00e9s ont enlev\u00e9, hier matin, 13 infirmi\u00e8res ukrainiennes, travaillant \u00e0 l\u2019h\u00f4pital de Qsar Ben Ghechir, au sud-est de Tripoli.<\/strong> <\/em><\/p>\n<p><!--more--><\/p>\n<p>Selon <a href=\"http:\/\/www.alarabiya.net\/ar\/north-africa\/libya\/2016\/06\/03\/%D9%84%D9%8A%D8%A8%D9%8A%D8%A7-%D8%A7%D8%AE%D8%AA%D8%B7%D8%A7%D9%81-12-%D9%85%D9%85%D8%B1%D8%B6%D8%A9-%D8%A3%D9%88%D9%83%D8%B1%D8%A7%D9%86%D9%8A%D8%A9-%D9%81%D9%8A-%D8%B7%D8%B1%D8%A7%D8%A8%D9%84%D8%B3.html\"><em>\u2018\u2018Alarabiya\u2019\u2019<\/em><\/a>, citant des sources libyennes, des hommes arm\u00e9s ont intercept\u00e9 le bus qui transportait, vendredi, les infirmi\u00e8res de leur domicile au lieu de leur travail.<\/p>\n<p>Les autorit\u00e9s libyennes sont encore \u00e0 leur recherche pour n\u00e9gocier leur lib\u00e9ration mais aucun signe de vie jusque-l\u00e0.<\/p>\n<p>Le nombre de prise d\u2019otages a augment\u00e9 d\u2019une mani\u00e8re inqui\u00e9tante au sud et au nord de la ville Qsar Ben Ghechir pr\u00e8s de l\u2019a\u00e9roport de Tripoli. Ce qui oblige le gouvernement libyen \u00e0 n\u00e9gocier avec les ravisseurs pour faire lib\u00e9rer les otages apr\u00e8s paiement de ran\u00e7ons.<\/p>\n<p style=\"text-align: right;\"><strong>Z. A.<\/strong><\/p>\n","protected":false},"excerpt":{"rendered":"<p>Tripoli. Des groupes arm\u00e9s ont enlev\u00e9, hier matin, 13 infirmi\u00e8res ukrainiennes, travaillant \u00e0 l\u2019h\u00f4pital de Qsar Ben Ghechir, au sud-est de Tripoli.<\/p>\n","protected":false},"author":8,"featured_media":0,"comment_status":"open","ping_status":"open","sticky":false,"template":"","format":"standard","meta":{"footnotes":""},"categories":[998],"tags":[1011,684,1119],"class_list":["post-52579","post","type-post","status-publish","format-standard","hentry","category-societe","tag-enlevement","tag-otages","tag-tripoli"],"yoast_head":"<!-- This site is optimized with the Yoast SEO plugin v26.6 - https:\/\/yoast.com\/wordpress\/plugins\/seo\/ -->\n<title>Libye : Douze infirmi\u00e8res ukrainiennes enlev\u00e9es - Kapitalis<\/title>\n<meta name=\"robots\" content=\"index, follow, max-snippet:-1, max-image-preview:large, max-video-preview:-1\" \/>\n<link rel=\"canonical\" href=\"https:\/\/kapitalis.com\/tunisie\/2016\/06\/04\/libye-douze-infirmieres-ukrainiennes-enlevees\/\" \/>\n<meta property=\"og:locale\" content=\"fr_FR\" \/>\n<meta property=\"og:type\" content=\"article\" \/>\n<meta property=\"og:title\" content=\"Libye : Douze infirmi\u00e8res ukrainiennes enlev\u00e9es - Kapitalis\" \/>\n<meta property=\"og:description\" content=\"Tripoli. Des groupes arm\u00e9s ont enlev\u00e9, hier matin, 13 infirmi\u00e8res ukrainiennes, travaillant \u00e0 l\u2019h\u00f4pital de Qsar Ben Ghechir, au sud-est de Tripoli.\" \/>\n<meta property=\"og:url\" content=\"https:\/\/kapitalis.com\/tunisie\/2016\/06\/04\/libye-douze-infirmieres-ukrainiennes-enlevees\/\" \/>\n<meta property=\"og:site_name\" content=\"Kapitalis\" \/>\n<meta property=\"article:publisher\" content=\"https:\/\/www.facebook.com\/KapitalisInfo\/\" \/>\n<meta property=\"article:published_time\" content=\"2016-06-04T09:57:58+00:00\" \/>\n<meta property=\"og:image\" content=\"http:\/\/kapitalis.com\/tunisie\/wp-content\/uploads\/2016\/02\/Tripoli.jpg\" \/>\n<meta name=\"author\" content=\"webmaster kapitalis\" \/>\n<meta name=\"twitter:card\" content=\"summary_large_image\" \/>\n<meta name=\"twitter:creator\" content=\"@KapitalisInfo\" \/>\n<meta name=\"twitter:site\" content=\"@KapitalisInfo\" \/>\n<meta name=\"twitter:label1\" content=\"\u00c9crit par\" \/>\n\t<meta name=\"twitter:data1\" content=\"webmaster kapitalis\" \/>\n\t<meta name=\"twitter:label2\" content=\"Dur\u00e9e de lecture estim\u00e9e\" \/>\n\t<meta name=\"twitter:data2\" content=\"1 minute\" \/>\n<script type=\"application\/ld+json\" class=\"yoast-schema-graph\">{\"@context\":\"https:\/\/schema.org\",\"@graph\":[{\"@type\":\"Article\",\"@id\":\"https:\/\/kapitalis.com\/tunisie\/2016\/06\/04\/libye-douze-infirmieres-ukrainiennes-enlevees\/#article\",\"isPartOf\":{\"@id\":\"https:\/\/kapitalis.com\/tunisie\/2016\/06\/04\/libye-douze-infirmieres-ukrainiennes-enlevees\/\"},\"author\":{\"name\":\"webmaster kapitalis\",\"@id\":\"https:\/\/kapitalis.com\/tunisie\/#\/schema\/person\/d71f33a9ca44f7bad4698210b480c8e9\"},\"headline\":\"Libye : Douze infirmi\u00e8res ukrainiennes enlev\u00e9es\",\"datePublished\":\"2016-06-04T09:57:58+00:00\",\"mainEntityOfPage\":{\"@id\":\"https:\/\/kapitalis.com\/tunisie\/2016\/06\/04\/libye-douze-infirmieres-ukrainiennes-enlevees\/\"},\"wordCount\":137,\"commentCount\":0,\"publisher\":{\"@id\":\"https:\/\/kapitalis.com\/tunisie\/#organization\"},\"image\":{\"@id\":\"https:\/\/kapitalis.com\/tunisie\/2016\/06\/04\/libye-douze-infirmieres-ukrainiennes-enlevees\/#primaryimage\"},\"thumbnailUrl\":\"http:\/\/kapitalis.com\/tunisie\/wp-content\/uploads\/2016\/02\/Tripoli.jpg\",\"keywords\":[\"enl\u00e8vement\",\"otages\",\"Tripoli\"],\"articleSection\":[\"SOCIETE\"],\"inLanguage\":\"fr-FR\",\"potentialAction\":[{\"@type\":\"CommentAction\",\"name\":\"Comment\",\"target\":[\"https:\/\/kapitalis.com\/tunisie\/2016\/06\/04\/libye-douze-infirmieres-ukrainiennes-enlevees\/#respond\"]}]},{\"@type\":\"WebPage\",\"@id\":\"https:\/\/kapitalis.com\/tunisie\/2016\/06\/04\/libye-douze-infirmieres-ukrainiennes-enlevees\/\",\"url\":\"https:\/\/kapitalis.com\/tunisie\/2016\/06\/04\/libye-douze-infirmieres-ukrainiennes-enlevees\/\",\"name\":\"Libye : Douze infirmi\u00e8res ukrainiennes enlev\u00e9es - Kapitalis\",\"isPartOf\":{\"@id\":\"https:\/\/kapitalis.com\/tunisie\/#website\"},\"primaryImageOfPage\":{\"@id\":\"https:\/\/kapitalis.com\/tunisie\/2016\/06\/04\/libye-douze-infirmieres-ukrainiennes-enlevees\/#primaryimage\"},\"image\":{\"@id\":\"https:\/\/kapitalis.com\/tunisie\/2016\/06\/04\/libye-douze-infirmieres-ukrainiennes-enlevees\/#primaryimage\"},\"thumbnailUrl\":\"http:\/\/kapitalis.com\/tunisie\/wp-content\/uploads\/2016\/02\/Tripoli.jpg\",\"datePublished\":\"2016-06-04T09:57:58+00:00\",\"breadcrumb\":{\"@id\":\"https:\/\/kapitalis.com\/tunisie\/2016\/06\/04\/libye-douze-infirmieres-ukrainiennes-enlevees\/#breadcrumb\"},\"inLanguage\":\"fr-FR\",\"potentialAction\":[{\"@type\":\"ReadAction\",\"target\":[\"https:\/\/kapitalis.com\/tunisie\/2016\/06\/04\/libye-douze-infirmieres-ukrainiennes-enlevees\/\"]}]},{\"@type\":\"ImageObject\",\"inLanguage\":\"fr-FR\",\"@id\":\"https:\/\/kapitalis.com\/tunisie\/2016\/06\/04\/libye-douze-infirmieres-ukrainiennes-enlevees\/#primaryimage\",\"url\":\"http:\/\/kapitalis.com\/tunisie\/wp-content\/uploads\/2016\/02\/Tripoli.jpg\",\"contentUrl\":\"http:\/\/kapitalis.com\/tunisie\/wp-content\/uploads\/2016\/02\/Tripoli.jpg\"},{\"@type\":\"BreadcrumbList\",\"@id\":\"https:\/\/kapitalis.com\/tunisie\/2016\/06\/04\/libye-douze-infirmieres-ukrainiennes-enlevees\/#breadcrumb\",\"itemListElement\":[{\"@type\":\"ListItem\",\"position\":1,\"name\":\"Accueil\",\"item\":\"https:\/\/kapitalis.com\/tunisie\/\"},{\"@type\":\"ListItem\",\"position\":2,\"name\":\"Libye : Douze infirmi\u00e8res ukrainiennes enlev\u00e9es\"}]},{\"@type\":\"WebSite\",\"@id\":\"https:\/\/kapitalis.com\/tunisie\/#website\",\"url\":\"https:\/\/kapitalis.com\/tunisie\/\",\"name\":\"Kapitalis\",\"description\":\"L&#039;actualit\u00e9 en Tunisie et dans le monde\",\"publisher\":{\"@id\":\"https:\/\/kapitalis.com\/tunisie\/#organization\"},\"potentialAction\":[{\"@type\":\"SearchAction\",\"target\":{\"@type\":\"EntryPoint\",\"urlTemplate\":\"https:\/\/kapitalis.com\/tunisie\/?s={search_term_string}\"},\"query-input\":{\"@type\":\"PropertyValueSpecification\",\"valueRequired\":true,\"valueName\":\"search_term_string\"}}],\"inLanguage\":\"fr-FR\"},{\"@type\":\"Organization\",\"@id\":\"https:\/\/kapitalis.com\/tunisie\/#organization\",\"name\":\"Kapitalis\",\"url\":\"https:\/\/kapitalis.com\/tunisie\/\",\"logo\":{\"@type\":\"ImageObject\",\"inLanguage\":\"fr-FR\",\"@id\":\"https:\/\/kapitalis.com\/tunisie\/#\/schema\/logo\/image\/\",\"url\":\"https:\/\/kapitalis.com\/tunisie\/wp-content\/uploads\/2022\/05\/Kapitalis-big-size.png\",\"contentUrl\":\"https:\/\/kapitalis.com\/tunisie\/wp-content\/uploads\/2022\/05\/Kapitalis-big-size.png\",\"width\":5000,\"height\":1500,\"caption\":\"Kapitalis\"},\"image\":{\"@id\":\"https:\/\/kapitalis.com\/tunisie\/#\/schema\/logo\/image\/\"},\"sameAs\":[\"https:\/\/www.facebook.com\/KapitalisInfo\/\",\"https:\/\/x.com\/KapitalisInfo\",\"https:\/\/www.youtube.com\/channel\/UC-yDYrHyfFBWWZaOw3FPg9Q\"]},{\"@type\":\"Person\",\"@id\":\"https:\/\/kapitalis.com\/tunisie\/#\/schema\/person\/d71f33a9ca44f7bad4698210b480c8e9\",\"name\":\"webmaster kapitalis\",\"url\":\"https:\/\/kapitalis.com\/tunisie\/author\/webmaster-kapitalis\/\"}]}<\/script>\n<!-- \/ Yoast SEO plugin. -->","yoast_head_json":{"title":"Libye : Douze infirmi\u00e8res ukrainiennes enlev\u00e9es - Kapitalis","robots":{"index":"index","follow":"follow","max-snippet":"max-snippet:-1","max-image-preview":"max-image-preview:large","max-video-preview":"max-video-preview:-1"},"canonical":"https:\/\/kapitalis.com\/tunisie\/2016\/06\/04\/libye-douze-infirmieres-ukrainiennes-enlevees\/","og_locale":"fr_FR","og_type":"article","og_title":"Libye : Douze infirmi\u00e8res ukrainiennes enlev\u00e9es - Kapitalis","og_description":"Tripoli. Des groupes arm\u00e9s ont enlev\u00e9, hier matin, 13 infirmi\u00e8res ukrainiennes, travaillant \u00e0 l\u2019h\u00f4pital de Qsar Ben Ghechir, au sud-est de Tripoli.","og_url":"https:\/\/kapitalis.com\/tunisie\/2016\/06\/04\/libye-douze-infirmieres-ukrainiennes-enlevees\/","og_site_name":"Kapitalis","article_publisher":"https:\/\/www.facebook.com\/KapitalisInfo\/","article_published_time":"2016-06-04T09:57:58+00:00","og_image":[{"url":"http:\/\/kapitalis.com\/tunisie\/wp-content\/uploads\/2016\/02\/Tripoli.jpg","type":"","width":"","height":""}],"author":"webmaster kapitalis","twitter_card":"summary_large_image","twitter_creator":"@KapitalisInfo","twitter_site":"@KapitalisInfo","twitter_misc":{"\u00c9crit par":"webmaster kapitalis","Dur\u00e9e de lecture estim\u00e9e":"1 minute"},"schema":{"@context":"https:\/\/schema.org","@graph":[{"@type":"Article","@id":"https:\/\/kapitalis.com\/tunisie\/2016\/06\/04\/libye-douze-infirmieres-ukrainiennes-enlevees\/#article","isPartOf":{"@id":"https:\/\/kapitalis.com\/tunisie\/2016\/06\/04\/libye-douze-infirmieres-ukrainiennes-enlevees\/"},"author":{"name":"webmaster kapitalis","@id":"https:\/\/kapitalis.com\/tunisie\/#\/schema\/person\/d71f33a9ca44f7bad4698210b480c8e9"},"headline":"Libye : Douze infirmi\u00e8res ukrainiennes enlev\u00e9es","datePublished":"2016-06-04T09:57:58+00:00","mainEntityOfPage":{"@id":"https:\/\/kapitalis.com\/tunisie\/2016\/06\/04\/libye-douze-infirmieres-ukrainiennes-enlevees\/"},"wordCount":137,"commentCount":0,"publisher":{"@id":"https:\/\/kapitalis.com\/tunisie\/#organization"},"image":{"@id":"https:\/\/kapitalis.com\/tunisie\/2016\/06\/04\/libye-douze-infirmieres-ukrainiennes-enlevees\/#primaryimage"},"thumbnailUrl":"http:\/\/kapitalis.com\/tunisie\/wp-content\/uploads\/2016\/02\/Tripoli.jpg","keywords":["enl\u00e8vement","otages","Tripoli"],"articleSection":["SOCIETE"],"inLanguage":"fr-FR","potentialAction":[{"@type":"CommentAction","name":"Comment","target":["https:\/\/kapitalis.com\/tunisie\/2016\/06\/04\/libye-douze-infirmieres-ukrainiennes-enlevees\/#respond"]}]},{"@type":"WebPage","@id":"https:\/\/kapitalis.com\/tunisie\/2016\/06\/04\/libye-douze-infirmieres-ukrainiennes-enlevees\/","url":"https:\/\/kapitalis.com\/tunisie\/2016\/06\/04\/libye-douze-infirmieres-ukrainiennes-enlevees\/","name":"Libye : Douze infirmi\u00e8res ukrainiennes enlev\u00e9es - Kapitalis","isPartOf":{"@id":"https:\/\/kapitalis.com\/tunisie\/#website"},"primaryImageOfPage":{"@id":"https:\/\/kapitalis.com\/tunisie\/2016\/06\/04\/libye-douze-infirmieres-ukrainiennes-enlevees\/#primaryimage"},"image":{"@id":"https:\/\/kapitalis.com\/tunisie\/2016\/06\/04\/libye-douze-infirmieres-ukrainiennes-enlevees\/#primaryimage"},"thumbnailUrl":"http:\/\/kapitalis.com\/tunisie\/wp-content\/uploads\/2016\/02\/Tripoli.jpg","datePublished":"2016-06-04T09:57:58+00:00","breadcrumb":{"@id":"https:\/\/kapitalis.com\/tunisie\/2016\/06\/04\/libye-douze-infirmieres-ukrainiennes-enlevees\/#breadcrumb"},"inLanguage":"fr-FR","potentialAction":[{"@type":"ReadAction","target":["https:\/\/kapitalis.com\/tunisie\/2016\/06\/04\/libye-douze-infirmieres-ukrainiennes-enlevees\/"]}]},{"@type":"ImageObject","inLanguage":"fr-FR","@id":"https:\/\/kapitalis.com\/tunisie\/2016\/06\/04\/libye-douze-infirmieres-ukrainiennes-enlevees\/#primaryimage","url":"http:\/\/kapitalis.com\/tunisie\/wp-content\/uploads\/2016\/02\/Tripoli.jpg","contentUrl":"http:\/\/kapitalis.com\/tunisie\/wp-content\/uploads\/2016\/02\/Tripoli.jpg"},{"@type":"BreadcrumbList","@id":"https:\/\/kapitalis.com\/tunisie\/2016\/06\/04\/libye-douze-infirmieres-ukrainiennes-enlevees\/#breadcrumb","itemListElement":[{"@type":"ListItem","position":1,"name":"Accueil","item":"https:\/\/kapitalis.com\/tunisie\/"},{"@type":"ListItem","position":2,"name":"Libye : Douze infirmi\u00e8res ukrainiennes enlev\u00e9es"}]},{"@type":"WebSite","@id":"https:\/\/kapitalis.com\/tunisie\/#website","url":"https:\/\/kapitalis.com\/tunisie\/","name":"Kapitalis","description":"L&#039;actualit\u00e9 en Tunisie et dans le monde","publisher":{"@id":"https:\/\/kapitalis.com\/tunisie\/#organization"},"potentialAction":[{"@type":"SearchAction","target":{"@type":"EntryPoint","urlTemplate":"https:\/\/kapitalis.com\/tunisie\/?s={search_term_string}"},"query-input":{"@type":"PropertyValueSpecification","valueRequired":true,"valueName":"search_term_string"}}],"inLanguage":"fr-FR"},{"@type":"Organization","@id":"https:\/\/kapitalis.com\/tunisie\/#organization","name":"Kapitalis","url":"https:\/\/kapitalis.com\/tunisie\/","logo":{"@type":"ImageObject","inLanguage":"fr-FR","@id":"https:\/\/kapitalis.com\/tunisie\/#\/schema\/logo\/image\/","url":"https:\/\/kapitalis.com\/tunisie\/wp-content\/uploads\/2022\/05\/Kapitalis-big-size.png","contentUrl":"https:\/\/kapitalis.com\/tunisie\/wp-content\/uploads\/2022\/05\/Kapitalis-big-size.png","width":5000,"height":1500,"caption":"Kapitalis"},"image":{"@id":"https:\/\/kapitalis.com\/tunisie\/#\/schema\/logo\/image\/"},"sameAs":["https:\/\/www.facebook.com\/KapitalisInfo\/","https:\/\/x.com\/KapitalisInfo","https:\/\/www.youtube.com\/channel\/UC-yDYrHyfFBWWZaOw3FPg9Q"]},{"@type":"Person","@id":"https:\/\/kapitalis.com\/tunisie\/#\/schema\/person\/d71f33a9ca44f7bad4698210b480c8e9","name":"webmaster kapitalis","url":"https:\/\/kapitalis.com\/tunisie\/author\/webmaster-kapitalis\/"}]}},"_links":{"self":[{"href":"https:\/\/kapitalis.com\/tunisie\/wp-json\/wp\/v2\/posts\/52579","targetHints":{"allow":["GET"]}}],"collection":[{"href":"https:\/\/kapitalis.com\/tunisie\/wp-json\/wp\/v2\/posts"}],"about":[{"href":"https:\/\/kapitalis.com\/tunisie\/wp-json\/wp\/v2\/types\/post"}],"author":[{"embeddable":true,"href":"https:\/\/kapitalis.com\/tunisie\/wp-json\/wp\/v2\/users\/8"}],"replies":[{"embeddable":true,"href":"https:\/\/kapitalis.com\/tunisie\/wp-json\/wp\/v2\/comments?post=52579"}],"version-history":[{"count":0,"href":"https:\/\/kapitalis.com\/tunisie\/wp-json\/wp\/v2\/posts\/52579\/revisions"}],"wp:attachment":[{"href":"https:\/\/kapitalis.com\/tunisie\/wp-json\/wp\/v2\/media?parent=52579"}],"wp:term":[{"taxonomy":"category","embeddable":true,"href":"https:\/\/kapitalis.com\/tunisie\/wp-json\/wp\/v2\/categories?post=52579"},{"taxonomy":"post_tag","embeddable":true,"href":"https:\/\/kapitalis.com\/tunisie\/wp-json\/wp\/v2\/tags?post=52579"}],"curies":[{"name":"wp","href":"https:\/\/api.w.org\/{rel}","templated":true}]}}