{"id":5305025,"date":"2022-11-27T12:25:28","date_gmt":"2022-11-27T11:25:28","guid":{"rendered":"https:\/\/kapitalis.com\/tunisie\/?p=5305025"},"modified":"2022-11-27T22:00:25","modified_gmt":"2022-11-27T21:00:25","slug":"laccord-fiscal-mondial-profiterait-il-a-la-tunisie","status":"publish","type":"post","link":"https:\/\/kapitalis.com\/tunisie\/2022\/11\/27\/laccord-fiscal-mondial-profiterait-il-a-la-tunisie\/","title":{"rendered":"L\u2019Accord fiscal mondial profiterait-il \u00e0 la Tunisie\u00a0?"},"content":{"rendered":"\n<p><strong><em>La Tunisie, comme d\u2019autres pays africains, doit \u00e9tablir des imp\u00f4ts plus \u00e9quitables pour favoriser la croissance \u00e9conomique, r\u00e9duire les in\u00e9galit\u00e9s et accro\u00eetre la transparence fiscale, a d\u00e9clar\u00e9 le responsable du programme de justice fiscale et des finances publiques \u00e0 l\u2019Observatoire tunisien de l\u2019\u00e9conomie (OTE), Firas Kanzari.<\/em><\/strong><\/p>\n\n\n\n<!--more-->\n\n\n\n<p>Il est important d\u2019augmenter les ressources fiscales de l\u2019Etat en reconsid\u00e9rant les exon\u00e9rations fiscales, a aussi d\u00e9clar\u00e9 M. Kanzari lors d\u2019un atelier organis\u00e9 vendredi 25 novembre 2022, sur <em>\u00abl\u2019Accord fiscal mondial et ses r\u00e9percussions&nbsp;: Perspectives de l\u2019Afrique du Nord et mobilisations africaines\u00bb.<\/em><\/p>\n\n\n\n<p>Les principales \u00e9conomies du monde profiteront du nouvel accord qui entrera en vigueur en 2023, mais les gains pour les pays en d\u00e9veloppement seront faibles, a averti<\/p>\n\n\n\n<p>M. Kanzari, en d\u00e9clarant que l\u2019OTE cherche \u00e0 identifier les moyens n\u00e9cessaires pour tirer le meilleur parti de l\u2019accord annonc\u00e9 par l\u2019Organisation de coop\u00e9ration et de d\u00e9veloppement \u00e9conomiques (OCDE).<\/p>\n\n\n\n<p>Cent trente-six pays et juridictions repr\u00e9sentant plus de 90% du PIB mondial ont sign\u00e9 cet accord fiscal mondial, texte historique qui r\u00e9affectera \u00e9galement plus de 125 milliards de dollars de b\u00e9n\u00e9fices d\u2019une centaine d\u2019entreprises multinationales parmi les plus importantes et les plus rentables vers des pays du monde entier, en garantissant le paiement par ces entreprises d\u2019une part \u00e9quitable d\u2019imp\u00f4ts partout o\u00f9 elles op\u00e8rent et g\u00e9n\u00e8rent des b\u00e9n\u00e9fices.<\/p>\n\n\n\n<p>Le repr\u00e9sentant de l\u2019Association pour la taxation des transactions financi\u00e8res (Attac), Omar Azaki, a d\u00e9clar\u00e9, de son c\u00f4t\u00e9, que les peuples des pays d\u2019Afrique du Nord doivent se mobiliser pour exiger la justice fiscale et accro\u00eetre la transparence dans ce domaine.<\/p>\n\n\n\n<p class=\"has-text-align-right\"><strong>I. B.<\/strong> (avec Tap).<\/p>\n","protected":false},"excerpt":{"rendered":"<p>Quelles seront les r\u00e9percussions de l&rsquo;Accord fiscal mondial sur la Tunisie et les autres pays africains. <\/p>\n","protected":false},"author":8,"featured_media":5305093,"comment_status":"open","ping_status":"open","sticky":false,"template":"","format":"standard","meta":{"footnotes":""},"categories":[995,2433],"tags":[104695,104694,30479,17480],"class_list":["post-5305025","post","type-post","status-publish","format-standard","has-post-thumbnail","hentry","category-economie","category-tunisie","tag-accord-fiscal-mondial","tag-firas-kanzari","tag-observatoire-tunisien-de-leconomie","tag-ocde"],"yoast_head":"<!-- This site is optimized with the Yoast SEO plugin v26.6 - https:\/\/yoast.com\/wordpress\/plugins\/seo\/ -->\n<title>L\u2019Accord fiscal mondial profiterait-il \u00e0 la Tunisie\u00a0? - Kapitalis<\/title>\n<meta name=\"robots\" content=\"index, follow, max-snippet:-1, max-image-preview:large, max-video-preview:-1\" \/>\n<link rel=\"canonical\" href=\"https:\/\/kapitalis.com\/tunisie\/2022\/11\/27\/laccord-fiscal-mondial-profiterait-il-a-la-tunisie\/\" \/>\n<meta property=\"og:locale\" content=\"fr_FR\" \/>\n<meta property=\"og:type\" content=\"article\" \/>\n<meta property=\"og:title\" content=\"L\u2019Accord fiscal mondial profiterait-il \u00e0 la Tunisie\u00a0? - Kapitalis\" \/>\n<meta property=\"og:description\" content=\"Quelles seront les r\u00e9percussions de l&#039;Accord fiscal mondial sur la Tunisie et les autres pays africains.\" \/>\n<meta property=\"og:url\" content=\"https:\/\/kapitalis.com\/tunisie\/2022\/11\/27\/laccord-fiscal-mondial-profiterait-il-a-la-tunisie\/\" \/>\n<meta property=\"og:site_name\" content=\"Kapitalis\" \/>\n<meta property=\"article:publisher\" content=\"https:\/\/www.facebook.com\/KapitalisInfo\/\" \/>\n<meta property=\"article:published_time\" content=\"2022-11-27T11:25:28+00:00\" \/>\n<meta property=\"article:modified_time\" content=\"2022-11-27T21:00:25+00:00\" \/>\n<meta property=\"og:image\" content=\"https:\/\/kapitalis.com\/tunisie\/wp-content\/uploads\/2022\/11\/Observatoire-tunisien-economie.jpg\" \/>\n\t<meta property=\"og:image:width\" content=\"1200\" \/>\n\t<meta property=\"og:image:height\" content=\"630\" \/>\n\t<meta property=\"og:image:type\" content=\"image\/jpeg\" \/>\n<meta name=\"author\" content=\"webmaster kapitalis\" \/>\n<meta name=\"twitter:card\" content=\"summary_large_image\" \/>\n<meta name=\"twitter:creator\" content=\"@KapitalisInfo\" \/>\n<meta name=\"twitter:site\" content=\"@KapitalisInfo\" \/>\n<meta name=\"twitter:label1\" content=\"\u00c9crit par\" \/>\n\t<meta name=\"twitter:data1\" content=\"webmaster kapitalis\" \/>\n\t<meta name=\"twitter:label2\" content=\"Dur\u00e9e de lecture estim\u00e9e\" \/>\n\t<meta name=\"twitter:data2\" content=\"2 minutes\" \/>\n<script type=\"application\/ld+json\" class=\"yoast-schema-graph\">{\"@context\":\"https:\/\/schema.org\",\"@graph\":[{\"@type\":\"Article\",\"@id\":\"https:\/\/kapitalis.com\/tunisie\/2022\/11\/27\/laccord-fiscal-mondial-profiterait-il-a-la-tunisie\/#article\",\"isPartOf\":{\"@id\":\"https:\/\/kapitalis.com\/tunisie\/2022\/11\/27\/laccord-fiscal-mondial-profiterait-il-a-la-tunisie\/\"},\"author\":{\"name\":\"webmaster kapitalis\",\"@id\":\"https:\/\/kapitalis.com\/tunisie\/#\/schema\/person\/d71f33a9ca44f7bad4698210b480c8e9\"},\"headline\":\"L\u2019Accord fiscal mondial profiterait-il \u00e0 la Tunisie\u00a0?\",\"datePublished\":\"2022-11-27T11:25:28+00:00\",\"dateModified\":\"2022-11-27T21:00:25+00:00\",\"mainEntityOfPage\":{\"@id\":\"https:\/\/kapitalis.com\/tunisie\/2022\/11\/27\/laccord-fiscal-mondial-profiterait-il-a-la-tunisie\/\"},\"wordCount\":305,\"commentCount\":0,\"publisher\":{\"@id\":\"https:\/\/kapitalis.com\/tunisie\/#organization\"},\"image\":{\"@id\":\"https:\/\/kapitalis.com\/tunisie\/2022\/11\/27\/laccord-fiscal-mondial-profiterait-il-a-la-tunisie\/#primaryimage\"},\"thumbnailUrl\":\"https:\/\/kapitalis.com\/tunisie\/wp-content\/uploads\/2022\/11\/Observatoire-tunisien-economie.jpg\",\"keywords\":[\"Accord fiscal mondial\",\"Firas Kanzari\",\"Observatoire tunisien de l\u2019\u00e9conomie\",\"OCDE\"],\"articleSection\":[\"ECONOMIE\",\"Tunisie\"],\"inLanguage\":\"fr-FR\",\"potentialAction\":[{\"@type\":\"CommentAction\",\"name\":\"Comment\",\"target\":[\"https:\/\/kapitalis.com\/tunisie\/2022\/11\/27\/laccord-fiscal-mondial-profiterait-il-a-la-tunisie\/#respond\"]}]},{\"@type\":\"WebPage\",\"@id\":\"https:\/\/kapitalis.com\/tunisie\/2022\/11\/27\/laccord-fiscal-mondial-profiterait-il-a-la-tunisie\/\",\"url\":\"https:\/\/kapitalis.com\/tunisie\/2022\/11\/27\/laccord-fiscal-mondial-profiterait-il-a-la-tunisie\/\",\"name\":\"L\u2019Accord fiscal mondial profiterait-il \u00e0 la Tunisie\u00a0? - Kapitalis\",\"isPartOf\":{\"@id\":\"https:\/\/kapitalis.com\/tunisie\/#website\"},\"primaryImageOfPage\":{\"@id\":\"https:\/\/kapitalis.com\/tunisie\/2022\/11\/27\/laccord-fiscal-mondial-profiterait-il-a-la-tunisie\/#primaryimage\"},\"image\":{\"@id\":\"https:\/\/kapitalis.com\/tunisie\/2022\/11\/27\/laccord-fiscal-mondial-profiterait-il-a-la-tunisie\/#primaryimage\"},\"thumbnailUrl\":\"https:\/\/kapitalis.com\/tunisie\/wp-content\/uploads\/2022\/11\/Observatoire-tunisien-economie.jpg\",\"datePublished\":\"2022-11-27T11:25:28+00:00\",\"dateModified\":\"2022-11-27T21:00:25+00:00\",\"breadcrumb\":{\"@id\":\"https:\/\/kapitalis.com\/tunisie\/2022\/11\/27\/laccord-fiscal-mondial-profiterait-il-a-la-tunisie\/#breadcrumb\"},\"inLanguage\":\"fr-FR\",\"potentialAction\":[{\"@type\":\"ReadAction\",\"target\":[\"https:\/\/kapitalis.com\/tunisie\/2022\/11\/27\/laccord-fiscal-mondial-profiterait-il-a-la-tunisie\/\"]}]},{\"@type\":\"ImageObject\",\"inLanguage\":\"fr-FR\",\"@id\":\"https:\/\/kapitalis.com\/tunisie\/2022\/11\/27\/laccord-fiscal-mondial-profiterait-il-a-la-tunisie\/#primaryimage\",\"url\":\"https:\/\/kapitalis.com\/tunisie\/wp-content\/uploads\/2022\/11\/Observatoire-tunisien-economie.jpg\",\"contentUrl\":\"https:\/\/kapitalis.com\/tunisie\/wp-content\/uploads\/2022\/11\/Observatoire-tunisien-economie.jpg\",\"width\":1200,\"height\":630},{\"@type\":\"BreadcrumbList\",\"@id\":\"https:\/\/kapitalis.com\/tunisie\/2022\/11\/27\/laccord-fiscal-mondial-profiterait-il-a-la-tunisie\/#breadcrumb\",\"itemListElement\":[{\"@type\":\"ListItem\",\"position\":1,\"name\":\"Accueil\",\"item\":\"https:\/\/kapitalis.com\/tunisie\/\"},{\"@type\":\"ListItem\",\"position\":2,\"name\":\"L\u2019Accord fiscal mondial profiterait-il \u00e0 la Tunisie\u00a0?\"}]},{\"@type\":\"WebSite\",\"@id\":\"https:\/\/kapitalis.com\/tunisie\/#website\",\"url\":\"https:\/\/kapitalis.com\/tunisie\/\",\"name\":\"Kapitalis\",\"description\":\"L&#039;actualit\u00e9 en Tunisie et dans le monde\",\"publisher\":{\"@id\":\"https:\/\/kapitalis.com\/tunisie\/#organization\"},\"potentialAction\":[{\"@type\":\"SearchAction\",\"target\":{\"@type\":\"EntryPoint\",\"urlTemplate\":\"https:\/\/kapitalis.com\/tunisie\/?s={search_term_string}\"},\"query-input\":{\"@type\":\"PropertyValueSpecification\",\"valueRequired\":true,\"valueName\":\"search_term_string\"}}],\"inLanguage\":\"fr-FR\"},{\"@type\":\"Organization\",\"@id\":\"https:\/\/kapitalis.com\/tunisie\/#organization\",\"name\":\"Kapitalis\",\"url\":\"https:\/\/kapitalis.com\/tunisie\/\",\"logo\":{\"@type\":\"ImageObject\",\"inLanguage\":\"fr-FR\",\"@id\":\"https:\/\/kapitalis.com\/tunisie\/#\/schema\/logo\/image\/\",\"url\":\"https:\/\/kapitalis.com\/tunisie\/wp-content\/uploads\/2022\/05\/Kapitalis-big-size.png\",\"contentUrl\":\"https:\/\/kapitalis.com\/tunisie\/wp-content\/uploads\/2022\/05\/Kapitalis-big-size.png\",\"width\":5000,\"height\":1500,\"caption\":\"Kapitalis\"},\"image\":{\"@id\":\"https:\/\/kapitalis.com\/tunisie\/#\/schema\/logo\/image\/\"},\"sameAs\":[\"https:\/\/www.facebook.com\/KapitalisInfo\/\",\"https:\/\/x.com\/KapitalisInfo\",\"https:\/\/www.youtube.com\/channel\/UC-yDYrHyfFBWWZaOw3FPg9Q\"]},{\"@type\":\"Person\",\"@id\":\"https:\/\/kapitalis.com\/tunisie\/#\/schema\/person\/d71f33a9ca44f7bad4698210b480c8e9\",\"name\":\"webmaster kapitalis\",\"url\":\"https:\/\/kapitalis.com\/tunisie\/author\/webmaster-kapitalis\/\"}]}<\/script>\n<!-- \/ Yoast SEO plugin. -->","yoast_head_json":{"title":"L\u2019Accord fiscal mondial profiterait-il \u00e0 la Tunisie\u00a0? - Kapitalis","robots":{"index":"index","follow":"follow","max-snippet":"max-snippet:-1","max-image-preview":"max-image-preview:large","max-video-preview":"max-video-preview:-1"},"canonical":"https:\/\/kapitalis.com\/tunisie\/2022\/11\/27\/laccord-fiscal-mondial-profiterait-il-a-la-tunisie\/","og_locale":"fr_FR","og_type":"article","og_title":"L\u2019Accord fiscal mondial profiterait-il \u00e0 la Tunisie\u00a0? - Kapitalis","og_description":"Quelles seront les r\u00e9percussions de l'Accord fiscal mondial sur la Tunisie et les autres pays africains.","og_url":"https:\/\/kapitalis.com\/tunisie\/2022\/11\/27\/laccord-fiscal-mondial-profiterait-il-a-la-tunisie\/","og_site_name":"Kapitalis","article_publisher":"https:\/\/www.facebook.com\/KapitalisInfo\/","article_published_time":"2022-11-27T11:25:28+00:00","article_modified_time":"2022-11-27T21:00:25+00:00","og_image":[{"width":1200,"height":630,"url":"https:\/\/kapitalis.com\/tunisie\/wp-content\/uploads\/2022\/11\/Observatoire-tunisien-economie.jpg","type":"image\/jpeg"}],"author":"webmaster kapitalis","twitter_card":"summary_large_image","twitter_creator":"@KapitalisInfo","twitter_site":"@KapitalisInfo","twitter_misc":{"\u00c9crit par":"webmaster kapitalis","Dur\u00e9e de lecture estim\u00e9e":"2 minutes"},"schema":{"@context":"https:\/\/schema.org","@graph":[{"@type":"Article","@id":"https:\/\/kapitalis.com\/tunisie\/2022\/11\/27\/laccord-fiscal-mondial-profiterait-il-a-la-tunisie\/#article","isPartOf":{"@id":"https:\/\/kapitalis.com\/tunisie\/2022\/11\/27\/laccord-fiscal-mondial-profiterait-il-a-la-tunisie\/"},"author":{"name":"webmaster kapitalis","@id":"https:\/\/kapitalis.com\/tunisie\/#\/schema\/person\/d71f33a9ca44f7bad4698210b480c8e9"},"headline":"L\u2019Accord fiscal mondial profiterait-il \u00e0 la Tunisie\u00a0?","datePublished":"2022-11-27T11:25:28+00:00","dateModified":"2022-11-27T21:00:25+00:00","mainEntityOfPage":{"@id":"https:\/\/kapitalis.com\/tunisie\/2022\/11\/27\/laccord-fiscal-mondial-profiterait-il-a-la-tunisie\/"},"wordCount":305,"commentCount":0,"publisher":{"@id":"https:\/\/kapitalis.com\/tunisie\/#organization"},"image":{"@id":"https:\/\/kapitalis.com\/tunisie\/2022\/11\/27\/laccord-fiscal-mondial-profiterait-il-a-la-tunisie\/#primaryimage"},"thumbnailUrl":"https:\/\/kapitalis.com\/tunisie\/wp-content\/uploads\/2022\/11\/Observatoire-tunisien-economie.jpg","keywords":["Accord fiscal mondial","Firas Kanzari","Observatoire tunisien de l\u2019\u00e9conomie","OCDE"],"articleSection":["ECONOMIE","Tunisie"],"inLanguage":"fr-FR","potentialAction":[{"@type":"CommentAction","name":"Comment","target":["https:\/\/kapitalis.com\/tunisie\/2022\/11\/27\/laccord-fiscal-mondial-profiterait-il-a-la-tunisie\/#respond"]}]},{"@type":"WebPage","@id":"https:\/\/kapitalis.com\/tunisie\/2022\/11\/27\/laccord-fiscal-mondial-profiterait-il-a-la-tunisie\/","url":"https:\/\/kapitalis.com\/tunisie\/2022\/11\/27\/laccord-fiscal-mondial-profiterait-il-a-la-tunisie\/","name":"L\u2019Accord fiscal mondial profiterait-il \u00e0 la Tunisie\u00a0? - Kapitalis","isPartOf":{"@id":"https:\/\/kapitalis.com\/tunisie\/#website"},"primaryImageOfPage":{"@id":"https:\/\/kapitalis.com\/tunisie\/2022\/11\/27\/laccord-fiscal-mondial-profiterait-il-a-la-tunisie\/#primaryimage"},"image":{"@id":"https:\/\/kapitalis.com\/tunisie\/2022\/11\/27\/laccord-fiscal-mondial-profiterait-il-a-la-tunisie\/#primaryimage"},"thumbnailUrl":"https:\/\/kapitalis.com\/tunisie\/wp-content\/uploads\/2022\/11\/Observatoire-tunisien-economie.jpg","datePublished":"2022-11-27T11:25:28+00:00","dateModified":"2022-11-27T21:00:25+00:00","breadcrumb":{"@id":"https:\/\/kapitalis.com\/tunisie\/2022\/11\/27\/laccord-fiscal-mondial-profiterait-il-a-la-tunisie\/#breadcrumb"},"inLanguage":"fr-FR","potentialAction":[{"@type":"ReadAction","target":["https:\/\/kapitalis.com\/tunisie\/2022\/11\/27\/laccord-fiscal-mondial-profiterait-il-a-la-tunisie\/"]}]},{"@type":"ImageObject","inLanguage":"fr-FR","@id":"https:\/\/kapitalis.com\/tunisie\/2022\/11\/27\/laccord-fiscal-mondial-profiterait-il-a-la-tunisie\/#primaryimage","url":"https:\/\/kapitalis.com\/tunisie\/wp-content\/uploads\/2022\/11\/Observatoire-tunisien-economie.jpg","contentUrl":"https:\/\/kapitalis.com\/tunisie\/wp-content\/uploads\/2022\/11\/Observatoire-tunisien-economie.jpg","width":1200,"height":630},{"@type":"BreadcrumbList","@id":"https:\/\/kapitalis.com\/tunisie\/2022\/11\/27\/laccord-fiscal-mondial-profiterait-il-a-la-tunisie\/#breadcrumb","itemListElement":[{"@type":"ListItem","position":1,"name":"Accueil","item":"https:\/\/kapitalis.com\/tunisie\/"},{"@type":"ListItem","position":2,"name":"L\u2019Accord fiscal mondial profiterait-il \u00e0 la Tunisie\u00a0?"}]},{"@type":"WebSite","@id":"https:\/\/kapitalis.com\/tunisie\/#website","url":"https:\/\/kapitalis.com\/tunisie\/","name":"Kapitalis","description":"L&#039;actualit\u00e9 en Tunisie et dans le monde","publisher":{"@id":"https:\/\/kapitalis.com\/tunisie\/#organization"},"potentialAction":[{"@type":"SearchAction","target":{"@type":"EntryPoint","urlTemplate":"https:\/\/kapitalis.com\/tunisie\/?s={search_term_string}"},"query-input":{"@type":"PropertyValueSpecification","valueRequired":true,"valueName":"search_term_string"}}],"inLanguage":"fr-FR"},{"@type":"Organization","@id":"https:\/\/kapitalis.com\/tunisie\/#organization","name":"Kapitalis","url":"https:\/\/kapitalis.com\/tunisie\/","logo":{"@type":"ImageObject","inLanguage":"fr-FR","@id":"https:\/\/kapitalis.com\/tunisie\/#\/schema\/logo\/image\/","url":"https:\/\/kapitalis.com\/tunisie\/wp-content\/uploads\/2022\/05\/Kapitalis-big-size.png","contentUrl":"https:\/\/kapitalis.com\/tunisie\/wp-content\/uploads\/2022\/05\/Kapitalis-big-size.png","width":5000,"height":1500,"caption":"Kapitalis"},"image":{"@id":"https:\/\/kapitalis.com\/tunisie\/#\/schema\/logo\/image\/"},"sameAs":["https:\/\/www.facebook.com\/KapitalisInfo\/","https:\/\/x.com\/KapitalisInfo","https:\/\/www.youtube.com\/channel\/UC-yDYrHyfFBWWZaOw3FPg9Q"]},{"@type":"Person","@id":"https:\/\/kapitalis.com\/tunisie\/#\/schema\/person\/d71f33a9ca44f7bad4698210b480c8e9","name":"webmaster kapitalis","url":"https:\/\/kapitalis.com\/tunisie\/author\/webmaster-kapitalis\/"}]}},"_links":{"self":[{"href":"https:\/\/kapitalis.com\/tunisie\/wp-json\/wp\/v2\/posts\/5305025","targetHints":{"allow":["GET"]}}],"collection":[{"href":"https:\/\/kapitalis.com\/tunisie\/wp-json\/wp\/v2\/posts"}],"about":[{"href":"https:\/\/kapitalis.com\/tunisie\/wp-json\/wp\/v2\/types\/post"}],"author":[{"embeddable":true,"href":"https:\/\/kapitalis.com\/tunisie\/wp-json\/wp\/v2\/users\/8"}],"replies":[{"embeddable":true,"href":"https:\/\/kapitalis.com\/tunisie\/wp-json\/wp\/v2\/comments?post=5305025"}],"version-history":[{"count":1,"href":"https:\/\/kapitalis.com\/tunisie\/wp-json\/wp\/v2\/posts\/5305025\/revisions"}],"predecessor-version":[{"id":5305098,"href":"https:\/\/kapitalis.com\/tunisie\/wp-json\/wp\/v2\/posts\/5305025\/revisions\/5305098"}],"wp:featuredmedia":[{"embeddable":true,"href":"https:\/\/kapitalis.com\/tunisie\/wp-json\/wp\/v2\/media\/5305093"}],"wp:attachment":[{"href":"https:\/\/kapitalis.com\/tunisie\/wp-json\/wp\/v2\/media?parent=5305025"}],"wp:term":[{"taxonomy":"category","embeddable":true,"href":"https:\/\/kapitalis.com\/tunisie\/wp-json\/wp\/v2\/categories?post=5305025"},{"taxonomy":"post_tag","embeddable":true,"href":"https:\/\/kapitalis.com\/tunisie\/wp-json\/wp\/v2\/tags?post=5305025"}],"curies":[{"name":"wp","href":"https:\/\/api.w.org\/{rel}","templated":true}]}}