{"id":53305,"date":"2016-06-10T11:04:54","date_gmt":"2016-06-10T10:04:54","guid":{"rendered":"http:\/\/kapitalis.com\/tunisie\/?p=53305"},"modified":"2016-06-10T11:04:54","modified_gmt":"2016-06-10T10:04:54","slug":"bizerte-plainte-contre-les-agresseurs-des-controleurs-economiques","status":"publish","type":"post","link":"https:\/\/kapitalis.com\/tunisie\/2016\/06\/10\/bizerte-plainte-contre-les-agresseurs-des-controleurs-economiques\/","title":{"rendered":"Bizerte : Plainte contre les agresseurs des contr\u00f4leurs \u00e9conomiques"},"content":{"rendered":"<p style=\"text-align: center;\"><img loading=\"lazy\" decoding=\"async\" class=\"alignnone size-full wp-image-53308\" src=\"http:\/\/kapitalis.com\/tunisie\/wp-content\/uploads\/2016\/06\/Bizerte-agression-contr\u00f4leurs-economiques.jpg\" alt=\"Bizerte agression contr\u00f4leurs economiques\" width=\"626\" height=\"380\" \/><\/p>\n<p><em><strong>Des contr\u00f4leurs \u00e9conomiques ont \u00e9t\u00e9 agress\u00e9s, hier, \u00e0\u00a0Bizerte, par un commer\u00e7ant en infraction et&#8230; 2 policiers !<br \/>\n<\/strong><\/em><\/p>\n<p><!--more--><\/p>\n<p>Selon Zouhair Bouzayane, membre de la commission nationale du Syndicat au minist\u00e8re du Commerce, l\u2019\u00e9quipe qui s\u2019\u00e9tait d\u00e9plac\u00e9e pour contr\u00f4ler un grossiste, suite \u00e0 une plainte de citoyens, a \u00e9t\u00e9 agress\u00e9e avec une barre de\u00a0fer.<\/p>\n<p>\u00ab<em>Le commer\u00e7ant a agress\u00e9 les contr\u00f4leurs et\u00a0a appel\u00e9 les agents de la garde nationale, qui ont, \u00e0 leur tour, agress\u00e9 l\u2019\u00e9quipe de contr\u00f4le, avant de les emmener au poste de police o\u00f9 ils les ont de nouveau agress\u00e9s<\/em>\u00bb, a d\u00e9plor\u00e9 M. Bouzayane, ajoutant\u00a0que les agents prot\u00e8gent les int\u00e9r\u00eats de l\u2019\u00e9conomie du pays, et que la police devrait les prot\u00e9ger au lieu de les agresser.<\/p>\n<p>Une plainte a \u00e9t\u00e9 d\u00e9pos\u00e9e et une enqu\u00eate devra \u00eatre ouverte pour comprendre les dessous de cette affaire, et notamment les motivations r\u00e9elles des policiers.<\/p>\n<p style=\"text-align: right;\"><strong>Y. N.<\/strong><\/p>\n","protected":false},"excerpt":{"rendered":"<p>Des contr\u00f4leurs \u00e9conomiques ont \u00e9t\u00e9 agress\u00e9s, hier, \u00e0\u00a0Bizerte, par un commer\u00e7ant en infraction et&#8230; 2 policiers !<\/p>\n","protected":false},"author":6,"featured_media":53308,"comment_status":"open","ping_status":"open","sticky":false,"template":"","format":"standard","meta":{"footnotes":""},"categories":[998,2433],"tags":[8066,615,2596,872],"class_list":["post-53305","post","type-post","status-publish","format-standard","has-post-thumbnail","hentry","category-societe","category-tunisie","tag-commercant","tag-ministere-du-commerce","tag-policier","tag-syndicat"],"yoast_head":"<!-- This site is optimized with the Yoast SEO plugin v26.6 - https:\/\/yoast.com\/wordpress\/plugins\/seo\/ -->\n<title>Bizerte : Plainte contre les agresseurs des contr\u00f4leurs \u00e9conomiques - Kapitalis<\/title>\n<meta name=\"robots\" content=\"index, follow, max-snippet:-1, max-image-preview:large, max-video-preview:-1\" \/>\n<link rel=\"canonical\" href=\"https:\/\/kapitalis.com\/tunisie\/2016\/06\/10\/bizerte-plainte-contre-les-agresseurs-des-controleurs-economiques\/\" \/>\n<meta property=\"og:locale\" content=\"fr_FR\" \/>\n<meta property=\"og:type\" content=\"article\" \/>\n<meta property=\"og:title\" content=\"Bizerte : Plainte contre les agresseurs des contr\u00f4leurs \u00e9conomiques - Kapitalis\" \/>\n<meta property=\"og:description\" content=\"Des contr\u00f4leurs \u00e9conomiques ont \u00e9t\u00e9 agress\u00e9s, hier, \u00e0\u00a0Bizerte, par un commer\u00e7ant en infraction et&#8230; 2 policiers !\" \/>\n<meta property=\"og:url\" content=\"https:\/\/kapitalis.com\/tunisie\/2016\/06\/10\/bizerte-plainte-contre-les-agresseurs-des-controleurs-economiques\/\" \/>\n<meta property=\"og:site_name\" content=\"Kapitalis\" \/>\n<meta property=\"article:publisher\" content=\"https:\/\/www.facebook.com\/KapitalisInfo\/\" \/>\n<meta property=\"article:published_time\" content=\"2016-06-10T10:04:54+00:00\" \/>\n<meta property=\"og:image\" content=\"https:\/\/kapitalis.com\/tunisie\/wp-content\/uploads\/2022\/05\/kapitalis-logo-fb.png\" \/>\n\t<meta property=\"og:image:width\" content=\"1200\" \/>\n\t<meta property=\"og:image:height\" content=\"630\" \/>\n\t<meta property=\"og:image:type\" content=\"image\/png\" \/>\n<meta name=\"author\" content=\"Yusra NY\" \/>\n<meta name=\"twitter:card\" content=\"summary_large_image\" \/>\n<meta name=\"twitter:creator\" content=\"@KapitalisInfo\" \/>\n<meta name=\"twitter:site\" content=\"@KapitalisInfo\" \/>\n<meta name=\"twitter:label1\" content=\"\u00c9crit par\" \/>\n\t<meta name=\"twitter:data1\" content=\"Yusra NY\" \/>\n\t<meta name=\"twitter:label2\" content=\"Dur\u00e9e de lecture estim\u00e9e\" \/>\n\t<meta name=\"twitter:data2\" content=\"1 minute\" \/>\n<script type=\"application\/ld+json\" class=\"yoast-schema-graph\">{\"@context\":\"https:\/\/schema.org\",\"@graph\":[{\"@type\":\"Article\",\"@id\":\"https:\/\/kapitalis.com\/tunisie\/2016\/06\/10\/bizerte-plainte-contre-les-agresseurs-des-controleurs-economiques\/#article\",\"isPartOf\":{\"@id\":\"https:\/\/kapitalis.com\/tunisie\/2016\/06\/10\/bizerte-plainte-contre-les-agresseurs-des-controleurs-economiques\/\"},\"author\":{\"name\":\"Yusra NY\",\"@id\":\"https:\/\/kapitalis.com\/tunisie\/#\/schema\/person\/74bbde0154d49d790a92aaeac5bc01d5\"},\"headline\":\"Bizerte : Plainte contre les agresseurs des contr\u00f4leurs \u00e9conomiques\",\"datePublished\":\"2016-06-10T10:04:54+00:00\",\"mainEntityOfPage\":{\"@id\":\"https:\/\/kapitalis.com\/tunisie\/2016\/06\/10\/bizerte-plainte-contre-les-agresseurs-des-controleurs-economiques\/\"},\"wordCount\":176,\"commentCount\":0,\"publisher\":{\"@id\":\"https:\/\/kapitalis.com\/tunisie\/#organization\"},\"image\":{\"@id\":\"https:\/\/kapitalis.com\/tunisie\/2016\/06\/10\/bizerte-plainte-contre-les-agresseurs-des-controleurs-economiques\/#primaryimage\"},\"thumbnailUrl\":\"\",\"keywords\":[\"commer\u00e7ant\",\"minist\u00e8re du Commerce\",\"policier\",\"syndicat\"],\"articleSection\":[\"SOCIETE\",\"Tunisie\"],\"inLanguage\":\"fr-FR\",\"potentialAction\":[{\"@type\":\"CommentAction\",\"name\":\"Comment\",\"target\":[\"https:\/\/kapitalis.com\/tunisie\/2016\/06\/10\/bizerte-plainte-contre-les-agresseurs-des-controleurs-economiques\/#respond\"]}]},{\"@type\":\"WebPage\",\"@id\":\"https:\/\/kapitalis.com\/tunisie\/2016\/06\/10\/bizerte-plainte-contre-les-agresseurs-des-controleurs-economiques\/\",\"url\":\"https:\/\/kapitalis.com\/tunisie\/2016\/06\/10\/bizerte-plainte-contre-les-agresseurs-des-controleurs-economiques\/\",\"name\":\"Bizerte : Plainte contre les agresseurs des contr\u00f4leurs \u00e9conomiques - Kapitalis\",\"isPartOf\":{\"@id\":\"https:\/\/kapitalis.com\/tunisie\/#website\"},\"primaryImageOfPage\":{\"@id\":\"https:\/\/kapitalis.com\/tunisie\/2016\/06\/10\/bizerte-plainte-contre-les-agresseurs-des-controleurs-economiques\/#primaryimage\"},\"image\":{\"@id\":\"https:\/\/kapitalis.com\/tunisie\/2016\/06\/10\/bizerte-plainte-contre-les-agresseurs-des-controleurs-economiques\/#primaryimage\"},\"thumbnailUrl\":\"\",\"datePublished\":\"2016-06-10T10:04:54+00:00\",\"breadcrumb\":{\"@id\":\"https:\/\/kapitalis.com\/tunisie\/2016\/06\/10\/bizerte-plainte-contre-les-agresseurs-des-controleurs-economiques\/#breadcrumb\"},\"inLanguage\":\"fr-FR\",\"potentialAction\":[{\"@type\":\"ReadAction\",\"target\":[\"https:\/\/kapitalis.com\/tunisie\/2016\/06\/10\/bizerte-plainte-contre-les-agresseurs-des-controleurs-economiques\/\"]}]},{\"@type\":\"ImageObject\",\"inLanguage\":\"fr-FR\",\"@id\":\"https:\/\/kapitalis.com\/tunisie\/2016\/06\/10\/bizerte-plainte-contre-les-agresseurs-des-controleurs-economiques\/#primaryimage\",\"url\":\"\",\"contentUrl\":\"\"},{\"@type\":\"BreadcrumbList\",\"@id\":\"https:\/\/kapitalis.com\/tunisie\/2016\/06\/10\/bizerte-plainte-contre-les-agresseurs-des-controleurs-economiques\/#breadcrumb\",\"itemListElement\":[{\"@type\":\"ListItem\",\"position\":1,\"name\":\"Accueil\",\"item\":\"https:\/\/kapitalis.com\/tunisie\/\"},{\"@type\":\"ListItem\",\"position\":2,\"name\":\"Bizerte : Plainte contre les agresseurs des contr\u00f4leurs \u00e9conomiques\"}]},{\"@type\":\"WebSite\",\"@id\":\"https:\/\/kapitalis.com\/tunisie\/#website\",\"url\":\"https:\/\/kapitalis.com\/tunisie\/\",\"name\":\"Kapitalis\",\"description\":\"L&#039;actualit\u00e9 en Tunisie et dans le monde\",\"publisher\":{\"@id\":\"https:\/\/kapitalis.com\/tunisie\/#organization\"},\"potentialAction\":[{\"@type\":\"SearchAction\",\"target\":{\"@type\":\"EntryPoint\",\"urlTemplate\":\"https:\/\/kapitalis.com\/tunisie\/?s={search_term_string}\"},\"query-input\":{\"@type\":\"PropertyValueSpecification\",\"valueRequired\":true,\"valueName\":\"search_term_string\"}}],\"inLanguage\":\"fr-FR\"},{\"@type\":\"Organization\",\"@id\":\"https:\/\/kapitalis.com\/tunisie\/#organization\",\"name\":\"Kapitalis\",\"url\":\"https:\/\/kapitalis.com\/tunisie\/\",\"logo\":{\"@type\":\"ImageObject\",\"inLanguage\":\"fr-FR\",\"@id\":\"https:\/\/kapitalis.com\/tunisie\/#\/schema\/logo\/image\/\",\"url\":\"https:\/\/kapitalis.com\/tunisie\/wp-content\/uploads\/2022\/05\/Kapitalis-big-size.png\",\"contentUrl\":\"https:\/\/kapitalis.com\/tunisie\/wp-content\/uploads\/2022\/05\/Kapitalis-big-size.png\",\"width\":5000,\"height\":1500,\"caption\":\"Kapitalis\"},\"image\":{\"@id\":\"https:\/\/kapitalis.com\/tunisie\/#\/schema\/logo\/image\/\"},\"sameAs\":[\"https:\/\/www.facebook.com\/KapitalisInfo\/\",\"https:\/\/x.com\/KapitalisInfo\",\"https:\/\/www.youtube.com\/channel\/UC-yDYrHyfFBWWZaOw3FPg9Q\"]},{\"@type\":\"Person\",\"@id\":\"https:\/\/kapitalis.com\/tunisie\/#\/schema\/person\/74bbde0154d49d790a92aaeac5bc01d5\",\"name\":\"Yusra NY\",\"url\":\"https:\/\/kapitalis.com\/tunisie\/author\/yuza_adam\/\"}]}<\/script>\n<!-- \/ Yoast SEO plugin. -->","yoast_head_json":{"title":"Bizerte : Plainte contre les agresseurs des contr\u00f4leurs \u00e9conomiques - Kapitalis","robots":{"index":"index","follow":"follow","max-snippet":"max-snippet:-1","max-image-preview":"max-image-preview:large","max-video-preview":"max-video-preview:-1"},"canonical":"https:\/\/kapitalis.com\/tunisie\/2016\/06\/10\/bizerte-plainte-contre-les-agresseurs-des-controleurs-economiques\/","og_locale":"fr_FR","og_type":"article","og_title":"Bizerte : Plainte contre les agresseurs des contr\u00f4leurs \u00e9conomiques - Kapitalis","og_description":"Des contr\u00f4leurs \u00e9conomiques ont \u00e9t\u00e9 agress\u00e9s, hier, \u00e0\u00a0Bizerte, par un commer\u00e7ant en infraction et&#8230; 2 policiers !","og_url":"https:\/\/kapitalis.com\/tunisie\/2016\/06\/10\/bizerte-plainte-contre-les-agresseurs-des-controleurs-economiques\/","og_site_name":"Kapitalis","article_publisher":"https:\/\/www.facebook.com\/KapitalisInfo\/","article_published_time":"2016-06-10T10:04:54+00:00","og_image":[{"width":1200,"height":630,"url":"https:\/\/kapitalis.com\/tunisie\/wp-content\/uploads\/2022\/05\/kapitalis-logo-fb.png","type":"image\/png"}],"author":"Yusra NY","twitter_card":"summary_large_image","twitter_creator":"@KapitalisInfo","twitter_site":"@KapitalisInfo","twitter_misc":{"\u00c9crit par":"Yusra NY","Dur\u00e9e de lecture estim\u00e9e":"1 minute"},"schema":{"@context":"https:\/\/schema.org","@graph":[{"@type":"Article","@id":"https:\/\/kapitalis.com\/tunisie\/2016\/06\/10\/bizerte-plainte-contre-les-agresseurs-des-controleurs-economiques\/#article","isPartOf":{"@id":"https:\/\/kapitalis.com\/tunisie\/2016\/06\/10\/bizerte-plainte-contre-les-agresseurs-des-controleurs-economiques\/"},"author":{"name":"Yusra NY","@id":"https:\/\/kapitalis.com\/tunisie\/#\/schema\/person\/74bbde0154d49d790a92aaeac5bc01d5"},"headline":"Bizerte : Plainte contre les agresseurs des contr\u00f4leurs \u00e9conomiques","datePublished":"2016-06-10T10:04:54+00:00","mainEntityOfPage":{"@id":"https:\/\/kapitalis.com\/tunisie\/2016\/06\/10\/bizerte-plainte-contre-les-agresseurs-des-controleurs-economiques\/"},"wordCount":176,"commentCount":0,"publisher":{"@id":"https:\/\/kapitalis.com\/tunisie\/#organization"},"image":{"@id":"https:\/\/kapitalis.com\/tunisie\/2016\/06\/10\/bizerte-plainte-contre-les-agresseurs-des-controleurs-economiques\/#primaryimage"},"thumbnailUrl":"","keywords":["commer\u00e7ant","minist\u00e8re du Commerce","policier","syndicat"],"articleSection":["SOCIETE","Tunisie"],"inLanguage":"fr-FR","potentialAction":[{"@type":"CommentAction","name":"Comment","target":["https:\/\/kapitalis.com\/tunisie\/2016\/06\/10\/bizerte-plainte-contre-les-agresseurs-des-controleurs-economiques\/#respond"]}]},{"@type":"WebPage","@id":"https:\/\/kapitalis.com\/tunisie\/2016\/06\/10\/bizerte-plainte-contre-les-agresseurs-des-controleurs-economiques\/","url":"https:\/\/kapitalis.com\/tunisie\/2016\/06\/10\/bizerte-plainte-contre-les-agresseurs-des-controleurs-economiques\/","name":"Bizerte : Plainte contre les agresseurs des contr\u00f4leurs \u00e9conomiques - Kapitalis","isPartOf":{"@id":"https:\/\/kapitalis.com\/tunisie\/#website"},"primaryImageOfPage":{"@id":"https:\/\/kapitalis.com\/tunisie\/2016\/06\/10\/bizerte-plainte-contre-les-agresseurs-des-controleurs-economiques\/#primaryimage"},"image":{"@id":"https:\/\/kapitalis.com\/tunisie\/2016\/06\/10\/bizerte-plainte-contre-les-agresseurs-des-controleurs-economiques\/#primaryimage"},"thumbnailUrl":"","datePublished":"2016-06-10T10:04:54+00:00","breadcrumb":{"@id":"https:\/\/kapitalis.com\/tunisie\/2016\/06\/10\/bizerte-plainte-contre-les-agresseurs-des-controleurs-economiques\/#breadcrumb"},"inLanguage":"fr-FR","potentialAction":[{"@type":"ReadAction","target":["https:\/\/kapitalis.com\/tunisie\/2016\/06\/10\/bizerte-plainte-contre-les-agresseurs-des-controleurs-economiques\/"]}]},{"@type":"ImageObject","inLanguage":"fr-FR","@id":"https:\/\/kapitalis.com\/tunisie\/2016\/06\/10\/bizerte-plainte-contre-les-agresseurs-des-controleurs-economiques\/#primaryimage","url":"","contentUrl":""},{"@type":"BreadcrumbList","@id":"https:\/\/kapitalis.com\/tunisie\/2016\/06\/10\/bizerte-plainte-contre-les-agresseurs-des-controleurs-economiques\/#breadcrumb","itemListElement":[{"@type":"ListItem","position":1,"name":"Accueil","item":"https:\/\/kapitalis.com\/tunisie\/"},{"@type":"ListItem","position":2,"name":"Bizerte : Plainte contre les agresseurs des contr\u00f4leurs \u00e9conomiques"}]},{"@type":"WebSite","@id":"https:\/\/kapitalis.com\/tunisie\/#website","url":"https:\/\/kapitalis.com\/tunisie\/","name":"Kapitalis","description":"L&#039;actualit\u00e9 en Tunisie et dans le monde","publisher":{"@id":"https:\/\/kapitalis.com\/tunisie\/#organization"},"potentialAction":[{"@type":"SearchAction","target":{"@type":"EntryPoint","urlTemplate":"https:\/\/kapitalis.com\/tunisie\/?s={search_term_string}"},"query-input":{"@type":"PropertyValueSpecification","valueRequired":true,"valueName":"search_term_string"}}],"inLanguage":"fr-FR"},{"@type":"Organization","@id":"https:\/\/kapitalis.com\/tunisie\/#organization","name":"Kapitalis","url":"https:\/\/kapitalis.com\/tunisie\/","logo":{"@type":"ImageObject","inLanguage":"fr-FR","@id":"https:\/\/kapitalis.com\/tunisie\/#\/schema\/logo\/image\/","url":"https:\/\/kapitalis.com\/tunisie\/wp-content\/uploads\/2022\/05\/Kapitalis-big-size.png","contentUrl":"https:\/\/kapitalis.com\/tunisie\/wp-content\/uploads\/2022\/05\/Kapitalis-big-size.png","width":5000,"height":1500,"caption":"Kapitalis"},"image":{"@id":"https:\/\/kapitalis.com\/tunisie\/#\/schema\/logo\/image\/"},"sameAs":["https:\/\/www.facebook.com\/KapitalisInfo\/","https:\/\/x.com\/KapitalisInfo","https:\/\/www.youtube.com\/channel\/UC-yDYrHyfFBWWZaOw3FPg9Q"]},{"@type":"Person","@id":"https:\/\/kapitalis.com\/tunisie\/#\/schema\/person\/74bbde0154d49d790a92aaeac5bc01d5","name":"Yusra NY","url":"https:\/\/kapitalis.com\/tunisie\/author\/yuza_adam\/"}]}},"_links":{"self":[{"href":"https:\/\/kapitalis.com\/tunisie\/wp-json\/wp\/v2\/posts\/53305","targetHints":{"allow":["GET"]}}],"collection":[{"href":"https:\/\/kapitalis.com\/tunisie\/wp-json\/wp\/v2\/posts"}],"about":[{"href":"https:\/\/kapitalis.com\/tunisie\/wp-json\/wp\/v2\/types\/post"}],"author":[{"embeddable":true,"href":"https:\/\/kapitalis.com\/tunisie\/wp-json\/wp\/v2\/users\/6"}],"replies":[{"embeddable":true,"href":"https:\/\/kapitalis.com\/tunisie\/wp-json\/wp\/v2\/comments?post=53305"}],"version-history":[{"count":0,"href":"https:\/\/kapitalis.com\/tunisie\/wp-json\/wp\/v2\/posts\/53305\/revisions"}],"wp:featuredmedia":[{"embeddable":true,"href":"https:\/\/kapitalis.com\/tunisie\/wp-json\/wp\/v2\/media\/53308"}],"wp:attachment":[{"href":"https:\/\/kapitalis.com\/tunisie\/wp-json\/wp\/v2\/media?parent=53305"}],"wp:term":[{"taxonomy":"category","embeddable":true,"href":"https:\/\/kapitalis.com\/tunisie\/wp-json\/wp\/v2\/categories?post=53305"},{"taxonomy":"post_tag","embeddable":true,"href":"https:\/\/kapitalis.com\/tunisie\/wp-json\/wp\/v2\/tags?post=53305"}],"curies":[{"name":"wp","href":"https:\/\/api.w.org\/{rel}","templated":true}]}}