{"id":53391,"date":"2016-06-10T15:33:10","date_gmt":"2016-06-10T14:33:10","guid":{"rendered":"http:\/\/kapitalis.com\/tunisie\/?p=53391"},"modified":"2016-06-10T15:43:49","modified_gmt":"2016-06-10T14:43:49","slug":"neji-bghouri-au-comite-executif-de-la-fij","status":"publish","type":"post","link":"https:\/\/kapitalis.com\/tunisie\/2016\/06\/10\/neji-bghouri-au-comite-executif-de-la-fij\/","title":{"rendered":"N\u00e9ji Bghouri au comit\u00e9 ex\u00e9cutif de la FIJ"},"content":{"rendered":"<p style=\"text-align: center;\"><img loading=\"lazy\" decoding=\"async\" class=\"alignnone size-full wp-image-53392\" src=\"http:\/\/kapitalis.com\/tunisie\/wp-content\/uploads\/2016\/06\/Bghouri-Fij.jpg\" alt=\"Bghouri - Fij\" width=\"626\" height=\"380\" \/><\/p>\n<p><em><strong>La Tunisie est d\u00e9sormais membre du comit\u00e9 ex\u00e9cutif de la F\u00e9d\u00e9ration internationale des journalistes (FIJ) \u00e0 travers N\u00e9ji Bghouri.<\/strong><\/em><\/p>\n<p><!--more--><\/p>\n<p>Le Syndicat national des journalistes tunisiens (Snjt) a pris part au 29e Congr\u00e8s de la FIJ, tenu du 7 au 10 juin 2016, \u00e0 Angers, en France. La derni\u00e8re journ\u00e9e a \u00e9t\u00e9 consacr\u00e9e aux \u00e9lections et N\u00e9ji Bghouri, pr\u00e9sident du SNJT, a obtenu le plus grand nombre de votes pour le continent africain.<\/p>\n<p>Le pr\u00e9sident du SNJT avait \u00e9galement \u00e9t\u00e9 \u00e9lu membre du bureau ex\u00e9cutif de l\u2019Union g\u00e9n\u00e9rale des journalistes arabes, \u00e0 l\u2019issue de son 13e congr\u00e8s, qui s\u2019est tenu en mai dernier \u00e0 Tunis.<\/p>\n<p style=\"text-align: right;\"><strong>Y. N.<\/strong><\/p>\n","protected":false},"excerpt":{"rendered":"<p>La Tunisie est d\u00e9sormais membre du comit\u00e9 ex\u00e9cutif de la F\u00e9d\u00e9ration internationale des journalistes (FIJ) \u00e0 travers N\u00e9ji Bghouri.<\/p>\n","protected":false},"author":6,"featured_media":53392,"comment_status":"open","ping_status":"open","sticky":false,"template":"","format":"standard","meta":{"footnotes":""},"categories":[996,2433],"tags":[19164,313,19163,395,2866,838,872],"class_list":["post-53391","post","type-post","status-publish","format-standard","has-post-thumbnail","hentry","category-media","category-tunisie","tag-angers","tag-elections","tag-federation-internationale-des-journalistes","tag-france","tag-neji-bghouri","tag-snjt","tag-syndicat"],"yoast_head":"<!-- This site is optimized with the Yoast SEO plugin v26.6 - https:\/\/yoast.com\/wordpress\/plugins\/seo\/ -->\n<title>N\u00e9ji Bghouri au comit\u00e9 ex\u00e9cutif de la FIJ - Kapitalis<\/title>\n<meta name=\"robots\" content=\"index, follow, max-snippet:-1, max-image-preview:large, max-video-preview:-1\" \/>\n<link rel=\"canonical\" href=\"https:\/\/kapitalis.com\/tunisie\/2016\/06\/10\/neji-bghouri-au-comite-executif-de-la-fij\/\" \/>\n<meta property=\"og:locale\" content=\"fr_FR\" \/>\n<meta property=\"og:type\" content=\"article\" \/>\n<meta property=\"og:title\" content=\"N\u00e9ji Bghouri au comit\u00e9 ex\u00e9cutif de la FIJ - Kapitalis\" \/>\n<meta property=\"og:description\" content=\"La Tunisie est d\u00e9sormais membre du comit\u00e9 ex\u00e9cutif de la F\u00e9d\u00e9ration internationale des journalistes (FIJ) \u00e0 travers N\u00e9ji Bghouri.\" \/>\n<meta property=\"og:url\" content=\"https:\/\/kapitalis.com\/tunisie\/2016\/06\/10\/neji-bghouri-au-comite-executif-de-la-fij\/\" \/>\n<meta property=\"og:site_name\" content=\"Kapitalis\" \/>\n<meta property=\"article:publisher\" content=\"https:\/\/www.facebook.com\/KapitalisInfo\/\" \/>\n<meta property=\"article:published_time\" content=\"2016-06-10T14:33:10+00:00\" \/>\n<meta property=\"article:modified_time\" content=\"2016-06-10T14:43:49+00:00\" \/>\n<meta property=\"og:image\" content=\"https:\/\/kapitalis.com\/tunisie\/wp-content\/uploads\/2022\/05\/kapitalis-logo-fb.png\" \/>\n\t<meta property=\"og:image:width\" content=\"1200\" \/>\n\t<meta property=\"og:image:height\" content=\"630\" \/>\n\t<meta property=\"og:image:type\" content=\"image\/png\" \/>\n<meta name=\"author\" content=\"Yusra NY\" \/>\n<meta name=\"twitter:card\" content=\"summary_large_image\" \/>\n<meta name=\"twitter:creator\" content=\"@KapitalisInfo\" \/>\n<meta name=\"twitter:site\" content=\"@KapitalisInfo\" \/>\n<meta name=\"twitter:label1\" content=\"\u00c9crit par\" \/>\n\t<meta name=\"twitter:data1\" content=\"Yusra NY\" \/>\n\t<meta name=\"twitter:label2\" content=\"Dur\u00e9e de lecture estim\u00e9e\" \/>\n\t<meta name=\"twitter:data2\" content=\"1 minute\" \/>\n<script type=\"application\/ld+json\" class=\"yoast-schema-graph\">{\"@context\":\"https:\/\/schema.org\",\"@graph\":[{\"@type\":\"Article\",\"@id\":\"https:\/\/kapitalis.com\/tunisie\/2016\/06\/10\/neji-bghouri-au-comite-executif-de-la-fij\/#article\",\"isPartOf\":{\"@id\":\"https:\/\/kapitalis.com\/tunisie\/2016\/06\/10\/neji-bghouri-au-comite-executif-de-la-fij\/\"},\"author\":{\"name\":\"Yusra NY\",\"@id\":\"https:\/\/kapitalis.com\/tunisie\/#\/schema\/person\/74bbde0154d49d790a92aaeac5bc01d5\"},\"headline\":\"N\u00e9ji Bghouri au comit\u00e9 ex\u00e9cutif de la FIJ\",\"datePublished\":\"2016-06-10T14:33:10+00:00\",\"dateModified\":\"2016-06-10T14:43:49+00:00\",\"mainEntityOfPage\":{\"@id\":\"https:\/\/kapitalis.com\/tunisie\/2016\/06\/10\/neji-bghouri-au-comite-executif-de-la-fij\/\"},\"wordCount\":128,\"commentCount\":0,\"publisher\":{\"@id\":\"https:\/\/kapitalis.com\/tunisie\/#organization\"},\"image\":{\"@id\":\"https:\/\/kapitalis.com\/tunisie\/2016\/06\/10\/neji-bghouri-au-comite-executif-de-la-fij\/#primaryimage\"},\"thumbnailUrl\":\"\",\"keywords\":[\"Angers\",\"\u00e9lections\",\"F\u00e9d\u00e9ration internationale des journalistes\",\"France\",\"N\u00e9ji Bghouri\",\"SNJT\",\"syndicat\"],\"articleSection\":[\"MEDIA\",\"Tunisie\"],\"inLanguage\":\"fr-FR\",\"potentialAction\":[{\"@type\":\"CommentAction\",\"name\":\"Comment\",\"target\":[\"https:\/\/kapitalis.com\/tunisie\/2016\/06\/10\/neji-bghouri-au-comite-executif-de-la-fij\/#respond\"]}]},{\"@type\":\"WebPage\",\"@id\":\"https:\/\/kapitalis.com\/tunisie\/2016\/06\/10\/neji-bghouri-au-comite-executif-de-la-fij\/\",\"url\":\"https:\/\/kapitalis.com\/tunisie\/2016\/06\/10\/neji-bghouri-au-comite-executif-de-la-fij\/\",\"name\":\"N\u00e9ji Bghouri au comit\u00e9 ex\u00e9cutif de la FIJ - Kapitalis\",\"isPartOf\":{\"@id\":\"https:\/\/kapitalis.com\/tunisie\/#website\"},\"primaryImageOfPage\":{\"@id\":\"https:\/\/kapitalis.com\/tunisie\/2016\/06\/10\/neji-bghouri-au-comite-executif-de-la-fij\/#primaryimage\"},\"image\":{\"@id\":\"https:\/\/kapitalis.com\/tunisie\/2016\/06\/10\/neji-bghouri-au-comite-executif-de-la-fij\/#primaryimage\"},\"thumbnailUrl\":\"\",\"datePublished\":\"2016-06-10T14:33:10+00:00\",\"dateModified\":\"2016-06-10T14:43:49+00:00\",\"breadcrumb\":{\"@id\":\"https:\/\/kapitalis.com\/tunisie\/2016\/06\/10\/neji-bghouri-au-comite-executif-de-la-fij\/#breadcrumb\"},\"inLanguage\":\"fr-FR\",\"potentialAction\":[{\"@type\":\"ReadAction\",\"target\":[\"https:\/\/kapitalis.com\/tunisie\/2016\/06\/10\/neji-bghouri-au-comite-executif-de-la-fij\/\"]}]},{\"@type\":\"ImageObject\",\"inLanguage\":\"fr-FR\",\"@id\":\"https:\/\/kapitalis.com\/tunisie\/2016\/06\/10\/neji-bghouri-au-comite-executif-de-la-fij\/#primaryimage\",\"url\":\"\",\"contentUrl\":\"\"},{\"@type\":\"BreadcrumbList\",\"@id\":\"https:\/\/kapitalis.com\/tunisie\/2016\/06\/10\/neji-bghouri-au-comite-executif-de-la-fij\/#breadcrumb\",\"itemListElement\":[{\"@type\":\"ListItem\",\"position\":1,\"name\":\"Accueil\",\"item\":\"https:\/\/kapitalis.com\/tunisie\/\"},{\"@type\":\"ListItem\",\"position\":2,\"name\":\"N\u00e9ji Bghouri au comit\u00e9 ex\u00e9cutif de la FIJ\"}]},{\"@type\":\"WebSite\",\"@id\":\"https:\/\/kapitalis.com\/tunisie\/#website\",\"url\":\"https:\/\/kapitalis.com\/tunisie\/\",\"name\":\"Kapitalis\",\"description\":\"L&#039;actualit\u00e9 en Tunisie et dans le monde\",\"publisher\":{\"@id\":\"https:\/\/kapitalis.com\/tunisie\/#organization\"},\"potentialAction\":[{\"@type\":\"SearchAction\",\"target\":{\"@type\":\"EntryPoint\",\"urlTemplate\":\"https:\/\/kapitalis.com\/tunisie\/?s={search_term_string}\"},\"query-input\":{\"@type\":\"PropertyValueSpecification\",\"valueRequired\":true,\"valueName\":\"search_term_string\"}}],\"inLanguage\":\"fr-FR\"},{\"@type\":\"Organization\",\"@id\":\"https:\/\/kapitalis.com\/tunisie\/#organization\",\"name\":\"Kapitalis\",\"url\":\"https:\/\/kapitalis.com\/tunisie\/\",\"logo\":{\"@type\":\"ImageObject\",\"inLanguage\":\"fr-FR\",\"@id\":\"https:\/\/kapitalis.com\/tunisie\/#\/schema\/logo\/image\/\",\"url\":\"https:\/\/kapitalis.com\/tunisie\/wp-content\/uploads\/2022\/05\/Kapitalis-big-size.png\",\"contentUrl\":\"https:\/\/kapitalis.com\/tunisie\/wp-content\/uploads\/2022\/05\/Kapitalis-big-size.png\",\"width\":5000,\"height\":1500,\"caption\":\"Kapitalis\"},\"image\":{\"@id\":\"https:\/\/kapitalis.com\/tunisie\/#\/schema\/logo\/image\/\"},\"sameAs\":[\"https:\/\/www.facebook.com\/KapitalisInfo\/\",\"https:\/\/x.com\/KapitalisInfo\",\"https:\/\/www.youtube.com\/channel\/UC-yDYrHyfFBWWZaOw3FPg9Q\"]},{\"@type\":\"Person\",\"@id\":\"https:\/\/kapitalis.com\/tunisie\/#\/schema\/person\/74bbde0154d49d790a92aaeac5bc01d5\",\"name\":\"Yusra NY\",\"url\":\"https:\/\/kapitalis.com\/tunisie\/author\/yuza_adam\/\"}]}<\/script>\n<!-- \/ Yoast SEO plugin. -->","yoast_head_json":{"title":"N\u00e9ji Bghouri au comit\u00e9 ex\u00e9cutif de la FIJ - Kapitalis","robots":{"index":"index","follow":"follow","max-snippet":"max-snippet:-1","max-image-preview":"max-image-preview:large","max-video-preview":"max-video-preview:-1"},"canonical":"https:\/\/kapitalis.com\/tunisie\/2016\/06\/10\/neji-bghouri-au-comite-executif-de-la-fij\/","og_locale":"fr_FR","og_type":"article","og_title":"N\u00e9ji Bghouri au comit\u00e9 ex\u00e9cutif de la FIJ - Kapitalis","og_description":"La Tunisie est d\u00e9sormais membre du comit\u00e9 ex\u00e9cutif de la F\u00e9d\u00e9ration internationale des journalistes (FIJ) \u00e0 travers N\u00e9ji Bghouri.","og_url":"https:\/\/kapitalis.com\/tunisie\/2016\/06\/10\/neji-bghouri-au-comite-executif-de-la-fij\/","og_site_name":"Kapitalis","article_publisher":"https:\/\/www.facebook.com\/KapitalisInfo\/","article_published_time":"2016-06-10T14:33:10+00:00","article_modified_time":"2016-06-10T14:43:49+00:00","og_image":[{"width":1200,"height":630,"url":"https:\/\/kapitalis.com\/tunisie\/wp-content\/uploads\/2022\/05\/kapitalis-logo-fb.png","type":"image\/png"}],"author":"Yusra NY","twitter_card":"summary_large_image","twitter_creator":"@KapitalisInfo","twitter_site":"@KapitalisInfo","twitter_misc":{"\u00c9crit par":"Yusra NY","Dur\u00e9e de lecture estim\u00e9e":"1 minute"},"schema":{"@context":"https:\/\/schema.org","@graph":[{"@type":"Article","@id":"https:\/\/kapitalis.com\/tunisie\/2016\/06\/10\/neji-bghouri-au-comite-executif-de-la-fij\/#article","isPartOf":{"@id":"https:\/\/kapitalis.com\/tunisie\/2016\/06\/10\/neji-bghouri-au-comite-executif-de-la-fij\/"},"author":{"name":"Yusra NY","@id":"https:\/\/kapitalis.com\/tunisie\/#\/schema\/person\/74bbde0154d49d790a92aaeac5bc01d5"},"headline":"N\u00e9ji Bghouri au comit\u00e9 ex\u00e9cutif de la FIJ","datePublished":"2016-06-10T14:33:10+00:00","dateModified":"2016-06-10T14:43:49+00:00","mainEntityOfPage":{"@id":"https:\/\/kapitalis.com\/tunisie\/2016\/06\/10\/neji-bghouri-au-comite-executif-de-la-fij\/"},"wordCount":128,"commentCount":0,"publisher":{"@id":"https:\/\/kapitalis.com\/tunisie\/#organization"},"image":{"@id":"https:\/\/kapitalis.com\/tunisie\/2016\/06\/10\/neji-bghouri-au-comite-executif-de-la-fij\/#primaryimage"},"thumbnailUrl":"","keywords":["Angers","\u00e9lections","F\u00e9d\u00e9ration internationale des journalistes","France","N\u00e9ji Bghouri","SNJT","syndicat"],"articleSection":["MEDIA","Tunisie"],"inLanguage":"fr-FR","potentialAction":[{"@type":"CommentAction","name":"Comment","target":["https:\/\/kapitalis.com\/tunisie\/2016\/06\/10\/neji-bghouri-au-comite-executif-de-la-fij\/#respond"]}]},{"@type":"WebPage","@id":"https:\/\/kapitalis.com\/tunisie\/2016\/06\/10\/neji-bghouri-au-comite-executif-de-la-fij\/","url":"https:\/\/kapitalis.com\/tunisie\/2016\/06\/10\/neji-bghouri-au-comite-executif-de-la-fij\/","name":"N\u00e9ji Bghouri au comit\u00e9 ex\u00e9cutif de la FIJ - Kapitalis","isPartOf":{"@id":"https:\/\/kapitalis.com\/tunisie\/#website"},"primaryImageOfPage":{"@id":"https:\/\/kapitalis.com\/tunisie\/2016\/06\/10\/neji-bghouri-au-comite-executif-de-la-fij\/#primaryimage"},"image":{"@id":"https:\/\/kapitalis.com\/tunisie\/2016\/06\/10\/neji-bghouri-au-comite-executif-de-la-fij\/#primaryimage"},"thumbnailUrl":"","datePublished":"2016-06-10T14:33:10+00:00","dateModified":"2016-06-10T14:43:49+00:00","breadcrumb":{"@id":"https:\/\/kapitalis.com\/tunisie\/2016\/06\/10\/neji-bghouri-au-comite-executif-de-la-fij\/#breadcrumb"},"inLanguage":"fr-FR","potentialAction":[{"@type":"ReadAction","target":["https:\/\/kapitalis.com\/tunisie\/2016\/06\/10\/neji-bghouri-au-comite-executif-de-la-fij\/"]}]},{"@type":"ImageObject","inLanguage":"fr-FR","@id":"https:\/\/kapitalis.com\/tunisie\/2016\/06\/10\/neji-bghouri-au-comite-executif-de-la-fij\/#primaryimage","url":"","contentUrl":""},{"@type":"BreadcrumbList","@id":"https:\/\/kapitalis.com\/tunisie\/2016\/06\/10\/neji-bghouri-au-comite-executif-de-la-fij\/#breadcrumb","itemListElement":[{"@type":"ListItem","position":1,"name":"Accueil","item":"https:\/\/kapitalis.com\/tunisie\/"},{"@type":"ListItem","position":2,"name":"N\u00e9ji Bghouri au comit\u00e9 ex\u00e9cutif de la FIJ"}]},{"@type":"WebSite","@id":"https:\/\/kapitalis.com\/tunisie\/#website","url":"https:\/\/kapitalis.com\/tunisie\/","name":"Kapitalis","description":"L&#039;actualit\u00e9 en Tunisie et dans le monde","publisher":{"@id":"https:\/\/kapitalis.com\/tunisie\/#organization"},"potentialAction":[{"@type":"SearchAction","target":{"@type":"EntryPoint","urlTemplate":"https:\/\/kapitalis.com\/tunisie\/?s={search_term_string}"},"query-input":{"@type":"PropertyValueSpecification","valueRequired":true,"valueName":"search_term_string"}}],"inLanguage":"fr-FR"},{"@type":"Organization","@id":"https:\/\/kapitalis.com\/tunisie\/#organization","name":"Kapitalis","url":"https:\/\/kapitalis.com\/tunisie\/","logo":{"@type":"ImageObject","inLanguage":"fr-FR","@id":"https:\/\/kapitalis.com\/tunisie\/#\/schema\/logo\/image\/","url":"https:\/\/kapitalis.com\/tunisie\/wp-content\/uploads\/2022\/05\/Kapitalis-big-size.png","contentUrl":"https:\/\/kapitalis.com\/tunisie\/wp-content\/uploads\/2022\/05\/Kapitalis-big-size.png","width":5000,"height":1500,"caption":"Kapitalis"},"image":{"@id":"https:\/\/kapitalis.com\/tunisie\/#\/schema\/logo\/image\/"},"sameAs":["https:\/\/www.facebook.com\/KapitalisInfo\/","https:\/\/x.com\/KapitalisInfo","https:\/\/www.youtube.com\/channel\/UC-yDYrHyfFBWWZaOw3FPg9Q"]},{"@type":"Person","@id":"https:\/\/kapitalis.com\/tunisie\/#\/schema\/person\/74bbde0154d49d790a92aaeac5bc01d5","name":"Yusra NY","url":"https:\/\/kapitalis.com\/tunisie\/author\/yuza_adam\/"}]}},"_links":{"self":[{"href":"https:\/\/kapitalis.com\/tunisie\/wp-json\/wp\/v2\/posts\/53391","targetHints":{"allow":["GET"]}}],"collection":[{"href":"https:\/\/kapitalis.com\/tunisie\/wp-json\/wp\/v2\/posts"}],"about":[{"href":"https:\/\/kapitalis.com\/tunisie\/wp-json\/wp\/v2\/types\/post"}],"author":[{"embeddable":true,"href":"https:\/\/kapitalis.com\/tunisie\/wp-json\/wp\/v2\/users\/6"}],"replies":[{"embeddable":true,"href":"https:\/\/kapitalis.com\/tunisie\/wp-json\/wp\/v2\/comments?post=53391"}],"version-history":[{"count":0,"href":"https:\/\/kapitalis.com\/tunisie\/wp-json\/wp\/v2\/posts\/53391\/revisions"}],"wp:featuredmedia":[{"embeddable":true,"href":"https:\/\/kapitalis.com\/tunisie\/wp-json\/wp\/v2\/media\/53392"}],"wp:attachment":[{"href":"https:\/\/kapitalis.com\/tunisie\/wp-json\/wp\/v2\/media?parent=53391"}],"wp:term":[{"taxonomy":"category","embeddable":true,"href":"https:\/\/kapitalis.com\/tunisie\/wp-json\/wp\/v2\/categories?post=53391"},{"taxonomy":"post_tag","embeddable":true,"href":"https:\/\/kapitalis.com\/tunisie\/wp-json\/wp\/v2\/tags?post=53391"}],"curies":[{"name":"wp","href":"https:\/\/api.w.org\/{rel}","templated":true}]}}