{"id":53398,"date":"2016-06-10T16:13:55","date_gmt":"2016-06-10T15:13:55","guid":{"rendered":"http:\/\/kapitalis.com\/tunisie\/?p=53398"},"modified":"2016-06-10T16:16:32","modified_gmt":"2016-06-10T15:16:32","slug":"ben-ali-veut-faire-suspendre-lemission-allo-jeddah","status":"publish","type":"post","link":"https:\/\/kapitalis.com\/tunisie\/2016\/06\/10\/ben-ali-veut-faire-suspendre-lemission-allo-jeddah\/","title":{"rendered":"Ben Ali veut faire suspendre l&rsquo;\u00e9mission Allo Jeddah"},"content":{"rendered":"<p style=\"text-align: center;\"><img loading=\"lazy\" decoding=\"async\" class=\"alignnone size-full wp-image-53399\" src=\"http:\/\/kapitalis.com\/tunisie\/wp-content\/uploads\/2016\/06\/Ben-ali-Vs-Allo-Jeddah-Ettassia.jpg\" alt=\"Ben ali Vs Allo Jeddah- Ettassia\" width=\"626\" height=\"380\" \/><\/p>\n<p><em><strong>L&rsquo;ancien pr\u00e9sident Ben Ali a saisi la justice pour faire suspendre \u00ab\u00a0Allo Jeddah\u00a0\u00bb, un canular t\u00e9l\u00e9vis\u00e9 qui le met en sc\u00e8ne sur Attessia TV.<\/strong><\/em><\/p>\n<p><!--more--><\/p>\n<p>C&rsquo;est ce qu&rsquo;a annonc\u00e9 son avocat Ahmed Gharbi, sur Mosa\u00efque FM, ajoutant que l&rsquo;audience a \u00e9t\u00e9\u00a0fix\u00e9e au mardi 14 juin \u00e0 10h.<\/p>\n<p>Selon lui, Ben Ali\u00a0accuse la cha\u00eene de\u00a0diffamation et d&rsquo;usurpation d&rsquo;identit\u00e9, et d&rsquo;avoir utilis\u00e9 son nom sans son accord.<\/p>\n<p>Me Mounir Ben Salha, lui aussi avocat de Ben Ali et chroniqueur \u00e0 la cha\u00eene Attassia,\u00a0avait averti, hier, sur Shems FM, que des \u00e9pisodes de ce canular t\u00e9l\u00e9vis\u00e9 comportent des atteintes \u00e0\u00a0la personne de Ben Ali et que cela engendrera des poursuites judiciaires contre leurs auteurs.<\/p>\n<p>Pour sa part, Makki Helal, l\u2019animateur de cette \u00e9mission, avait\u00a0indiqu\u00e9, hier, en citant des sources\u00a0proches de Ben Ali, que\u00a0ce dernier, en exil en Arabie saoudite depuis 2011, a suivi les premiers \u00e9pisodes de <em>\u00ab\u00a0Allo Jeddah\u00a0\u00bb. <\/em>Ses sources ne lui ont pas rapport\u00e9 que\u00a0cela lui a moyennement plu.<\/p>\n<p style=\"text-align: right;\"><strong>Y. N.<\/strong><\/p>\n","protected":false},"excerpt":{"rendered":"<p>L&rsquo;ancien pr\u00e9sident Ben Ali a saisi la justice pour faire suspendre \u00ab\u00a0Allo Jeddah\u00a0\u00bb, un canular t\u00e9l\u00e9vis\u00e9 qui le met en sc\u00e8ne sur Attessia TV.<\/p>\n","protected":false},"author":6,"featured_media":53399,"comment_status":"open","ping_status":"open","sticky":false,"template":"","format":"standard","meta":{"footnotes":""},"categories":[996,2433],"tags":[2638,19016,2770,140,8685,721],"class_list":["post-53398","post","type-post","status-publish","format-standard","has-post-thumbnail","hentry","category-media","category-tunisie","tag-arabie-saoudite","tag-attessia-tv","tag-avocats","tag-ben-ali","tag-mounir-ben-salha","tag-plainte"],"yoast_head":"<!-- This site is optimized with the Yoast SEO plugin v26.6 - https:\/\/yoast.com\/wordpress\/plugins\/seo\/ -->\n<title>Ben Ali veut faire suspendre l&#039;\u00e9mission Allo Jeddah - Kapitalis<\/title>\n<meta name=\"robots\" content=\"index, follow, max-snippet:-1, max-image-preview:large, max-video-preview:-1\" \/>\n<link rel=\"canonical\" href=\"https:\/\/kapitalis.com\/tunisie\/2016\/06\/10\/ben-ali-veut-faire-suspendre-lemission-allo-jeddah\/\" \/>\n<meta property=\"og:locale\" content=\"fr_FR\" \/>\n<meta property=\"og:type\" content=\"article\" \/>\n<meta property=\"og:title\" content=\"Ben Ali veut faire suspendre l&#039;\u00e9mission Allo Jeddah - Kapitalis\" \/>\n<meta property=\"og:description\" content=\"L&rsquo;ancien pr\u00e9sident Ben Ali a saisi la justice pour faire suspendre \u00ab\u00a0Allo Jeddah\u00a0\u00bb, un canular t\u00e9l\u00e9vis\u00e9 qui le met en sc\u00e8ne sur Attessia TV.\" \/>\n<meta property=\"og:url\" content=\"https:\/\/kapitalis.com\/tunisie\/2016\/06\/10\/ben-ali-veut-faire-suspendre-lemission-allo-jeddah\/\" \/>\n<meta property=\"og:site_name\" content=\"Kapitalis\" \/>\n<meta property=\"article:publisher\" content=\"https:\/\/www.facebook.com\/KapitalisInfo\/\" \/>\n<meta property=\"article:published_time\" content=\"2016-06-10T15:13:55+00:00\" \/>\n<meta property=\"article:modified_time\" content=\"2016-06-10T15:16:32+00:00\" \/>\n<meta property=\"og:image\" content=\"https:\/\/kapitalis.com\/tunisie\/wp-content\/uploads\/2022\/05\/kapitalis-logo-fb.png\" \/>\n\t<meta property=\"og:image:width\" content=\"1200\" \/>\n\t<meta property=\"og:image:height\" content=\"630\" \/>\n\t<meta property=\"og:image:type\" content=\"image\/png\" \/>\n<meta name=\"author\" content=\"Yusra NY\" \/>\n<meta name=\"twitter:card\" content=\"summary_large_image\" \/>\n<meta name=\"twitter:creator\" content=\"@KapitalisInfo\" \/>\n<meta name=\"twitter:site\" content=\"@KapitalisInfo\" \/>\n<meta name=\"twitter:label1\" content=\"\u00c9crit par\" \/>\n\t<meta name=\"twitter:data1\" content=\"Yusra NY\" \/>\n\t<meta name=\"twitter:label2\" content=\"Dur\u00e9e de lecture estim\u00e9e\" \/>\n\t<meta name=\"twitter:data2\" content=\"1 minute\" \/>\n<script type=\"application\/ld+json\" class=\"yoast-schema-graph\">{\"@context\":\"https:\/\/schema.org\",\"@graph\":[{\"@type\":\"Article\",\"@id\":\"https:\/\/kapitalis.com\/tunisie\/2016\/06\/10\/ben-ali-veut-faire-suspendre-lemission-allo-jeddah\/#article\",\"isPartOf\":{\"@id\":\"https:\/\/kapitalis.com\/tunisie\/2016\/06\/10\/ben-ali-veut-faire-suspendre-lemission-allo-jeddah\/\"},\"author\":{\"name\":\"Yusra NY\",\"@id\":\"https:\/\/kapitalis.com\/tunisie\/#\/schema\/person\/74bbde0154d49d790a92aaeac5bc01d5\"},\"headline\":\"Ben Ali veut faire suspendre l&rsquo;\u00e9mission Allo Jeddah\",\"datePublished\":\"2016-06-10T15:13:55+00:00\",\"dateModified\":\"2016-06-10T15:16:32+00:00\",\"mainEntityOfPage\":{\"@id\":\"https:\/\/kapitalis.com\/tunisie\/2016\/06\/10\/ben-ali-veut-faire-suspendre-lemission-allo-jeddah\/\"},\"wordCount\":183,\"commentCount\":1,\"publisher\":{\"@id\":\"https:\/\/kapitalis.com\/tunisie\/#organization\"},\"image\":{\"@id\":\"https:\/\/kapitalis.com\/tunisie\/2016\/06\/10\/ben-ali-veut-faire-suspendre-lemission-allo-jeddah\/#primaryimage\"},\"thumbnailUrl\":\"\",\"keywords\":[\"Arabie saoudite\",\"Attessia TV\",\"avocats\",\"Ben Ali\",\"Mounir Ben Salha\",\"plainte\"],\"articleSection\":[\"MEDIA\",\"Tunisie\"],\"inLanguage\":\"fr-FR\",\"potentialAction\":[{\"@type\":\"CommentAction\",\"name\":\"Comment\",\"target\":[\"https:\/\/kapitalis.com\/tunisie\/2016\/06\/10\/ben-ali-veut-faire-suspendre-lemission-allo-jeddah\/#respond\"]}]},{\"@type\":\"WebPage\",\"@id\":\"https:\/\/kapitalis.com\/tunisie\/2016\/06\/10\/ben-ali-veut-faire-suspendre-lemission-allo-jeddah\/\",\"url\":\"https:\/\/kapitalis.com\/tunisie\/2016\/06\/10\/ben-ali-veut-faire-suspendre-lemission-allo-jeddah\/\",\"name\":\"Ben Ali veut faire suspendre l'\u00e9mission Allo Jeddah - Kapitalis\",\"isPartOf\":{\"@id\":\"https:\/\/kapitalis.com\/tunisie\/#website\"},\"primaryImageOfPage\":{\"@id\":\"https:\/\/kapitalis.com\/tunisie\/2016\/06\/10\/ben-ali-veut-faire-suspendre-lemission-allo-jeddah\/#primaryimage\"},\"image\":{\"@id\":\"https:\/\/kapitalis.com\/tunisie\/2016\/06\/10\/ben-ali-veut-faire-suspendre-lemission-allo-jeddah\/#primaryimage\"},\"thumbnailUrl\":\"\",\"datePublished\":\"2016-06-10T15:13:55+00:00\",\"dateModified\":\"2016-06-10T15:16:32+00:00\",\"breadcrumb\":{\"@id\":\"https:\/\/kapitalis.com\/tunisie\/2016\/06\/10\/ben-ali-veut-faire-suspendre-lemission-allo-jeddah\/#breadcrumb\"},\"inLanguage\":\"fr-FR\",\"potentialAction\":[{\"@type\":\"ReadAction\",\"target\":[\"https:\/\/kapitalis.com\/tunisie\/2016\/06\/10\/ben-ali-veut-faire-suspendre-lemission-allo-jeddah\/\"]}]},{\"@type\":\"ImageObject\",\"inLanguage\":\"fr-FR\",\"@id\":\"https:\/\/kapitalis.com\/tunisie\/2016\/06\/10\/ben-ali-veut-faire-suspendre-lemission-allo-jeddah\/#primaryimage\",\"url\":\"\",\"contentUrl\":\"\"},{\"@type\":\"BreadcrumbList\",\"@id\":\"https:\/\/kapitalis.com\/tunisie\/2016\/06\/10\/ben-ali-veut-faire-suspendre-lemission-allo-jeddah\/#breadcrumb\",\"itemListElement\":[{\"@type\":\"ListItem\",\"position\":1,\"name\":\"Accueil\",\"item\":\"https:\/\/kapitalis.com\/tunisie\/\"},{\"@type\":\"ListItem\",\"position\":2,\"name\":\"Ben Ali veut faire suspendre l&rsquo;\u00e9mission Allo Jeddah\"}]},{\"@type\":\"WebSite\",\"@id\":\"https:\/\/kapitalis.com\/tunisie\/#website\",\"url\":\"https:\/\/kapitalis.com\/tunisie\/\",\"name\":\"Kapitalis\",\"description\":\"L&#039;actualit\u00e9 en Tunisie et dans le monde\",\"publisher\":{\"@id\":\"https:\/\/kapitalis.com\/tunisie\/#organization\"},\"potentialAction\":[{\"@type\":\"SearchAction\",\"target\":{\"@type\":\"EntryPoint\",\"urlTemplate\":\"https:\/\/kapitalis.com\/tunisie\/?s={search_term_string}\"},\"query-input\":{\"@type\":\"PropertyValueSpecification\",\"valueRequired\":true,\"valueName\":\"search_term_string\"}}],\"inLanguage\":\"fr-FR\"},{\"@type\":\"Organization\",\"@id\":\"https:\/\/kapitalis.com\/tunisie\/#organization\",\"name\":\"Kapitalis\",\"url\":\"https:\/\/kapitalis.com\/tunisie\/\",\"logo\":{\"@type\":\"ImageObject\",\"inLanguage\":\"fr-FR\",\"@id\":\"https:\/\/kapitalis.com\/tunisie\/#\/schema\/logo\/image\/\",\"url\":\"https:\/\/kapitalis.com\/tunisie\/wp-content\/uploads\/2022\/05\/Kapitalis-big-size.png\",\"contentUrl\":\"https:\/\/kapitalis.com\/tunisie\/wp-content\/uploads\/2022\/05\/Kapitalis-big-size.png\",\"width\":5000,\"height\":1500,\"caption\":\"Kapitalis\"},\"image\":{\"@id\":\"https:\/\/kapitalis.com\/tunisie\/#\/schema\/logo\/image\/\"},\"sameAs\":[\"https:\/\/www.facebook.com\/KapitalisInfo\/\",\"https:\/\/x.com\/KapitalisInfo\",\"https:\/\/www.youtube.com\/channel\/UC-yDYrHyfFBWWZaOw3FPg9Q\"]},{\"@type\":\"Person\",\"@id\":\"https:\/\/kapitalis.com\/tunisie\/#\/schema\/person\/74bbde0154d49d790a92aaeac5bc01d5\",\"name\":\"Yusra NY\",\"url\":\"https:\/\/kapitalis.com\/tunisie\/author\/yuza_adam\/\"}]}<\/script>\n<!-- \/ Yoast SEO plugin. -->","yoast_head_json":{"title":"Ben Ali veut faire suspendre l'\u00e9mission Allo Jeddah - Kapitalis","robots":{"index":"index","follow":"follow","max-snippet":"max-snippet:-1","max-image-preview":"max-image-preview:large","max-video-preview":"max-video-preview:-1"},"canonical":"https:\/\/kapitalis.com\/tunisie\/2016\/06\/10\/ben-ali-veut-faire-suspendre-lemission-allo-jeddah\/","og_locale":"fr_FR","og_type":"article","og_title":"Ben Ali veut faire suspendre l'\u00e9mission Allo Jeddah - Kapitalis","og_description":"L&rsquo;ancien pr\u00e9sident Ben Ali a saisi la justice pour faire suspendre \u00ab\u00a0Allo Jeddah\u00a0\u00bb, un canular t\u00e9l\u00e9vis\u00e9 qui le met en sc\u00e8ne sur Attessia TV.","og_url":"https:\/\/kapitalis.com\/tunisie\/2016\/06\/10\/ben-ali-veut-faire-suspendre-lemission-allo-jeddah\/","og_site_name":"Kapitalis","article_publisher":"https:\/\/www.facebook.com\/KapitalisInfo\/","article_published_time":"2016-06-10T15:13:55+00:00","article_modified_time":"2016-06-10T15:16:32+00:00","og_image":[{"width":1200,"height":630,"url":"https:\/\/kapitalis.com\/tunisie\/wp-content\/uploads\/2022\/05\/kapitalis-logo-fb.png","type":"image\/png"}],"author":"Yusra NY","twitter_card":"summary_large_image","twitter_creator":"@KapitalisInfo","twitter_site":"@KapitalisInfo","twitter_misc":{"\u00c9crit par":"Yusra NY","Dur\u00e9e de lecture estim\u00e9e":"1 minute"},"schema":{"@context":"https:\/\/schema.org","@graph":[{"@type":"Article","@id":"https:\/\/kapitalis.com\/tunisie\/2016\/06\/10\/ben-ali-veut-faire-suspendre-lemission-allo-jeddah\/#article","isPartOf":{"@id":"https:\/\/kapitalis.com\/tunisie\/2016\/06\/10\/ben-ali-veut-faire-suspendre-lemission-allo-jeddah\/"},"author":{"name":"Yusra NY","@id":"https:\/\/kapitalis.com\/tunisie\/#\/schema\/person\/74bbde0154d49d790a92aaeac5bc01d5"},"headline":"Ben Ali veut faire suspendre l&rsquo;\u00e9mission Allo Jeddah","datePublished":"2016-06-10T15:13:55+00:00","dateModified":"2016-06-10T15:16:32+00:00","mainEntityOfPage":{"@id":"https:\/\/kapitalis.com\/tunisie\/2016\/06\/10\/ben-ali-veut-faire-suspendre-lemission-allo-jeddah\/"},"wordCount":183,"commentCount":1,"publisher":{"@id":"https:\/\/kapitalis.com\/tunisie\/#organization"},"image":{"@id":"https:\/\/kapitalis.com\/tunisie\/2016\/06\/10\/ben-ali-veut-faire-suspendre-lemission-allo-jeddah\/#primaryimage"},"thumbnailUrl":"","keywords":["Arabie saoudite","Attessia TV","avocats","Ben Ali","Mounir Ben Salha","plainte"],"articleSection":["MEDIA","Tunisie"],"inLanguage":"fr-FR","potentialAction":[{"@type":"CommentAction","name":"Comment","target":["https:\/\/kapitalis.com\/tunisie\/2016\/06\/10\/ben-ali-veut-faire-suspendre-lemission-allo-jeddah\/#respond"]}]},{"@type":"WebPage","@id":"https:\/\/kapitalis.com\/tunisie\/2016\/06\/10\/ben-ali-veut-faire-suspendre-lemission-allo-jeddah\/","url":"https:\/\/kapitalis.com\/tunisie\/2016\/06\/10\/ben-ali-veut-faire-suspendre-lemission-allo-jeddah\/","name":"Ben Ali veut faire suspendre l'\u00e9mission Allo Jeddah - Kapitalis","isPartOf":{"@id":"https:\/\/kapitalis.com\/tunisie\/#website"},"primaryImageOfPage":{"@id":"https:\/\/kapitalis.com\/tunisie\/2016\/06\/10\/ben-ali-veut-faire-suspendre-lemission-allo-jeddah\/#primaryimage"},"image":{"@id":"https:\/\/kapitalis.com\/tunisie\/2016\/06\/10\/ben-ali-veut-faire-suspendre-lemission-allo-jeddah\/#primaryimage"},"thumbnailUrl":"","datePublished":"2016-06-10T15:13:55+00:00","dateModified":"2016-06-10T15:16:32+00:00","breadcrumb":{"@id":"https:\/\/kapitalis.com\/tunisie\/2016\/06\/10\/ben-ali-veut-faire-suspendre-lemission-allo-jeddah\/#breadcrumb"},"inLanguage":"fr-FR","potentialAction":[{"@type":"ReadAction","target":["https:\/\/kapitalis.com\/tunisie\/2016\/06\/10\/ben-ali-veut-faire-suspendre-lemission-allo-jeddah\/"]}]},{"@type":"ImageObject","inLanguage":"fr-FR","@id":"https:\/\/kapitalis.com\/tunisie\/2016\/06\/10\/ben-ali-veut-faire-suspendre-lemission-allo-jeddah\/#primaryimage","url":"","contentUrl":""},{"@type":"BreadcrumbList","@id":"https:\/\/kapitalis.com\/tunisie\/2016\/06\/10\/ben-ali-veut-faire-suspendre-lemission-allo-jeddah\/#breadcrumb","itemListElement":[{"@type":"ListItem","position":1,"name":"Accueil","item":"https:\/\/kapitalis.com\/tunisie\/"},{"@type":"ListItem","position":2,"name":"Ben Ali veut faire suspendre l&rsquo;\u00e9mission Allo Jeddah"}]},{"@type":"WebSite","@id":"https:\/\/kapitalis.com\/tunisie\/#website","url":"https:\/\/kapitalis.com\/tunisie\/","name":"Kapitalis","description":"L&#039;actualit\u00e9 en Tunisie et dans le monde","publisher":{"@id":"https:\/\/kapitalis.com\/tunisie\/#organization"},"potentialAction":[{"@type":"SearchAction","target":{"@type":"EntryPoint","urlTemplate":"https:\/\/kapitalis.com\/tunisie\/?s={search_term_string}"},"query-input":{"@type":"PropertyValueSpecification","valueRequired":true,"valueName":"search_term_string"}}],"inLanguage":"fr-FR"},{"@type":"Organization","@id":"https:\/\/kapitalis.com\/tunisie\/#organization","name":"Kapitalis","url":"https:\/\/kapitalis.com\/tunisie\/","logo":{"@type":"ImageObject","inLanguage":"fr-FR","@id":"https:\/\/kapitalis.com\/tunisie\/#\/schema\/logo\/image\/","url":"https:\/\/kapitalis.com\/tunisie\/wp-content\/uploads\/2022\/05\/Kapitalis-big-size.png","contentUrl":"https:\/\/kapitalis.com\/tunisie\/wp-content\/uploads\/2022\/05\/Kapitalis-big-size.png","width":5000,"height":1500,"caption":"Kapitalis"},"image":{"@id":"https:\/\/kapitalis.com\/tunisie\/#\/schema\/logo\/image\/"},"sameAs":["https:\/\/www.facebook.com\/KapitalisInfo\/","https:\/\/x.com\/KapitalisInfo","https:\/\/www.youtube.com\/channel\/UC-yDYrHyfFBWWZaOw3FPg9Q"]},{"@type":"Person","@id":"https:\/\/kapitalis.com\/tunisie\/#\/schema\/person\/74bbde0154d49d790a92aaeac5bc01d5","name":"Yusra NY","url":"https:\/\/kapitalis.com\/tunisie\/author\/yuza_adam\/"}]}},"_links":{"self":[{"href":"https:\/\/kapitalis.com\/tunisie\/wp-json\/wp\/v2\/posts\/53398","targetHints":{"allow":["GET"]}}],"collection":[{"href":"https:\/\/kapitalis.com\/tunisie\/wp-json\/wp\/v2\/posts"}],"about":[{"href":"https:\/\/kapitalis.com\/tunisie\/wp-json\/wp\/v2\/types\/post"}],"author":[{"embeddable":true,"href":"https:\/\/kapitalis.com\/tunisie\/wp-json\/wp\/v2\/users\/6"}],"replies":[{"embeddable":true,"href":"https:\/\/kapitalis.com\/tunisie\/wp-json\/wp\/v2\/comments?post=53398"}],"version-history":[{"count":0,"href":"https:\/\/kapitalis.com\/tunisie\/wp-json\/wp\/v2\/posts\/53398\/revisions"}],"wp:featuredmedia":[{"embeddable":true,"href":"https:\/\/kapitalis.com\/tunisie\/wp-json\/wp\/v2\/media\/53399"}],"wp:attachment":[{"href":"https:\/\/kapitalis.com\/tunisie\/wp-json\/wp\/v2\/media?parent=53398"}],"wp:term":[{"taxonomy":"category","embeddable":true,"href":"https:\/\/kapitalis.com\/tunisie\/wp-json\/wp\/v2\/categories?post=53398"},{"taxonomy":"post_tag","embeddable":true,"href":"https:\/\/kapitalis.com\/tunisie\/wp-json\/wp\/v2\/tags?post=53398"}],"curies":[{"name":"wp","href":"https:\/\/api.w.org\/{rel}","templated":true}]}}