{"id":5341401,"date":"2022-11-29T07:44:00","date_gmt":"2022-11-29T06:44:00","guid":{"rendered":"https:\/\/kapitalis.com\/tunisie\/?p=5341401"},"modified":"2022-11-29T07:52:02","modified_gmt":"2022-11-29T06:52:02","slug":"tunisie-lisie-est-elle-vraiment-independante-du-president-saied","status":"publish","type":"post","link":"https:\/\/kapitalis.com\/tunisie\/2022\/11\/29\/tunisie-lisie-est-elle-vraiment-independante-du-president-saied\/","title":{"rendered":"Tunisie : L\u2019Isie est-elle vraiment \u00abind\u00e9pendante\u00bb du pr\u00e9sident Sa\u00efed ?"},"content":{"rendered":"\n<p><strong><em>Le probl\u00e8me de l\u2019Instance sup\u00e9rieure ind\u00e9pendante pour les \u00e9lections (Isie), et qui jette une ombre sur les conditions g\u00e9n\u00e9rales dans lesquelles se d\u00e9roule le processus des \u00e9lections l\u00e9gislatives du 17 d\u00e9cembre prochain, est que beaucoup de Tunisiens doutent de sa pr\u00e9tendue \u00abind\u00e9pendance\u00bb.<\/em> <em>Et \u00e0 juste titre&#8230; <\/em><\/strong><\/p>\n\n\n\n<p>Par <strong>Imed Bahri <\/strong><\/p>\n\n\n\n<!--more-->\n\n\n\n<p>Le fait que les membres du bureau directeur de l&rsquo;Isie aient tous \u00e9t\u00e9 choisis et nomm\u00e9s par d\u00e9cret par le pr\u00e9sident de la r\u00e9publique Ka\u00efs Sa\u00efed et que leurs d\u00e9cisions soient toutes conformes aux d\u00e9sid\u00e9ratas du chef de l\u2019Etat, sinon totalement sourdes aux griefs exprim\u00e9s par ses opposants, ne plaide pas pour cette <em>\u00abind\u00e9pendance\u00bb<\/em> que l\u2019on est tent\u00e9 de mettre entre guillemets afin d\u2019\u00eatre objectifs et honn\u00eates avec nos lecteurs.<\/p>\n\n\n\n<p>R\u00e9pondant aux accusations port\u00e9es contre la commission \u00e9lectorale concernant son all\u00e9geance au pr\u00e9sident Ka\u00efs Sa\u00efed, le vice-pr\u00e9sident de l\u2019Isie, Maher Jedidi, a cru devoir affirmer, hier, lundi 28 novembre 2022, dans l\u2019\u00e9mission Matinale de <a href=\"https:\/\/www.shemsfm.net\/ar\/%D8%A7%D9%84%D8%A3%D8%AE%D8%A8%D8%A7%D8%B1_%D8%B4%D9%85%D8%B3-%D8%A7%D9%84%D8%A7%D8%AE%D8%A8%D8%A7%D8%B1\/390477\/%D9%85%D8%A7%D9%87%D8%B1-%D8%A7%D9%84%D8%AC%D8%AF%D9%8A%D8%AF%D9%8A-%D9%87%D9%8A%D8%A6%D8%A9-%D8%A7%D9%84%D8%A5%D9%86%D8%AA%D8%AE%D8%A7%D8%A8%D8%A7%D8%AA-%D9%84%D8%A7-%D8%AA%D9%82%D9%88%D9%85-%D8%A8%D8%A7%D9%84%D8%A8%D8%B1%D9%88%D8%A8%D8%A7%D8%BA%D9%86%D8%AF%D8%A7-%D9%84%D8%B1%D8%A6%D9%8A%D8%B3-%D8%A7%D9%84%D8%AC%D9%85%D9%87%D9%88%D8%B1%D9%8A%D8%A9\" target=\"_blank\" rel=\"noreferrer noopener\">Shems FM<\/a>, que lui et ses camarades ne font pas de propagande pour le chef de l\u2019Etat. Il ne resterait plus que cela, serions-nous tent\u00e9s de r\u00e9pliquer \u00e0 cette bien curieuse sortie !<\/p>\n\n\n\n<h2 class=\"wp-block-heading\">Dans les limites fix\u00e9es<\/h2>\n\n\n\n<p>La commission est ind\u00e9pendante, a-t-il soulign\u00e9, ajoutant qu\u2019elle est un organe de l\u2019\u00c9tat, qu\u2019elle op\u00e8re dans le cadre de la loi et n\u2019est affili\u00e9e \u00e0 aucun parti politique. Elle est \u00e0 l\u2019\u00e9coute toutes les opinions et ouverte aux critiques et aux diff\u00e9rents points de vue, a-t-il insist\u00e9, affirmations que, malheureusement, beaucoup de d\u00e9cisions de l\u2019Isie contredisent, car celle-ci refuse de prendre en consid\u00e9ration les griefs souvent exprim\u00e9s par les partis politiques, les organisations de la soci\u00e9t\u00e9 civiles et les analystes politiques, et poursuit son travail dans les limites qui lui ont \u00e9t\u00e9 fix\u00e9es par les d\u00e9crets pr\u00e9sidentiels relatifs au processus \u00e9lectoral, tout en \u00e9tant sourde \u00e0 certaines normes internationales dans ce domaine. <\/p>\n\n\n\n<p>C&rsquo;est ainsi, l&rsquo;Isie n&rsquo;a d&rsquo;opinion sur rien; elle avale tout ce que lui a m\u00e2ch\u00e9 et applique une loi r\u00e9galienne, c&rsquo;est tout, m\u00eame si cette loi est impos\u00e9e en dehors de tout d\u00e9bat politique. Et \u00e7a vous parle, apr\u00e8s cela, d&rsquo;<em>\u00abind\u00e9pendance\u00bb<\/em> ? Les membres de son bureau directeur se consid\u00e8rent comme des agents de l&rsquo;Etat sans conscience ni \u00e9tat d&rsquo;\u00e2me, des techniciens qui ex\u00e9cutent, et s&rsquo;ex\u00e9cutent au quart de tour, des sortes de robots en somme.<\/p>\n\n\n\n<figure class=\"wp-block-embed is-type-wp-embed is-provider-kapitalis wp-block-embed-kapitalis\"><div class=\"wp-block-embed__wrapper\">\n<blockquote class=\"wp-embedded-content\" data-secret=\"axWgWLZ9ja\"><a href=\"https:\/\/kapitalis.com\/tunisie\/2022\/11\/01\/hamma-hammami-farouk-bouasker-nest-pas-independant\/\">Hamma Hammami : \u00abFarouk Bouasker n&rsquo;est pas ind\u00e9pendant\u00bb<\/a><\/blockquote><iframe loading=\"lazy\" class=\"wp-embedded-content\" sandbox=\"allow-scripts\" security=\"restricted\" style=\"position: absolute; clip: rect(1px, 1px, 1px, 1px);\" title=\"\u00ab\u00a0Hamma Hammami : \u00abFarouk Bouasker n&rsquo;est pas ind\u00e9pendant\u00bb\u00a0\u00bb &#8212; Kapitalis\" src=\"https:\/\/kapitalis.com\/tunisie\/2022\/11\/01\/hamma-hammami-farouk-bouasker-nest-pas-independant\/embed\/#?secret=y2iHpFCJnQ#?secret=axWgWLZ9ja\" data-secret=\"axWgWLZ9ja\" width=\"600\" height=\"338\" frameborder=\"0\" marginwidth=\"0\" marginheight=\"0\" scrolling=\"no\"><\/iframe>\n<\/div><\/figure>\n\n\n\n<p>En affirmant que le jeu politique se passe hors des murs de la commission, et que celle-ci ne tombera pas dans le pi\u00e8ge des conflits et des tensions politiciennes, Maher Jedidi ne dit, en r\u00e9alit\u00e9, qu\u2019une partie de la v\u00e9rit\u00e9, car il oublie de pr\u00e9ciser que les r\u00e8gles que suit scrupuleusement l\u2019Isie ont toutes \u00e9t\u00e9 dict\u00e9es par le pr\u00e9sident de la r\u00e9publique dans le cadre de la nouvelle constitution et de la nouvelle loi \u00e9lectorale promulgu\u00e9es par ses soins il y a seulement quelques semaines. Et le pr\u00e9sident, comme on le sait, n&rsquo;est pas aussi <em>\u00abind\u00e9pendant\u00bb<\/em> et <em>\u00abimpartial\u00bb<\/em> qu&rsquo;il est cens\u00e9 l&rsquo;\u00eatre, en tant que chef de l&rsquo;Etat, puisqu&rsquo;il a des partis-pris politiques clairs qu&rsquo;il ne se prive d&rsquo;ailleurs pas d&rsquo;exprimer de mani\u00e8re tranchante, en d\u00e9signant sans cesse ses opposants \u00e0 la vindicte populaire.  <\/p>\n\n\n\n<h2 class=\"wp-block-heading\">Tout se d\u00e9roule comme pr\u00e9vu <\/h2>\n\n\n\n<p>Par ailleurs, dire que le processus \u00e9lectoral se d\u00e9roule dans les meilleures conditions jusqu\u2019\u00e0 pr\u00e9sent, et qu\u2019aucune infraction grave n\u2019a \u00e9t\u00e9 enregistr\u00e9e au cours des quatre premiers jours de la campagne \u00e9lectorale ne trompe \u00e9galement personne, puisque tout se d\u00e9roule comme pr\u00e9vu, r\u00e9gl\u00e9 comme du papier \u00e0 musique, dans un cadre impos\u00e9 par une seule personne, le pr\u00e9sident Sa\u00efed en l&rsquo;occurrence. <\/p>\n\n\n\n<p>Quant \u00e0 ceux qui participent au processus \u00e9lectoral en cours, ils sont uniquement ceux qui ont accept\u00e9 le cadre institutionnel dans lequel les \u00e9lections se d\u00e9roulent, y ont adh\u00e9r\u00e9 activement et tentent de s\u2019y positionner voire d&rsquo;en tirer quelque profit pour eux-m\u00eames. <\/p>\n\n\n\n<p>C\u2019est, justement, cet entre-soi &#8211; exclusif et si peu d\u00e9mocratique &#8211; que les responsables de l\u2019Isie refusent de voir et qui met en doute l\u2019ind\u00e9pendance dont ils se gargarisent sans cesse sans parvenir \u00e0 la faire admettre par ceux et celles qui ont une autre id\u00e9e des \u00e9lections d\u00e9mocratiques selon les normes internationalement reconnues. <\/p>\n\n\n\n<p>Puisqu&rsquo;on est en pleine Coupe du monde de football, cet entre-soi a un nom chez les accros du foot : c&rsquo;est l&rsquo;arbitrage maison. Et c&rsquo;est l&rsquo;impression que renvoient l&rsquo;Isie et ses dirigeants \u00e0 une grande partie de l&rsquo;opinion \u00e0 laquelle elle n&rsquo;a laiss\u00e9 qu&rsquo;une seule alternative : ne pas aller voter pour ne pas participer \u00e0 ce qui ressemble \u00e0 un simulacre d&rsquo;\u00e9lection.   <\/p>\n\n\n\n<figure class=\"wp-block-embed is-type-wp-embed is-provider-kapitalis wp-block-embed-kapitalis\"><div class=\"wp-block-embed__wrapper\">\n<blockquote class=\"wp-embedded-content\" data-secret=\"wyCJm4KNFm\"><a href=\"https:\/\/kapitalis.com\/tunisie\/2022\/09\/23\/tunisie-des-elections-pour-quoi-faire-ou-les-cauchemars-de-farouk-bouasker\/\">Tunisie: des \u00e9lections pour quoi faire ou les cauchemars de Farouk Bouasker\u00a0<\/a><\/blockquote><iframe loading=\"lazy\" class=\"wp-embedded-content\" sandbox=\"allow-scripts\" security=\"restricted\" style=\"position: absolute; clip: rect(1px, 1px, 1px, 1px);\" title=\"\u00ab\u00a0Tunisie: des \u00e9lections pour quoi faire ou les cauchemars de Farouk Bouasker\u00a0\u00a0\u00bb &#8212; Kapitalis\" src=\"https:\/\/kapitalis.com\/tunisie\/2022\/09\/23\/tunisie-des-elections-pour-quoi-faire-ou-les-cauchemars-de-farouk-bouasker\/embed\/#?secret=XxM3eyRrVx#?secret=wyCJm4KNFm\" data-secret=\"wyCJm4KNFm\" width=\"600\" height=\"338\" frameborder=\"0\" marginwidth=\"0\" marginheight=\"0\" scrolling=\"no\"><\/iframe>\n<\/div><\/figure>\n\n\n\n<figure class=\"wp-block-embed is-type-wp-embed is-provider-kapitalis wp-block-embed-kapitalis\"><div class=\"wp-block-embed__wrapper\">\n<blockquote class=\"wp-embedded-content\" data-secret=\"lcRSPJkGEy\"><a href=\"https:\/\/kapitalis.com\/tunisie\/2022\/11\/28\/tunisie-selon-kamel-jendoubi-lisie-est-au-service-de-saied\/\">Tunisie : Selon Kamel Jendoubi, l&rsquo;Isie est au service de Sa\u00efed<\/a><\/blockquote><iframe loading=\"lazy\" class=\"wp-embedded-content\" sandbox=\"allow-scripts\" security=\"restricted\" style=\"position: absolute; clip: rect(1px, 1px, 1px, 1px);\" title=\"\u00ab\u00a0Tunisie : Selon Kamel Jendoubi, l&rsquo;Isie est au service de Sa\u00efed\u00a0\u00bb &#8212; Kapitalis\" src=\"https:\/\/kapitalis.com\/tunisie\/2022\/11\/28\/tunisie-selon-kamel-jendoubi-lisie-est-au-service-de-saied\/embed\/#?secret=7Eo2tgeowf#?secret=lcRSPJkGEy\" data-secret=\"lcRSPJkGEy\" width=\"600\" height=\"338\" frameborder=\"0\" marginwidth=\"0\" marginheight=\"0\" scrolling=\"no\"><\/iframe>\n<\/div><\/figure>\n","protected":false},"excerpt":{"rendered":"<p>Beaucoup de Tunisiens doutent de l&rsquo;ind\u00e9pendance de la commission Farouk Bouasker. <\/p>\n","protected":false},"author":8,"featured_media":1026789,"comment_status":"open","ping_status":"open","sticky":false,"template":"","format":"standard","meta":{"footnotes":""},"categories":[992,997,2433],"tags":[99253,499,76012,9031,43626,99923,62643],"class_list":["post-5341401","post","type-post","status-publish","format-standard","has-post-thumbnail","hentry","category-a-la-une","category-politique","category-tunisie","tag-commission-electorale","tag-isie","tag-kais-saied-2","tag-legislatives","tag-loi-electorale","tag-maher-jedidi","tag-tunisie"],"yoast_head":"<!-- This site is optimized with the Yoast SEO plugin v26.6 - https:\/\/yoast.com\/wordpress\/plugins\/seo\/ -->\n<title>Tunisie : L\u2019Isie est-elle vraiment \u00abind\u00e9pendante\u00bb du pr\u00e9sident Sa\u00efed ? - Kapitalis<\/title>\n<meta name=\"robots\" content=\"index, follow, max-snippet:-1, max-image-preview:large, max-video-preview:-1\" \/>\n<link rel=\"canonical\" href=\"https:\/\/kapitalis.com\/tunisie\/2022\/11\/29\/tunisie-lisie-est-elle-vraiment-independante-du-president-saied\/\" \/>\n<meta property=\"og:locale\" content=\"fr_FR\" \/>\n<meta property=\"og:type\" content=\"article\" \/>\n<meta property=\"og:title\" content=\"Tunisie : L\u2019Isie est-elle vraiment \u00abind\u00e9pendante\u00bb du pr\u00e9sident Sa\u00efed ? - Kapitalis\" \/>\n<meta property=\"og:description\" content=\"Beaucoup de Tunisiens doutent de l&#039;ind\u00e9pendance de la commission Farouk Bouasker.\" \/>\n<meta property=\"og:url\" content=\"https:\/\/kapitalis.com\/tunisie\/2022\/11\/29\/tunisie-lisie-est-elle-vraiment-independante-du-president-saied\/\" \/>\n<meta property=\"og:site_name\" content=\"Kapitalis\" \/>\n<meta property=\"article:publisher\" content=\"https:\/\/www.facebook.com\/KapitalisInfo\/\" \/>\n<meta property=\"article:published_time\" content=\"2022-11-29T06:44:00+00:00\" \/>\n<meta property=\"article:modified_time\" content=\"2022-11-29T06:52:02+00:00\" \/>\n<meta property=\"og:image\" content=\"https:\/\/kapitalis.com\/tunisie\/wp-content\/uploads\/2022\/05\/Farouk-Bouasker-Kais-Saied.jpg\" \/>\n\t<meta property=\"og:image:width\" content=\"1200\" \/>\n\t<meta property=\"og:image:height\" content=\"630\" \/>\n\t<meta property=\"og:image:type\" content=\"image\/jpeg\" \/>\n<meta name=\"author\" content=\"webmaster kapitalis\" \/>\n<meta name=\"twitter:card\" content=\"summary_large_image\" \/>\n<meta name=\"twitter:creator\" content=\"@KapitalisInfo\" \/>\n<meta name=\"twitter:site\" content=\"@KapitalisInfo\" \/>\n<meta name=\"twitter:label1\" content=\"\u00c9crit par\" \/>\n\t<meta name=\"twitter:data1\" content=\"webmaster kapitalis\" \/>\n\t<meta name=\"twitter:label2\" content=\"Dur\u00e9e de lecture estim\u00e9e\" \/>\n\t<meta name=\"twitter:data2\" content=\"4 minutes\" \/>\n<script type=\"application\/ld+json\" class=\"yoast-schema-graph\">{\"@context\":\"https:\/\/schema.org\",\"@graph\":[{\"@type\":\"Article\",\"@id\":\"https:\/\/kapitalis.com\/tunisie\/2022\/11\/29\/tunisie-lisie-est-elle-vraiment-independante-du-president-saied\/#article\",\"isPartOf\":{\"@id\":\"https:\/\/kapitalis.com\/tunisie\/2022\/11\/29\/tunisie-lisie-est-elle-vraiment-independante-du-president-saied\/\"},\"author\":{\"name\":\"webmaster kapitalis\",\"@id\":\"https:\/\/kapitalis.com\/tunisie\/#\/schema\/person\/d71f33a9ca44f7bad4698210b480c8e9\"},\"headline\":\"Tunisie : L\u2019Isie est-elle vraiment \u00abind\u00e9pendante\u00bb du pr\u00e9sident Sa\u00efed ?\",\"datePublished\":\"2022-11-29T06:44:00+00:00\",\"dateModified\":\"2022-11-29T06:52:02+00:00\",\"mainEntityOfPage\":{\"@id\":\"https:\/\/kapitalis.com\/tunisie\/2022\/11\/29\/tunisie-lisie-est-elle-vraiment-independante-du-president-saied\/\"},\"wordCount\":852,\"commentCount\":0,\"publisher\":{\"@id\":\"https:\/\/kapitalis.com\/tunisie\/#organization\"},\"image\":{\"@id\":\"https:\/\/kapitalis.com\/tunisie\/2022\/11\/29\/tunisie-lisie-est-elle-vraiment-independante-du-president-saied\/#primaryimage\"},\"thumbnailUrl\":\"https:\/\/kapitalis.com\/tunisie\/wp-content\/uploads\/2022\/05\/Farouk-Bouasker-Kais-Saied.jpg\",\"keywords\":[\"commission \u00e9lectorale\",\"Isie\",\"Ka\u00efs Sa\u00efed\",\"l\u00e9gislatives\",\"loi \u00e9lectorale\",\"Maher Jedidi\",\"Tunisie\"],\"articleSection\":[\"A LA UNE\",\"POLITIQUE\",\"Tunisie\"],\"inLanguage\":\"fr-FR\",\"potentialAction\":[{\"@type\":\"CommentAction\",\"name\":\"Comment\",\"target\":[\"https:\/\/kapitalis.com\/tunisie\/2022\/11\/29\/tunisie-lisie-est-elle-vraiment-independante-du-president-saied\/#respond\"]}]},{\"@type\":\"WebPage\",\"@id\":\"https:\/\/kapitalis.com\/tunisie\/2022\/11\/29\/tunisie-lisie-est-elle-vraiment-independante-du-president-saied\/\",\"url\":\"https:\/\/kapitalis.com\/tunisie\/2022\/11\/29\/tunisie-lisie-est-elle-vraiment-independante-du-president-saied\/\",\"name\":\"Tunisie : L\u2019Isie est-elle vraiment \u00abind\u00e9pendante\u00bb du pr\u00e9sident Sa\u00efed ? - Kapitalis\",\"isPartOf\":{\"@id\":\"https:\/\/kapitalis.com\/tunisie\/#website\"},\"primaryImageOfPage\":{\"@id\":\"https:\/\/kapitalis.com\/tunisie\/2022\/11\/29\/tunisie-lisie-est-elle-vraiment-independante-du-president-saied\/#primaryimage\"},\"image\":{\"@id\":\"https:\/\/kapitalis.com\/tunisie\/2022\/11\/29\/tunisie-lisie-est-elle-vraiment-independante-du-president-saied\/#primaryimage\"},\"thumbnailUrl\":\"https:\/\/kapitalis.com\/tunisie\/wp-content\/uploads\/2022\/05\/Farouk-Bouasker-Kais-Saied.jpg\",\"datePublished\":\"2022-11-29T06:44:00+00:00\",\"dateModified\":\"2022-11-29T06:52:02+00:00\",\"breadcrumb\":{\"@id\":\"https:\/\/kapitalis.com\/tunisie\/2022\/11\/29\/tunisie-lisie-est-elle-vraiment-independante-du-president-saied\/#breadcrumb\"},\"inLanguage\":\"fr-FR\",\"potentialAction\":[{\"@type\":\"ReadAction\",\"target\":[\"https:\/\/kapitalis.com\/tunisie\/2022\/11\/29\/tunisie-lisie-est-elle-vraiment-independante-du-president-saied\/\"]}]},{\"@type\":\"ImageObject\",\"inLanguage\":\"fr-FR\",\"@id\":\"https:\/\/kapitalis.com\/tunisie\/2022\/11\/29\/tunisie-lisie-est-elle-vraiment-independante-du-president-saied\/#primaryimage\",\"url\":\"https:\/\/kapitalis.com\/tunisie\/wp-content\/uploads\/2022\/05\/Farouk-Bouasker-Kais-Saied.jpg\",\"contentUrl\":\"https:\/\/kapitalis.com\/tunisie\/wp-content\/uploads\/2022\/05\/Farouk-Bouasker-Kais-Saied.jpg\",\"width\":1200,\"height\":630},{\"@type\":\"BreadcrumbList\",\"@id\":\"https:\/\/kapitalis.com\/tunisie\/2022\/11\/29\/tunisie-lisie-est-elle-vraiment-independante-du-president-saied\/#breadcrumb\",\"itemListElement\":[{\"@type\":\"ListItem\",\"position\":1,\"name\":\"Accueil\",\"item\":\"https:\/\/kapitalis.com\/tunisie\/\"},{\"@type\":\"ListItem\",\"position\":2,\"name\":\"Tunisie : L\u2019Isie est-elle vraiment \u00abind\u00e9pendante\u00bb du pr\u00e9sident Sa\u00efed ?\"}]},{\"@type\":\"WebSite\",\"@id\":\"https:\/\/kapitalis.com\/tunisie\/#website\",\"url\":\"https:\/\/kapitalis.com\/tunisie\/\",\"name\":\"Kapitalis\",\"description\":\"L&#039;actualit\u00e9 en Tunisie et dans le monde\",\"publisher\":{\"@id\":\"https:\/\/kapitalis.com\/tunisie\/#organization\"},\"potentialAction\":[{\"@type\":\"SearchAction\",\"target\":{\"@type\":\"EntryPoint\",\"urlTemplate\":\"https:\/\/kapitalis.com\/tunisie\/?s={search_term_string}\"},\"query-input\":{\"@type\":\"PropertyValueSpecification\",\"valueRequired\":true,\"valueName\":\"search_term_string\"}}],\"inLanguage\":\"fr-FR\"},{\"@type\":\"Organization\",\"@id\":\"https:\/\/kapitalis.com\/tunisie\/#organization\",\"name\":\"Kapitalis\",\"url\":\"https:\/\/kapitalis.com\/tunisie\/\",\"logo\":{\"@type\":\"ImageObject\",\"inLanguage\":\"fr-FR\",\"@id\":\"https:\/\/kapitalis.com\/tunisie\/#\/schema\/logo\/image\/\",\"url\":\"https:\/\/kapitalis.com\/tunisie\/wp-content\/uploads\/2022\/05\/Kapitalis-big-size.png\",\"contentUrl\":\"https:\/\/kapitalis.com\/tunisie\/wp-content\/uploads\/2022\/05\/Kapitalis-big-size.png\",\"width\":5000,\"height\":1500,\"caption\":\"Kapitalis\"},\"image\":{\"@id\":\"https:\/\/kapitalis.com\/tunisie\/#\/schema\/logo\/image\/\"},\"sameAs\":[\"https:\/\/www.facebook.com\/KapitalisInfo\/\",\"https:\/\/x.com\/KapitalisInfo\",\"https:\/\/www.youtube.com\/channel\/UC-yDYrHyfFBWWZaOw3FPg9Q\"]},{\"@type\":\"Person\",\"@id\":\"https:\/\/kapitalis.com\/tunisie\/#\/schema\/person\/d71f33a9ca44f7bad4698210b480c8e9\",\"name\":\"webmaster kapitalis\",\"url\":\"https:\/\/kapitalis.com\/tunisie\/author\/webmaster-kapitalis\/\"}]}<\/script>\n<!-- \/ Yoast SEO plugin. -->","yoast_head_json":{"title":"Tunisie : L\u2019Isie est-elle vraiment \u00abind\u00e9pendante\u00bb du pr\u00e9sident Sa\u00efed ? - Kapitalis","robots":{"index":"index","follow":"follow","max-snippet":"max-snippet:-1","max-image-preview":"max-image-preview:large","max-video-preview":"max-video-preview:-1"},"canonical":"https:\/\/kapitalis.com\/tunisie\/2022\/11\/29\/tunisie-lisie-est-elle-vraiment-independante-du-president-saied\/","og_locale":"fr_FR","og_type":"article","og_title":"Tunisie : L\u2019Isie est-elle vraiment \u00abind\u00e9pendante\u00bb du pr\u00e9sident Sa\u00efed ? - Kapitalis","og_description":"Beaucoup de Tunisiens doutent de l'ind\u00e9pendance de la commission Farouk Bouasker.","og_url":"https:\/\/kapitalis.com\/tunisie\/2022\/11\/29\/tunisie-lisie-est-elle-vraiment-independante-du-president-saied\/","og_site_name":"Kapitalis","article_publisher":"https:\/\/www.facebook.com\/KapitalisInfo\/","article_published_time":"2022-11-29T06:44:00+00:00","article_modified_time":"2022-11-29T06:52:02+00:00","og_image":[{"width":1200,"height":630,"url":"https:\/\/kapitalis.com\/tunisie\/wp-content\/uploads\/2022\/05\/Farouk-Bouasker-Kais-Saied.jpg","type":"image\/jpeg"}],"author":"webmaster kapitalis","twitter_card":"summary_large_image","twitter_creator":"@KapitalisInfo","twitter_site":"@KapitalisInfo","twitter_misc":{"\u00c9crit par":"webmaster kapitalis","Dur\u00e9e de lecture estim\u00e9e":"4 minutes"},"schema":{"@context":"https:\/\/schema.org","@graph":[{"@type":"Article","@id":"https:\/\/kapitalis.com\/tunisie\/2022\/11\/29\/tunisie-lisie-est-elle-vraiment-independante-du-president-saied\/#article","isPartOf":{"@id":"https:\/\/kapitalis.com\/tunisie\/2022\/11\/29\/tunisie-lisie-est-elle-vraiment-independante-du-president-saied\/"},"author":{"name":"webmaster kapitalis","@id":"https:\/\/kapitalis.com\/tunisie\/#\/schema\/person\/d71f33a9ca44f7bad4698210b480c8e9"},"headline":"Tunisie : L\u2019Isie est-elle vraiment \u00abind\u00e9pendante\u00bb du pr\u00e9sident Sa\u00efed ?","datePublished":"2022-11-29T06:44:00+00:00","dateModified":"2022-11-29T06:52:02+00:00","mainEntityOfPage":{"@id":"https:\/\/kapitalis.com\/tunisie\/2022\/11\/29\/tunisie-lisie-est-elle-vraiment-independante-du-president-saied\/"},"wordCount":852,"commentCount":0,"publisher":{"@id":"https:\/\/kapitalis.com\/tunisie\/#organization"},"image":{"@id":"https:\/\/kapitalis.com\/tunisie\/2022\/11\/29\/tunisie-lisie-est-elle-vraiment-independante-du-president-saied\/#primaryimage"},"thumbnailUrl":"https:\/\/kapitalis.com\/tunisie\/wp-content\/uploads\/2022\/05\/Farouk-Bouasker-Kais-Saied.jpg","keywords":["commission \u00e9lectorale","Isie","Ka\u00efs Sa\u00efed","l\u00e9gislatives","loi \u00e9lectorale","Maher Jedidi","Tunisie"],"articleSection":["A LA UNE","POLITIQUE","Tunisie"],"inLanguage":"fr-FR","potentialAction":[{"@type":"CommentAction","name":"Comment","target":["https:\/\/kapitalis.com\/tunisie\/2022\/11\/29\/tunisie-lisie-est-elle-vraiment-independante-du-president-saied\/#respond"]}]},{"@type":"WebPage","@id":"https:\/\/kapitalis.com\/tunisie\/2022\/11\/29\/tunisie-lisie-est-elle-vraiment-independante-du-president-saied\/","url":"https:\/\/kapitalis.com\/tunisie\/2022\/11\/29\/tunisie-lisie-est-elle-vraiment-independante-du-president-saied\/","name":"Tunisie : L\u2019Isie est-elle vraiment \u00abind\u00e9pendante\u00bb du pr\u00e9sident Sa\u00efed ? - Kapitalis","isPartOf":{"@id":"https:\/\/kapitalis.com\/tunisie\/#website"},"primaryImageOfPage":{"@id":"https:\/\/kapitalis.com\/tunisie\/2022\/11\/29\/tunisie-lisie-est-elle-vraiment-independante-du-president-saied\/#primaryimage"},"image":{"@id":"https:\/\/kapitalis.com\/tunisie\/2022\/11\/29\/tunisie-lisie-est-elle-vraiment-independante-du-president-saied\/#primaryimage"},"thumbnailUrl":"https:\/\/kapitalis.com\/tunisie\/wp-content\/uploads\/2022\/05\/Farouk-Bouasker-Kais-Saied.jpg","datePublished":"2022-11-29T06:44:00+00:00","dateModified":"2022-11-29T06:52:02+00:00","breadcrumb":{"@id":"https:\/\/kapitalis.com\/tunisie\/2022\/11\/29\/tunisie-lisie-est-elle-vraiment-independante-du-president-saied\/#breadcrumb"},"inLanguage":"fr-FR","potentialAction":[{"@type":"ReadAction","target":["https:\/\/kapitalis.com\/tunisie\/2022\/11\/29\/tunisie-lisie-est-elle-vraiment-independante-du-president-saied\/"]}]},{"@type":"ImageObject","inLanguage":"fr-FR","@id":"https:\/\/kapitalis.com\/tunisie\/2022\/11\/29\/tunisie-lisie-est-elle-vraiment-independante-du-president-saied\/#primaryimage","url":"https:\/\/kapitalis.com\/tunisie\/wp-content\/uploads\/2022\/05\/Farouk-Bouasker-Kais-Saied.jpg","contentUrl":"https:\/\/kapitalis.com\/tunisie\/wp-content\/uploads\/2022\/05\/Farouk-Bouasker-Kais-Saied.jpg","width":1200,"height":630},{"@type":"BreadcrumbList","@id":"https:\/\/kapitalis.com\/tunisie\/2022\/11\/29\/tunisie-lisie-est-elle-vraiment-independante-du-president-saied\/#breadcrumb","itemListElement":[{"@type":"ListItem","position":1,"name":"Accueil","item":"https:\/\/kapitalis.com\/tunisie\/"},{"@type":"ListItem","position":2,"name":"Tunisie : L\u2019Isie est-elle vraiment \u00abind\u00e9pendante\u00bb du pr\u00e9sident Sa\u00efed ?"}]},{"@type":"WebSite","@id":"https:\/\/kapitalis.com\/tunisie\/#website","url":"https:\/\/kapitalis.com\/tunisie\/","name":"Kapitalis","description":"L&#039;actualit\u00e9 en Tunisie et dans le monde","publisher":{"@id":"https:\/\/kapitalis.com\/tunisie\/#organization"},"potentialAction":[{"@type":"SearchAction","target":{"@type":"EntryPoint","urlTemplate":"https:\/\/kapitalis.com\/tunisie\/?s={search_term_string}"},"query-input":{"@type":"PropertyValueSpecification","valueRequired":true,"valueName":"search_term_string"}}],"inLanguage":"fr-FR"},{"@type":"Organization","@id":"https:\/\/kapitalis.com\/tunisie\/#organization","name":"Kapitalis","url":"https:\/\/kapitalis.com\/tunisie\/","logo":{"@type":"ImageObject","inLanguage":"fr-FR","@id":"https:\/\/kapitalis.com\/tunisie\/#\/schema\/logo\/image\/","url":"https:\/\/kapitalis.com\/tunisie\/wp-content\/uploads\/2022\/05\/Kapitalis-big-size.png","contentUrl":"https:\/\/kapitalis.com\/tunisie\/wp-content\/uploads\/2022\/05\/Kapitalis-big-size.png","width":5000,"height":1500,"caption":"Kapitalis"},"image":{"@id":"https:\/\/kapitalis.com\/tunisie\/#\/schema\/logo\/image\/"},"sameAs":["https:\/\/www.facebook.com\/KapitalisInfo\/","https:\/\/x.com\/KapitalisInfo","https:\/\/www.youtube.com\/channel\/UC-yDYrHyfFBWWZaOw3FPg9Q"]},{"@type":"Person","@id":"https:\/\/kapitalis.com\/tunisie\/#\/schema\/person\/d71f33a9ca44f7bad4698210b480c8e9","name":"webmaster kapitalis","url":"https:\/\/kapitalis.com\/tunisie\/author\/webmaster-kapitalis\/"}]}},"_links":{"self":[{"href":"https:\/\/kapitalis.com\/tunisie\/wp-json\/wp\/v2\/posts\/5341401","targetHints":{"allow":["GET"]}}],"collection":[{"href":"https:\/\/kapitalis.com\/tunisie\/wp-json\/wp\/v2\/posts"}],"about":[{"href":"https:\/\/kapitalis.com\/tunisie\/wp-json\/wp\/v2\/types\/post"}],"author":[{"embeddable":true,"href":"https:\/\/kapitalis.com\/tunisie\/wp-json\/wp\/v2\/users\/8"}],"replies":[{"embeddable":true,"href":"https:\/\/kapitalis.com\/tunisie\/wp-json\/wp\/v2\/comments?post=5341401"}],"version-history":[{"count":4,"href":"https:\/\/kapitalis.com\/tunisie\/wp-json\/wp\/v2\/posts\/5341401\/revisions"}],"predecessor-version":[{"id":5362755,"href":"https:\/\/kapitalis.com\/tunisie\/wp-json\/wp\/v2\/posts\/5341401\/revisions\/5362755"}],"wp:featuredmedia":[{"embeddable":true,"href":"https:\/\/kapitalis.com\/tunisie\/wp-json\/wp\/v2\/media\/1026789"}],"wp:attachment":[{"href":"https:\/\/kapitalis.com\/tunisie\/wp-json\/wp\/v2\/media?parent=5341401"}],"wp:term":[{"taxonomy":"category","embeddable":true,"href":"https:\/\/kapitalis.com\/tunisie\/wp-json\/wp\/v2\/categories?post=5341401"},{"taxonomy":"post_tag","embeddable":true,"href":"https:\/\/kapitalis.com\/tunisie\/wp-json\/wp\/v2\/tags?post=5341401"}],"curies":[{"name":"wp","href":"https:\/\/api.w.org\/{rel}","templated":true}]}}