{"id":53593,"date":"2016-06-12T09:14:03","date_gmt":"2016-06-12T08:14:03","guid":{"rendered":"http:\/\/kapitalis.com\/tunisie\/?p=53593"},"modified":"2016-06-12T09:14:03","modified_gmt":"2016-06-12T08:14:03","slug":"la-fondation-hedi-bouchamaoui-va-renover-12-ecoles-a-gabes","status":"publish","type":"post","link":"https:\/\/kapitalis.com\/tunisie\/2016\/06\/12\/la-fondation-hedi-bouchamaoui-va-renover-12-ecoles-a-gabes\/","title":{"rendered":"La Fondation Hedi Bouchamaoui va r\u00e9nover 12 \u00e9coles \u00e0 Gab\u00e8s"},"content":{"rendered":"<p><img loading=\"lazy\" decoding=\"async\" class=\"alignnone size-full wp-image-53594 aligncenter\" src=\"http:\/\/kapitalis.com\/tunisie\/wp-content\/uploads\/2016\/06\/Khaled-Bouchamaoui-et-N\u00e9ji-Jalloul.jpg\" alt=\"Khaled-Bouchamaoui-et-N\u00e9ji Jalloul\" width=\"626\" height=\"380\" \/><\/p>\n<p><em><strong>La Fondation Hedi Bouchamaoui vient de signer une convention-cadre avec le minist\u00e8re de l\u2019Education et ce pour la r\u00e9alisation de projets \u00e9ducatifs et culturels.<\/strong><\/em><\/p>\n<p><!--more--><\/p>\n<p>La signature de la convention a eu lieu, lors d\u2019une c\u00e9r\u00e9monie officielle tenue au si\u00e8ge du minist\u00e8re, en pr\u00e9sence de N\u00e9ji Jalloul, ministre de l&rsquo;\u00c9ducation, et Khaled Bouchamaoui, pr\u00e9sident de la Fondation.<\/p>\n<p>Cette convention instaure un partenariat entre le minist\u00e8re de l\u2019Education et la Fondation pour mettre en place un projet int\u00e9gr\u00e9 (\u00e9ducatif et culturel) dont l\u2019objectif est la mise \u00e0 niveau de la qualit\u00e9 de l\u2019\u00e9ducation. Le projet vise \u00e0 r\u00e9duire le taux d\u2019abandon scolaire \u00e0 travers l\u2019entretien et la prise en charge d\u2019un certain nombre d\u2019\u00e9tablissements scolaires ainsi que la mise \u00e0 disposition d\u2019\u00e9quipements et de mat\u00e9riels scolaires divers et le soutien des activit\u00e9s des clubs et des services fournis par les \u00e9tablissements scolaires.<\/p>\n<p><em>\u00abLa convention consolide ainsi les efforts d\u00e9velopp\u00e9s par la Fondation Hedi Bouchamaoui et le minist\u00e8re de l\u2019Education dont nous saluons l\u2019implication. Dans le cadre du programme initi\u00e9 par feu Hedi Bouchamaoui, la Fondation continuera son approche en planifiant un programme pour les ann\u00e9es \u00e0 venir et ce pour contribuer au d\u00e9veloppement local et r\u00e9gional dans tous ses aspects\u00bb<\/em>, a d\u00e9clar\u00e9 Khaled Bouchamaoui, Pr\u00e9sident de la Fondation.<br \/>\nUne collaboration sur la cha\u00eene de valeur.<\/p>\n<p>Le choix de la Fondation Hedi Bouchamaoui s\u2019est port\u00e9 en premier lieu sur la r\u00e9novation d\u2019\u00e9coles primaires dans le gouvernorat de Gab\u00e8s. La signature de la convention a \u00e9t\u00e9 pr\u00e9c\u00e9d\u00e9e par la s\u00e9lection des 12 \u00e9coles prioritaires et ce en collaboration \u00e9troite avec la d\u00e9l\u00e9gation r\u00e9gionale de l\u2019\u00e9ducation \u00e0 Gab\u00e8s. Les interventions ont \u00e9t\u00e9 orient\u00e9es en priorit\u00e9 sur les salles de classe, l\u2019infrastructure sanitaire et l\u2019environnement g\u00e9n\u00e9ral dans lequel \u00e9voluent les \u00e9l\u00e8ves.<br \/>\nPar le biais d\u2019un contrat tripartite entre l\u2019entrepreneur, la Fondation et la d\u00e9l\u00e9gation r\u00e9gionale, la premi\u00e8re tranche de travaux a d\u00e9j\u00e0 d\u00e9marr\u00e9 sur 6 \u00e9coles prioritaires s\u00e9lectionn\u00e9es selon les crit\u00e8res suivants : nombre d\u2019\u00e9l\u00e8ves, capacit\u00e9 d\u2019\u00e9volution locale de l\u2019\u00e9tablissement, besoins en infrastructures de base et \u00e9tat des lieux.<\/p>\n<p style=\"text-align: center;\"><img loading=\"lazy\" decoding=\"async\" class=\"alignnone size-full wp-image-53595\" src=\"http:\/\/kapitalis.com\/tunisie\/wp-content\/uploads\/2016\/06\/Khaled-Bouchamaoui-et-Jalloul-Jalloul-2.jpg\" alt=\"Khaled-Bouchamaoui-et-Jalloul-Jalloul-2\" width=\"500\" height=\"300\" \/><\/p>\n<p>La Fondation Hedi Bouchamaoui et la d\u00e9l\u00e9gation r\u00e9gionale ont constitu\u00e9 un groupe de travail pour suivre r\u00e9guli\u00e8rement le degr\u00e9 d\u2019avancement des travaux et les r\u00e9sultats commencent \u00e0 se mat\u00e9rialiser puisque l\u2019intervention est quasiment achev\u00e9e sur 3 \u00e9coles avec un objectif de finaliser l\u2019ensemble des travaux sur les 6 \u00e9coles prioritaires d\u2019ici la fin du mois en cours.<\/p>\n<p>La Fondation Hedi Bouchamaoui compte entamer les travaux des 6 autres \u00e9coles inscrits dans le programme actuel et ce dans les plus brefs d\u00e9lais pour un objectif de finalisation avant la rentr\u00e9e scolaire 2016\/2017.<\/p>\n<p>La Fondation Hedi Bouchamaoui est une association caritative de droit tunisien g\u00e9r\u00e9e par les h\u00e9ritiers de feu Hedi Bouchamaoui. Elle a pour objectif de poursuivre le programme initi\u00e9 par le fondateur du groupe en faveur de sa r\u00e9gion natale en premier temps pour \u00e9largir son champ d\u2019intervention, par la suite, \u00e0 d\u2019autres r\u00e9gions de la Tunisie.<\/p>\n<p style=\"text-align: right;\"><strong>I. B.<\/strong> (avec communiqu\u00e9).<\/p>\n","protected":false},"excerpt":{"rendered":"<p>La Fondation Hedi Bouchamaoui vient de signer une convention-cadre avec le minist\u00e8re de l\u2019Education et ce pour la r\u00e9alisation de projets \u00e9ducatifs et culturels.<\/p>\n","protected":false},"author":8,"featured_media":53594,"comment_status":"open","ping_status":"open","sticky":false,"template":"","format":"standard","meta":{"footnotes":""},"categories":[998,2433],"tags":[4070,306,406,612,3159],"class_list":["post-53593","post","type-post","status-publish","format-standard","has-post-thumbnail","hentry","category-societe","category-tunisie","tag-ecoles-primaires","tag-education","tag-gabes","tag-ministere","tag-neji-jalloul"],"yoast_head":"<!-- This site is optimized with the Yoast SEO plugin v26.6 - https:\/\/yoast.com\/wordpress\/plugins\/seo\/ -->\n<title>La Fondation Hedi Bouchamaoui va r\u00e9nover 12 \u00e9coles \u00e0 Gab\u00e8s - Kapitalis<\/title>\n<meta name=\"robots\" content=\"index, follow, max-snippet:-1, max-image-preview:large, max-video-preview:-1\" \/>\n<link rel=\"canonical\" href=\"https:\/\/kapitalis.com\/tunisie\/2016\/06\/12\/la-fondation-hedi-bouchamaoui-va-renover-12-ecoles-a-gabes\/\" \/>\n<meta property=\"og:locale\" content=\"fr_FR\" \/>\n<meta property=\"og:type\" content=\"article\" \/>\n<meta property=\"og:title\" content=\"La Fondation Hedi Bouchamaoui va r\u00e9nover 12 \u00e9coles \u00e0 Gab\u00e8s - Kapitalis\" \/>\n<meta property=\"og:description\" content=\"La Fondation Hedi Bouchamaoui vient de signer une convention-cadre avec le minist\u00e8re de l\u2019Education et ce pour la r\u00e9alisation de projets \u00e9ducatifs et culturels.\" \/>\n<meta property=\"og:url\" content=\"https:\/\/kapitalis.com\/tunisie\/2016\/06\/12\/la-fondation-hedi-bouchamaoui-va-renover-12-ecoles-a-gabes\/\" \/>\n<meta property=\"og:site_name\" content=\"Kapitalis\" \/>\n<meta property=\"article:publisher\" content=\"https:\/\/www.facebook.com\/KapitalisInfo\/\" \/>\n<meta property=\"article:published_time\" content=\"2016-06-12T08:14:03+00:00\" \/>\n<meta property=\"og:image\" content=\"https:\/\/kapitalis.com\/tunisie\/wp-content\/uploads\/2022\/05\/kapitalis-logo-fb.png\" \/>\n\t<meta property=\"og:image:width\" content=\"1200\" \/>\n\t<meta property=\"og:image:height\" content=\"630\" \/>\n\t<meta property=\"og:image:type\" content=\"image\/png\" \/>\n<meta name=\"author\" content=\"webmaster kapitalis\" \/>\n<meta name=\"twitter:card\" content=\"summary_large_image\" \/>\n<meta name=\"twitter:creator\" content=\"@KapitalisInfo\" \/>\n<meta name=\"twitter:site\" content=\"@KapitalisInfo\" \/>\n<meta name=\"twitter:label1\" content=\"\u00c9crit par\" \/>\n\t<meta name=\"twitter:data1\" content=\"webmaster kapitalis\" \/>\n\t<meta name=\"twitter:label2\" content=\"Dur\u00e9e de lecture estim\u00e9e\" \/>\n\t<meta name=\"twitter:data2\" content=\"3 minutes\" \/>\n<script type=\"application\/ld+json\" class=\"yoast-schema-graph\">{\"@context\":\"https:\/\/schema.org\",\"@graph\":[{\"@type\":\"Article\",\"@id\":\"https:\/\/kapitalis.com\/tunisie\/2016\/06\/12\/la-fondation-hedi-bouchamaoui-va-renover-12-ecoles-a-gabes\/#article\",\"isPartOf\":{\"@id\":\"https:\/\/kapitalis.com\/tunisie\/2016\/06\/12\/la-fondation-hedi-bouchamaoui-va-renover-12-ecoles-a-gabes\/\"},\"author\":{\"name\":\"webmaster kapitalis\",\"@id\":\"https:\/\/kapitalis.com\/tunisie\/#\/schema\/person\/d71f33a9ca44f7bad4698210b480c8e9\"},\"headline\":\"La Fondation Hedi Bouchamaoui va r\u00e9nover 12 \u00e9coles \u00e0 Gab\u00e8s\",\"datePublished\":\"2016-06-12T08:14:03+00:00\",\"mainEntityOfPage\":{\"@id\":\"https:\/\/kapitalis.com\/tunisie\/2016\/06\/12\/la-fondation-hedi-bouchamaoui-va-renover-12-ecoles-a-gabes\/\"},\"wordCount\":570,\"commentCount\":0,\"publisher\":{\"@id\":\"https:\/\/kapitalis.com\/tunisie\/#organization\"},\"image\":{\"@id\":\"https:\/\/kapitalis.com\/tunisie\/2016\/06\/12\/la-fondation-hedi-bouchamaoui-va-renover-12-ecoles-a-gabes\/#primaryimage\"},\"thumbnailUrl\":\"\",\"keywords\":[\"\u00e9coles primaires\",\"\u00e9ducation\",\"Gab\u00e8s\",\"minist\u00e8re\",\"Neji Jalloul\"],\"articleSection\":[\"SOCIETE\",\"Tunisie\"],\"inLanguage\":\"fr-FR\",\"potentialAction\":[{\"@type\":\"CommentAction\",\"name\":\"Comment\",\"target\":[\"https:\/\/kapitalis.com\/tunisie\/2016\/06\/12\/la-fondation-hedi-bouchamaoui-va-renover-12-ecoles-a-gabes\/#respond\"]}]},{\"@type\":\"WebPage\",\"@id\":\"https:\/\/kapitalis.com\/tunisie\/2016\/06\/12\/la-fondation-hedi-bouchamaoui-va-renover-12-ecoles-a-gabes\/\",\"url\":\"https:\/\/kapitalis.com\/tunisie\/2016\/06\/12\/la-fondation-hedi-bouchamaoui-va-renover-12-ecoles-a-gabes\/\",\"name\":\"La Fondation Hedi Bouchamaoui va r\u00e9nover 12 \u00e9coles \u00e0 Gab\u00e8s - Kapitalis\",\"isPartOf\":{\"@id\":\"https:\/\/kapitalis.com\/tunisie\/#website\"},\"primaryImageOfPage\":{\"@id\":\"https:\/\/kapitalis.com\/tunisie\/2016\/06\/12\/la-fondation-hedi-bouchamaoui-va-renover-12-ecoles-a-gabes\/#primaryimage\"},\"image\":{\"@id\":\"https:\/\/kapitalis.com\/tunisie\/2016\/06\/12\/la-fondation-hedi-bouchamaoui-va-renover-12-ecoles-a-gabes\/#primaryimage\"},\"thumbnailUrl\":\"\",\"datePublished\":\"2016-06-12T08:14:03+00:00\",\"breadcrumb\":{\"@id\":\"https:\/\/kapitalis.com\/tunisie\/2016\/06\/12\/la-fondation-hedi-bouchamaoui-va-renover-12-ecoles-a-gabes\/#breadcrumb\"},\"inLanguage\":\"fr-FR\",\"potentialAction\":[{\"@type\":\"ReadAction\",\"target\":[\"https:\/\/kapitalis.com\/tunisie\/2016\/06\/12\/la-fondation-hedi-bouchamaoui-va-renover-12-ecoles-a-gabes\/\"]}]},{\"@type\":\"ImageObject\",\"inLanguage\":\"fr-FR\",\"@id\":\"https:\/\/kapitalis.com\/tunisie\/2016\/06\/12\/la-fondation-hedi-bouchamaoui-va-renover-12-ecoles-a-gabes\/#primaryimage\",\"url\":\"\",\"contentUrl\":\"\"},{\"@type\":\"BreadcrumbList\",\"@id\":\"https:\/\/kapitalis.com\/tunisie\/2016\/06\/12\/la-fondation-hedi-bouchamaoui-va-renover-12-ecoles-a-gabes\/#breadcrumb\",\"itemListElement\":[{\"@type\":\"ListItem\",\"position\":1,\"name\":\"Accueil\",\"item\":\"https:\/\/kapitalis.com\/tunisie\/\"},{\"@type\":\"ListItem\",\"position\":2,\"name\":\"La Fondation Hedi Bouchamaoui va r\u00e9nover 12 \u00e9coles \u00e0 Gab\u00e8s\"}]},{\"@type\":\"WebSite\",\"@id\":\"https:\/\/kapitalis.com\/tunisie\/#website\",\"url\":\"https:\/\/kapitalis.com\/tunisie\/\",\"name\":\"Kapitalis\",\"description\":\"L&#039;actualit\u00e9 en Tunisie et dans le monde\",\"publisher\":{\"@id\":\"https:\/\/kapitalis.com\/tunisie\/#organization\"},\"potentialAction\":[{\"@type\":\"SearchAction\",\"target\":{\"@type\":\"EntryPoint\",\"urlTemplate\":\"https:\/\/kapitalis.com\/tunisie\/?s={search_term_string}\"},\"query-input\":{\"@type\":\"PropertyValueSpecification\",\"valueRequired\":true,\"valueName\":\"search_term_string\"}}],\"inLanguage\":\"fr-FR\"},{\"@type\":\"Organization\",\"@id\":\"https:\/\/kapitalis.com\/tunisie\/#organization\",\"name\":\"Kapitalis\",\"url\":\"https:\/\/kapitalis.com\/tunisie\/\",\"logo\":{\"@type\":\"ImageObject\",\"inLanguage\":\"fr-FR\",\"@id\":\"https:\/\/kapitalis.com\/tunisie\/#\/schema\/logo\/image\/\",\"url\":\"https:\/\/kapitalis.com\/tunisie\/wp-content\/uploads\/2022\/05\/Kapitalis-big-size.png\",\"contentUrl\":\"https:\/\/kapitalis.com\/tunisie\/wp-content\/uploads\/2022\/05\/Kapitalis-big-size.png\",\"width\":5000,\"height\":1500,\"caption\":\"Kapitalis\"},\"image\":{\"@id\":\"https:\/\/kapitalis.com\/tunisie\/#\/schema\/logo\/image\/\"},\"sameAs\":[\"https:\/\/www.facebook.com\/KapitalisInfo\/\",\"https:\/\/x.com\/KapitalisInfo\",\"https:\/\/www.youtube.com\/channel\/UC-yDYrHyfFBWWZaOw3FPg9Q\"]},{\"@type\":\"Person\",\"@id\":\"https:\/\/kapitalis.com\/tunisie\/#\/schema\/person\/d71f33a9ca44f7bad4698210b480c8e9\",\"name\":\"webmaster kapitalis\",\"url\":\"https:\/\/kapitalis.com\/tunisie\/author\/webmaster-kapitalis\/\"}]}<\/script>\n<!-- \/ Yoast SEO plugin. -->","yoast_head_json":{"title":"La Fondation Hedi Bouchamaoui va r\u00e9nover 12 \u00e9coles \u00e0 Gab\u00e8s - Kapitalis","robots":{"index":"index","follow":"follow","max-snippet":"max-snippet:-1","max-image-preview":"max-image-preview:large","max-video-preview":"max-video-preview:-1"},"canonical":"https:\/\/kapitalis.com\/tunisie\/2016\/06\/12\/la-fondation-hedi-bouchamaoui-va-renover-12-ecoles-a-gabes\/","og_locale":"fr_FR","og_type":"article","og_title":"La Fondation Hedi Bouchamaoui va r\u00e9nover 12 \u00e9coles \u00e0 Gab\u00e8s - Kapitalis","og_description":"La Fondation Hedi Bouchamaoui vient de signer une convention-cadre avec le minist\u00e8re de l\u2019Education et ce pour la r\u00e9alisation de projets \u00e9ducatifs et culturels.","og_url":"https:\/\/kapitalis.com\/tunisie\/2016\/06\/12\/la-fondation-hedi-bouchamaoui-va-renover-12-ecoles-a-gabes\/","og_site_name":"Kapitalis","article_publisher":"https:\/\/www.facebook.com\/KapitalisInfo\/","article_published_time":"2016-06-12T08:14:03+00:00","og_image":[{"width":1200,"height":630,"url":"https:\/\/kapitalis.com\/tunisie\/wp-content\/uploads\/2022\/05\/kapitalis-logo-fb.png","type":"image\/png"}],"author":"webmaster kapitalis","twitter_card":"summary_large_image","twitter_creator":"@KapitalisInfo","twitter_site":"@KapitalisInfo","twitter_misc":{"\u00c9crit par":"webmaster kapitalis","Dur\u00e9e de lecture estim\u00e9e":"3 minutes"},"schema":{"@context":"https:\/\/schema.org","@graph":[{"@type":"Article","@id":"https:\/\/kapitalis.com\/tunisie\/2016\/06\/12\/la-fondation-hedi-bouchamaoui-va-renover-12-ecoles-a-gabes\/#article","isPartOf":{"@id":"https:\/\/kapitalis.com\/tunisie\/2016\/06\/12\/la-fondation-hedi-bouchamaoui-va-renover-12-ecoles-a-gabes\/"},"author":{"name":"webmaster kapitalis","@id":"https:\/\/kapitalis.com\/tunisie\/#\/schema\/person\/d71f33a9ca44f7bad4698210b480c8e9"},"headline":"La Fondation Hedi Bouchamaoui va r\u00e9nover 12 \u00e9coles \u00e0 Gab\u00e8s","datePublished":"2016-06-12T08:14:03+00:00","mainEntityOfPage":{"@id":"https:\/\/kapitalis.com\/tunisie\/2016\/06\/12\/la-fondation-hedi-bouchamaoui-va-renover-12-ecoles-a-gabes\/"},"wordCount":570,"commentCount":0,"publisher":{"@id":"https:\/\/kapitalis.com\/tunisie\/#organization"},"image":{"@id":"https:\/\/kapitalis.com\/tunisie\/2016\/06\/12\/la-fondation-hedi-bouchamaoui-va-renover-12-ecoles-a-gabes\/#primaryimage"},"thumbnailUrl":"","keywords":["\u00e9coles primaires","\u00e9ducation","Gab\u00e8s","minist\u00e8re","Neji Jalloul"],"articleSection":["SOCIETE","Tunisie"],"inLanguage":"fr-FR","potentialAction":[{"@type":"CommentAction","name":"Comment","target":["https:\/\/kapitalis.com\/tunisie\/2016\/06\/12\/la-fondation-hedi-bouchamaoui-va-renover-12-ecoles-a-gabes\/#respond"]}]},{"@type":"WebPage","@id":"https:\/\/kapitalis.com\/tunisie\/2016\/06\/12\/la-fondation-hedi-bouchamaoui-va-renover-12-ecoles-a-gabes\/","url":"https:\/\/kapitalis.com\/tunisie\/2016\/06\/12\/la-fondation-hedi-bouchamaoui-va-renover-12-ecoles-a-gabes\/","name":"La Fondation Hedi Bouchamaoui va r\u00e9nover 12 \u00e9coles \u00e0 Gab\u00e8s - Kapitalis","isPartOf":{"@id":"https:\/\/kapitalis.com\/tunisie\/#website"},"primaryImageOfPage":{"@id":"https:\/\/kapitalis.com\/tunisie\/2016\/06\/12\/la-fondation-hedi-bouchamaoui-va-renover-12-ecoles-a-gabes\/#primaryimage"},"image":{"@id":"https:\/\/kapitalis.com\/tunisie\/2016\/06\/12\/la-fondation-hedi-bouchamaoui-va-renover-12-ecoles-a-gabes\/#primaryimage"},"thumbnailUrl":"","datePublished":"2016-06-12T08:14:03+00:00","breadcrumb":{"@id":"https:\/\/kapitalis.com\/tunisie\/2016\/06\/12\/la-fondation-hedi-bouchamaoui-va-renover-12-ecoles-a-gabes\/#breadcrumb"},"inLanguage":"fr-FR","potentialAction":[{"@type":"ReadAction","target":["https:\/\/kapitalis.com\/tunisie\/2016\/06\/12\/la-fondation-hedi-bouchamaoui-va-renover-12-ecoles-a-gabes\/"]}]},{"@type":"ImageObject","inLanguage":"fr-FR","@id":"https:\/\/kapitalis.com\/tunisie\/2016\/06\/12\/la-fondation-hedi-bouchamaoui-va-renover-12-ecoles-a-gabes\/#primaryimage","url":"","contentUrl":""},{"@type":"BreadcrumbList","@id":"https:\/\/kapitalis.com\/tunisie\/2016\/06\/12\/la-fondation-hedi-bouchamaoui-va-renover-12-ecoles-a-gabes\/#breadcrumb","itemListElement":[{"@type":"ListItem","position":1,"name":"Accueil","item":"https:\/\/kapitalis.com\/tunisie\/"},{"@type":"ListItem","position":2,"name":"La Fondation Hedi Bouchamaoui va r\u00e9nover 12 \u00e9coles \u00e0 Gab\u00e8s"}]},{"@type":"WebSite","@id":"https:\/\/kapitalis.com\/tunisie\/#website","url":"https:\/\/kapitalis.com\/tunisie\/","name":"Kapitalis","description":"L&#039;actualit\u00e9 en Tunisie et dans le monde","publisher":{"@id":"https:\/\/kapitalis.com\/tunisie\/#organization"},"potentialAction":[{"@type":"SearchAction","target":{"@type":"EntryPoint","urlTemplate":"https:\/\/kapitalis.com\/tunisie\/?s={search_term_string}"},"query-input":{"@type":"PropertyValueSpecification","valueRequired":true,"valueName":"search_term_string"}}],"inLanguage":"fr-FR"},{"@type":"Organization","@id":"https:\/\/kapitalis.com\/tunisie\/#organization","name":"Kapitalis","url":"https:\/\/kapitalis.com\/tunisie\/","logo":{"@type":"ImageObject","inLanguage":"fr-FR","@id":"https:\/\/kapitalis.com\/tunisie\/#\/schema\/logo\/image\/","url":"https:\/\/kapitalis.com\/tunisie\/wp-content\/uploads\/2022\/05\/Kapitalis-big-size.png","contentUrl":"https:\/\/kapitalis.com\/tunisie\/wp-content\/uploads\/2022\/05\/Kapitalis-big-size.png","width":5000,"height":1500,"caption":"Kapitalis"},"image":{"@id":"https:\/\/kapitalis.com\/tunisie\/#\/schema\/logo\/image\/"},"sameAs":["https:\/\/www.facebook.com\/KapitalisInfo\/","https:\/\/x.com\/KapitalisInfo","https:\/\/www.youtube.com\/channel\/UC-yDYrHyfFBWWZaOw3FPg9Q"]},{"@type":"Person","@id":"https:\/\/kapitalis.com\/tunisie\/#\/schema\/person\/d71f33a9ca44f7bad4698210b480c8e9","name":"webmaster kapitalis","url":"https:\/\/kapitalis.com\/tunisie\/author\/webmaster-kapitalis\/"}]}},"_links":{"self":[{"href":"https:\/\/kapitalis.com\/tunisie\/wp-json\/wp\/v2\/posts\/53593","targetHints":{"allow":["GET"]}}],"collection":[{"href":"https:\/\/kapitalis.com\/tunisie\/wp-json\/wp\/v2\/posts"}],"about":[{"href":"https:\/\/kapitalis.com\/tunisie\/wp-json\/wp\/v2\/types\/post"}],"author":[{"embeddable":true,"href":"https:\/\/kapitalis.com\/tunisie\/wp-json\/wp\/v2\/users\/8"}],"replies":[{"embeddable":true,"href":"https:\/\/kapitalis.com\/tunisie\/wp-json\/wp\/v2\/comments?post=53593"}],"version-history":[{"count":0,"href":"https:\/\/kapitalis.com\/tunisie\/wp-json\/wp\/v2\/posts\/53593\/revisions"}],"wp:featuredmedia":[{"embeddable":true,"href":"https:\/\/kapitalis.com\/tunisie\/wp-json\/wp\/v2\/media\/53594"}],"wp:attachment":[{"href":"https:\/\/kapitalis.com\/tunisie\/wp-json\/wp\/v2\/media?parent=53593"}],"wp:term":[{"taxonomy":"category","embeddable":true,"href":"https:\/\/kapitalis.com\/tunisie\/wp-json\/wp\/v2\/categories?post=53593"},{"taxonomy":"post_tag","embeddable":true,"href":"https:\/\/kapitalis.com\/tunisie\/wp-json\/wp\/v2\/tags?post=53593"}],"curies":[{"name":"wp","href":"https:\/\/api.w.org\/{rel}","templated":true}]}}