{"id":5363605,"date":"2022-11-29T10:06:57","date_gmt":"2022-11-29T09:06:57","guid":{"rendered":"https:\/\/kapitalis.com\/tunisie\/?p=5363605"},"modified":"2022-11-29T10:06:59","modified_gmt":"2022-11-29T09:06:59","slug":"tunisie-un-plan-de-developpement-pour-quoi-faire","status":"publish","type":"post","link":"https:\/\/kapitalis.com\/tunisie\/2022\/11\/29\/tunisie-un-plan-de-developpement-pour-quoi-faire\/","title":{"rendered":"Tunisie\u00a0: un plan de d\u00e9veloppement pour quoi faire\u00a0?"},"content":{"rendered":"\n<p><strong><em>A quoi sert un plan de d\u00e9veloppement \u00e9conomique s\u2019il reste souvent lettre morte (ou presque) et si les r\u00e9formes qui y sont programm\u00e9es sont rarement mises en \u0153uvre dans les d\u00e9lais et selon les termes fix\u00e9s ? Pour que ces textes aient une quelconque utilit\u00e9, la moindre des choses est que leur mise en \u0153uvre soit r\u00e9guli\u00e8rement \u00e9valu\u00e9e. Le fait-on vraiment en Tunisie\u00a0? Qu\u2019on nous permette d\u2019en douter\u2026 \u00a0\u00a0<\/em><\/strong><\/p>\n\n\n\n<p>Par <strong>Imed Bahri<\/strong><\/p>\n\n\n\n<!--more-->\n\n\n\n<p>Le plan de d\u00e9veloppement de la Tunisie pour la p\u00e9riode 2023-2025 est fin pr\u00eat et il a \u00e9t\u00e9 transmis aux diff\u00e9rents d\u00e9partements minist\u00e9riels pour faire part de leurs commentaires avant une version d\u00e9finitive, a indiqu\u00e9 le ministre de l\u2019Economie et de la Planification, lundi 28 novembre 2022.<\/p>\n\n\n\n<p>Samir Sa\u00efed, qui \u00e9tait en visite de travail au gouvernorat de Bizerte, a ajout\u00e9 dans une d\u00e9claration \u00e0 l\u2019agence Tap que d\u2019importantes r\u00e9formes sont inscrites dans ce plan <em>\u00aben coh\u00e9rence avec les orientations de la loi de finances pour 2023\u00bb<\/em>, indiquant que la vision globale de ce plan vise l\u2019am\u00e9lioration du climat d\u2019investissement et la mise en place de partenariats entre les secteurs public et priv\u00e9.<\/p>\n\n\n\n<h2 class=\"wp-block-heading\">Langue de bois et effets de manche<\/h2>\n\n\n\n<p><em>\u00abLes secteurs priv\u00e9 et public jouent un r\u00f4le essentiel dans la r\u00e9alisation de la croissance et de la richesse nationale et un partenariat entre les deux peut certainement fournir \u00e0 l\u2019\u00c9tat des investissements pour d\u00e9velopper les secteurs de la sant\u00e9, de l\u2019\u00e9ducation et des affaires sociales, en plus des interventions de solidarit\u00e9\u00bb<\/em>, a d\u00e9clar\u00e9 le ministre.<\/p>\n\n\n\n<p>Parlant des zones industrielles, Saied a d\u00e9clar\u00e9 que plusieurs mesures ont \u00e9t\u00e9 prises pour am\u00e9liorer leur fonctionnement, l\u2019objectif \u00e9tant de renforcer leur contribution \u00e0 l\u2019\u00e9conomie nationale, de promouvoir la cr\u00e9ation d\u2019emplois et d\u2019am\u00e9liorer la comp\u00e9titivit\u00e9 du pays.<\/p>\n\n\n\n<figure class=\"wp-block-embed is-type-wp-embed is-provider-kapitalis wp-block-embed-kapitalis\"><div class=\"wp-block-embed__wrapper\">\n<blockquote class=\"wp-embedded-content\" data-secret=\"x0cdSigMJt\"><a href=\"https:\/\/kapitalis.com\/tunisie\/2022\/08\/19\/la-tunisie-planche-sur-son-plan-de-developpement-2023-2025\/\">La Tunisie planche sur son plan de d\u00e9veloppement 2023-2025<\/a><\/blockquote><iframe loading=\"lazy\" class=\"wp-embedded-content\" sandbox=\"allow-scripts\" security=\"restricted\" style=\"position: absolute; clip: rect(1px, 1px, 1px, 1px);\" title=\"\u00ab\u00a0La Tunisie planche sur son plan de d\u00e9veloppement 2023-2025\u00a0\u00bb &#8212; Kapitalis\" src=\"https:\/\/kapitalis.com\/tunisie\/2022\/08\/19\/la-tunisie-planche-sur-son-plan-de-developpement-2023-2025\/embed\/#?secret=7dXs9Q9wEs#?secret=x0cdSigMJt\" data-secret=\"x0cdSigMJt\" width=\"600\" height=\"338\" frameborder=\"0\" marginwidth=\"0\" marginheight=\"0\" scrolling=\"no\"><\/iframe>\n<\/div><\/figure>\n\n\n\n<p>Voil\u00e0 pour la langue de bois officielle, qui ne mange pas de pain et qui, surtout, n\u2019engage en rien celui qui la tient \u2013 les ministres d\u2019aujourd\u2019hui n\u2019\u00e9tant jamais l\u00e0 demain pour rendre des comptes aux pauvres contribuables que l\u2019on continue de faire saigner.<\/p>\n\n\n\n<p>Il reste que le ministre Sa\u00efed, qui semble content de <em>\u00abson\u00bb<\/em> plan, n\u2019a pas cru devoir pr\u00e9ciser si le pr\u00e9c\u00e9dent<a href=\"https:\/\/kapitalis.com\/tunisie\/2017\/04\/12\/plan-de-developpement-2016-2020-enfin-adopte\/\" target=\"_blank\" rel=\"noreferrer noopener\"> plan de d\u00e9veloppement 2016-2020<\/a> a fait l\u2019objet d\u2019un bilan chiffr\u00e9 et si les obstacles rencontr\u00e9s pour sa mise en \u0153uvre \u2013 si mise en \u0153uvre il y a eu \u2013 ont \u00e9t\u00e9 identifi\u00e9s, et quelles mesures vont \u00eatre prises pour les surmonter. \u00a0<\/p>\n\n\n\n<h2 class=\"wp-block-heading\">Des moulins \u00e0 vent<\/h2>\n\n\n\n<p>Car, \u00e0 quoi servent tous ces textes, v\u00e9ritables <em>\u00abmoulins \u00e0 vent\u00bb<\/em>, que l\u2019on perd beaucoup de temps et d\u2019argent \u00e0 \u00e9laborer, en mobilisant, pendant des mois voire des ann\u00e9es, les hauts cadres de l\u2019administration publique, avant de les oublier au fond des tiroirs. A quoi servent-ils, en effet, s\u2019il n\u2019y a pas de s\u00e9rieuses \u00e9valuations&nbsp;qui pointent les freins, les blocages, les difficult\u00e9s et les r\u00e9sistances de toutes sortes qui emp\u00eachent la mise en \u0153uvre des r\u00e9formes qui y sont programm\u00e9es \u00e0 grand renfort d\u2019annonces, mais qui sont rarement suivies d\u2019effet ?<\/p>\n\n\n\n<p>Cette question est d\u2019autant plus l\u00e9gitime que beaucoup des r\u00e9formes structurelles pr\u00e9vues dans le cadre du plan de d\u00e9veloppement 2016-2020 n\u2019ont pas encore \u00e9t\u00e9 mises en \u0153uvre et se retrouvent telles quelles dans celui des ann\u00e9es 2023-2025\u00a0? C\u2019est comme si l\u2019administration publique fonctionne \u00e0 vide et se contente, par de pareils effets de manche, de justifier ses \u00e9normes effectifs et ses d\u00e9penses faramineuses et superflues\u00a0!<\/p>\n\n\n\n<figure class=\"wp-block-embed is-type-wp-embed is-provider-kapitalis wp-block-embed-kapitalis\"><div class=\"wp-block-embed__wrapper\">\n<blockquote class=\"wp-embedded-content\" data-secret=\"rKag9S5uJb\"><a href=\"https:\/\/kapitalis.com\/tunisie\/2017\/04\/12\/plan-de-developpement-2016-2020-enfin-adopte\/\">Plan de d\u00e9veloppement 2016-2020: Enfin adopt\u00e9 !<\/a><\/blockquote><iframe loading=\"lazy\" class=\"wp-embedded-content\" sandbox=\"allow-scripts\" security=\"restricted\" style=\"position: absolute; clip: rect(1px, 1px, 1px, 1px);\" title=\"\u00ab\u00a0Plan de d\u00e9veloppement 2016-2020: Enfin adopt\u00e9 !\u00a0\u00bb &#8212; Kapitalis\" src=\"https:\/\/kapitalis.com\/tunisie\/2017\/04\/12\/plan-de-developpement-2016-2020-enfin-adopte\/embed\/#?secret=1f29QvA16k#?secret=rKag9S5uJb\" data-secret=\"rKag9S5uJb\" width=\"600\" height=\"338\" frameborder=\"0\" marginwidth=\"0\" marginheight=\"0\" scrolling=\"no\"><\/iframe>\n<\/div><\/figure>\n","protected":false},"excerpt":{"rendered":"<p>Le plan de d\u00e9veloppement de la Tunisie pour la p\u00e9riode 2023-2025 est fin pr\u00eat, mais il servira \u00e0 quoi ? <\/p>\n","protected":false},"author":8,"featured_media":5363637,"comment_status":"open","ping_status":"open","sticky":false,"template":"","format":"standard","meta":{"footnotes":""},"categories":[992,995,2433],"tags":[104720,101854,1252,82730,62643],"class_list":["post-5363605","post","type-post","status-publish","format-standard","has-post-thumbnail","hentry","category-a-la-une","category-economie","category-tunisie","tag-2023-2025","tag-plan-de-developpement","tag-reformes-economiques","tag-samir-saied-2","tag-tunisie"],"yoast_head":"<!-- This site is optimized with the Yoast SEO plugin v26.6 - https:\/\/yoast.com\/wordpress\/plugins\/seo\/ -->\n<title>Tunisie\u00a0: un plan de d\u00e9veloppement pour quoi faire\u00a0? - Kapitalis<\/title>\n<meta name=\"robots\" content=\"index, follow, max-snippet:-1, max-image-preview:large, max-video-preview:-1\" \/>\n<link rel=\"canonical\" href=\"https:\/\/kapitalis.com\/tunisie\/2022\/11\/29\/tunisie-un-plan-de-developpement-pour-quoi-faire\/\" \/>\n<meta property=\"og:locale\" content=\"fr_FR\" \/>\n<meta property=\"og:type\" content=\"article\" \/>\n<meta property=\"og:title\" content=\"Tunisie\u00a0: un plan de d\u00e9veloppement pour quoi faire\u00a0? - Kapitalis\" \/>\n<meta property=\"og:description\" content=\"Le plan de d\u00e9veloppement de la Tunisie pour la p\u00e9riode 2023-2025 est fin pr\u00eat, mais il servira \u00e0 quoi ?\" \/>\n<meta property=\"og:url\" content=\"https:\/\/kapitalis.com\/tunisie\/2022\/11\/29\/tunisie-un-plan-de-developpement-pour-quoi-faire\/\" \/>\n<meta property=\"og:site_name\" content=\"Kapitalis\" \/>\n<meta property=\"article:publisher\" content=\"https:\/\/www.facebook.com\/KapitalisInfo\/\" \/>\n<meta property=\"article:published_time\" content=\"2022-11-29T09:06:57+00:00\" \/>\n<meta property=\"article:modified_time\" content=\"2022-11-29T09:06:59+00:00\" \/>\n<meta property=\"og:image\" content=\"https:\/\/kapitalis.com\/tunisie\/wp-content\/uploads\/2022\/11\/Samir-Saied-Bizerte.jpg\" \/>\n\t<meta property=\"og:image:width\" content=\"1200\" \/>\n\t<meta property=\"og:image:height\" content=\"630\" \/>\n\t<meta property=\"og:image:type\" content=\"image\/jpeg\" \/>\n<meta name=\"author\" content=\"webmaster kapitalis\" \/>\n<meta name=\"twitter:card\" content=\"summary_large_image\" \/>\n<meta name=\"twitter:creator\" content=\"@KapitalisInfo\" \/>\n<meta name=\"twitter:site\" content=\"@KapitalisInfo\" \/>\n<meta name=\"twitter:label1\" content=\"\u00c9crit par\" \/>\n\t<meta name=\"twitter:data1\" content=\"webmaster kapitalis\" \/>\n\t<meta name=\"twitter:label2\" content=\"Dur\u00e9e de lecture estim\u00e9e\" \/>\n\t<meta name=\"twitter:data2\" content=\"3 minutes\" \/>\n<script type=\"application\/ld+json\" class=\"yoast-schema-graph\">{\"@context\":\"https:\/\/schema.org\",\"@graph\":[{\"@type\":\"Article\",\"@id\":\"https:\/\/kapitalis.com\/tunisie\/2022\/11\/29\/tunisie-un-plan-de-developpement-pour-quoi-faire\/#article\",\"isPartOf\":{\"@id\":\"https:\/\/kapitalis.com\/tunisie\/2022\/11\/29\/tunisie-un-plan-de-developpement-pour-quoi-faire\/\"},\"author\":{\"name\":\"webmaster kapitalis\",\"@id\":\"https:\/\/kapitalis.com\/tunisie\/#\/schema\/person\/d71f33a9ca44f7bad4698210b480c8e9\"},\"headline\":\"Tunisie\u00a0: un plan de d\u00e9veloppement pour quoi faire\u00a0?\",\"datePublished\":\"2022-11-29T09:06:57+00:00\",\"dateModified\":\"2022-11-29T09:06:59+00:00\",\"mainEntityOfPage\":{\"@id\":\"https:\/\/kapitalis.com\/tunisie\/2022\/11\/29\/tunisie-un-plan-de-developpement-pour-quoi-faire\/\"},\"wordCount\":640,\"commentCount\":1,\"publisher\":{\"@id\":\"https:\/\/kapitalis.com\/tunisie\/#organization\"},\"image\":{\"@id\":\"https:\/\/kapitalis.com\/tunisie\/2022\/11\/29\/tunisie-un-plan-de-developpement-pour-quoi-faire\/#primaryimage\"},\"thumbnailUrl\":\"https:\/\/kapitalis.com\/tunisie\/wp-content\/uploads\/2022\/11\/Samir-Saied-Bizerte.jpg\",\"keywords\":[\"2023-2025\",\"plan de d\u00e9veloppement\",\"r\u00e9formes \u00e9conomiques\",\"Samir Sa\u00efed\",\"Tunisie\"],\"articleSection\":[\"A LA UNE\",\"ECONOMIE\",\"Tunisie\"],\"inLanguage\":\"fr-FR\",\"potentialAction\":[{\"@type\":\"CommentAction\",\"name\":\"Comment\",\"target\":[\"https:\/\/kapitalis.com\/tunisie\/2022\/11\/29\/tunisie-un-plan-de-developpement-pour-quoi-faire\/#respond\"]}]},{\"@type\":\"WebPage\",\"@id\":\"https:\/\/kapitalis.com\/tunisie\/2022\/11\/29\/tunisie-un-plan-de-developpement-pour-quoi-faire\/\",\"url\":\"https:\/\/kapitalis.com\/tunisie\/2022\/11\/29\/tunisie-un-plan-de-developpement-pour-quoi-faire\/\",\"name\":\"Tunisie\u00a0: un plan de d\u00e9veloppement pour quoi faire\u00a0? - Kapitalis\",\"isPartOf\":{\"@id\":\"https:\/\/kapitalis.com\/tunisie\/#website\"},\"primaryImageOfPage\":{\"@id\":\"https:\/\/kapitalis.com\/tunisie\/2022\/11\/29\/tunisie-un-plan-de-developpement-pour-quoi-faire\/#primaryimage\"},\"image\":{\"@id\":\"https:\/\/kapitalis.com\/tunisie\/2022\/11\/29\/tunisie-un-plan-de-developpement-pour-quoi-faire\/#primaryimage\"},\"thumbnailUrl\":\"https:\/\/kapitalis.com\/tunisie\/wp-content\/uploads\/2022\/11\/Samir-Saied-Bizerte.jpg\",\"datePublished\":\"2022-11-29T09:06:57+00:00\",\"dateModified\":\"2022-11-29T09:06:59+00:00\",\"breadcrumb\":{\"@id\":\"https:\/\/kapitalis.com\/tunisie\/2022\/11\/29\/tunisie-un-plan-de-developpement-pour-quoi-faire\/#breadcrumb\"},\"inLanguage\":\"fr-FR\",\"potentialAction\":[{\"@type\":\"ReadAction\",\"target\":[\"https:\/\/kapitalis.com\/tunisie\/2022\/11\/29\/tunisie-un-plan-de-developpement-pour-quoi-faire\/\"]}]},{\"@type\":\"ImageObject\",\"inLanguage\":\"fr-FR\",\"@id\":\"https:\/\/kapitalis.com\/tunisie\/2022\/11\/29\/tunisie-un-plan-de-developpement-pour-quoi-faire\/#primaryimage\",\"url\":\"https:\/\/kapitalis.com\/tunisie\/wp-content\/uploads\/2022\/11\/Samir-Saied-Bizerte.jpg\",\"contentUrl\":\"https:\/\/kapitalis.com\/tunisie\/wp-content\/uploads\/2022\/11\/Samir-Saied-Bizerte.jpg\",\"width\":1200,\"height\":630},{\"@type\":\"BreadcrumbList\",\"@id\":\"https:\/\/kapitalis.com\/tunisie\/2022\/11\/29\/tunisie-un-plan-de-developpement-pour-quoi-faire\/#breadcrumb\",\"itemListElement\":[{\"@type\":\"ListItem\",\"position\":1,\"name\":\"Accueil\",\"item\":\"https:\/\/kapitalis.com\/tunisie\/\"},{\"@type\":\"ListItem\",\"position\":2,\"name\":\"Tunisie\u00a0: un plan de d\u00e9veloppement pour quoi faire\u00a0?\"}]},{\"@type\":\"WebSite\",\"@id\":\"https:\/\/kapitalis.com\/tunisie\/#website\",\"url\":\"https:\/\/kapitalis.com\/tunisie\/\",\"name\":\"Kapitalis\",\"description\":\"L&#039;actualit\u00e9 en Tunisie et dans le monde\",\"publisher\":{\"@id\":\"https:\/\/kapitalis.com\/tunisie\/#organization\"},\"potentialAction\":[{\"@type\":\"SearchAction\",\"target\":{\"@type\":\"EntryPoint\",\"urlTemplate\":\"https:\/\/kapitalis.com\/tunisie\/?s={search_term_string}\"},\"query-input\":{\"@type\":\"PropertyValueSpecification\",\"valueRequired\":true,\"valueName\":\"search_term_string\"}}],\"inLanguage\":\"fr-FR\"},{\"@type\":\"Organization\",\"@id\":\"https:\/\/kapitalis.com\/tunisie\/#organization\",\"name\":\"Kapitalis\",\"url\":\"https:\/\/kapitalis.com\/tunisie\/\",\"logo\":{\"@type\":\"ImageObject\",\"inLanguage\":\"fr-FR\",\"@id\":\"https:\/\/kapitalis.com\/tunisie\/#\/schema\/logo\/image\/\",\"url\":\"https:\/\/kapitalis.com\/tunisie\/wp-content\/uploads\/2022\/05\/Kapitalis-big-size.png\",\"contentUrl\":\"https:\/\/kapitalis.com\/tunisie\/wp-content\/uploads\/2022\/05\/Kapitalis-big-size.png\",\"width\":5000,\"height\":1500,\"caption\":\"Kapitalis\"},\"image\":{\"@id\":\"https:\/\/kapitalis.com\/tunisie\/#\/schema\/logo\/image\/\"},\"sameAs\":[\"https:\/\/www.facebook.com\/KapitalisInfo\/\",\"https:\/\/x.com\/KapitalisInfo\",\"https:\/\/www.youtube.com\/channel\/UC-yDYrHyfFBWWZaOw3FPg9Q\"]},{\"@type\":\"Person\",\"@id\":\"https:\/\/kapitalis.com\/tunisie\/#\/schema\/person\/d71f33a9ca44f7bad4698210b480c8e9\",\"name\":\"webmaster kapitalis\",\"url\":\"https:\/\/kapitalis.com\/tunisie\/author\/webmaster-kapitalis\/\"}]}<\/script>\n<!-- \/ Yoast SEO plugin. -->","yoast_head_json":{"title":"Tunisie\u00a0: un plan de d\u00e9veloppement pour quoi faire\u00a0? - Kapitalis","robots":{"index":"index","follow":"follow","max-snippet":"max-snippet:-1","max-image-preview":"max-image-preview:large","max-video-preview":"max-video-preview:-1"},"canonical":"https:\/\/kapitalis.com\/tunisie\/2022\/11\/29\/tunisie-un-plan-de-developpement-pour-quoi-faire\/","og_locale":"fr_FR","og_type":"article","og_title":"Tunisie\u00a0: un plan de d\u00e9veloppement pour quoi faire\u00a0? - Kapitalis","og_description":"Le plan de d\u00e9veloppement de la Tunisie pour la p\u00e9riode 2023-2025 est fin pr\u00eat, mais il servira \u00e0 quoi ?","og_url":"https:\/\/kapitalis.com\/tunisie\/2022\/11\/29\/tunisie-un-plan-de-developpement-pour-quoi-faire\/","og_site_name":"Kapitalis","article_publisher":"https:\/\/www.facebook.com\/KapitalisInfo\/","article_published_time":"2022-11-29T09:06:57+00:00","article_modified_time":"2022-11-29T09:06:59+00:00","og_image":[{"width":1200,"height":630,"url":"https:\/\/kapitalis.com\/tunisie\/wp-content\/uploads\/2022\/11\/Samir-Saied-Bizerte.jpg","type":"image\/jpeg"}],"author":"webmaster kapitalis","twitter_card":"summary_large_image","twitter_creator":"@KapitalisInfo","twitter_site":"@KapitalisInfo","twitter_misc":{"\u00c9crit par":"webmaster kapitalis","Dur\u00e9e de lecture estim\u00e9e":"3 minutes"},"schema":{"@context":"https:\/\/schema.org","@graph":[{"@type":"Article","@id":"https:\/\/kapitalis.com\/tunisie\/2022\/11\/29\/tunisie-un-plan-de-developpement-pour-quoi-faire\/#article","isPartOf":{"@id":"https:\/\/kapitalis.com\/tunisie\/2022\/11\/29\/tunisie-un-plan-de-developpement-pour-quoi-faire\/"},"author":{"name":"webmaster kapitalis","@id":"https:\/\/kapitalis.com\/tunisie\/#\/schema\/person\/d71f33a9ca44f7bad4698210b480c8e9"},"headline":"Tunisie\u00a0: un plan de d\u00e9veloppement pour quoi faire\u00a0?","datePublished":"2022-11-29T09:06:57+00:00","dateModified":"2022-11-29T09:06:59+00:00","mainEntityOfPage":{"@id":"https:\/\/kapitalis.com\/tunisie\/2022\/11\/29\/tunisie-un-plan-de-developpement-pour-quoi-faire\/"},"wordCount":640,"commentCount":1,"publisher":{"@id":"https:\/\/kapitalis.com\/tunisie\/#organization"},"image":{"@id":"https:\/\/kapitalis.com\/tunisie\/2022\/11\/29\/tunisie-un-plan-de-developpement-pour-quoi-faire\/#primaryimage"},"thumbnailUrl":"https:\/\/kapitalis.com\/tunisie\/wp-content\/uploads\/2022\/11\/Samir-Saied-Bizerte.jpg","keywords":["2023-2025","plan de d\u00e9veloppement","r\u00e9formes \u00e9conomiques","Samir Sa\u00efed","Tunisie"],"articleSection":["A LA UNE","ECONOMIE","Tunisie"],"inLanguage":"fr-FR","potentialAction":[{"@type":"CommentAction","name":"Comment","target":["https:\/\/kapitalis.com\/tunisie\/2022\/11\/29\/tunisie-un-plan-de-developpement-pour-quoi-faire\/#respond"]}]},{"@type":"WebPage","@id":"https:\/\/kapitalis.com\/tunisie\/2022\/11\/29\/tunisie-un-plan-de-developpement-pour-quoi-faire\/","url":"https:\/\/kapitalis.com\/tunisie\/2022\/11\/29\/tunisie-un-plan-de-developpement-pour-quoi-faire\/","name":"Tunisie\u00a0: un plan de d\u00e9veloppement pour quoi faire\u00a0? - Kapitalis","isPartOf":{"@id":"https:\/\/kapitalis.com\/tunisie\/#website"},"primaryImageOfPage":{"@id":"https:\/\/kapitalis.com\/tunisie\/2022\/11\/29\/tunisie-un-plan-de-developpement-pour-quoi-faire\/#primaryimage"},"image":{"@id":"https:\/\/kapitalis.com\/tunisie\/2022\/11\/29\/tunisie-un-plan-de-developpement-pour-quoi-faire\/#primaryimage"},"thumbnailUrl":"https:\/\/kapitalis.com\/tunisie\/wp-content\/uploads\/2022\/11\/Samir-Saied-Bizerte.jpg","datePublished":"2022-11-29T09:06:57+00:00","dateModified":"2022-11-29T09:06:59+00:00","breadcrumb":{"@id":"https:\/\/kapitalis.com\/tunisie\/2022\/11\/29\/tunisie-un-plan-de-developpement-pour-quoi-faire\/#breadcrumb"},"inLanguage":"fr-FR","potentialAction":[{"@type":"ReadAction","target":["https:\/\/kapitalis.com\/tunisie\/2022\/11\/29\/tunisie-un-plan-de-developpement-pour-quoi-faire\/"]}]},{"@type":"ImageObject","inLanguage":"fr-FR","@id":"https:\/\/kapitalis.com\/tunisie\/2022\/11\/29\/tunisie-un-plan-de-developpement-pour-quoi-faire\/#primaryimage","url":"https:\/\/kapitalis.com\/tunisie\/wp-content\/uploads\/2022\/11\/Samir-Saied-Bizerte.jpg","contentUrl":"https:\/\/kapitalis.com\/tunisie\/wp-content\/uploads\/2022\/11\/Samir-Saied-Bizerte.jpg","width":1200,"height":630},{"@type":"BreadcrumbList","@id":"https:\/\/kapitalis.com\/tunisie\/2022\/11\/29\/tunisie-un-plan-de-developpement-pour-quoi-faire\/#breadcrumb","itemListElement":[{"@type":"ListItem","position":1,"name":"Accueil","item":"https:\/\/kapitalis.com\/tunisie\/"},{"@type":"ListItem","position":2,"name":"Tunisie\u00a0: un plan de d\u00e9veloppement pour quoi faire\u00a0?"}]},{"@type":"WebSite","@id":"https:\/\/kapitalis.com\/tunisie\/#website","url":"https:\/\/kapitalis.com\/tunisie\/","name":"Kapitalis","description":"L&#039;actualit\u00e9 en Tunisie et dans le monde","publisher":{"@id":"https:\/\/kapitalis.com\/tunisie\/#organization"},"potentialAction":[{"@type":"SearchAction","target":{"@type":"EntryPoint","urlTemplate":"https:\/\/kapitalis.com\/tunisie\/?s={search_term_string}"},"query-input":{"@type":"PropertyValueSpecification","valueRequired":true,"valueName":"search_term_string"}}],"inLanguage":"fr-FR"},{"@type":"Organization","@id":"https:\/\/kapitalis.com\/tunisie\/#organization","name":"Kapitalis","url":"https:\/\/kapitalis.com\/tunisie\/","logo":{"@type":"ImageObject","inLanguage":"fr-FR","@id":"https:\/\/kapitalis.com\/tunisie\/#\/schema\/logo\/image\/","url":"https:\/\/kapitalis.com\/tunisie\/wp-content\/uploads\/2022\/05\/Kapitalis-big-size.png","contentUrl":"https:\/\/kapitalis.com\/tunisie\/wp-content\/uploads\/2022\/05\/Kapitalis-big-size.png","width":5000,"height":1500,"caption":"Kapitalis"},"image":{"@id":"https:\/\/kapitalis.com\/tunisie\/#\/schema\/logo\/image\/"},"sameAs":["https:\/\/www.facebook.com\/KapitalisInfo\/","https:\/\/x.com\/KapitalisInfo","https:\/\/www.youtube.com\/channel\/UC-yDYrHyfFBWWZaOw3FPg9Q"]},{"@type":"Person","@id":"https:\/\/kapitalis.com\/tunisie\/#\/schema\/person\/d71f33a9ca44f7bad4698210b480c8e9","name":"webmaster kapitalis","url":"https:\/\/kapitalis.com\/tunisie\/author\/webmaster-kapitalis\/"}]}},"_links":{"self":[{"href":"https:\/\/kapitalis.com\/tunisie\/wp-json\/wp\/v2\/posts\/5363605","targetHints":{"allow":["GET"]}}],"collection":[{"href":"https:\/\/kapitalis.com\/tunisie\/wp-json\/wp\/v2\/posts"}],"about":[{"href":"https:\/\/kapitalis.com\/tunisie\/wp-json\/wp\/v2\/types\/post"}],"author":[{"embeddable":true,"href":"https:\/\/kapitalis.com\/tunisie\/wp-json\/wp\/v2\/users\/8"}],"replies":[{"embeddable":true,"href":"https:\/\/kapitalis.com\/tunisie\/wp-json\/wp\/v2\/comments?post=5363605"}],"version-history":[{"count":1,"href":"https:\/\/kapitalis.com\/tunisie\/wp-json\/wp\/v2\/posts\/5363605\/revisions"}],"predecessor-version":[{"id":5363664,"href":"https:\/\/kapitalis.com\/tunisie\/wp-json\/wp\/v2\/posts\/5363605\/revisions\/5363664"}],"wp:featuredmedia":[{"embeddable":true,"href":"https:\/\/kapitalis.com\/tunisie\/wp-json\/wp\/v2\/media\/5363637"}],"wp:attachment":[{"href":"https:\/\/kapitalis.com\/tunisie\/wp-json\/wp\/v2\/media?parent=5363605"}],"wp:term":[{"taxonomy":"category","embeddable":true,"href":"https:\/\/kapitalis.com\/tunisie\/wp-json\/wp\/v2\/categories?post=5363605"},{"taxonomy":"post_tag","embeddable":true,"href":"https:\/\/kapitalis.com\/tunisie\/wp-json\/wp\/v2\/tags?post=5363605"}],"curies":[{"name":"wp","href":"https:\/\/api.w.org\/{rel}","templated":true}]}}