{"id":5364824,"date":"2022-11-29T12:26:11","date_gmt":"2022-11-29T11:26:11","guid":{"rendered":"https:\/\/kapitalis.com\/tunisie\/?p=5364824"},"modified":"2022-12-02T12:27:08","modified_gmt":"2022-12-02T11:27:08","slug":"cherif-el-kadhi-tunisie-legalise-les-restrictions-a-la-liberte-dexpression-sur-internet","status":"publish","type":"post","link":"https:\/\/kapitalis.com\/tunisie\/2022\/11\/29\/cherif-el-kadhi-tunisie-legalise-les-restrictions-a-la-liberte-dexpression-sur-internet\/","title":{"rendered":"Cherif El Kadhi\u00a0: \u00abLa Tunisie l\u00e9galise les restrictions \u00e0 la libert\u00e9 d\u2019expression sur Internet\u00bb"},"content":{"rendered":"\n<p><strong><em>Selon Ch\u00e9rif El Kadhi, analyste des politiques pour le Moyen-Orient et l\u2019Afrique du Nord chez Access Now, les restrictions \u00e0 la libert\u00e9 d\u2019expression sur Internet en Tunisie ont \u00e9t\u00e9 l\u00e9galis\u00e9es en vertu du <a href=\"https:\/\/legislation-securite.tn\/fr\/law\/105348\" target=\"_blank\" rel=\"noreferrer noopener\">d\u00e9cret n\u00b0 54<\/a>\u00a0relatif \u00e0 \u00abla lutte contre les infractions se rapportant aux syst\u00e8mes d&rsquo;information et de communication\u00bb.<\/em><\/strong><\/p>\n\n\n\n<!--more-->\n\n\n\n<p>Ce d\u00e9cret, rappelons-le, a \u00e9t\u00e9 promulgu\u00e9 par le pr\u00e9sident de la r\u00e9publique Ka\u00efs Sa\u00efed, le 13 septembre 2022 et depuis sa promulgation, il a suscit\u00e9 de\u00a0nombreuses critiques de la part de la soci\u00e9t\u00e9 civile et des professionnels des m\u00e9dias, qui y ont vu une volont\u00e9 de r\u00e9primer la libre expression.<\/p>\n\n\n\n<p>El Kadhi a indiqu\u00e9 que le d\u00e9cret permet la collecte et la conservation des donn\u00e9es de communication, de t\u00e9l\u00e9communication et de localisation g\u00e9ographique pendant une dur\u00e9e qui ne soit pas inf\u00e9rieure \u00e0 deux ans, sans pr\u00e9ciser de plafond sup\u00e9rieur pour cette dur\u00e9e, par une d\u00e9cision conjointe des ministres de la Justice, de l\u2019Int\u00e9rieur, de la D\u00e9fense et des Technologies de la communication. Il a soulign\u00e9 que ce texte de loi comprend des concepts vagues tels que ceux de la s\u00e9curit\u00e9 publique, de la d\u00e9fense nationale et de \u00a0la s\u00e9curit\u00e9 nationale, et il \u00e9tablit entre ces concepts avec la diffusion de mensonges et de fausses informations, tout en laissant un grand pouvoir discr\u00e9tionnaire aux juges et aux officiers de police judiciaire pour adapter les faits comme \u00e9tant portant atteinte \u00e0 la s\u00e9curit\u00e9 publique ou contribuant \u00e0 semer la terreur parmi les citoyens. Ce sont l\u00e0 des concepts vaseux qui violent la constitution et les pactes internationaux sign\u00e9s par la Tunisie, a-t-il d\u00e9clar\u00e9.<\/p>\n\n\n\n<p>L\u2019analyste de Access Now a ajout\u00e9 que ces concepts violent \u00e9galement le principe de n\u00e9cessit\u00e9 et de proportionnalit\u00e9, ainsi que les obligations internationales de la Tunisie, telles que le Pacte international relatif aux droits civils et politiques, qui impose de d\u00e9finir les concepts et les formulations juridiques afin qu\u2019aucun abus de pouvoir ne se produise contre les citoyens. <\/p>\n\n\n\n<p class=\"has-text-align-right\"><strong>I. B.<\/strong><\/p>\n\n\n\n<figure class=\"wp-block-embed is-type-wp-embed is-provider-kapitalis wp-block-embed-kapitalis\"><div class=\"wp-block-embed__wrapper\">\n<blockquote class=\"wp-embedded-content\" data-secret=\"0nm1mdVPeC\"><a href=\"https:\/\/kapitalis.com\/tunisie\/2022\/09\/22\/tunisie-le-decret-n54-est-une-honte-pour-kais-saied-affirme-abir-moussi\/\">Tunisie\u00a0: \u00abLe d\u00e9cret n\u00b054 est une honte pour Ka\u00efs Sa\u00efed\u00bb, affirme Abir Moussi<\/a><\/blockquote><iframe loading=\"lazy\" class=\"wp-embedded-content\" sandbox=\"allow-scripts\" security=\"restricted\" style=\"position: absolute; clip: rect(1px, 1px, 1px, 1px);\" title=\"\u00ab\u00a0Tunisie\u00a0: \u00abLe d\u00e9cret n\u00b054 est une honte pour Ka\u00efs Sa\u00efed\u00bb, affirme Abir Moussi\u00a0\u00bb &#8212; Kapitalis\" src=\"https:\/\/kapitalis.com\/tunisie\/2022\/09\/22\/tunisie-le-decret-n54-est-une-honte-pour-kais-saied-affirme-abir-moussi\/embed\/#?secret=JVLHqJ9kb6#?secret=0nm1mdVPeC\" data-secret=\"0nm1mdVPeC\" width=\"600\" height=\"338\" frameborder=\"0\" marginwidth=\"0\" marginheight=\"0\" scrolling=\"no\"><\/iframe>\n<\/div><\/figure>\n\n\n\n<figure class=\"wp-block-embed is-type-wp-embed is-provider-kapitalis wp-block-embed-kapitalis\"><div class=\"wp-block-embed__wrapper\">\n<blockquote class=\"wp-embedded-content\" data-secret=\"Bt5ywBlUjh\"><a href=\"https:\/\/kapitalis.com\/tunisie\/2022\/09\/20\/tunisie-le-snjt-denonce-la-restriction-de-la-liberte-dexpression-et-de-la-presse\/\">Tunisie\u00a0: le SNJT d\u00e9nonce la restriction de la libert\u00e9 d\u2019expression et de la presse<\/a><\/blockquote><iframe loading=\"lazy\" class=\"wp-embedded-content\" sandbox=\"allow-scripts\" security=\"restricted\" style=\"position: absolute; clip: rect(1px, 1px, 1px, 1px);\" title=\"\u00ab\u00a0Tunisie\u00a0: le SNJT d\u00e9nonce la restriction de la libert\u00e9 d\u2019expression et de la presse\u00a0\u00bb &#8212; Kapitalis\" src=\"https:\/\/kapitalis.com\/tunisie\/2022\/09\/20\/tunisie-le-snjt-denonce-la-restriction-de-la-liberte-dexpression-et-de-la-presse\/embed\/#?secret=vCOJqVGdIQ#?secret=Bt5ywBlUjh\" data-secret=\"Bt5ywBlUjh\" width=\"600\" height=\"338\" frameborder=\"0\" marginwidth=\"0\" marginheight=\"0\" scrolling=\"no\"><\/iframe>\n<\/div><\/figure>\n","protected":false},"excerpt":{"rendered":"<p>Le d\u00e9cret n\u00b0 54\u00a0 laisse un grand pouvoir discr\u00e9tionnaire aux juges et aux officiers de police judiciaire pour adapter les faits comme \u00e9tant portant atteinte \u00e0 la s\u00e9curit\u00e9 publique. <\/p>\n","protected":false},"author":8,"featured_media":5364868,"comment_status":"open","ping_status":"open","sticky":false,"template":"","format":"standard","meta":{"footnotes":""},"categories":[996,997,2433],"tags":[64392,104725,103169,492,12235,8698,88916,62643],"class_list":["post-5364824","post","type-post","status-publish","format-standard","has-post-thumbnail","hentry","category-media","category-politique","category-tunisie","tag-access-now","tag-cherif-el-kadhi","tag-decret-n-54","tag-internet","tag-kais-saied","tag-liberte-dexpression","tag-systemes-dinformation","tag-tunisie"],"yoast_head":"<!-- This site is optimized with the Yoast SEO plugin v26.6 - https:\/\/yoast.com\/wordpress\/plugins\/seo\/ -->\n<title>Cherif El Kadhi\u00a0: \u00abLa Tunisie l\u00e9galise les restrictions \u00e0 la libert\u00e9 d\u2019expression sur Internet\u00bb - Kapitalis<\/title>\n<meta name=\"robots\" content=\"index, follow, max-snippet:-1, max-image-preview:large, max-video-preview:-1\" \/>\n<link rel=\"canonical\" href=\"https:\/\/kapitalis.com\/tunisie\/2022\/11\/29\/cherif-el-kadhi-tunisie-legalise-les-restrictions-a-la-liberte-dexpression-sur-internet\/\" \/>\n<meta property=\"og:locale\" content=\"fr_FR\" \/>\n<meta property=\"og:type\" content=\"article\" \/>\n<meta property=\"og:title\" content=\"Cherif El Kadhi\u00a0: \u00abLa Tunisie l\u00e9galise les restrictions \u00e0 la libert\u00e9 d\u2019expression sur Internet\u00bb - Kapitalis\" \/>\n<meta property=\"og:description\" content=\"Le d\u00e9cret n\u00b0 54\u00a0 laisse un grand pouvoir discr\u00e9tionnaire aux juges et aux officiers de police judiciaire pour adapter les faits comme \u00e9tant portant atteinte \u00e0 la s\u00e9curit\u00e9 publique.\" \/>\n<meta property=\"og:url\" content=\"https:\/\/kapitalis.com\/tunisie\/2022\/11\/29\/cherif-el-kadhi-tunisie-legalise-les-restrictions-a-la-liberte-dexpression-sur-internet\/\" \/>\n<meta property=\"og:site_name\" content=\"Kapitalis\" \/>\n<meta property=\"article:publisher\" content=\"https:\/\/www.facebook.com\/KapitalisInfo\/\" \/>\n<meta property=\"article:published_time\" content=\"2022-11-29T11:26:11+00:00\" \/>\n<meta property=\"article:modified_time\" content=\"2022-12-02T11:27:08+00:00\" \/>\n<meta property=\"og:image\" content=\"https:\/\/kapitalis.com\/tunisie\/wp-content\/uploads\/2022\/11\/Cherif-El-Kadhi.jpg\" \/>\n\t<meta property=\"og:image:width\" content=\"1200\" \/>\n\t<meta property=\"og:image:height\" content=\"630\" \/>\n\t<meta property=\"og:image:type\" content=\"image\/jpeg\" \/>\n<meta name=\"author\" content=\"webmaster kapitalis\" \/>\n<meta name=\"twitter:card\" content=\"summary_large_image\" \/>\n<meta name=\"twitter:creator\" content=\"@KapitalisInfo\" \/>\n<meta name=\"twitter:site\" content=\"@KapitalisInfo\" \/>\n<meta name=\"twitter:label1\" content=\"\u00c9crit par\" \/>\n\t<meta name=\"twitter:data1\" content=\"webmaster kapitalis\" \/>\n\t<meta name=\"twitter:label2\" content=\"Dur\u00e9e de lecture estim\u00e9e\" \/>\n\t<meta name=\"twitter:data2\" content=\"2 minutes\" \/>\n<script type=\"application\/ld+json\" class=\"yoast-schema-graph\">{\"@context\":\"https:\/\/schema.org\",\"@graph\":[{\"@type\":\"Article\",\"@id\":\"https:\/\/kapitalis.com\/tunisie\/2022\/11\/29\/cherif-el-kadhi-tunisie-legalise-les-restrictions-a-la-liberte-dexpression-sur-internet\/#article\",\"isPartOf\":{\"@id\":\"https:\/\/kapitalis.com\/tunisie\/2022\/11\/29\/cherif-el-kadhi-tunisie-legalise-les-restrictions-a-la-liberte-dexpression-sur-internet\/\"},\"author\":{\"name\":\"webmaster kapitalis\",\"@id\":\"https:\/\/kapitalis.com\/tunisie\/#\/schema\/person\/d71f33a9ca44f7bad4698210b480c8e9\"},\"headline\":\"Cherif El Kadhi\u00a0: \u00abLa Tunisie l\u00e9galise les restrictions \u00e0 la libert\u00e9 d\u2019expression sur Internet\u00bb\",\"datePublished\":\"2022-11-29T11:26:11+00:00\",\"dateModified\":\"2022-12-02T11:27:08+00:00\",\"mainEntityOfPage\":{\"@id\":\"https:\/\/kapitalis.com\/tunisie\/2022\/11\/29\/cherif-el-kadhi-tunisie-legalise-les-restrictions-a-la-liberte-dexpression-sur-internet\/\"},\"wordCount\":381,\"commentCount\":1,\"publisher\":{\"@id\":\"https:\/\/kapitalis.com\/tunisie\/#organization\"},\"image\":{\"@id\":\"https:\/\/kapitalis.com\/tunisie\/2022\/11\/29\/cherif-el-kadhi-tunisie-legalise-les-restrictions-a-la-liberte-dexpression-sur-internet\/#primaryimage\"},\"thumbnailUrl\":\"https:\/\/kapitalis.com\/tunisie\/wp-content\/uploads\/2022\/11\/Cherif-El-Kadhi.jpg\",\"keywords\":[\"Access Now\",\"Cherif El Kadhi\",\"d\u00e9cret n\u00b0 54\",\"internet\",\"Ka\u00efs Saied\",\"libert\u00e9 d'expression\",\"syst\u00e8mes d\u2019information\",\"Tunisie\"],\"articleSection\":[\"MEDIA\",\"POLITIQUE\",\"Tunisie\"],\"inLanguage\":\"fr-FR\",\"potentialAction\":[{\"@type\":\"CommentAction\",\"name\":\"Comment\",\"target\":[\"https:\/\/kapitalis.com\/tunisie\/2022\/11\/29\/cherif-el-kadhi-tunisie-legalise-les-restrictions-a-la-liberte-dexpression-sur-internet\/#respond\"]}]},{\"@type\":\"WebPage\",\"@id\":\"https:\/\/kapitalis.com\/tunisie\/2022\/11\/29\/cherif-el-kadhi-tunisie-legalise-les-restrictions-a-la-liberte-dexpression-sur-internet\/\",\"url\":\"https:\/\/kapitalis.com\/tunisie\/2022\/11\/29\/cherif-el-kadhi-tunisie-legalise-les-restrictions-a-la-liberte-dexpression-sur-internet\/\",\"name\":\"Cherif El Kadhi\u00a0: \u00abLa Tunisie l\u00e9galise les restrictions \u00e0 la libert\u00e9 d\u2019expression sur Internet\u00bb - Kapitalis\",\"isPartOf\":{\"@id\":\"https:\/\/kapitalis.com\/tunisie\/#website\"},\"primaryImageOfPage\":{\"@id\":\"https:\/\/kapitalis.com\/tunisie\/2022\/11\/29\/cherif-el-kadhi-tunisie-legalise-les-restrictions-a-la-liberte-dexpression-sur-internet\/#primaryimage\"},\"image\":{\"@id\":\"https:\/\/kapitalis.com\/tunisie\/2022\/11\/29\/cherif-el-kadhi-tunisie-legalise-les-restrictions-a-la-liberte-dexpression-sur-internet\/#primaryimage\"},\"thumbnailUrl\":\"https:\/\/kapitalis.com\/tunisie\/wp-content\/uploads\/2022\/11\/Cherif-El-Kadhi.jpg\",\"datePublished\":\"2022-11-29T11:26:11+00:00\",\"dateModified\":\"2022-12-02T11:27:08+00:00\",\"breadcrumb\":{\"@id\":\"https:\/\/kapitalis.com\/tunisie\/2022\/11\/29\/cherif-el-kadhi-tunisie-legalise-les-restrictions-a-la-liberte-dexpression-sur-internet\/#breadcrumb\"},\"inLanguage\":\"fr-FR\",\"potentialAction\":[{\"@type\":\"ReadAction\",\"target\":[\"https:\/\/kapitalis.com\/tunisie\/2022\/11\/29\/cherif-el-kadhi-tunisie-legalise-les-restrictions-a-la-liberte-dexpression-sur-internet\/\"]}]},{\"@type\":\"ImageObject\",\"inLanguage\":\"fr-FR\",\"@id\":\"https:\/\/kapitalis.com\/tunisie\/2022\/11\/29\/cherif-el-kadhi-tunisie-legalise-les-restrictions-a-la-liberte-dexpression-sur-internet\/#primaryimage\",\"url\":\"https:\/\/kapitalis.com\/tunisie\/wp-content\/uploads\/2022\/11\/Cherif-El-Kadhi.jpg\",\"contentUrl\":\"https:\/\/kapitalis.com\/tunisie\/wp-content\/uploads\/2022\/11\/Cherif-El-Kadhi.jpg\",\"width\":1200,\"height\":630},{\"@type\":\"BreadcrumbList\",\"@id\":\"https:\/\/kapitalis.com\/tunisie\/2022\/11\/29\/cherif-el-kadhi-tunisie-legalise-les-restrictions-a-la-liberte-dexpression-sur-internet\/#breadcrumb\",\"itemListElement\":[{\"@type\":\"ListItem\",\"position\":1,\"name\":\"Accueil\",\"item\":\"https:\/\/kapitalis.com\/tunisie\/\"},{\"@type\":\"ListItem\",\"position\":2,\"name\":\"Cherif El Kadhi\u00a0: \u00abLa Tunisie l\u00e9galise les restrictions \u00e0 la libert\u00e9 d\u2019expression sur Internet\u00bb\"}]},{\"@type\":\"WebSite\",\"@id\":\"https:\/\/kapitalis.com\/tunisie\/#website\",\"url\":\"https:\/\/kapitalis.com\/tunisie\/\",\"name\":\"Kapitalis\",\"description\":\"L&#039;actualit\u00e9 en Tunisie et dans le monde\",\"publisher\":{\"@id\":\"https:\/\/kapitalis.com\/tunisie\/#organization\"},\"potentialAction\":[{\"@type\":\"SearchAction\",\"target\":{\"@type\":\"EntryPoint\",\"urlTemplate\":\"https:\/\/kapitalis.com\/tunisie\/?s={search_term_string}\"},\"query-input\":{\"@type\":\"PropertyValueSpecification\",\"valueRequired\":true,\"valueName\":\"search_term_string\"}}],\"inLanguage\":\"fr-FR\"},{\"@type\":\"Organization\",\"@id\":\"https:\/\/kapitalis.com\/tunisie\/#organization\",\"name\":\"Kapitalis\",\"url\":\"https:\/\/kapitalis.com\/tunisie\/\",\"logo\":{\"@type\":\"ImageObject\",\"inLanguage\":\"fr-FR\",\"@id\":\"https:\/\/kapitalis.com\/tunisie\/#\/schema\/logo\/image\/\",\"url\":\"https:\/\/kapitalis.com\/tunisie\/wp-content\/uploads\/2022\/05\/Kapitalis-big-size.png\",\"contentUrl\":\"https:\/\/kapitalis.com\/tunisie\/wp-content\/uploads\/2022\/05\/Kapitalis-big-size.png\",\"width\":5000,\"height\":1500,\"caption\":\"Kapitalis\"},\"image\":{\"@id\":\"https:\/\/kapitalis.com\/tunisie\/#\/schema\/logo\/image\/\"},\"sameAs\":[\"https:\/\/www.facebook.com\/KapitalisInfo\/\",\"https:\/\/x.com\/KapitalisInfo\",\"https:\/\/www.youtube.com\/channel\/UC-yDYrHyfFBWWZaOw3FPg9Q\"]},{\"@type\":\"Person\",\"@id\":\"https:\/\/kapitalis.com\/tunisie\/#\/schema\/person\/d71f33a9ca44f7bad4698210b480c8e9\",\"name\":\"webmaster kapitalis\",\"url\":\"https:\/\/kapitalis.com\/tunisie\/author\/webmaster-kapitalis\/\"}]}<\/script>\n<!-- \/ Yoast SEO plugin. -->","yoast_head_json":{"title":"Cherif El Kadhi\u00a0: \u00abLa Tunisie l\u00e9galise les restrictions \u00e0 la libert\u00e9 d\u2019expression sur Internet\u00bb - Kapitalis","robots":{"index":"index","follow":"follow","max-snippet":"max-snippet:-1","max-image-preview":"max-image-preview:large","max-video-preview":"max-video-preview:-1"},"canonical":"https:\/\/kapitalis.com\/tunisie\/2022\/11\/29\/cherif-el-kadhi-tunisie-legalise-les-restrictions-a-la-liberte-dexpression-sur-internet\/","og_locale":"fr_FR","og_type":"article","og_title":"Cherif El Kadhi\u00a0: \u00abLa Tunisie l\u00e9galise les restrictions \u00e0 la libert\u00e9 d\u2019expression sur Internet\u00bb - Kapitalis","og_description":"Le d\u00e9cret n\u00b0 54\u00a0 laisse un grand pouvoir discr\u00e9tionnaire aux juges et aux officiers de police judiciaire pour adapter les faits comme \u00e9tant portant atteinte \u00e0 la s\u00e9curit\u00e9 publique.","og_url":"https:\/\/kapitalis.com\/tunisie\/2022\/11\/29\/cherif-el-kadhi-tunisie-legalise-les-restrictions-a-la-liberte-dexpression-sur-internet\/","og_site_name":"Kapitalis","article_publisher":"https:\/\/www.facebook.com\/KapitalisInfo\/","article_published_time":"2022-11-29T11:26:11+00:00","article_modified_time":"2022-12-02T11:27:08+00:00","og_image":[{"width":1200,"height":630,"url":"https:\/\/kapitalis.com\/tunisie\/wp-content\/uploads\/2022\/11\/Cherif-El-Kadhi.jpg","type":"image\/jpeg"}],"author":"webmaster kapitalis","twitter_card":"summary_large_image","twitter_creator":"@KapitalisInfo","twitter_site":"@KapitalisInfo","twitter_misc":{"\u00c9crit par":"webmaster kapitalis","Dur\u00e9e de lecture estim\u00e9e":"2 minutes"},"schema":{"@context":"https:\/\/schema.org","@graph":[{"@type":"Article","@id":"https:\/\/kapitalis.com\/tunisie\/2022\/11\/29\/cherif-el-kadhi-tunisie-legalise-les-restrictions-a-la-liberte-dexpression-sur-internet\/#article","isPartOf":{"@id":"https:\/\/kapitalis.com\/tunisie\/2022\/11\/29\/cherif-el-kadhi-tunisie-legalise-les-restrictions-a-la-liberte-dexpression-sur-internet\/"},"author":{"name":"webmaster kapitalis","@id":"https:\/\/kapitalis.com\/tunisie\/#\/schema\/person\/d71f33a9ca44f7bad4698210b480c8e9"},"headline":"Cherif El Kadhi\u00a0: \u00abLa Tunisie l\u00e9galise les restrictions \u00e0 la libert\u00e9 d\u2019expression sur Internet\u00bb","datePublished":"2022-11-29T11:26:11+00:00","dateModified":"2022-12-02T11:27:08+00:00","mainEntityOfPage":{"@id":"https:\/\/kapitalis.com\/tunisie\/2022\/11\/29\/cherif-el-kadhi-tunisie-legalise-les-restrictions-a-la-liberte-dexpression-sur-internet\/"},"wordCount":381,"commentCount":1,"publisher":{"@id":"https:\/\/kapitalis.com\/tunisie\/#organization"},"image":{"@id":"https:\/\/kapitalis.com\/tunisie\/2022\/11\/29\/cherif-el-kadhi-tunisie-legalise-les-restrictions-a-la-liberte-dexpression-sur-internet\/#primaryimage"},"thumbnailUrl":"https:\/\/kapitalis.com\/tunisie\/wp-content\/uploads\/2022\/11\/Cherif-El-Kadhi.jpg","keywords":["Access Now","Cherif El Kadhi","d\u00e9cret n\u00b0 54","internet","Ka\u00efs Saied","libert\u00e9 d'expression","syst\u00e8mes d\u2019information","Tunisie"],"articleSection":["MEDIA","POLITIQUE","Tunisie"],"inLanguage":"fr-FR","potentialAction":[{"@type":"CommentAction","name":"Comment","target":["https:\/\/kapitalis.com\/tunisie\/2022\/11\/29\/cherif-el-kadhi-tunisie-legalise-les-restrictions-a-la-liberte-dexpression-sur-internet\/#respond"]}]},{"@type":"WebPage","@id":"https:\/\/kapitalis.com\/tunisie\/2022\/11\/29\/cherif-el-kadhi-tunisie-legalise-les-restrictions-a-la-liberte-dexpression-sur-internet\/","url":"https:\/\/kapitalis.com\/tunisie\/2022\/11\/29\/cherif-el-kadhi-tunisie-legalise-les-restrictions-a-la-liberte-dexpression-sur-internet\/","name":"Cherif El Kadhi\u00a0: \u00abLa Tunisie l\u00e9galise les restrictions \u00e0 la libert\u00e9 d\u2019expression sur Internet\u00bb - Kapitalis","isPartOf":{"@id":"https:\/\/kapitalis.com\/tunisie\/#website"},"primaryImageOfPage":{"@id":"https:\/\/kapitalis.com\/tunisie\/2022\/11\/29\/cherif-el-kadhi-tunisie-legalise-les-restrictions-a-la-liberte-dexpression-sur-internet\/#primaryimage"},"image":{"@id":"https:\/\/kapitalis.com\/tunisie\/2022\/11\/29\/cherif-el-kadhi-tunisie-legalise-les-restrictions-a-la-liberte-dexpression-sur-internet\/#primaryimage"},"thumbnailUrl":"https:\/\/kapitalis.com\/tunisie\/wp-content\/uploads\/2022\/11\/Cherif-El-Kadhi.jpg","datePublished":"2022-11-29T11:26:11+00:00","dateModified":"2022-12-02T11:27:08+00:00","breadcrumb":{"@id":"https:\/\/kapitalis.com\/tunisie\/2022\/11\/29\/cherif-el-kadhi-tunisie-legalise-les-restrictions-a-la-liberte-dexpression-sur-internet\/#breadcrumb"},"inLanguage":"fr-FR","potentialAction":[{"@type":"ReadAction","target":["https:\/\/kapitalis.com\/tunisie\/2022\/11\/29\/cherif-el-kadhi-tunisie-legalise-les-restrictions-a-la-liberte-dexpression-sur-internet\/"]}]},{"@type":"ImageObject","inLanguage":"fr-FR","@id":"https:\/\/kapitalis.com\/tunisie\/2022\/11\/29\/cherif-el-kadhi-tunisie-legalise-les-restrictions-a-la-liberte-dexpression-sur-internet\/#primaryimage","url":"https:\/\/kapitalis.com\/tunisie\/wp-content\/uploads\/2022\/11\/Cherif-El-Kadhi.jpg","contentUrl":"https:\/\/kapitalis.com\/tunisie\/wp-content\/uploads\/2022\/11\/Cherif-El-Kadhi.jpg","width":1200,"height":630},{"@type":"BreadcrumbList","@id":"https:\/\/kapitalis.com\/tunisie\/2022\/11\/29\/cherif-el-kadhi-tunisie-legalise-les-restrictions-a-la-liberte-dexpression-sur-internet\/#breadcrumb","itemListElement":[{"@type":"ListItem","position":1,"name":"Accueil","item":"https:\/\/kapitalis.com\/tunisie\/"},{"@type":"ListItem","position":2,"name":"Cherif El Kadhi\u00a0: \u00abLa Tunisie l\u00e9galise les restrictions \u00e0 la libert\u00e9 d\u2019expression sur Internet\u00bb"}]},{"@type":"WebSite","@id":"https:\/\/kapitalis.com\/tunisie\/#website","url":"https:\/\/kapitalis.com\/tunisie\/","name":"Kapitalis","description":"L&#039;actualit\u00e9 en Tunisie et dans le monde","publisher":{"@id":"https:\/\/kapitalis.com\/tunisie\/#organization"},"potentialAction":[{"@type":"SearchAction","target":{"@type":"EntryPoint","urlTemplate":"https:\/\/kapitalis.com\/tunisie\/?s={search_term_string}"},"query-input":{"@type":"PropertyValueSpecification","valueRequired":true,"valueName":"search_term_string"}}],"inLanguage":"fr-FR"},{"@type":"Organization","@id":"https:\/\/kapitalis.com\/tunisie\/#organization","name":"Kapitalis","url":"https:\/\/kapitalis.com\/tunisie\/","logo":{"@type":"ImageObject","inLanguage":"fr-FR","@id":"https:\/\/kapitalis.com\/tunisie\/#\/schema\/logo\/image\/","url":"https:\/\/kapitalis.com\/tunisie\/wp-content\/uploads\/2022\/05\/Kapitalis-big-size.png","contentUrl":"https:\/\/kapitalis.com\/tunisie\/wp-content\/uploads\/2022\/05\/Kapitalis-big-size.png","width":5000,"height":1500,"caption":"Kapitalis"},"image":{"@id":"https:\/\/kapitalis.com\/tunisie\/#\/schema\/logo\/image\/"},"sameAs":["https:\/\/www.facebook.com\/KapitalisInfo\/","https:\/\/x.com\/KapitalisInfo","https:\/\/www.youtube.com\/channel\/UC-yDYrHyfFBWWZaOw3FPg9Q"]},{"@type":"Person","@id":"https:\/\/kapitalis.com\/tunisie\/#\/schema\/person\/d71f33a9ca44f7bad4698210b480c8e9","name":"webmaster kapitalis","url":"https:\/\/kapitalis.com\/tunisie\/author\/webmaster-kapitalis\/"}]}},"_links":{"self":[{"href":"https:\/\/kapitalis.com\/tunisie\/wp-json\/wp\/v2\/posts\/5364824","targetHints":{"allow":["GET"]}}],"collection":[{"href":"https:\/\/kapitalis.com\/tunisie\/wp-json\/wp\/v2\/posts"}],"about":[{"href":"https:\/\/kapitalis.com\/tunisie\/wp-json\/wp\/v2\/types\/post"}],"author":[{"embeddable":true,"href":"https:\/\/kapitalis.com\/tunisie\/wp-json\/wp\/v2\/users\/8"}],"replies":[{"embeddable":true,"href":"https:\/\/kapitalis.com\/tunisie\/wp-json\/wp\/v2\/comments?post=5364824"}],"version-history":[{"count":2,"href":"https:\/\/kapitalis.com\/tunisie\/wp-json\/wp\/v2\/posts\/5364824\/revisions"}],"predecessor-version":[{"id":5437230,"href":"https:\/\/kapitalis.com\/tunisie\/wp-json\/wp\/v2\/posts\/5364824\/revisions\/5437230"}],"wp:featuredmedia":[{"embeddable":true,"href":"https:\/\/kapitalis.com\/tunisie\/wp-json\/wp\/v2\/media\/5364868"}],"wp:attachment":[{"href":"https:\/\/kapitalis.com\/tunisie\/wp-json\/wp\/v2\/media?parent=5364824"}],"wp:term":[{"taxonomy":"category","embeddable":true,"href":"https:\/\/kapitalis.com\/tunisie\/wp-json\/wp\/v2\/categories?post=5364824"},{"taxonomy":"post_tag","embeddable":true,"href":"https:\/\/kapitalis.com\/tunisie\/wp-json\/wp\/v2\/tags?post=5364824"}],"curies":[{"name":"wp","href":"https:\/\/api.w.org\/{rel}","templated":true}]}}