{"id":537,"date":"2015-05-19T12:26:15","date_gmt":"2015-05-19T11:26:15","guid":{"rendered":"http:\/\/www.kapitalis.com\/tunisie\/?p=537"},"modified":"2015-05-19T12:26:15","modified_gmt":"2015-05-19T11:26:15","slug":"le-libyen-walid-al-qalib-dirigeant-de-fajr-libya-poursuivi-en-justice-en-tunisie","status":"publish","type":"post","link":"https:\/\/kapitalis.com\/tunisie\/2015\/05\/19\/le-libyen-walid-al-qalib-dirigeant-de-fajr-libya-poursuivi-en-justice-en-tunisie\/","title":{"rendered":"Le Libyen Walid Al-Qalib, dirigeant de Fajr Libya, poursuivi en justice en Tunisie"},"content":{"rendered":"<p><a href=\"http:\/\/kapitalis.net\/wordpress\/wp-content\/uploads\/2015\/05\/libye2.jpg\"><img loading=\"lazy\" decoding=\"async\" class=\"aligncenter size-full wp-image-496\" src=\"http:\/\/kapitalis.net\/wordpress\/wp-content\/uploads\/2015\/05\/libye2.jpg\" alt=\"libye2\" width=\"626\" height=\"380\" \/><\/a><\/p>\n<p><em><strong>Le tribunal de 1\u00e8re instance de Tunis a \u00e9mis, aujourd\u2019hui, un mandat de d\u00e9p\u00f4t contre le Libyen Walid Al-Qalib, le dirigeant de Fajr Libya, suspect\u00e9 dans une affaire terroriste.<\/strong><\/em><\/p>\n<p>&nbsp;<\/p>\n<p>Arr\u00eat\u00e9 jeudi dernier \u00e0 l\u2019a\u00e9roport international de Tunis-Carthage, Walid Al-Qalib a comparu, aujourd\u2019hui, lundi 18 mai 2015, devant le juge d\u2019instruction de la 10<sup>e<\/sup> chambre aupr\u00e8s du tribunal de premi\u00e8re instance de Tunis, qui a \u00e9mis un mandat de d\u00e9p\u00f4t contre lui.<\/p>\n<p>Le dirigeant de la milice islamiste de Fajr Libya, qui \u00e9t\u00e9 entendu en pr\u00e9sence de son avocat, est accus\u00e9, selon les premi\u00e8res indiscr\u00e9tions, d\u2019avoir menac\u00e9 avec des armes des personnes et de les avoir s\u00e9questr\u00e9s dans une ferme en Libye. Son nom figure, par ailleurs, sur des listes d\u2019\u00e9l\u00e9ments terroristes recherch\u00e9s.<\/p>\n<p>Le porte-parole du tribunal de premi\u00e8re instance de Tunis Sofiene Sliti a confirm\u00e9 l\u2019arrestation de Walid Al-Qalib, mais n\u2019a pas donn\u00e9 d\u2019autre pr\u00e9cision.<\/p>\n<p>Certaines parties libyennes relient son arrestation \u00e0 l\u2019enl\u00e8vement, depuis samedi, \u00e0 Tripoli, de pr\u00e8s de 200 Tunisiens par des groupes arm\u00e9s qui exigent la lib\u00e9ration de Walid Al-Qalib n contrepartie de leur lib\u00e9ration.<\/p>\n<p>Le minist\u00e8re tunisien des Affaires \u00e9trang\u00e8res d\u00e9ment l\u2019existence de lien entre les deux affaires et affirme que des n\u00e9gociations sont en cours avec les autorit\u00e9s libyennes pour faire lib\u00e9rer les Tunisiens pris en otage en Libye.<\/p>\n<p style=\"text-align: right;\"><strong>Z. A.<\/strong><\/p>\n","protected":false},"excerpt":{"rendered":"<p>Le tribunal de 1\u00e8re instance de Tunis a \u00e9mis, aujourd\u2019hui, un mandat de d\u00e9p\u00f4t contre le Libyen Walid Al-Qalib, le dirigeant de Fajr Libya, suspect\u00e9 dans une affaire terroriste. &nbsp; Arr\u00eat\u00e9 jeudi dernier \u00e0 l\u2019a\u00e9roport international de Tunis-Carthage, Walid Al-Qalib a comparu, aujourd\u2019hui, lundi 18 mai 2015, devant le juge d\u2019instruction de la 10e chambre&#8230;<\/p>\n","protected":false},"author":1,"featured_media":0,"comment_status":"open","ping_status":"open","sticky":false,"template":"","format":"standard","meta":{"footnotes":""},"categories":[997],"tags":[370],"class_list":["post-537","post","type-post","status-publish","format-standard","hentry","category-politique","tag-fajr-libya"],"yoast_head":"<!-- This site is optimized with the Yoast SEO plugin v26.6 - https:\/\/yoast.com\/wordpress\/plugins\/seo\/ -->\n<title>Le Libyen Walid Al-Qalib, dirigeant de Fajr Libya, poursuivi en justice en Tunisie - Kapitalis<\/title>\n<meta name=\"robots\" content=\"index, follow, max-snippet:-1, max-image-preview:large, max-video-preview:-1\" \/>\n<link rel=\"canonical\" href=\"https:\/\/kapitalis.com\/tunisie\/2015\/05\/19\/le-libyen-walid-al-qalib-dirigeant-de-fajr-libya-poursuivi-en-justice-en-tunisie\/\" \/>\n<meta property=\"og:locale\" content=\"fr_FR\" \/>\n<meta property=\"og:type\" content=\"article\" \/>\n<meta property=\"og:title\" content=\"Le Libyen Walid Al-Qalib, dirigeant de Fajr Libya, poursuivi en justice en Tunisie - Kapitalis\" \/>\n<meta property=\"og:description\" content=\"Le tribunal de 1\u00e8re instance de Tunis a \u00e9mis, aujourd\u2019hui, un mandat de d\u00e9p\u00f4t contre le Libyen Walid Al-Qalib, le dirigeant de Fajr Libya, suspect\u00e9 dans une affaire terroriste. &nbsp; Arr\u00eat\u00e9 jeudi dernier \u00e0 l\u2019a\u00e9roport international de Tunis-Carthage, Walid Al-Qalib a comparu, aujourd\u2019hui, lundi 18 mai 2015, devant le juge d\u2019instruction de la 10e chambre...\" \/>\n<meta property=\"og:url\" content=\"https:\/\/kapitalis.com\/tunisie\/2015\/05\/19\/le-libyen-walid-al-qalib-dirigeant-de-fajr-libya-poursuivi-en-justice-en-tunisie\/\" \/>\n<meta property=\"og:site_name\" content=\"Kapitalis\" \/>\n<meta property=\"article:publisher\" content=\"https:\/\/www.facebook.com\/KapitalisInfo\/\" \/>\n<meta property=\"article:published_time\" content=\"2015-05-19T11:26:15+00:00\" \/>\n<meta property=\"og:image\" content=\"http:\/\/kapitalis.net\/wordpress\/wp-content\/uploads\/2015\/05\/libye2.jpg\" \/>\n<meta name=\"author\" content=\"mounir\" \/>\n<meta name=\"twitter:card\" content=\"summary_large_image\" \/>\n<meta name=\"twitter:creator\" content=\"@KapitalisInfo\" \/>\n<meta name=\"twitter:site\" content=\"@KapitalisInfo\" \/>\n<meta name=\"twitter:label1\" content=\"\u00c9crit par\" \/>\n\t<meta name=\"twitter:data1\" content=\"mounir\" \/>\n\t<meta name=\"twitter:label2\" content=\"Dur\u00e9e de lecture estim\u00e9e\" \/>\n\t<meta name=\"twitter:data2\" content=\"1 minute\" \/>\n<script type=\"application\/ld+json\" class=\"yoast-schema-graph\">{\"@context\":\"https:\/\/schema.org\",\"@graph\":[{\"@type\":\"Article\",\"@id\":\"https:\/\/kapitalis.com\/tunisie\/2015\/05\/19\/le-libyen-walid-al-qalib-dirigeant-de-fajr-libya-poursuivi-en-justice-en-tunisie\/#article\",\"isPartOf\":{\"@id\":\"https:\/\/kapitalis.com\/tunisie\/2015\/05\/19\/le-libyen-walid-al-qalib-dirigeant-de-fajr-libya-poursuivi-en-justice-en-tunisie\/\"},\"author\":{\"name\":\"mounir\",\"@id\":\"https:\/\/kapitalis.com\/tunisie\/#\/schema\/person\/aa55121cdc1c0fa4794a24cff31f746f\"},\"headline\":\"Le Libyen Walid Al-Qalib, dirigeant de Fajr Libya, poursuivi en justice en Tunisie\",\"datePublished\":\"2015-05-19T11:26:15+00:00\",\"mainEntityOfPage\":{\"@id\":\"https:\/\/kapitalis.com\/tunisie\/2015\/05\/19\/le-libyen-walid-al-qalib-dirigeant-de-fajr-libya-poursuivi-en-justice-en-tunisie\/\"},\"wordCount\":263,\"commentCount\":0,\"publisher\":{\"@id\":\"https:\/\/kapitalis.com\/tunisie\/#organization\"},\"image\":{\"@id\":\"https:\/\/kapitalis.com\/tunisie\/2015\/05\/19\/le-libyen-walid-al-qalib-dirigeant-de-fajr-libya-poursuivi-en-justice-en-tunisie\/#primaryimage\"},\"thumbnailUrl\":\"http:\/\/kapitalis.net\/wordpress\/wp-content\/uploads\/2015\/05\/libye2.jpg\",\"keywords\":[\"Fajr Libya\"],\"articleSection\":[\"POLITIQUE\"],\"inLanguage\":\"fr-FR\",\"potentialAction\":[{\"@type\":\"CommentAction\",\"name\":\"Comment\",\"target\":[\"https:\/\/kapitalis.com\/tunisie\/2015\/05\/19\/le-libyen-walid-al-qalib-dirigeant-de-fajr-libya-poursuivi-en-justice-en-tunisie\/#respond\"]}]},{\"@type\":\"WebPage\",\"@id\":\"https:\/\/kapitalis.com\/tunisie\/2015\/05\/19\/le-libyen-walid-al-qalib-dirigeant-de-fajr-libya-poursuivi-en-justice-en-tunisie\/\",\"url\":\"https:\/\/kapitalis.com\/tunisie\/2015\/05\/19\/le-libyen-walid-al-qalib-dirigeant-de-fajr-libya-poursuivi-en-justice-en-tunisie\/\",\"name\":\"Le Libyen Walid Al-Qalib, dirigeant de Fajr Libya, poursuivi en justice en Tunisie - Kapitalis\",\"isPartOf\":{\"@id\":\"https:\/\/kapitalis.com\/tunisie\/#website\"},\"primaryImageOfPage\":{\"@id\":\"https:\/\/kapitalis.com\/tunisie\/2015\/05\/19\/le-libyen-walid-al-qalib-dirigeant-de-fajr-libya-poursuivi-en-justice-en-tunisie\/#primaryimage\"},\"image\":{\"@id\":\"https:\/\/kapitalis.com\/tunisie\/2015\/05\/19\/le-libyen-walid-al-qalib-dirigeant-de-fajr-libya-poursuivi-en-justice-en-tunisie\/#primaryimage\"},\"thumbnailUrl\":\"http:\/\/kapitalis.net\/wordpress\/wp-content\/uploads\/2015\/05\/libye2.jpg\",\"datePublished\":\"2015-05-19T11:26:15+00:00\",\"breadcrumb\":{\"@id\":\"https:\/\/kapitalis.com\/tunisie\/2015\/05\/19\/le-libyen-walid-al-qalib-dirigeant-de-fajr-libya-poursuivi-en-justice-en-tunisie\/#breadcrumb\"},\"inLanguage\":\"fr-FR\",\"potentialAction\":[{\"@type\":\"ReadAction\",\"target\":[\"https:\/\/kapitalis.com\/tunisie\/2015\/05\/19\/le-libyen-walid-al-qalib-dirigeant-de-fajr-libya-poursuivi-en-justice-en-tunisie\/\"]}]},{\"@type\":\"ImageObject\",\"inLanguage\":\"fr-FR\",\"@id\":\"https:\/\/kapitalis.com\/tunisie\/2015\/05\/19\/le-libyen-walid-al-qalib-dirigeant-de-fajr-libya-poursuivi-en-justice-en-tunisie\/#primaryimage\",\"url\":\"http:\/\/kapitalis.net\/wordpress\/wp-content\/uploads\/2015\/05\/libye2.jpg\",\"contentUrl\":\"http:\/\/kapitalis.net\/wordpress\/wp-content\/uploads\/2015\/05\/libye2.jpg\"},{\"@type\":\"BreadcrumbList\",\"@id\":\"https:\/\/kapitalis.com\/tunisie\/2015\/05\/19\/le-libyen-walid-al-qalib-dirigeant-de-fajr-libya-poursuivi-en-justice-en-tunisie\/#breadcrumb\",\"itemListElement\":[{\"@type\":\"ListItem\",\"position\":1,\"name\":\"Accueil\",\"item\":\"https:\/\/kapitalis.com\/tunisie\/\"},{\"@type\":\"ListItem\",\"position\":2,\"name\":\"Le Libyen Walid Al-Qalib, dirigeant de Fajr Libya, poursuivi en justice en Tunisie\"}]},{\"@type\":\"WebSite\",\"@id\":\"https:\/\/kapitalis.com\/tunisie\/#website\",\"url\":\"https:\/\/kapitalis.com\/tunisie\/\",\"name\":\"Kapitalis\",\"description\":\"L&#039;actualit\u00e9 en Tunisie et dans le monde\",\"publisher\":{\"@id\":\"https:\/\/kapitalis.com\/tunisie\/#organization\"},\"potentialAction\":[{\"@type\":\"SearchAction\",\"target\":{\"@type\":\"EntryPoint\",\"urlTemplate\":\"https:\/\/kapitalis.com\/tunisie\/?s={search_term_string}\"},\"query-input\":{\"@type\":\"PropertyValueSpecification\",\"valueRequired\":true,\"valueName\":\"search_term_string\"}}],\"inLanguage\":\"fr-FR\"},{\"@type\":\"Organization\",\"@id\":\"https:\/\/kapitalis.com\/tunisie\/#organization\",\"name\":\"Kapitalis\",\"url\":\"https:\/\/kapitalis.com\/tunisie\/\",\"logo\":{\"@type\":\"ImageObject\",\"inLanguage\":\"fr-FR\",\"@id\":\"https:\/\/kapitalis.com\/tunisie\/#\/schema\/logo\/image\/\",\"url\":\"https:\/\/kapitalis.com\/tunisie\/wp-content\/uploads\/2022\/05\/Kapitalis-big-size.png\",\"contentUrl\":\"https:\/\/kapitalis.com\/tunisie\/wp-content\/uploads\/2022\/05\/Kapitalis-big-size.png\",\"width\":5000,\"height\":1500,\"caption\":\"Kapitalis\"},\"image\":{\"@id\":\"https:\/\/kapitalis.com\/tunisie\/#\/schema\/logo\/image\/\"},\"sameAs\":[\"https:\/\/www.facebook.com\/KapitalisInfo\/\",\"https:\/\/x.com\/KapitalisInfo\",\"https:\/\/www.youtube.com\/channel\/UC-yDYrHyfFBWWZaOw3FPg9Q\"]},{\"@type\":\"Person\",\"@id\":\"https:\/\/kapitalis.com\/tunisie\/#\/schema\/person\/aa55121cdc1c0fa4794a24cff31f746f\",\"name\":\"mounir\",\"sameAs\":[\"https:\/\/kapitalis.com\/tunisie\"],\"url\":\"https:\/\/kapitalis.com\/tunisie\/author\/mounir\/\"}]}<\/script>\n<!-- \/ Yoast SEO plugin. -->","yoast_head_json":{"title":"Le Libyen Walid Al-Qalib, dirigeant de Fajr Libya, poursuivi en justice en Tunisie - Kapitalis","robots":{"index":"index","follow":"follow","max-snippet":"max-snippet:-1","max-image-preview":"max-image-preview:large","max-video-preview":"max-video-preview:-1"},"canonical":"https:\/\/kapitalis.com\/tunisie\/2015\/05\/19\/le-libyen-walid-al-qalib-dirigeant-de-fajr-libya-poursuivi-en-justice-en-tunisie\/","og_locale":"fr_FR","og_type":"article","og_title":"Le Libyen Walid Al-Qalib, dirigeant de Fajr Libya, poursuivi en justice en Tunisie - Kapitalis","og_description":"Le tribunal de 1\u00e8re instance de Tunis a \u00e9mis, aujourd\u2019hui, un mandat de d\u00e9p\u00f4t contre le Libyen Walid Al-Qalib, le dirigeant de Fajr Libya, suspect\u00e9 dans une affaire terroriste. &nbsp; Arr\u00eat\u00e9 jeudi dernier \u00e0 l\u2019a\u00e9roport international de Tunis-Carthage, Walid Al-Qalib a comparu, aujourd\u2019hui, lundi 18 mai 2015, devant le juge d\u2019instruction de la 10e chambre...","og_url":"https:\/\/kapitalis.com\/tunisie\/2015\/05\/19\/le-libyen-walid-al-qalib-dirigeant-de-fajr-libya-poursuivi-en-justice-en-tunisie\/","og_site_name":"Kapitalis","article_publisher":"https:\/\/www.facebook.com\/KapitalisInfo\/","article_published_time":"2015-05-19T11:26:15+00:00","og_image":[{"url":"http:\/\/kapitalis.net\/wordpress\/wp-content\/uploads\/2015\/05\/libye2.jpg","type":"","width":"","height":""}],"author":"mounir","twitter_card":"summary_large_image","twitter_creator":"@KapitalisInfo","twitter_site":"@KapitalisInfo","twitter_misc":{"\u00c9crit par":"mounir","Dur\u00e9e de lecture estim\u00e9e":"1 minute"},"schema":{"@context":"https:\/\/schema.org","@graph":[{"@type":"Article","@id":"https:\/\/kapitalis.com\/tunisie\/2015\/05\/19\/le-libyen-walid-al-qalib-dirigeant-de-fajr-libya-poursuivi-en-justice-en-tunisie\/#article","isPartOf":{"@id":"https:\/\/kapitalis.com\/tunisie\/2015\/05\/19\/le-libyen-walid-al-qalib-dirigeant-de-fajr-libya-poursuivi-en-justice-en-tunisie\/"},"author":{"name":"mounir","@id":"https:\/\/kapitalis.com\/tunisie\/#\/schema\/person\/aa55121cdc1c0fa4794a24cff31f746f"},"headline":"Le Libyen Walid Al-Qalib, dirigeant de Fajr Libya, poursuivi en justice en Tunisie","datePublished":"2015-05-19T11:26:15+00:00","mainEntityOfPage":{"@id":"https:\/\/kapitalis.com\/tunisie\/2015\/05\/19\/le-libyen-walid-al-qalib-dirigeant-de-fajr-libya-poursuivi-en-justice-en-tunisie\/"},"wordCount":263,"commentCount":0,"publisher":{"@id":"https:\/\/kapitalis.com\/tunisie\/#organization"},"image":{"@id":"https:\/\/kapitalis.com\/tunisie\/2015\/05\/19\/le-libyen-walid-al-qalib-dirigeant-de-fajr-libya-poursuivi-en-justice-en-tunisie\/#primaryimage"},"thumbnailUrl":"http:\/\/kapitalis.net\/wordpress\/wp-content\/uploads\/2015\/05\/libye2.jpg","keywords":["Fajr Libya"],"articleSection":["POLITIQUE"],"inLanguage":"fr-FR","potentialAction":[{"@type":"CommentAction","name":"Comment","target":["https:\/\/kapitalis.com\/tunisie\/2015\/05\/19\/le-libyen-walid-al-qalib-dirigeant-de-fajr-libya-poursuivi-en-justice-en-tunisie\/#respond"]}]},{"@type":"WebPage","@id":"https:\/\/kapitalis.com\/tunisie\/2015\/05\/19\/le-libyen-walid-al-qalib-dirigeant-de-fajr-libya-poursuivi-en-justice-en-tunisie\/","url":"https:\/\/kapitalis.com\/tunisie\/2015\/05\/19\/le-libyen-walid-al-qalib-dirigeant-de-fajr-libya-poursuivi-en-justice-en-tunisie\/","name":"Le Libyen Walid Al-Qalib, dirigeant de Fajr Libya, poursuivi en justice en Tunisie - Kapitalis","isPartOf":{"@id":"https:\/\/kapitalis.com\/tunisie\/#website"},"primaryImageOfPage":{"@id":"https:\/\/kapitalis.com\/tunisie\/2015\/05\/19\/le-libyen-walid-al-qalib-dirigeant-de-fajr-libya-poursuivi-en-justice-en-tunisie\/#primaryimage"},"image":{"@id":"https:\/\/kapitalis.com\/tunisie\/2015\/05\/19\/le-libyen-walid-al-qalib-dirigeant-de-fajr-libya-poursuivi-en-justice-en-tunisie\/#primaryimage"},"thumbnailUrl":"http:\/\/kapitalis.net\/wordpress\/wp-content\/uploads\/2015\/05\/libye2.jpg","datePublished":"2015-05-19T11:26:15+00:00","breadcrumb":{"@id":"https:\/\/kapitalis.com\/tunisie\/2015\/05\/19\/le-libyen-walid-al-qalib-dirigeant-de-fajr-libya-poursuivi-en-justice-en-tunisie\/#breadcrumb"},"inLanguage":"fr-FR","potentialAction":[{"@type":"ReadAction","target":["https:\/\/kapitalis.com\/tunisie\/2015\/05\/19\/le-libyen-walid-al-qalib-dirigeant-de-fajr-libya-poursuivi-en-justice-en-tunisie\/"]}]},{"@type":"ImageObject","inLanguage":"fr-FR","@id":"https:\/\/kapitalis.com\/tunisie\/2015\/05\/19\/le-libyen-walid-al-qalib-dirigeant-de-fajr-libya-poursuivi-en-justice-en-tunisie\/#primaryimage","url":"http:\/\/kapitalis.net\/wordpress\/wp-content\/uploads\/2015\/05\/libye2.jpg","contentUrl":"http:\/\/kapitalis.net\/wordpress\/wp-content\/uploads\/2015\/05\/libye2.jpg"},{"@type":"BreadcrumbList","@id":"https:\/\/kapitalis.com\/tunisie\/2015\/05\/19\/le-libyen-walid-al-qalib-dirigeant-de-fajr-libya-poursuivi-en-justice-en-tunisie\/#breadcrumb","itemListElement":[{"@type":"ListItem","position":1,"name":"Accueil","item":"https:\/\/kapitalis.com\/tunisie\/"},{"@type":"ListItem","position":2,"name":"Le Libyen Walid Al-Qalib, dirigeant de Fajr Libya, poursuivi en justice en Tunisie"}]},{"@type":"WebSite","@id":"https:\/\/kapitalis.com\/tunisie\/#website","url":"https:\/\/kapitalis.com\/tunisie\/","name":"Kapitalis","description":"L&#039;actualit\u00e9 en Tunisie et dans le monde","publisher":{"@id":"https:\/\/kapitalis.com\/tunisie\/#organization"},"potentialAction":[{"@type":"SearchAction","target":{"@type":"EntryPoint","urlTemplate":"https:\/\/kapitalis.com\/tunisie\/?s={search_term_string}"},"query-input":{"@type":"PropertyValueSpecification","valueRequired":true,"valueName":"search_term_string"}}],"inLanguage":"fr-FR"},{"@type":"Organization","@id":"https:\/\/kapitalis.com\/tunisie\/#organization","name":"Kapitalis","url":"https:\/\/kapitalis.com\/tunisie\/","logo":{"@type":"ImageObject","inLanguage":"fr-FR","@id":"https:\/\/kapitalis.com\/tunisie\/#\/schema\/logo\/image\/","url":"https:\/\/kapitalis.com\/tunisie\/wp-content\/uploads\/2022\/05\/Kapitalis-big-size.png","contentUrl":"https:\/\/kapitalis.com\/tunisie\/wp-content\/uploads\/2022\/05\/Kapitalis-big-size.png","width":5000,"height":1500,"caption":"Kapitalis"},"image":{"@id":"https:\/\/kapitalis.com\/tunisie\/#\/schema\/logo\/image\/"},"sameAs":["https:\/\/www.facebook.com\/KapitalisInfo\/","https:\/\/x.com\/KapitalisInfo","https:\/\/www.youtube.com\/channel\/UC-yDYrHyfFBWWZaOw3FPg9Q"]},{"@type":"Person","@id":"https:\/\/kapitalis.com\/tunisie\/#\/schema\/person\/aa55121cdc1c0fa4794a24cff31f746f","name":"mounir","sameAs":["https:\/\/kapitalis.com\/tunisie"],"url":"https:\/\/kapitalis.com\/tunisie\/author\/mounir\/"}]}},"_links":{"self":[{"href":"https:\/\/kapitalis.com\/tunisie\/wp-json\/wp\/v2\/posts\/537","targetHints":{"allow":["GET"]}}],"collection":[{"href":"https:\/\/kapitalis.com\/tunisie\/wp-json\/wp\/v2\/posts"}],"about":[{"href":"https:\/\/kapitalis.com\/tunisie\/wp-json\/wp\/v2\/types\/post"}],"author":[{"embeddable":true,"href":"https:\/\/kapitalis.com\/tunisie\/wp-json\/wp\/v2\/users\/1"}],"replies":[{"embeddable":true,"href":"https:\/\/kapitalis.com\/tunisie\/wp-json\/wp\/v2\/comments?post=537"}],"version-history":[{"count":0,"href":"https:\/\/kapitalis.com\/tunisie\/wp-json\/wp\/v2\/posts\/537\/revisions"}],"wp:attachment":[{"href":"https:\/\/kapitalis.com\/tunisie\/wp-json\/wp\/v2\/media?parent=537"}],"wp:term":[{"taxonomy":"category","embeddable":true,"href":"https:\/\/kapitalis.com\/tunisie\/wp-json\/wp\/v2\/categories?post=537"},{"taxonomy":"post_tag","embeddable":true,"href":"https:\/\/kapitalis.com\/tunisie\/wp-json\/wp\/v2\/tags?post=537"}],"curies":[{"name":"wp","href":"https:\/\/api.w.org\/{rel}","templated":true}]}}