{"id":5376722,"date":"2022-11-30T06:32:28","date_gmt":"2022-11-30T05:32:28","guid":{"rendered":"https:\/\/kapitalis.com\/tunisie\/?p=5376722"},"modified":"2022-11-30T06:32:31","modified_gmt":"2022-11-30T05:32:31","slug":"tunisie-le-marche-de-fin-dannee-de-loim-du-2-au-4-decembre-a-la-marsa","status":"publish","type":"post","link":"https:\/\/kapitalis.com\/tunisie\/2022\/11\/30\/tunisie-le-marche-de-fin-dannee-de-loim-du-2-au-4-decembre-a-la-marsa\/","title":{"rendered":"Tunisie\u00a0: le March\u00e9 de fin d\u2019ann\u00e9e de l\u2019OIM du 2 au 4 d\u00e9cembre \u00e0 la Marsa"},"content":{"rendered":"\n<p><strong><em>Apr\u00e8s le succ\u00e8s de ses pr\u00e9c\u00e9dentes \u00e9ditions en 2020 et 2021, le March\u00e9 de fin d\u2019ann\u00e9e pour la promotion de l\u2019entrepreneuriat inclusif fait son retour du 2 au 4 d\u00e9cembre 2022 sur le Boulevard de La Marsa (Corniche), au nord de Tunis.<\/em><\/strong><\/p>\n\n\n\n<!--more-->\n\n\n\n<p>Initi\u00e9 par l\u2019Organisation Internationale pour les Migrations (OIM), en collaboration avec La municipalit\u00e9 de la Marsa et le soutien de l\u2019Union europ\u00e9enne, de l\u2019Agence Italienne pour la Coop\u00e9ration au D\u00e9veloppement (AICS) et Le Bureau d\u2019Assistance Humanitaire (BHA) de l\u2019USAID, ce march\u00e9 promeut la diversit\u00e9 et l\u2019inclusion en entrepreneuriat, \u00e0 travers la lib\u00e9ration du potentiel de jeunes talents, tunisiens soutenus par la diaspora et migrants vivant en Tunisie, \u00e0 l\u2019origine d\u2019une innovation et cr\u00e9ation de valeur pour la Tunisie.<\/p>\n\n\n\n<p>Des exposants en provenance de 11 r\u00e9gions qui sont Bizerte, Gabes, Gafsa, Jendouba, Le Kef, M\u00e9denine, Sidi Bouzid, Sfax, Tunis, Tabarka, et Tataouine, sont r\u00e9unis le temps d\u2019un weekend pour pr\u00e9senter au grand public, une large gamme de produits allant du pr\u00eat \u00e0 porter et accessoires, aux objets d\u00e9coratifs, et aux huiles essentielles naturelles, gastronomie locale des r\u00e9gions, et cosm\u00e9tiques bio.<\/p>\n\n\n\n<p>Le March\u00e9 de fin d\u2019ann\u00e9e est plac\u00e9 sous le signe de la qualit\u00e9, de l\u2019authenticit\u00e9 et de l\u2019originalit\u00e9, dans un contexte de soutien aux entrepreneur(se)s, Tunisiens et migrants. Une chance formidable pour les visiteurs en recherche d\u2019id\u00e9es cadeaux, de venir \u00e0 la rencontre des cr\u00e9ateurs qui feront d\u00e9couvrir leur savoir-faire.<\/p>\n\n\n\n<p>Le march\u00e9 sera ouvert au public de 10h00 \u00e0 19h00.<\/p>\n\n\n\n<p><strong><em>Communiqu\u00e9.<\/em><\/strong><\/p>\n","protected":false},"excerpt":{"rendered":"<p>Le March\u00e9 de fin d\u2019ann\u00e9e promeut l\u2019entrepreneuriat inclusif des artisans tunisiens et migrants vivant en Tunisie. <\/p>\n","protected":false},"author":8,"featured_media":5376728,"comment_status":"open","ping_status":"open","sticky":false,"template":"","format":"standard","meta":{"footnotes":""},"categories":[993,998,2433],"tags":[64964,2991,104739,3145,16732,62643,1990],"class_list":["post-5376722","post","type-post","status-publish","format-standard","has-post-thumbnail","hentry","category-conso","category-societe","category-tunisie","tag-aics","tag-la-marsa","tag-marche-de-fin-dannee","tag-migrants","tag-oim","tag-tunisie","tag-usaid"],"yoast_head":"<!-- This site is optimized with the Yoast SEO plugin v26.6 - https:\/\/yoast.com\/wordpress\/plugins\/seo\/ -->\n<title>Tunisie\u00a0: le March\u00e9 de fin d\u2019ann\u00e9e de l\u2019OIM du 2 au 4 d\u00e9cembre \u00e0 la Marsa - Kapitalis<\/title>\n<meta name=\"robots\" content=\"index, follow, max-snippet:-1, max-image-preview:large, max-video-preview:-1\" \/>\n<link rel=\"canonical\" href=\"https:\/\/kapitalis.com\/tunisie\/2022\/11\/30\/tunisie-le-marche-de-fin-dannee-de-loim-du-2-au-4-decembre-a-la-marsa\/\" \/>\n<meta property=\"og:locale\" content=\"fr_FR\" \/>\n<meta property=\"og:type\" content=\"article\" \/>\n<meta property=\"og:title\" content=\"Tunisie\u00a0: le March\u00e9 de fin d\u2019ann\u00e9e de l\u2019OIM du 2 au 4 d\u00e9cembre \u00e0 la Marsa - Kapitalis\" \/>\n<meta property=\"og:description\" content=\"Le March\u00e9 de fin d\u2019ann\u00e9e promeut l\u2019entrepreneuriat inclusif des artisans tunisiens et migrants vivant en Tunisie.\" \/>\n<meta property=\"og:url\" content=\"https:\/\/kapitalis.com\/tunisie\/2022\/11\/30\/tunisie-le-marche-de-fin-dannee-de-loim-du-2-au-4-decembre-a-la-marsa\/\" \/>\n<meta property=\"og:site_name\" content=\"Kapitalis\" \/>\n<meta property=\"article:publisher\" content=\"https:\/\/www.facebook.com\/KapitalisInfo\/\" \/>\n<meta property=\"article:published_time\" content=\"2022-11-30T05:32:28+00:00\" \/>\n<meta property=\"article:modified_time\" content=\"2022-11-30T05:32:31+00:00\" \/>\n<meta property=\"og:image\" content=\"https:\/\/kapitalis.com\/tunisie\/wp-content\/uploads\/2022\/11\/Marche-de-fin-dannee-Marsa.jpg\" \/>\n\t<meta property=\"og:image:width\" content=\"1200\" \/>\n\t<meta property=\"og:image:height\" content=\"630\" \/>\n\t<meta property=\"og:image:type\" content=\"image\/jpeg\" \/>\n<meta name=\"author\" content=\"webmaster kapitalis\" \/>\n<meta name=\"twitter:card\" content=\"summary_large_image\" \/>\n<meta name=\"twitter:creator\" content=\"@KapitalisInfo\" \/>\n<meta name=\"twitter:site\" content=\"@KapitalisInfo\" \/>\n<meta name=\"twitter:label1\" content=\"\u00c9crit par\" \/>\n\t<meta name=\"twitter:data1\" content=\"webmaster kapitalis\" \/>\n\t<meta name=\"twitter:label2\" content=\"Dur\u00e9e de lecture estim\u00e9e\" \/>\n\t<meta name=\"twitter:data2\" content=\"2 minutes\" \/>\n<script type=\"application\/ld+json\" class=\"yoast-schema-graph\">{\"@context\":\"https:\/\/schema.org\",\"@graph\":[{\"@type\":\"Article\",\"@id\":\"https:\/\/kapitalis.com\/tunisie\/2022\/11\/30\/tunisie-le-marche-de-fin-dannee-de-loim-du-2-au-4-decembre-a-la-marsa\/#article\",\"isPartOf\":{\"@id\":\"https:\/\/kapitalis.com\/tunisie\/2022\/11\/30\/tunisie-le-marche-de-fin-dannee-de-loim-du-2-au-4-decembre-a-la-marsa\/\"},\"author\":{\"name\":\"webmaster kapitalis\",\"@id\":\"https:\/\/kapitalis.com\/tunisie\/#\/schema\/person\/d71f33a9ca44f7bad4698210b480c8e9\"},\"headline\":\"Tunisie\u00a0: le March\u00e9 de fin d\u2019ann\u00e9e de l\u2019OIM du 2 au 4 d\u00e9cembre \u00e0 la Marsa\",\"datePublished\":\"2022-11-30T05:32:28+00:00\",\"dateModified\":\"2022-11-30T05:32:31+00:00\",\"mainEntityOfPage\":{\"@id\":\"https:\/\/kapitalis.com\/tunisie\/2022\/11\/30\/tunisie-le-marche-de-fin-dannee-de-loim-du-2-au-4-decembre-a-la-marsa\/\"},\"wordCount\":288,\"commentCount\":0,\"publisher\":{\"@id\":\"https:\/\/kapitalis.com\/tunisie\/#organization\"},\"image\":{\"@id\":\"https:\/\/kapitalis.com\/tunisie\/2022\/11\/30\/tunisie-le-marche-de-fin-dannee-de-loim-du-2-au-4-decembre-a-la-marsa\/#primaryimage\"},\"thumbnailUrl\":\"https:\/\/kapitalis.com\/tunisie\/wp-content\/uploads\/2022\/11\/Marche-de-fin-dannee-Marsa.jpg\",\"keywords\":[\"AICS\",\"La Marsa\",\"March\u00e9 de fin d&#039;ann\u00e9e\",\"migrants\",\"OIM\",\"Tunisie\",\"USAID\"],\"articleSection\":[\"CONSO\",\"SOCIETE\",\"Tunisie\"],\"inLanguage\":\"fr-FR\",\"potentialAction\":[{\"@type\":\"CommentAction\",\"name\":\"Comment\",\"target\":[\"https:\/\/kapitalis.com\/tunisie\/2022\/11\/30\/tunisie-le-marche-de-fin-dannee-de-loim-du-2-au-4-decembre-a-la-marsa\/#respond\"]}]},{\"@type\":\"WebPage\",\"@id\":\"https:\/\/kapitalis.com\/tunisie\/2022\/11\/30\/tunisie-le-marche-de-fin-dannee-de-loim-du-2-au-4-decembre-a-la-marsa\/\",\"url\":\"https:\/\/kapitalis.com\/tunisie\/2022\/11\/30\/tunisie-le-marche-de-fin-dannee-de-loim-du-2-au-4-decembre-a-la-marsa\/\",\"name\":\"Tunisie\u00a0: le March\u00e9 de fin d\u2019ann\u00e9e de l\u2019OIM du 2 au 4 d\u00e9cembre \u00e0 la Marsa - Kapitalis\",\"isPartOf\":{\"@id\":\"https:\/\/kapitalis.com\/tunisie\/#website\"},\"primaryImageOfPage\":{\"@id\":\"https:\/\/kapitalis.com\/tunisie\/2022\/11\/30\/tunisie-le-marche-de-fin-dannee-de-loim-du-2-au-4-decembre-a-la-marsa\/#primaryimage\"},\"image\":{\"@id\":\"https:\/\/kapitalis.com\/tunisie\/2022\/11\/30\/tunisie-le-marche-de-fin-dannee-de-loim-du-2-au-4-decembre-a-la-marsa\/#primaryimage\"},\"thumbnailUrl\":\"https:\/\/kapitalis.com\/tunisie\/wp-content\/uploads\/2022\/11\/Marche-de-fin-dannee-Marsa.jpg\",\"datePublished\":\"2022-11-30T05:32:28+00:00\",\"dateModified\":\"2022-11-30T05:32:31+00:00\",\"breadcrumb\":{\"@id\":\"https:\/\/kapitalis.com\/tunisie\/2022\/11\/30\/tunisie-le-marche-de-fin-dannee-de-loim-du-2-au-4-decembre-a-la-marsa\/#breadcrumb\"},\"inLanguage\":\"fr-FR\",\"potentialAction\":[{\"@type\":\"ReadAction\",\"target\":[\"https:\/\/kapitalis.com\/tunisie\/2022\/11\/30\/tunisie-le-marche-de-fin-dannee-de-loim-du-2-au-4-decembre-a-la-marsa\/\"]}]},{\"@type\":\"ImageObject\",\"inLanguage\":\"fr-FR\",\"@id\":\"https:\/\/kapitalis.com\/tunisie\/2022\/11\/30\/tunisie-le-marche-de-fin-dannee-de-loim-du-2-au-4-decembre-a-la-marsa\/#primaryimage\",\"url\":\"https:\/\/kapitalis.com\/tunisie\/wp-content\/uploads\/2022\/11\/Marche-de-fin-dannee-Marsa.jpg\",\"contentUrl\":\"https:\/\/kapitalis.com\/tunisie\/wp-content\/uploads\/2022\/11\/Marche-de-fin-dannee-Marsa.jpg\",\"width\":1200,\"height\":630},{\"@type\":\"BreadcrumbList\",\"@id\":\"https:\/\/kapitalis.com\/tunisie\/2022\/11\/30\/tunisie-le-marche-de-fin-dannee-de-loim-du-2-au-4-decembre-a-la-marsa\/#breadcrumb\",\"itemListElement\":[{\"@type\":\"ListItem\",\"position\":1,\"name\":\"Accueil\",\"item\":\"https:\/\/kapitalis.com\/tunisie\/\"},{\"@type\":\"ListItem\",\"position\":2,\"name\":\"Tunisie\u00a0: le March\u00e9 de fin d\u2019ann\u00e9e de l\u2019OIM du 2 au 4 d\u00e9cembre \u00e0 la Marsa\"}]},{\"@type\":\"WebSite\",\"@id\":\"https:\/\/kapitalis.com\/tunisie\/#website\",\"url\":\"https:\/\/kapitalis.com\/tunisie\/\",\"name\":\"Kapitalis\",\"description\":\"L&#039;actualit\u00e9 en Tunisie et dans le monde\",\"publisher\":{\"@id\":\"https:\/\/kapitalis.com\/tunisie\/#organization\"},\"potentialAction\":[{\"@type\":\"SearchAction\",\"target\":{\"@type\":\"EntryPoint\",\"urlTemplate\":\"https:\/\/kapitalis.com\/tunisie\/?s={search_term_string}\"},\"query-input\":{\"@type\":\"PropertyValueSpecification\",\"valueRequired\":true,\"valueName\":\"search_term_string\"}}],\"inLanguage\":\"fr-FR\"},{\"@type\":\"Organization\",\"@id\":\"https:\/\/kapitalis.com\/tunisie\/#organization\",\"name\":\"Kapitalis\",\"url\":\"https:\/\/kapitalis.com\/tunisie\/\",\"logo\":{\"@type\":\"ImageObject\",\"inLanguage\":\"fr-FR\",\"@id\":\"https:\/\/kapitalis.com\/tunisie\/#\/schema\/logo\/image\/\",\"url\":\"https:\/\/kapitalis.com\/tunisie\/wp-content\/uploads\/2022\/05\/Kapitalis-big-size.png\",\"contentUrl\":\"https:\/\/kapitalis.com\/tunisie\/wp-content\/uploads\/2022\/05\/Kapitalis-big-size.png\",\"width\":5000,\"height\":1500,\"caption\":\"Kapitalis\"},\"image\":{\"@id\":\"https:\/\/kapitalis.com\/tunisie\/#\/schema\/logo\/image\/\"},\"sameAs\":[\"https:\/\/www.facebook.com\/KapitalisInfo\/\",\"https:\/\/x.com\/KapitalisInfo\",\"https:\/\/www.youtube.com\/channel\/UC-yDYrHyfFBWWZaOw3FPg9Q\"]},{\"@type\":\"Person\",\"@id\":\"https:\/\/kapitalis.com\/tunisie\/#\/schema\/person\/d71f33a9ca44f7bad4698210b480c8e9\",\"name\":\"webmaster kapitalis\",\"url\":\"https:\/\/kapitalis.com\/tunisie\/author\/webmaster-kapitalis\/\"}]}<\/script>\n<!-- \/ Yoast SEO plugin. -->","yoast_head_json":{"title":"Tunisie\u00a0: le March\u00e9 de fin d\u2019ann\u00e9e de l\u2019OIM du 2 au 4 d\u00e9cembre \u00e0 la Marsa - Kapitalis","robots":{"index":"index","follow":"follow","max-snippet":"max-snippet:-1","max-image-preview":"max-image-preview:large","max-video-preview":"max-video-preview:-1"},"canonical":"https:\/\/kapitalis.com\/tunisie\/2022\/11\/30\/tunisie-le-marche-de-fin-dannee-de-loim-du-2-au-4-decembre-a-la-marsa\/","og_locale":"fr_FR","og_type":"article","og_title":"Tunisie\u00a0: le March\u00e9 de fin d\u2019ann\u00e9e de l\u2019OIM du 2 au 4 d\u00e9cembre \u00e0 la Marsa - Kapitalis","og_description":"Le March\u00e9 de fin d\u2019ann\u00e9e promeut l\u2019entrepreneuriat inclusif des artisans tunisiens et migrants vivant en Tunisie.","og_url":"https:\/\/kapitalis.com\/tunisie\/2022\/11\/30\/tunisie-le-marche-de-fin-dannee-de-loim-du-2-au-4-decembre-a-la-marsa\/","og_site_name":"Kapitalis","article_publisher":"https:\/\/www.facebook.com\/KapitalisInfo\/","article_published_time":"2022-11-30T05:32:28+00:00","article_modified_time":"2022-11-30T05:32:31+00:00","og_image":[{"width":1200,"height":630,"url":"https:\/\/kapitalis.com\/tunisie\/wp-content\/uploads\/2022\/11\/Marche-de-fin-dannee-Marsa.jpg","type":"image\/jpeg"}],"author":"webmaster kapitalis","twitter_card":"summary_large_image","twitter_creator":"@KapitalisInfo","twitter_site":"@KapitalisInfo","twitter_misc":{"\u00c9crit par":"webmaster kapitalis","Dur\u00e9e de lecture estim\u00e9e":"2 minutes"},"schema":{"@context":"https:\/\/schema.org","@graph":[{"@type":"Article","@id":"https:\/\/kapitalis.com\/tunisie\/2022\/11\/30\/tunisie-le-marche-de-fin-dannee-de-loim-du-2-au-4-decembre-a-la-marsa\/#article","isPartOf":{"@id":"https:\/\/kapitalis.com\/tunisie\/2022\/11\/30\/tunisie-le-marche-de-fin-dannee-de-loim-du-2-au-4-decembre-a-la-marsa\/"},"author":{"name":"webmaster kapitalis","@id":"https:\/\/kapitalis.com\/tunisie\/#\/schema\/person\/d71f33a9ca44f7bad4698210b480c8e9"},"headline":"Tunisie\u00a0: le March\u00e9 de fin d\u2019ann\u00e9e de l\u2019OIM du 2 au 4 d\u00e9cembre \u00e0 la Marsa","datePublished":"2022-11-30T05:32:28+00:00","dateModified":"2022-11-30T05:32:31+00:00","mainEntityOfPage":{"@id":"https:\/\/kapitalis.com\/tunisie\/2022\/11\/30\/tunisie-le-marche-de-fin-dannee-de-loim-du-2-au-4-decembre-a-la-marsa\/"},"wordCount":288,"commentCount":0,"publisher":{"@id":"https:\/\/kapitalis.com\/tunisie\/#organization"},"image":{"@id":"https:\/\/kapitalis.com\/tunisie\/2022\/11\/30\/tunisie-le-marche-de-fin-dannee-de-loim-du-2-au-4-decembre-a-la-marsa\/#primaryimage"},"thumbnailUrl":"https:\/\/kapitalis.com\/tunisie\/wp-content\/uploads\/2022\/11\/Marche-de-fin-dannee-Marsa.jpg","keywords":["AICS","La Marsa","March\u00e9 de fin d&#039;ann\u00e9e","migrants","OIM","Tunisie","USAID"],"articleSection":["CONSO","SOCIETE","Tunisie"],"inLanguage":"fr-FR","potentialAction":[{"@type":"CommentAction","name":"Comment","target":["https:\/\/kapitalis.com\/tunisie\/2022\/11\/30\/tunisie-le-marche-de-fin-dannee-de-loim-du-2-au-4-decembre-a-la-marsa\/#respond"]}]},{"@type":"WebPage","@id":"https:\/\/kapitalis.com\/tunisie\/2022\/11\/30\/tunisie-le-marche-de-fin-dannee-de-loim-du-2-au-4-decembre-a-la-marsa\/","url":"https:\/\/kapitalis.com\/tunisie\/2022\/11\/30\/tunisie-le-marche-de-fin-dannee-de-loim-du-2-au-4-decembre-a-la-marsa\/","name":"Tunisie\u00a0: le March\u00e9 de fin d\u2019ann\u00e9e de l\u2019OIM du 2 au 4 d\u00e9cembre \u00e0 la Marsa - Kapitalis","isPartOf":{"@id":"https:\/\/kapitalis.com\/tunisie\/#website"},"primaryImageOfPage":{"@id":"https:\/\/kapitalis.com\/tunisie\/2022\/11\/30\/tunisie-le-marche-de-fin-dannee-de-loim-du-2-au-4-decembre-a-la-marsa\/#primaryimage"},"image":{"@id":"https:\/\/kapitalis.com\/tunisie\/2022\/11\/30\/tunisie-le-marche-de-fin-dannee-de-loim-du-2-au-4-decembre-a-la-marsa\/#primaryimage"},"thumbnailUrl":"https:\/\/kapitalis.com\/tunisie\/wp-content\/uploads\/2022\/11\/Marche-de-fin-dannee-Marsa.jpg","datePublished":"2022-11-30T05:32:28+00:00","dateModified":"2022-11-30T05:32:31+00:00","breadcrumb":{"@id":"https:\/\/kapitalis.com\/tunisie\/2022\/11\/30\/tunisie-le-marche-de-fin-dannee-de-loim-du-2-au-4-decembre-a-la-marsa\/#breadcrumb"},"inLanguage":"fr-FR","potentialAction":[{"@type":"ReadAction","target":["https:\/\/kapitalis.com\/tunisie\/2022\/11\/30\/tunisie-le-marche-de-fin-dannee-de-loim-du-2-au-4-decembre-a-la-marsa\/"]}]},{"@type":"ImageObject","inLanguage":"fr-FR","@id":"https:\/\/kapitalis.com\/tunisie\/2022\/11\/30\/tunisie-le-marche-de-fin-dannee-de-loim-du-2-au-4-decembre-a-la-marsa\/#primaryimage","url":"https:\/\/kapitalis.com\/tunisie\/wp-content\/uploads\/2022\/11\/Marche-de-fin-dannee-Marsa.jpg","contentUrl":"https:\/\/kapitalis.com\/tunisie\/wp-content\/uploads\/2022\/11\/Marche-de-fin-dannee-Marsa.jpg","width":1200,"height":630},{"@type":"BreadcrumbList","@id":"https:\/\/kapitalis.com\/tunisie\/2022\/11\/30\/tunisie-le-marche-de-fin-dannee-de-loim-du-2-au-4-decembre-a-la-marsa\/#breadcrumb","itemListElement":[{"@type":"ListItem","position":1,"name":"Accueil","item":"https:\/\/kapitalis.com\/tunisie\/"},{"@type":"ListItem","position":2,"name":"Tunisie\u00a0: le March\u00e9 de fin d\u2019ann\u00e9e de l\u2019OIM du 2 au 4 d\u00e9cembre \u00e0 la Marsa"}]},{"@type":"WebSite","@id":"https:\/\/kapitalis.com\/tunisie\/#website","url":"https:\/\/kapitalis.com\/tunisie\/","name":"Kapitalis","description":"L&#039;actualit\u00e9 en Tunisie et dans le monde","publisher":{"@id":"https:\/\/kapitalis.com\/tunisie\/#organization"},"potentialAction":[{"@type":"SearchAction","target":{"@type":"EntryPoint","urlTemplate":"https:\/\/kapitalis.com\/tunisie\/?s={search_term_string}"},"query-input":{"@type":"PropertyValueSpecification","valueRequired":true,"valueName":"search_term_string"}}],"inLanguage":"fr-FR"},{"@type":"Organization","@id":"https:\/\/kapitalis.com\/tunisie\/#organization","name":"Kapitalis","url":"https:\/\/kapitalis.com\/tunisie\/","logo":{"@type":"ImageObject","inLanguage":"fr-FR","@id":"https:\/\/kapitalis.com\/tunisie\/#\/schema\/logo\/image\/","url":"https:\/\/kapitalis.com\/tunisie\/wp-content\/uploads\/2022\/05\/Kapitalis-big-size.png","contentUrl":"https:\/\/kapitalis.com\/tunisie\/wp-content\/uploads\/2022\/05\/Kapitalis-big-size.png","width":5000,"height":1500,"caption":"Kapitalis"},"image":{"@id":"https:\/\/kapitalis.com\/tunisie\/#\/schema\/logo\/image\/"},"sameAs":["https:\/\/www.facebook.com\/KapitalisInfo\/","https:\/\/x.com\/KapitalisInfo","https:\/\/www.youtube.com\/channel\/UC-yDYrHyfFBWWZaOw3FPg9Q"]},{"@type":"Person","@id":"https:\/\/kapitalis.com\/tunisie\/#\/schema\/person\/d71f33a9ca44f7bad4698210b480c8e9","name":"webmaster kapitalis","url":"https:\/\/kapitalis.com\/tunisie\/author\/webmaster-kapitalis\/"}]}},"_links":{"self":[{"href":"https:\/\/kapitalis.com\/tunisie\/wp-json\/wp\/v2\/posts\/5376722","targetHints":{"allow":["GET"]}}],"collection":[{"href":"https:\/\/kapitalis.com\/tunisie\/wp-json\/wp\/v2\/posts"}],"about":[{"href":"https:\/\/kapitalis.com\/tunisie\/wp-json\/wp\/v2\/types\/post"}],"author":[{"embeddable":true,"href":"https:\/\/kapitalis.com\/tunisie\/wp-json\/wp\/v2\/users\/8"}],"replies":[{"embeddable":true,"href":"https:\/\/kapitalis.com\/tunisie\/wp-json\/wp\/v2\/comments?post=5376722"}],"version-history":[{"count":1,"href":"https:\/\/kapitalis.com\/tunisie\/wp-json\/wp\/v2\/posts\/5376722\/revisions"}],"predecessor-version":[{"id":5376731,"href":"https:\/\/kapitalis.com\/tunisie\/wp-json\/wp\/v2\/posts\/5376722\/revisions\/5376731"}],"wp:featuredmedia":[{"embeddable":true,"href":"https:\/\/kapitalis.com\/tunisie\/wp-json\/wp\/v2\/media\/5376728"}],"wp:attachment":[{"href":"https:\/\/kapitalis.com\/tunisie\/wp-json\/wp\/v2\/media?parent=5376722"}],"wp:term":[{"taxonomy":"category","embeddable":true,"href":"https:\/\/kapitalis.com\/tunisie\/wp-json\/wp\/v2\/categories?post=5376722"},{"taxonomy":"post_tag","embeddable":true,"href":"https:\/\/kapitalis.com\/tunisie\/wp-json\/wp\/v2\/tags?post=5376722"}],"curies":[{"name":"wp","href":"https:\/\/api.w.org\/{rel}","templated":true}]}}