{"id":5379931,"date":"2022-11-30T13:51:52","date_gmt":"2022-11-30T12:51:52","guid":{"rendered":"https:\/\/kapitalis.com\/tunisie\/?p=5379931"},"modified":"2022-11-30T13:52:08","modified_gmt":"2022-11-30T12:52:08","slug":"tunisie-moez-dabbabi-revient-sur-laffaire-de-la-mutuelle-de-la-securite-interieure","status":"publish","type":"post","link":"https:\/\/kapitalis.com\/tunisie\/2022\/11\/30\/tunisie-moez-dabbabi-revient-sur-laffaire-de-la-mutuelle-de-la-securite-interieure\/","title":{"rendered":"Tunisie\u00a0: Moez Dabbabi\u00a0revient sur l\u2019affaire de la Mutuelle de la s\u00e9curit\u00e9 int\u00e9rieure"},"content":{"rendered":"\n<p><strong><em>Selon le pr\u00e9sident chef de la Ligue nationale pour la s\u00e9curit\u00e9 et la citoyennet\u00e9 (LNSC), Moez Dabbabi, \u00able dossier de la Mutuelle de la s\u00e9curit\u00e9 int\u00e9rieure cache d\u2019autres dossiers importants et de nombreuses parties y sont impliqu\u00e9es, pas seulement les forces de s\u00e9curit\u00e9.\u00bb<\/em><\/strong><\/p>\n\n\n\n<!--more-->\n\n\n\n<p>Lors d\u2019une intervention t\u00e9l\u00e9phonique dans l\u2019\u00e9mission <a href=\"https:\/\/www.shemsfm.net\/ar\/%D8%A7%D9%84%D8%A3%D8%AE%D8%A8%D8%A7%D8%B1_%D8%B4%D9%85%D8%B3-%D8%A7%D9%84%D8%A7%D8%AE%D8%A8%D8%A7%D8%B1\/390841\/%D9%85%D8%B9%D8%B2-%D8%A7%D9%84%D8%AF%D8%A8%D8%A7%D8%A8%D9%8A-%D9%85%D9%84%D9%81-%D9%88%D8%AF%D8%A7%D8%AF%D9%8A%D8%A9-%D8%A7%D9%84%D8%A7%D9%85%D9%86-%D8%A7%D9%84%D8%AF%D8%A7%D8%AE%D9%84%D9%8A-%D9%8A%D8%AE%D9%81%D9%8A-%D9%85%D9%84%D9%81%D8%A7%D8%AA-%D9%83%D8%A8%D8%B1%D9%89-%D9%88%D8%B9%D8%AF%D9%8A%D8%AF-%D8%A7%D9%84%D8%A3%D8%B7%D8%B1%D8%A7%D9%81-%D9%85%D8%AA%D8%AF%D8%A7%D8%AE%D9%84%D8%A9-%D9%81%D9%8A%D9%87-%D9%84%D9%8A%D8%B3-%D8%A3%D9%85%D9%86%D9%8A%D9%8A%D9%86-%D9%81%D9%82%D8%B7\">Shems Studio<\/a>, Aujourd&rsquo;hui, mercredi 20 novembre 2022, M. Dabbabi a indiqu\u00e9 que le nombre de pr\u00e9venus dans ce dossier est tr\u00e8s important et que tous sont concern\u00e9s par les enqu\u00eates en cours, ajoutant que leur nombre diminue et augmente selon l\u2019avanc\u00e9e des investigations.<\/p>\n\n\n\n<p>M. Dabbabi a aussi d\u00e9clar\u00e9 que le dossier comprend des accusations plus graves que la collecte d\u2019argent au nom de l\u2019institution s\u00e9curitaire. On est all\u00e9 jusqu\u2019\u00e0 annoncer la vente de terrains \u00e0 construire au personnel de s\u00e9curit\u00e9 \u00e0 des prix pr\u00e9f\u00e9rentiels dans la r\u00e9gion de Mhamdia et on a d\u00e9couvert que les proc\u00e9dures &nbsp;contractuelles sont ill\u00e9gales et que les terrains eux-m\u00eames font l\u2019objet de soup\u00e7ons.<\/p>\n\n\n\n<p>Tous les moyens ont \u00e9t\u00e9 mis \u00e0 profit pour r\u00e9v\u00e9ler les \u00e9l\u00e9ments du dossier, a affirm\u00e9 le syndicaliste s\u00e9curitaire, tout en soulignant la n\u00e9cessit\u00e9 de se m\u00e9fier de certaines entreprises, en particulier publicitaires, et en rappelant que l\u2019institution s\u00e9curitaire a ses structures officielles qui parlent en son nom.<\/p>\n\n\n\n<p>L\u2019affaire en est arriv\u00e9e au point d\u2019inclure parfois les noms des martyrs de l\u2019institution s\u00e9curitaire, a r\u00e9v\u00e9l\u00e9 Moez Dabbabi.<\/p>\n\n\n\n<p class=\"has-text-align-right\"><strong>I. B. <\/strong><\/p>\n","protected":false},"excerpt":{"rendered":"<p>Le dossier de la Mutuelle de la s\u00e9curit\u00e9 int\u00e9rieure cache d\u2019autres dossiers importants et de nombreuses parties y sont impliqu\u00e9es.<\/p>\n","protected":false},"author":8,"featured_media":5380023,"comment_status":"open","ping_status":"open","sticky":false,"template":"","format":"standard","meta":{"footnotes":""},"categories":[998,2433],"tags":[605,99372,104761,62643],"class_list":["post-5379931","post","type-post","status-publish","format-standard","has-post-thumbnail","hentry","category-societe","category-tunisie","tag-mhamdia","tag-moez-dabbabi-2","tag-mutuelle-de-la-securite-interieure","tag-tunisie"],"yoast_head":"<!-- This site is optimized with the Yoast SEO plugin v26.6 - https:\/\/yoast.com\/wordpress\/plugins\/seo\/ -->\n<title>Tunisie\u00a0: Moez Dabbabi\u00a0revient sur l\u2019affaire de la Mutuelle de la s\u00e9curit\u00e9 int\u00e9rieure - Kapitalis<\/title>\n<meta name=\"robots\" content=\"index, follow, max-snippet:-1, max-image-preview:large, max-video-preview:-1\" \/>\n<link rel=\"canonical\" href=\"https:\/\/kapitalis.com\/tunisie\/2022\/11\/30\/tunisie-moez-dabbabi-revient-sur-laffaire-de-la-mutuelle-de-la-securite-interieure\/\" \/>\n<meta property=\"og:locale\" content=\"fr_FR\" \/>\n<meta property=\"og:type\" content=\"article\" \/>\n<meta property=\"og:title\" content=\"Tunisie\u00a0: Moez Dabbabi\u00a0revient sur l\u2019affaire de la Mutuelle de la s\u00e9curit\u00e9 int\u00e9rieure - Kapitalis\" \/>\n<meta property=\"og:description\" content=\"Le dossier de la Mutuelle de la s\u00e9curit\u00e9 int\u00e9rieure cache d\u2019autres dossiers importants et de nombreuses parties y sont impliqu\u00e9es.\" \/>\n<meta property=\"og:url\" content=\"https:\/\/kapitalis.com\/tunisie\/2022\/11\/30\/tunisie-moez-dabbabi-revient-sur-laffaire-de-la-mutuelle-de-la-securite-interieure\/\" \/>\n<meta property=\"og:site_name\" content=\"Kapitalis\" \/>\n<meta property=\"article:publisher\" content=\"https:\/\/www.facebook.com\/KapitalisInfo\/\" \/>\n<meta property=\"article:published_time\" content=\"2022-11-30T12:51:52+00:00\" \/>\n<meta property=\"article:modified_time\" content=\"2022-11-30T12:52:08+00:00\" \/>\n<meta property=\"og:image\" content=\"https:\/\/kapitalis.com\/tunisie\/wp-content\/uploads\/2022\/11\/Moez-Dabbabi-Kais-Saied.jpg\" \/>\n\t<meta property=\"og:image:width\" content=\"1200\" \/>\n\t<meta property=\"og:image:height\" content=\"630\" \/>\n\t<meta property=\"og:image:type\" content=\"image\/jpeg\" \/>\n<meta name=\"author\" content=\"webmaster kapitalis\" \/>\n<meta name=\"twitter:card\" content=\"summary_large_image\" \/>\n<meta name=\"twitter:creator\" content=\"@KapitalisInfo\" \/>\n<meta name=\"twitter:site\" content=\"@KapitalisInfo\" \/>\n<meta name=\"twitter:label1\" content=\"\u00c9crit par\" \/>\n\t<meta name=\"twitter:data1\" content=\"webmaster kapitalis\" \/>\n\t<meta name=\"twitter:label2\" content=\"Dur\u00e9e de lecture estim\u00e9e\" \/>\n\t<meta name=\"twitter:data2\" content=\"2 minutes\" \/>\n<script type=\"application\/ld+json\" class=\"yoast-schema-graph\">{\"@context\":\"https:\/\/schema.org\",\"@graph\":[{\"@type\":\"Article\",\"@id\":\"https:\/\/kapitalis.com\/tunisie\/2022\/11\/30\/tunisie-moez-dabbabi-revient-sur-laffaire-de-la-mutuelle-de-la-securite-interieure\/#article\",\"isPartOf\":{\"@id\":\"https:\/\/kapitalis.com\/tunisie\/2022\/11\/30\/tunisie-moez-dabbabi-revient-sur-laffaire-de-la-mutuelle-de-la-securite-interieure\/\"},\"author\":{\"name\":\"webmaster kapitalis\",\"@id\":\"https:\/\/kapitalis.com\/tunisie\/#\/schema\/person\/d71f33a9ca44f7bad4698210b480c8e9\"},\"headline\":\"Tunisie\u00a0: Moez Dabbabi\u00a0revient sur l\u2019affaire de la Mutuelle de la s\u00e9curit\u00e9 int\u00e9rieure\",\"datePublished\":\"2022-11-30T12:51:52+00:00\",\"dateModified\":\"2022-11-30T12:52:08+00:00\",\"mainEntityOfPage\":{\"@id\":\"https:\/\/kapitalis.com\/tunisie\/2022\/11\/30\/tunisie-moez-dabbabi-revient-sur-laffaire-de-la-mutuelle-de-la-securite-interieure\/\"},\"wordCount\":284,\"commentCount\":1,\"publisher\":{\"@id\":\"https:\/\/kapitalis.com\/tunisie\/#organization\"},\"image\":{\"@id\":\"https:\/\/kapitalis.com\/tunisie\/2022\/11\/30\/tunisie-moez-dabbabi-revient-sur-laffaire-de-la-mutuelle-de-la-securite-interieure\/#primaryimage\"},\"thumbnailUrl\":\"https:\/\/kapitalis.com\/tunisie\/wp-content\/uploads\/2022\/11\/Moez-Dabbabi-Kais-Saied.jpg\",\"keywords\":[\"Mhamdia\",\"Moez Dabbabi\",\"Mutuelle de la s\u00e9curit\u00e9 int\u00e9rieure\",\"Tunisie\"],\"articleSection\":[\"SOCIETE\",\"Tunisie\"],\"inLanguage\":\"fr-FR\",\"potentialAction\":[{\"@type\":\"CommentAction\",\"name\":\"Comment\",\"target\":[\"https:\/\/kapitalis.com\/tunisie\/2022\/11\/30\/tunisie-moez-dabbabi-revient-sur-laffaire-de-la-mutuelle-de-la-securite-interieure\/#respond\"]}]},{\"@type\":\"WebPage\",\"@id\":\"https:\/\/kapitalis.com\/tunisie\/2022\/11\/30\/tunisie-moez-dabbabi-revient-sur-laffaire-de-la-mutuelle-de-la-securite-interieure\/\",\"url\":\"https:\/\/kapitalis.com\/tunisie\/2022\/11\/30\/tunisie-moez-dabbabi-revient-sur-laffaire-de-la-mutuelle-de-la-securite-interieure\/\",\"name\":\"Tunisie\u00a0: Moez Dabbabi\u00a0revient sur l\u2019affaire de la Mutuelle de la s\u00e9curit\u00e9 int\u00e9rieure - Kapitalis\",\"isPartOf\":{\"@id\":\"https:\/\/kapitalis.com\/tunisie\/#website\"},\"primaryImageOfPage\":{\"@id\":\"https:\/\/kapitalis.com\/tunisie\/2022\/11\/30\/tunisie-moez-dabbabi-revient-sur-laffaire-de-la-mutuelle-de-la-securite-interieure\/#primaryimage\"},\"image\":{\"@id\":\"https:\/\/kapitalis.com\/tunisie\/2022\/11\/30\/tunisie-moez-dabbabi-revient-sur-laffaire-de-la-mutuelle-de-la-securite-interieure\/#primaryimage\"},\"thumbnailUrl\":\"https:\/\/kapitalis.com\/tunisie\/wp-content\/uploads\/2022\/11\/Moez-Dabbabi-Kais-Saied.jpg\",\"datePublished\":\"2022-11-30T12:51:52+00:00\",\"dateModified\":\"2022-11-30T12:52:08+00:00\",\"breadcrumb\":{\"@id\":\"https:\/\/kapitalis.com\/tunisie\/2022\/11\/30\/tunisie-moez-dabbabi-revient-sur-laffaire-de-la-mutuelle-de-la-securite-interieure\/#breadcrumb\"},\"inLanguage\":\"fr-FR\",\"potentialAction\":[{\"@type\":\"ReadAction\",\"target\":[\"https:\/\/kapitalis.com\/tunisie\/2022\/11\/30\/tunisie-moez-dabbabi-revient-sur-laffaire-de-la-mutuelle-de-la-securite-interieure\/\"]}]},{\"@type\":\"ImageObject\",\"inLanguage\":\"fr-FR\",\"@id\":\"https:\/\/kapitalis.com\/tunisie\/2022\/11\/30\/tunisie-moez-dabbabi-revient-sur-laffaire-de-la-mutuelle-de-la-securite-interieure\/#primaryimage\",\"url\":\"https:\/\/kapitalis.com\/tunisie\/wp-content\/uploads\/2022\/11\/Moez-Dabbabi-Kais-Saied.jpg\",\"contentUrl\":\"https:\/\/kapitalis.com\/tunisie\/wp-content\/uploads\/2022\/11\/Moez-Dabbabi-Kais-Saied.jpg\",\"width\":1200,\"height\":630},{\"@type\":\"BreadcrumbList\",\"@id\":\"https:\/\/kapitalis.com\/tunisie\/2022\/11\/30\/tunisie-moez-dabbabi-revient-sur-laffaire-de-la-mutuelle-de-la-securite-interieure\/#breadcrumb\",\"itemListElement\":[{\"@type\":\"ListItem\",\"position\":1,\"name\":\"Accueil\",\"item\":\"https:\/\/kapitalis.com\/tunisie\/\"},{\"@type\":\"ListItem\",\"position\":2,\"name\":\"Tunisie\u00a0: Moez Dabbabi\u00a0revient sur l\u2019affaire de la Mutuelle de la s\u00e9curit\u00e9 int\u00e9rieure\"}]},{\"@type\":\"WebSite\",\"@id\":\"https:\/\/kapitalis.com\/tunisie\/#website\",\"url\":\"https:\/\/kapitalis.com\/tunisie\/\",\"name\":\"Kapitalis\",\"description\":\"L&#039;actualit\u00e9 en Tunisie et dans le monde\",\"publisher\":{\"@id\":\"https:\/\/kapitalis.com\/tunisie\/#organization\"},\"potentialAction\":[{\"@type\":\"SearchAction\",\"target\":{\"@type\":\"EntryPoint\",\"urlTemplate\":\"https:\/\/kapitalis.com\/tunisie\/?s={search_term_string}\"},\"query-input\":{\"@type\":\"PropertyValueSpecification\",\"valueRequired\":true,\"valueName\":\"search_term_string\"}}],\"inLanguage\":\"fr-FR\"},{\"@type\":\"Organization\",\"@id\":\"https:\/\/kapitalis.com\/tunisie\/#organization\",\"name\":\"Kapitalis\",\"url\":\"https:\/\/kapitalis.com\/tunisie\/\",\"logo\":{\"@type\":\"ImageObject\",\"inLanguage\":\"fr-FR\",\"@id\":\"https:\/\/kapitalis.com\/tunisie\/#\/schema\/logo\/image\/\",\"url\":\"https:\/\/kapitalis.com\/tunisie\/wp-content\/uploads\/2022\/05\/Kapitalis-big-size.png\",\"contentUrl\":\"https:\/\/kapitalis.com\/tunisie\/wp-content\/uploads\/2022\/05\/Kapitalis-big-size.png\",\"width\":5000,\"height\":1500,\"caption\":\"Kapitalis\"},\"image\":{\"@id\":\"https:\/\/kapitalis.com\/tunisie\/#\/schema\/logo\/image\/\"},\"sameAs\":[\"https:\/\/www.facebook.com\/KapitalisInfo\/\",\"https:\/\/x.com\/KapitalisInfo\",\"https:\/\/www.youtube.com\/channel\/UC-yDYrHyfFBWWZaOw3FPg9Q\"]},{\"@type\":\"Person\",\"@id\":\"https:\/\/kapitalis.com\/tunisie\/#\/schema\/person\/d71f33a9ca44f7bad4698210b480c8e9\",\"name\":\"webmaster kapitalis\",\"url\":\"https:\/\/kapitalis.com\/tunisie\/author\/webmaster-kapitalis\/\"}]}<\/script>\n<!-- \/ Yoast SEO plugin. -->","yoast_head_json":{"title":"Tunisie\u00a0: Moez Dabbabi\u00a0revient sur l\u2019affaire de la Mutuelle de la s\u00e9curit\u00e9 int\u00e9rieure - Kapitalis","robots":{"index":"index","follow":"follow","max-snippet":"max-snippet:-1","max-image-preview":"max-image-preview:large","max-video-preview":"max-video-preview:-1"},"canonical":"https:\/\/kapitalis.com\/tunisie\/2022\/11\/30\/tunisie-moez-dabbabi-revient-sur-laffaire-de-la-mutuelle-de-la-securite-interieure\/","og_locale":"fr_FR","og_type":"article","og_title":"Tunisie\u00a0: Moez Dabbabi\u00a0revient sur l\u2019affaire de la Mutuelle de la s\u00e9curit\u00e9 int\u00e9rieure - Kapitalis","og_description":"Le dossier de la Mutuelle de la s\u00e9curit\u00e9 int\u00e9rieure cache d\u2019autres dossiers importants et de nombreuses parties y sont impliqu\u00e9es.","og_url":"https:\/\/kapitalis.com\/tunisie\/2022\/11\/30\/tunisie-moez-dabbabi-revient-sur-laffaire-de-la-mutuelle-de-la-securite-interieure\/","og_site_name":"Kapitalis","article_publisher":"https:\/\/www.facebook.com\/KapitalisInfo\/","article_published_time":"2022-11-30T12:51:52+00:00","article_modified_time":"2022-11-30T12:52:08+00:00","og_image":[{"width":1200,"height":630,"url":"https:\/\/kapitalis.com\/tunisie\/wp-content\/uploads\/2022\/11\/Moez-Dabbabi-Kais-Saied.jpg","type":"image\/jpeg"}],"author":"webmaster kapitalis","twitter_card":"summary_large_image","twitter_creator":"@KapitalisInfo","twitter_site":"@KapitalisInfo","twitter_misc":{"\u00c9crit par":"webmaster kapitalis","Dur\u00e9e de lecture estim\u00e9e":"2 minutes"},"schema":{"@context":"https:\/\/schema.org","@graph":[{"@type":"Article","@id":"https:\/\/kapitalis.com\/tunisie\/2022\/11\/30\/tunisie-moez-dabbabi-revient-sur-laffaire-de-la-mutuelle-de-la-securite-interieure\/#article","isPartOf":{"@id":"https:\/\/kapitalis.com\/tunisie\/2022\/11\/30\/tunisie-moez-dabbabi-revient-sur-laffaire-de-la-mutuelle-de-la-securite-interieure\/"},"author":{"name":"webmaster kapitalis","@id":"https:\/\/kapitalis.com\/tunisie\/#\/schema\/person\/d71f33a9ca44f7bad4698210b480c8e9"},"headline":"Tunisie\u00a0: Moez Dabbabi\u00a0revient sur l\u2019affaire de la Mutuelle de la s\u00e9curit\u00e9 int\u00e9rieure","datePublished":"2022-11-30T12:51:52+00:00","dateModified":"2022-11-30T12:52:08+00:00","mainEntityOfPage":{"@id":"https:\/\/kapitalis.com\/tunisie\/2022\/11\/30\/tunisie-moez-dabbabi-revient-sur-laffaire-de-la-mutuelle-de-la-securite-interieure\/"},"wordCount":284,"commentCount":1,"publisher":{"@id":"https:\/\/kapitalis.com\/tunisie\/#organization"},"image":{"@id":"https:\/\/kapitalis.com\/tunisie\/2022\/11\/30\/tunisie-moez-dabbabi-revient-sur-laffaire-de-la-mutuelle-de-la-securite-interieure\/#primaryimage"},"thumbnailUrl":"https:\/\/kapitalis.com\/tunisie\/wp-content\/uploads\/2022\/11\/Moez-Dabbabi-Kais-Saied.jpg","keywords":["Mhamdia","Moez Dabbabi","Mutuelle de la s\u00e9curit\u00e9 int\u00e9rieure","Tunisie"],"articleSection":["SOCIETE","Tunisie"],"inLanguage":"fr-FR","potentialAction":[{"@type":"CommentAction","name":"Comment","target":["https:\/\/kapitalis.com\/tunisie\/2022\/11\/30\/tunisie-moez-dabbabi-revient-sur-laffaire-de-la-mutuelle-de-la-securite-interieure\/#respond"]}]},{"@type":"WebPage","@id":"https:\/\/kapitalis.com\/tunisie\/2022\/11\/30\/tunisie-moez-dabbabi-revient-sur-laffaire-de-la-mutuelle-de-la-securite-interieure\/","url":"https:\/\/kapitalis.com\/tunisie\/2022\/11\/30\/tunisie-moez-dabbabi-revient-sur-laffaire-de-la-mutuelle-de-la-securite-interieure\/","name":"Tunisie\u00a0: Moez Dabbabi\u00a0revient sur l\u2019affaire de la Mutuelle de la s\u00e9curit\u00e9 int\u00e9rieure - Kapitalis","isPartOf":{"@id":"https:\/\/kapitalis.com\/tunisie\/#website"},"primaryImageOfPage":{"@id":"https:\/\/kapitalis.com\/tunisie\/2022\/11\/30\/tunisie-moez-dabbabi-revient-sur-laffaire-de-la-mutuelle-de-la-securite-interieure\/#primaryimage"},"image":{"@id":"https:\/\/kapitalis.com\/tunisie\/2022\/11\/30\/tunisie-moez-dabbabi-revient-sur-laffaire-de-la-mutuelle-de-la-securite-interieure\/#primaryimage"},"thumbnailUrl":"https:\/\/kapitalis.com\/tunisie\/wp-content\/uploads\/2022\/11\/Moez-Dabbabi-Kais-Saied.jpg","datePublished":"2022-11-30T12:51:52+00:00","dateModified":"2022-11-30T12:52:08+00:00","breadcrumb":{"@id":"https:\/\/kapitalis.com\/tunisie\/2022\/11\/30\/tunisie-moez-dabbabi-revient-sur-laffaire-de-la-mutuelle-de-la-securite-interieure\/#breadcrumb"},"inLanguage":"fr-FR","potentialAction":[{"@type":"ReadAction","target":["https:\/\/kapitalis.com\/tunisie\/2022\/11\/30\/tunisie-moez-dabbabi-revient-sur-laffaire-de-la-mutuelle-de-la-securite-interieure\/"]}]},{"@type":"ImageObject","inLanguage":"fr-FR","@id":"https:\/\/kapitalis.com\/tunisie\/2022\/11\/30\/tunisie-moez-dabbabi-revient-sur-laffaire-de-la-mutuelle-de-la-securite-interieure\/#primaryimage","url":"https:\/\/kapitalis.com\/tunisie\/wp-content\/uploads\/2022\/11\/Moez-Dabbabi-Kais-Saied.jpg","contentUrl":"https:\/\/kapitalis.com\/tunisie\/wp-content\/uploads\/2022\/11\/Moez-Dabbabi-Kais-Saied.jpg","width":1200,"height":630},{"@type":"BreadcrumbList","@id":"https:\/\/kapitalis.com\/tunisie\/2022\/11\/30\/tunisie-moez-dabbabi-revient-sur-laffaire-de-la-mutuelle-de-la-securite-interieure\/#breadcrumb","itemListElement":[{"@type":"ListItem","position":1,"name":"Accueil","item":"https:\/\/kapitalis.com\/tunisie\/"},{"@type":"ListItem","position":2,"name":"Tunisie\u00a0: Moez Dabbabi\u00a0revient sur l\u2019affaire de la Mutuelle de la s\u00e9curit\u00e9 int\u00e9rieure"}]},{"@type":"WebSite","@id":"https:\/\/kapitalis.com\/tunisie\/#website","url":"https:\/\/kapitalis.com\/tunisie\/","name":"Kapitalis","description":"L&#039;actualit\u00e9 en Tunisie et dans le monde","publisher":{"@id":"https:\/\/kapitalis.com\/tunisie\/#organization"},"potentialAction":[{"@type":"SearchAction","target":{"@type":"EntryPoint","urlTemplate":"https:\/\/kapitalis.com\/tunisie\/?s={search_term_string}"},"query-input":{"@type":"PropertyValueSpecification","valueRequired":true,"valueName":"search_term_string"}}],"inLanguage":"fr-FR"},{"@type":"Organization","@id":"https:\/\/kapitalis.com\/tunisie\/#organization","name":"Kapitalis","url":"https:\/\/kapitalis.com\/tunisie\/","logo":{"@type":"ImageObject","inLanguage":"fr-FR","@id":"https:\/\/kapitalis.com\/tunisie\/#\/schema\/logo\/image\/","url":"https:\/\/kapitalis.com\/tunisie\/wp-content\/uploads\/2022\/05\/Kapitalis-big-size.png","contentUrl":"https:\/\/kapitalis.com\/tunisie\/wp-content\/uploads\/2022\/05\/Kapitalis-big-size.png","width":5000,"height":1500,"caption":"Kapitalis"},"image":{"@id":"https:\/\/kapitalis.com\/tunisie\/#\/schema\/logo\/image\/"},"sameAs":["https:\/\/www.facebook.com\/KapitalisInfo\/","https:\/\/x.com\/KapitalisInfo","https:\/\/www.youtube.com\/channel\/UC-yDYrHyfFBWWZaOw3FPg9Q"]},{"@type":"Person","@id":"https:\/\/kapitalis.com\/tunisie\/#\/schema\/person\/d71f33a9ca44f7bad4698210b480c8e9","name":"webmaster kapitalis","url":"https:\/\/kapitalis.com\/tunisie\/author\/webmaster-kapitalis\/"}]}},"_links":{"self":[{"href":"https:\/\/kapitalis.com\/tunisie\/wp-json\/wp\/v2\/posts\/5379931","targetHints":{"allow":["GET"]}}],"collection":[{"href":"https:\/\/kapitalis.com\/tunisie\/wp-json\/wp\/v2\/posts"}],"about":[{"href":"https:\/\/kapitalis.com\/tunisie\/wp-json\/wp\/v2\/types\/post"}],"author":[{"embeddable":true,"href":"https:\/\/kapitalis.com\/tunisie\/wp-json\/wp\/v2\/users\/8"}],"replies":[{"embeddable":true,"href":"https:\/\/kapitalis.com\/tunisie\/wp-json\/wp\/v2\/comments?post=5379931"}],"version-history":[{"count":2,"href":"https:\/\/kapitalis.com\/tunisie\/wp-json\/wp\/v2\/posts\/5379931\/revisions"}],"predecessor-version":[{"id":5380046,"href":"https:\/\/kapitalis.com\/tunisie\/wp-json\/wp\/v2\/posts\/5379931\/revisions\/5380046"}],"wp:featuredmedia":[{"embeddable":true,"href":"https:\/\/kapitalis.com\/tunisie\/wp-json\/wp\/v2\/media\/5380023"}],"wp:attachment":[{"href":"https:\/\/kapitalis.com\/tunisie\/wp-json\/wp\/v2\/media?parent=5379931"}],"wp:term":[{"taxonomy":"category","embeddable":true,"href":"https:\/\/kapitalis.com\/tunisie\/wp-json\/wp\/v2\/categories?post=5379931"},{"taxonomy":"post_tag","embeddable":true,"href":"https:\/\/kapitalis.com\/tunisie\/wp-json\/wp\/v2\/tags?post=5379931"}],"curies":[{"name":"wp","href":"https:\/\/api.w.org\/{rel}","templated":true}]}}