{"id":53811,"date":"2016-06-13T15:36:04","date_gmt":"2016-06-13T14:36:04","guid":{"rendered":"http:\/\/kapitalis.com\/tunisie\/?p=53811"},"modified":"2017-10-06T11:10:12","modified_gmt":"2017-10-06T10:10:12","slug":"deces-de-slaheddine-ben-ali-frere-de-lancien-president","status":"publish","type":"post","link":"https:\/\/kapitalis.com\/tunisie\/2016\/06\/13\/deces-de-slaheddine-ben-ali-frere-de-lancien-president\/","title":{"rendered":"D\u00e9c\u00e8s de Slaheddine Ben Ali, fr\u00e8re de l\u2019ancien pr\u00e9sident"},"content":{"rendered":"<p><img loading=\"lazy\" decoding=\"async\" class=\"alignnone size-full wp-image-3608 aligncenter\" src=\"http:\/\/kapitalis.com\/tunisie\/wp-content\/uploads\/2015\/06\/Zine-Ben-Ali-et-Leila-Trabelsi.jpg\" alt=\"Zine-Ben-Ali-et-Leila-Trabelsi\" width=\"626\" height=\"380\" \/><\/p>\n<p><em><strong>Slaheddine Ben Ali, le fr\u00e8re a\u00een\u00e9 de l\u2019ancien pr\u00e9sident de la r\u00e9publique Zine El Abidine Ben Ali, s\u2019est \u00e9teint, aujourd\u2019hui, en fin de matin\u00e9e, \u00e0 Sousse.<\/strong> <\/em><\/p>\n<p><!--more--><\/p>\n<p>Slaheddine Ben Ali est le p\u00e8re de Kais Ben Ali et le beau-p\u00e8re de Zied Jaziri, ancien joueur de l\u2019Etoile sportive du Sahel (ESS) et de la s\u00e9lection nationale de football.<\/p>\n<p>L\u2019ancien pr\u00e9sident, en exil en Arabie saoudite, depuis sa fuite de la Tunisie, le 14 janvier 2011, ne pourra pas assister aux fun\u00e9railles de son fr\u00e8re.<\/p>\n<p style=\"text-align: right;\"><strong>Z. A. <\/strong><\/p>\n","protected":false},"excerpt":{"rendered":"<p>Slaheddine Ben Ali, le fr\u00e8re a\u00een\u00e9 de l\u2019ancien pr\u00e9sident de la r\u00e9publique Zine El Abidine Ben Ali, s\u2019est \u00e9teint, aujourd\u2019hui, en fin de matin\u00e9e, \u00e0 Sousse.<\/p>\n","protected":false},"author":8,"featured_media":0,"comment_status":"open","ping_status":"open","sticky":false,"template":"","format":"standard","meta":{"footnotes":""},"categories":[997,2433],"tags":[2638,19275,7334],"class_list":["post-53811","post","type-post","status-publish","format-standard","hentry","category-politique","category-tunisie","tag-arabie-saoudite","tag-zied-jaziri","tag-zine-el-abidine-ben-ali"],"yoast_head":"<!-- This site is optimized with the Yoast SEO plugin v26.6 - https:\/\/yoast.com\/wordpress\/plugins\/seo\/ -->\n<title>D\u00e9c\u00e8s de Slaheddine Ben Ali, fr\u00e8re de l\u2019ancien pr\u00e9sident - Kapitalis<\/title>\n<meta name=\"robots\" content=\"index, follow, max-snippet:-1, max-image-preview:large, max-video-preview:-1\" \/>\n<link rel=\"canonical\" href=\"https:\/\/kapitalis.com\/tunisie\/2016\/06\/13\/deces-de-slaheddine-ben-ali-frere-de-lancien-president\/\" \/>\n<meta property=\"og:locale\" content=\"fr_FR\" \/>\n<meta property=\"og:type\" content=\"article\" \/>\n<meta property=\"og:title\" content=\"D\u00e9c\u00e8s de Slaheddine Ben Ali, fr\u00e8re de l\u2019ancien pr\u00e9sident - Kapitalis\" \/>\n<meta property=\"og:description\" content=\"Slaheddine Ben Ali, le fr\u00e8re a\u00een\u00e9 de l\u2019ancien pr\u00e9sident de la r\u00e9publique Zine El Abidine Ben Ali, s\u2019est \u00e9teint, aujourd\u2019hui, en fin de matin\u00e9e, \u00e0 Sousse.\" \/>\n<meta property=\"og:url\" content=\"https:\/\/kapitalis.com\/tunisie\/2016\/06\/13\/deces-de-slaheddine-ben-ali-frere-de-lancien-president\/\" \/>\n<meta property=\"og:site_name\" content=\"Kapitalis\" \/>\n<meta property=\"article:publisher\" content=\"https:\/\/www.facebook.com\/KapitalisInfo\/\" \/>\n<meta property=\"article:published_time\" content=\"2016-06-13T14:36:04+00:00\" \/>\n<meta property=\"article:modified_time\" content=\"2017-10-06T10:10:12+00:00\" \/>\n<meta property=\"og:image\" content=\"http:\/\/kapitalis.com\/tunisie\/wp-content\/uploads\/2015\/06\/Zine-Ben-Ali-et-Leila-Trabelsi.jpg\" \/>\n<meta name=\"author\" content=\"webmaster kapitalis\" \/>\n<meta name=\"twitter:card\" content=\"summary_large_image\" \/>\n<meta name=\"twitter:creator\" content=\"@KapitalisInfo\" \/>\n<meta name=\"twitter:site\" content=\"@KapitalisInfo\" \/>\n<meta name=\"twitter:label1\" content=\"\u00c9crit par\" \/>\n\t<meta name=\"twitter:data1\" content=\"webmaster kapitalis\" \/>\n<script type=\"application\/ld+json\" class=\"yoast-schema-graph\">{\"@context\":\"https:\/\/schema.org\",\"@graph\":[{\"@type\":\"Article\",\"@id\":\"https:\/\/kapitalis.com\/tunisie\/2016\/06\/13\/deces-de-slaheddine-ben-ali-frere-de-lancien-president\/#article\",\"isPartOf\":{\"@id\":\"https:\/\/kapitalis.com\/tunisie\/2016\/06\/13\/deces-de-slaheddine-ben-ali-frere-de-lancien-president\/\"},\"author\":{\"name\":\"webmaster kapitalis\",\"@id\":\"https:\/\/kapitalis.com\/tunisie\/#\/schema\/person\/d71f33a9ca44f7bad4698210b480c8e9\"},\"headline\":\"D\u00e9c\u00e8s de Slaheddine Ben Ali, fr\u00e8re de l\u2019ancien pr\u00e9sident\",\"datePublished\":\"2016-06-13T14:36:04+00:00\",\"dateModified\":\"2017-10-06T10:10:12+00:00\",\"mainEntityOfPage\":{\"@id\":\"https:\/\/kapitalis.com\/tunisie\/2016\/06\/13\/deces-de-slaheddine-ben-ali-frere-de-lancien-president\/\"},\"wordCount\":112,\"commentCount\":11,\"publisher\":{\"@id\":\"https:\/\/kapitalis.com\/tunisie\/#organization\"},\"image\":{\"@id\":\"https:\/\/kapitalis.com\/tunisie\/2016\/06\/13\/deces-de-slaheddine-ben-ali-frere-de-lancien-president\/#primaryimage\"},\"thumbnailUrl\":\"http:\/\/kapitalis.com\/tunisie\/wp-content\/uploads\/2015\/06\/Zine-Ben-Ali-et-Leila-Trabelsi.jpg\",\"keywords\":[\"Arabie saoudite\",\"Zied Jaziri\",\"Zine El Abidine Ben Ali\"],\"articleSection\":[\"POLITIQUE\",\"Tunisie\"],\"inLanguage\":\"fr-FR\",\"potentialAction\":[{\"@type\":\"CommentAction\",\"name\":\"Comment\",\"target\":[\"https:\/\/kapitalis.com\/tunisie\/2016\/06\/13\/deces-de-slaheddine-ben-ali-frere-de-lancien-president\/#respond\"]}]},{\"@type\":\"WebPage\",\"@id\":\"https:\/\/kapitalis.com\/tunisie\/2016\/06\/13\/deces-de-slaheddine-ben-ali-frere-de-lancien-president\/\",\"url\":\"https:\/\/kapitalis.com\/tunisie\/2016\/06\/13\/deces-de-slaheddine-ben-ali-frere-de-lancien-president\/\",\"name\":\"D\u00e9c\u00e8s de Slaheddine Ben Ali, fr\u00e8re de l\u2019ancien pr\u00e9sident - Kapitalis\",\"isPartOf\":{\"@id\":\"https:\/\/kapitalis.com\/tunisie\/#website\"},\"primaryImageOfPage\":{\"@id\":\"https:\/\/kapitalis.com\/tunisie\/2016\/06\/13\/deces-de-slaheddine-ben-ali-frere-de-lancien-president\/#primaryimage\"},\"image\":{\"@id\":\"https:\/\/kapitalis.com\/tunisie\/2016\/06\/13\/deces-de-slaheddine-ben-ali-frere-de-lancien-president\/#primaryimage\"},\"thumbnailUrl\":\"http:\/\/kapitalis.com\/tunisie\/wp-content\/uploads\/2015\/06\/Zine-Ben-Ali-et-Leila-Trabelsi.jpg\",\"datePublished\":\"2016-06-13T14:36:04+00:00\",\"dateModified\":\"2017-10-06T10:10:12+00:00\",\"breadcrumb\":{\"@id\":\"https:\/\/kapitalis.com\/tunisie\/2016\/06\/13\/deces-de-slaheddine-ben-ali-frere-de-lancien-president\/#breadcrumb\"},\"inLanguage\":\"fr-FR\",\"potentialAction\":[{\"@type\":\"ReadAction\",\"target\":[\"https:\/\/kapitalis.com\/tunisie\/2016\/06\/13\/deces-de-slaheddine-ben-ali-frere-de-lancien-president\/\"]}]},{\"@type\":\"ImageObject\",\"inLanguage\":\"fr-FR\",\"@id\":\"https:\/\/kapitalis.com\/tunisie\/2016\/06\/13\/deces-de-slaheddine-ben-ali-frere-de-lancien-president\/#primaryimage\",\"url\":\"http:\/\/kapitalis.com\/tunisie\/wp-content\/uploads\/2015\/06\/Zine-Ben-Ali-et-Leila-Trabelsi.jpg\",\"contentUrl\":\"http:\/\/kapitalis.com\/tunisie\/wp-content\/uploads\/2015\/06\/Zine-Ben-Ali-et-Leila-Trabelsi.jpg\"},{\"@type\":\"BreadcrumbList\",\"@id\":\"https:\/\/kapitalis.com\/tunisie\/2016\/06\/13\/deces-de-slaheddine-ben-ali-frere-de-lancien-president\/#breadcrumb\",\"itemListElement\":[{\"@type\":\"ListItem\",\"position\":1,\"name\":\"Accueil\",\"item\":\"https:\/\/kapitalis.com\/tunisie\/\"},{\"@type\":\"ListItem\",\"position\":2,\"name\":\"D\u00e9c\u00e8s de Slaheddine Ben Ali, fr\u00e8re de l\u2019ancien pr\u00e9sident\"}]},{\"@type\":\"WebSite\",\"@id\":\"https:\/\/kapitalis.com\/tunisie\/#website\",\"url\":\"https:\/\/kapitalis.com\/tunisie\/\",\"name\":\"Kapitalis\",\"description\":\"L&#039;actualit\u00e9 en Tunisie et dans le monde\",\"publisher\":{\"@id\":\"https:\/\/kapitalis.com\/tunisie\/#organization\"},\"potentialAction\":[{\"@type\":\"SearchAction\",\"target\":{\"@type\":\"EntryPoint\",\"urlTemplate\":\"https:\/\/kapitalis.com\/tunisie\/?s={search_term_string}\"},\"query-input\":{\"@type\":\"PropertyValueSpecification\",\"valueRequired\":true,\"valueName\":\"search_term_string\"}}],\"inLanguage\":\"fr-FR\"},{\"@type\":\"Organization\",\"@id\":\"https:\/\/kapitalis.com\/tunisie\/#organization\",\"name\":\"Kapitalis\",\"url\":\"https:\/\/kapitalis.com\/tunisie\/\",\"logo\":{\"@type\":\"ImageObject\",\"inLanguage\":\"fr-FR\",\"@id\":\"https:\/\/kapitalis.com\/tunisie\/#\/schema\/logo\/image\/\",\"url\":\"https:\/\/kapitalis.com\/tunisie\/wp-content\/uploads\/2022\/05\/Kapitalis-big-size.png\",\"contentUrl\":\"https:\/\/kapitalis.com\/tunisie\/wp-content\/uploads\/2022\/05\/Kapitalis-big-size.png\",\"width\":5000,\"height\":1500,\"caption\":\"Kapitalis\"},\"image\":{\"@id\":\"https:\/\/kapitalis.com\/tunisie\/#\/schema\/logo\/image\/\"},\"sameAs\":[\"https:\/\/www.facebook.com\/KapitalisInfo\/\",\"https:\/\/x.com\/KapitalisInfo\",\"https:\/\/www.youtube.com\/channel\/UC-yDYrHyfFBWWZaOw3FPg9Q\"]},{\"@type\":\"Person\",\"@id\":\"https:\/\/kapitalis.com\/tunisie\/#\/schema\/person\/d71f33a9ca44f7bad4698210b480c8e9\",\"name\":\"webmaster kapitalis\",\"url\":\"https:\/\/kapitalis.com\/tunisie\/author\/webmaster-kapitalis\/\"}]}<\/script>\n<!-- \/ Yoast SEO plugin. -->","yoast_head_json":{"title":"D\u00e9c\u00e8s de Slaheddine Ben Ali, fr\u00e8re de l\u2019ancien pr\u00e9sident - Kapitalis","robots":{"index":"index","follow":"follow","max-snippet":"max-snippet:-1","max-image-preview":"max-image-preview:large","max-video-preview":"max-video-preview:-1"},"canonical":"https:\/\/kapitalis.com\/tunisie\/2016\/06\/13\/deces-de-slaheddine-ben-ali-frere-de-lancien-president\/","og_locale":"fr_FR","og_type":"article","og_title":"D\u00e9c\u00e8s de Slaheddine Ben Ali, fr\u00e8re de l\u2019ancien pr\u00e9sident - Kapitalis","og_description":"Slaheddine Ben Ali, le fr\u00e8re a\u00een\u00e9 de l\u2019ancien pr\u00e9sident de la r\u00e9publique Zine El Abidine Ben Ali, s\u2019est \u00e9teint, aujourd\u2019hui, en fin de matin\u00e9e, \u00e0 Sousse.","og_url":"https:\/\/kapitalis.com\/tunisie\/2016\/06\/13\/deces-de-slaheddine-ben-ali-frere-de-lancien-president\/","og_site_name":"Kapitalis","article_publisher":"https:\/\/www.facebook.com\/KapitalisInfo\/","article_published_time":"2016-06-13T14:36:04+00:00","article_modified_time":"2017-10-06T10:10:12+00:00","og_image":[{"url":"http:\/\/kapitalis.com\/tunisie\/wp-content\/uploads\/2015\/06\/Zine-Ben-Ali-et-Leila-Trabelsi.jpg","type":"","width":"","height":""}],"author":"webmaster kapitalis","twitter_card":"summary_large_image","twitter_creator":"@KapitalisInfo","twitter_site":"@KapitalisInfo","twitter_misc":{"\u00c9crit par":"webmaster kapitalis"},"schema":{"@context":"https:\/\/schema.org","@graph":[{"@type":"Article","@id":"https:\/\/kapitalis.com\/tunisie\/2016\/06\/13\/deces-de-slaheddine-ben-ali-frere-de-lancien-president\/#article","isPartOf":{"@id":"https:\/\/kapitalis.com\/tunisie\/2016\/06\/13\/deces-de-slaheddine-ben-ali-frere-de-lancien-president\/"},"author":{"name":"webmaster kapitalis","@id":"https:\/\/kapitalis.com\/tunisie\/#\/schema\/person\/d71f33a9ca44f7bad4698210b480c8e9"},"headline":"D\u00e9c\u00e8s de Slaheddine Ben Ali, fr\u00e8re de l\u2019ancien pr\u00e9sident","datePublished":"2016-06-13T14:36:04+00:00","dateModified":"2017-10-06T10:10:12+00:00","mainEntityOfPage":{"@id":"https:\/\/kapitalis.com\/tunisie\/2016\/06\/13\/deces-de-slaheddine-ben-ali-frere-de-lancien-president\/"},"wordCount":112,"commentCount":11,"publisher":{"@id":"https:\/\/kapitalis.com\/tunisie\/#organization"},"image":{"@id":"https:\/\/kapitalis.com\/tunisie\/2016\/06\/13\/deces-de-slaheddine-ben-ali-frere-de-lancien-president\/#primaryimage"},"thumbnailUrl":"http:\/\/kapitalis.com\/tunisie\/wp-content\/uploads\/2015\/06\/Zine-Ben-Ali-et-Leila-Trabelsi.jpg","keywords":["Arabie saoudite","Zied Jaziri","Zine El Abidine Ben Ali"],"articleSection":["POLITIQUE","Tunisie"],"inLanguage":"fr-FR","potentialAction":[{"@type":"CommentAction","name":"Comment","target":["https:\/\/kapitalis.com\/tunisie\/2016\/06\/13\/deces-de-slaheddine-ben-ali-frere-de-lancien-president\/#respond"]}]},{"@type":"WebPage","@id":"https:\/\/kapitalis.com\/tunisie\/2016\/06\/13\/deces-de-slaheddine-ben-ali-frere-de-lancien-president\/","url":"https:\/\/kapitalis.com\/tunisie\/2016\/06\/13\/deces-de-slaheddine-ben-ali-frere-de-lancien-president\/","name":"D\u00e9c\u00e8s de Slaheddine Ben Ali, fr\u00e8re de l\u2019ancien pr\u00e9sident - Kapitalis","isPartOf":{"@id":"https:\/\/kapitalis.com\/tunisie\/#website"},"primaryImageOfPage":{"@id":"https:\/\/kapitalis.com\/tunisie\/2016\/06\/13\/deces-de-slaheddine-ben-ali-frere-de-lancien-president\/#primaryimage"},"image":{"@id":"https:\/\/kapitalis.com\/tunisie\/2016\/06\/13\/deces-de-slaheddine-ben-ali-frere-de-lancien-president\/#primaryimage"},"thumbnailUrl":"http:\/\/kapitalis.com\/tunisie\/wp-content\/uploads\/2015\/06\/Zine-Ben-Ali-et-Leila-Trabelsi.jpg","datePublished":"2016-06-13T14:36:04+00:00","dateModified":"2017-10-06T10:10:12+00:00","breadcrumb":{"@id":"https:\/\/kapitalis.com\/tunisie\/2016\/06\/13\/deces-de-slaheddine-ben-ali-frere-de-lancien-president\/#breadcrumb"},"inLanguage":"fr-FR","potentialAction":[{"@type":"ReadAction","target":["https:\/\/kapitalis.com\/tunisie\/2016\/06\/13\/deces-de-slaheddine-ben-ali-frere-de-lancien-president\/"]}]},{"@type":"ImageObject","inLanguage":"fr-FR","@id":"https:\/\/kapitalis.com\/tunisie\/2016\/06\/13\/deces-de-slaheddine-ben-ali-frere-de-lancien-president\/#primaryimage","url":"http:\/\/kapitalis.com\/tunisie\/wp-content\/uploads\/2015\/06\/Zine-Ben-Ali-et-Leila-Trabelsi.jpg","contentUrl":"http:\/\/kapitalis.com\/tunisie\/wp-content\/uploads\/2015\/06\/Zine-Ben-Ali-et-Leila-Trabelsi.jpg"},{"@type":"BreadcrumbList","@id":"https:\/\/kapitalis.com\/tunisie\/2016\/06\/13\/deces-de-slaheddine-ben-ali-frere-de-lancien-president\/#breadcrumb","itemListElement":[{"@type":"ListItem","position":1,"name":"Accueil","item":"https:\/\/kapitalis.com\/tunisie\/"},{"@type":"ListItem","position":2,"name":"D\u00e9c\u00e8s de Slaheddine Ben Ali, fr\u00e8re de l\u2019ancien pr\u00e9sident"}]},{"@type":"WebSite","@id":"https:\/\/kapitalis.com\/tunisie\/#website","url":"https:\/\/kapitalis.com\/tunisie\/","name":"Kapitalis","description":"L&#039;actualit\u00e9 en Tunisie et dans le monde","publisher":{"@id":"https:\/\/kapitalis.com\/tunisie\/#organization"},"potentialAction":[{"@type":"SearchAction","target":{"@type":"EntryPoint","urlTemplate":"https:\/\/kapitalis.com\/tunisie\/?s={search_term_string}"},"query-input":{"@type":"PropertyValueSpecification","valueRequired":true,"valueName":"search_term_string"}}],"inLanguage":"fr-FR"},{"@type":"Organization","@id":"https:\/\/kapitalis.com\/tunisie\/#organization","name":"Kapitalis","url":"https:\/\/kapitalis.com\/tunisie\/","logo":{"@type":"ImageObject","inLanguage":"fr-FR","@id":"https:\/\/kapitalis.com\/tunisie\/#\/schema\/logo\/image\/","url":"https:\/\/kapitalis.com\/tunisie\/wp-content\/uploads\/2022\/05\/Kapitalis-big-size.png","contentUrl":"https:\/\/kapitalis.com\/tunisie\/wp-content\/uploads\/2022\/05\/Kapitalis-big-size.png","width":5000,"height":1500,"caption":"Kapitalis"},"image":{"@id":"https:\/\/kapitalis.com\/tunisie\/#\/schema\/logo\/image\/"},"sameAs":["https:\/\/www.facebook.com\/KapitalisInfo\/","https:\/\/x.com\/KapitalisInfo","https:\/\/www.youtube.com\/channel\/UC-yDYrHyfFBWWZaOw3FPg9Q"]},{"@type":"Person","@id":"https:\/\/kapitalis.com\/tunisie\/#\/schema\/person\/d71f33a9ca44f7bad4698210b480c8e9","name":"webmaster kapitalis","url":"https:\/\/kapitalis.com\/tunisie\/author\/webmaster-kapitalis\/"}]}},"_links":{"self":[{"href":"https:\/\/kapitalis.com\/tunisie\/wp-json\/wp\/v2\/posts\/53811","targetHints":{"allow":["GET"]}}],"collection":[{"href":"https:\/\/kapitalis.com\/tunisie\/wp-json\/wp\/v2\/posts"}],"about":[{"href":"https:\/\/kapitalis.com\/tunisie\/wp-json\/wp\/v2\/types\/post"}],"author":[{"embeddable":true,"href":"https:\/\/kapitalis.com\/tunisie\/wp-json\/wp\/v2\/users\/8"}],"replies":[{"embeddable":true,"href":"https:\/\/kapitalis.com\/tunisie\/wp-json\/wp\/v2\/comments?post=53811"}],"version-history":[{"count":0,"href":"https:\/\/kapitalis.com\/tunisie\/wp-json\/wp\/v2\/posts\/53811\/revisions"}],"wp:attachment":[{"href":"https:\/\/kapitalis.com\/tunisie\/wp-json\/wp\/v2\/media?parent=53811"}],"wp:term":[{"taxonomy":"category","embeddable":true,"href":"https:\/\/kapitalis.com\/tunisie\/wp-json\/wp\/v2\/categories?post=53811"},{"taxonomy":"post_tag","embeddable":true,"href":"https:\/\/kapitalis.com\/tunisie\/wp-json\/wp\/v2\/tags?post=53811"}],"curies":[{"name":"wp","href":"https:\/\/api.w.org\/{rel}","templated":true}]}}