{"id":53935,"date":"2016-06-14T15:18:32","date_gmt":"2016-06-14T14:18:32","guid":{"rendered":"http:\/\/kapitalis.com\/tunisie\/?p=53935"},"modified":"2016-06-14T15:18:32","modified_gmt":"2016-06-14T14:18:32","slug":"tls-contact-des-employes-protestent-contre-des-licenciements-abusifs","status":"publish","type":"post","link":"https:\/\/kapitalis.com\/tunisie\/2016\/06\/14\/tls-contact-des-employes-protestent-contre-des-licenciements-abusifs\/","title":{"rendered":"TLs Contact : Des employ\u00e9s protestent contre des licenciements abusifs"},"content":{"rendered":"<p style=\"text-align: center;\"><img loading=\"lazy\" decoding=\"async\" class=\"alignnone size-full wp-image-53938\" src=\"http:\/\/kapitalis.com\/tunisie\/wp-content\/uploads\/2016\/06\/TLs-rassemblement-protestation.jpg\" alt=\"TLs rassemblement protestation\" width=\"626\" height=\"380\" \/><\/p>\n<p><em><strong>Les employ\u00e9s de TLs Contact\u00a0ont protest\u00e9, aujourd\u2019hui, devant le si\u00e8ge de la soci\u00e9t\u00e9 aux Berges du Lac de Tunis, pour d\u00e9noncer le licenciement abusif de 3 syndicalistes. \u00a0<\/strong><\/em><\/p>\n<p><!--more--><\/p>\n<p>Les employ\u00e9s de cette filiale de la multinationale Teleperformance, charg\u00e9e des proc\u00e9dures de demande de visas Schengen pour le compte des ambassades de l&rsquo;Union europ\u00e9enne \u00e0 Tunis, se sont rassembl\u00e9s pour appeler la direction \u00e0 r\u00e9int\u00e9grer 3 employ\u00e9s, licenci\u00e9s, le mois derniers, <em>\u00absans motif\u00bb.<\/em><\/p>\n<p style=\"text-align: center;\"><img loading=\"lazy\" decoding=\"async\" class=\"alignnone size-full wp-image-53940\" src=\"http:\/\/kapitalis.com\/tunisie\/wp-content\/uploads\/2016\/06\/TLs-contact-manif.jpg\" alt=\"TLs contact manif\" width=\"500\" height=\"300\" \/><\/p>\n<p>Ali Ourak, secr\u00e9taire g\u00e9n\u00e9ral adjoint de\u00a0la f\u00e9d\u00e9ration des\u00a0centres des t\u00e9l\u00e9communications, relevant de l&rsquo;UGTT, a indiqu\u00e9 que le renvoi des employ\u00e9s est clairement d\u00fb \u00e0 leur activit\u00e9 syndicale, pr\u00e9cisant que TLs a refus\u00e9 la\u00a0collaboration d\u00e8s la mise en place du syndicat en avril dernier.<\/p>\n<p style=\"text-align: center;\"><img loading=\"lazy\" decoding=\"async\" class=\"alignnone size-full wp-image-53941\" src=\"http:\/\/kapitalis.com\/tunisie\/wp-content\/uploads\/2016\/06\/Syndicat-TLS.jpg\" alt=\"Syndicat TLS\" width=\"500\" height=\"300\" \/><\/p>\n<p>\u00ab<em>La direction ne s\u2019est pas pr\u00e9sent\u00e9e, en avril, \u00e0 la r\u00e9union de reconnaissance de la cr\u00e9ation du syndicat convenue avec l\u2019UGTT, ni \u00e0 celle organis\u00e9e avec le gouverneur de Tunis, quelques jours apr\u00e8s<\/em>\u00bb, a indiqu\u00e9 Ali Ourak, ajoutant\u00a0: \u00ab<em>Les syndicalistes renvoy\u00e9s ont eu le choix entre quitter l\u2019\u00e9tablissement, partir en mission obligatoire \u00e0 l\u2019\u00e9tranger ou d\u00e9missionner \u00e0 l\u2019amiable contre une somme de 2000 dinars. Il est clair que l\u2019objectif est de les \u00e9loigner et \u00e9viter ainsi la mise en place d\u2019un syndicat<\/em>\u00bb.<\/p>\n<p>Les employ\u00e9s ont pr\u00e9vu une gr\u00e8ve, le vendredi 17 juin 2016.<\/p>\n<p style=\"text-align: right;\"><strong>Y. N.<\/strong><\/p>\n","protected":false},"excerpt":{"rendered":"<p>Les employ\u00e9s de TLs Contact\u00a0ont protest\u00e9, aujourd\u2019hui, devant le si\u00e8ge de la soci\u00e9t\u00e9 aux Berges du Lac de Tunis, pour d\u00e9noncer le licenciement abusif de 3 syndicalistes. \u00a0<\/p>\n","protected":false},"author":6,"featured_media":53938,"comment_status":"open","ping_status":"open","sticky":false,"template":"","format":"standard","meta":{"footnotes":""},"categories":[998,2433],"tags":[],"class_list":["post-53935","post","type-post","status-publish","format-standard","has-post-thumbnail","hentry","category-societe","category-tunisie"],"yoast_head":"<!-- This site is optimized with the Yoast SEO plugin v26.6 - https:\/\/yoast.com\/wordpress\/plugins\/seo\/ -->\n<title>TLs Contact : Des employ\u00e9s protestent contre des licenciements abusifs - Kapitalis<\/title>\n<meta name=\"robots\" content=\"index, follow, max-snippet:-1, max-image-preview:large, max-video-preview:-1\" \/>\n<link rel=\"canonical\" href=\"https:\/\/kapitalis.com\/tunisie\/2016\/06\/14\/tls-contact-des-employes-protestent-contre-des-licenciements-abusifs\/\" \/>\n<meta property=\"og:locale\" content=\"fr_FR\" \/>\n<meta property=\"og:type\" content=\"article\" \/>\n<meta property=\"og:title\" content=\"TLs Contact : Des employ\u00e9s protestent contre des licenciements abusifs - Kapitalis\" \/>\n<meta property=\"og:description\" content=\"Les employ\u00e9s de TLs Contact\u00a0ont protest\u00e9, aujourd\u2019hui, devant le si\u00e8ge de la soci\u00e9t\u00e9 aux Berges du Lac de Tunis, pour d\u00e9noncer le licenciement abusif de 3 syndicalistes. \u00a0\" \/>\n<meta property=\"og:url\" content=\"https:\/\/kapitalis.com\/tunisie\/2016\/06\/14\/tls-contact-des-employes-protestent-contre-des-licenciements-abusifs\/\" \/>\n<meta property=\"og:site_name\" content=\"Kapitalis\" \/>\n<meta property=\"article:publisher\" content=\"https:\/\/www.facebook.com\/KapitalisInfo\/\" \/>\n<meta property=\"article:published_time\" content=\"2016-06-14T14:18:32+00:00\" \/>\n<meta property=\"og:image\" content=\"https:\/\/kapitalis.com\/tunisie\/wp-content\/uploads\/2022\/05\/kapitalis-logo-fb.png\" \/>\n\t<meta property=\"og:image:width\" content=\"1200\" \/>\n\t<meta property=\"og:image:height\" content=\"630\" \/>\n\t<meta property=\"og:image:type\" content=\"image\/png\" \/>\n<meta name=\"author\" content=\"Yusra NY\" \/>\n<meta name=\"twitter:card\" content=\"summary_large_image\" \/>\n<meta name=\"twitter:creator\" content=\"@KapitalisInfo\" \/>\n<meta name=\"twitter:site\" content=\"@KapitalisInfo\" \/>\n<meta name=\"twitter:label1\" content=\"\u00c9crit par\" \/>\n\t<meta name=\"twitter:data1\" content=\"Yusra NY\" \/>\n\t<meta name=\"twitter:label2\" content=\"Dur\u00e9e de lecture estim\u00e9e\" \/>\n\t<meta name=\"twitter:data2\" content=\"1 minute\" \/>\n<script type=\"application\/ld+json\" class=\"yoast-schema-graph\">{\"@context\":\"https:\/\/schema.org\",\"@graph\":[{\"@type\":\"Article\",\"@id\":\"https:\/\/kapitalis.com\/tunisie\/2016\/06\/14\/tls-contact-des-employes-protestent-contre-des-licenciements-abusifs\/#article\",\"isPartOf\":{\"@id\":\"https:\/\/kapitalis.com\/tunisie\/2016\/06\/14\/tls-contact-des-employes-protestent-contre-des-licenciements-abusifs\/\"},\"author\":{\"name\":\"Yusra NY\",\"@id\":\"https:\/\/kapitalis.com\/tunisie\/#\/schema\/person\/74bbde0154d49d790a92aaeac5bc01d5\"},\"headline\":\"TLs Contact : Des employ\u00e9s protestent contre des licenciements abusifs\",\"datePublished\":\"2016-06-14T14:18:32+00:00\",\"mainEntityOfPage\":{\"@id\":\"https:\/\/kapitalis.com\/tunisie\/2016\/06\/14\/tls-contact-des-employes-protestent-contre-des-licenciements-abusifs\/\"},\"wordCount\":253,\"commentCount\":0,\"publisher\":{\"@id\":\"https:\/\/kapitalis.com\/tunisie\/#organization\"},\"image\":{\"@id\":\"https:\/\/kapitalis.com\/tunisie\/2016\/06\/14\/tls-contact-des-employes-protestent-contre-des-licenciements-abusifs\/#primaryimage\"},\"thumbnailUrl\":\"\",\"articleSection\":[\"SOCIETE\",\"Tunisie\"],\"inLanguage\":\"fr-FR\",\"potentialAction\":[{\"@type\":\"CommentAction\",\"name\":\"Comment\",\"target\":[\"https:\/\/kapitalis.com\/tunisie\/2016\/06\/14\/tls-contact-des-employes-protestent-contre-des-licenciements-abusifs\/#respond\"]}]},{\"@type\":\"WebPage\",\"@id\":\"https:\/\/kapitalis.com\/tunisie\/2016\/06\/14\/tls-contact-des-employes-protestent-contre-des-licenciements-abusifs\/\",\"url\":\"https:\/\/kapitalis.com\/tunisie\/2016\/06\/14\/tls-contact-des-employes-protestent-contre-des-licenciements-abusifs\/\",\"name\":\"TLs Contact : Des employ\u00e9s protestent contre des licenciements abusifs - Kapitalis\",\"isPartOf\":{\"@id\":\"https:\/\/kapitalis.com\/tunisie\/#website\"},\"primaryImageOfPage\":{\"@id\":\"https:\/\/kapitalis.com\/tunisie\/2016\/06\/14\/tls-contact-des-employes-protestent-contre-des-licenciements-abusifs\/#primaryimage\"},\"image\":{\"@id\":\"https:\/\/kapitalis.com\/tunisie\/2016\/06\/14\/tls-contact-des-employes-protestent-contre-des-licenciements-abusifs\/#primaryimage\"},\"thumbnailUrl\":\"\",\"datePublished\":\"2016-06-14T14:18:32+00:00\",\"breadcrumb\":{\"@id\":\"https:\/\/kapitalis.com\/tunisie\/2016\/06\/14\/tls-contact-des-employes-protestent-contre-des-licenciements-abusifs\/#breadcrumb\"},\"inLanguage\":\"fr-FR\",\"potentialAction\":[{\"@type\":\"ReadAction\",\"target\":[\"https:\/\/kapitalis.com\/tunisie\/2016\/06\/14\/tls-contact-des-employes-protestent-contre-des-licenciements-abusifs\/\"]}]},{\"@type\":\"ImageObject\",\"inLanguage\":\"fr-FR\",\"@id\":\"https:\/\/kapitalis.com\/tunisie\/2016\/06\/14\/tls-contact-des-employes-protestent-contre-des-licenciements-abusifs\/#primaryimage\",\"url\":\"\",\"contentUrl\":\"\"},{\"@type\":\"BreadcrumbList\",\"@id\":\"https:\/\/kapitalis.com\/tunisie\/2016\/06\/14\/tls-contact-des-employes-protestent-contre-des-licenciements-abusifs\/#breadcrumb\",\"itemListElement\":[{\"@type\":\"ListItem\",\"position\":1,\"name\":\"Accueil\",\"item\":\"https:\/\/kapitalis.com\/tunisie\/\"},{\"@type\":\"ListItem\",\"position\":2,\"name\":\"TLs Contact : Des employ\u00e9s protestent contre des licenciements abusifs\"}]},{\"@type\":\"WebSite\",\"@id\":\"https:\/\/kapitalis.com\/tunisie\/#website\",\"url\":\"https:\/\/kapitalis.com\/tunisie\/\",\"name\":\"Kapitalis\",\"description\":\"L&#039;actualit\u00e9 en Tunisie et dans le monde\",\"publisher\":{\"@id\":\"https:\/\/kapitalis.com\/tunisie\/#organization\"},\"potentialAction\":[{\"@type\":\"SearchAction\",\"target\":{\"@type\":\"EntryPoint\",\"urlTemplate\":\"https:\/\/kapitalis.com\/tunisie\/?s={search_term_string}\"},\"query-input\":{\"@type\":\"PropertyValueSpecification\",\"valueRequired\":true,\"valueName\":\"search_term_string\"}}],\"inLanguage\":\"fr-FR\"},{\"@type\":\"Organization\",\"@id\":\"https:\/\/kapitalis.com\/tunisie\/#organization\",\"name\":\"Kapitalis\",\"url\":\"https:\/\/kapitalis.com\/tunisie\/\",\"logo\":{\"@type\":\"ImageObject\",\"inLanguage\":\"fr-FR\",\"@id\":\"https:\/\/kapitalis.com\/tunisie\/#\/schema\/logo\/image\/\",\"url\":\"https:\/\/kapitalis.com\/tunisie\/wp-content\/uploads\/2022\/05\/Kapitalis-big-size.png\",\"contentUrl\":\"https:\/\/kapitalis.com\/tunisie\/wp-content\/uploads\/2022\/05\/Kapitalis-big-size.png\",\"width\":5000,\"height\":1500,\"caption\":\"Kapitalis\"},\"image\":{\"@id\":\"https:\/\/kapitalis.com\/tunisie\/#\/schema\/logo\/image\/\"},\"sameAs\":[\"https:\/\/www.facebook.com\/KapitalisInfo\/\",\"https:\/\/x.com\/KapitalisInfo\",\"https:\/\/www.youtube.com\/channel\/UC-yDYrHyfFBWWZaOw3FPg9Q\"]},{\"@type\":\"Person\",\"@id\":\"https:\/\/kapitalis.com\/tunisie\/#\/schema\/person\/74bbde0154d49d790a92aaeac5bc01d5\",\"name\":\"Yusra NY\",\"url\":\"https:\/\/kapitalis.com\/tunisie\/author\/yuza_adam\/\"}]}<\/script>\n<!-- \/ Yoast SEO plugin. -->","yoast_head_json":{"title":"TLs Contact : Des employ\u00e9s protestent contre des licenciements abusifs - Kapitalis","robots":{"index":"index","follow":"follow","max-snippet":"max-snippet:-1","max-image-preview":"max-image-preview:large","max-video-preview":"max-video-preview:-1"},"canonical":"https:\/\/kapitalis.com\/tunisie\/2016\/06\/14\/tls-contact-des-employes-protestent-contre-des-licenciements-abusifs\/","og_locale":"fr_FR","og_type":"article","og_title":"TLs Contact : Des employ\u00e9s protestent contre des licenciements abusifs - Kapitalis","og_description":"Les employ\u00e9s de TLs Contact\u00a0ont protest\u00e9, aujourd\u2019hui, devant le si\u00e8ge de la soci\u00e9t\u00e9 aux Berges du Lac de Tunis, pour d\u00e9noncer le licenciement abusif de 3 syndicalistes. \u00a0","og_url":"https:\/\/kapitalis.com\/tunisie\/2016\/06\/14\/tls-contact-des-employes-protestent-contre-des-licenciements-abusifs\/","og_site_name":"Kapitalis","article_publisher":"https:\/\/www.facebook.com\/KapitalisInfo\/","article_published_time":"2016-06-14T14:18:32+00:00","og_image":[{"width":1200,"height":630,"url":"https:\/\/kapitalis.com\/tunisie\/wp-content\/uploads\/2022\/05\/kapitalis-logo-fb.png","type":"image\/png"}],"author":"Yusra NY","twitter_card":"summary_large_image","twitter_creator":"@KapitalisInfo","twitter_site":"@KapitalisInfo","twitter_misc":{"\u00c9crit par":"Yusra NY","Dur\u00e9e de lecture estim\u00e9e":"1 minute"},"schema":{"@context":"https:\/\/schema.org","@graph":[{"@type":"Article","@id":"https:\/\/kapitalis.com\/tunisie\/2016\/06\/14\/tls-contact-des-employes-protestent-contre-des-licenciements-abusifs\/#article","isPartOf":{"@id":"https:\/\/kapitalis.com\/tunisie\/2016\/06\/14\/tls-contact-des-employes-protestent-contre-des-licenciements-abusifs\/"},"author":{"name":"Yusra NY","@id":"https:\/\/kapitalis.com\/tunisie\/#\/schema\/person\/74bbde0154d49d790a92aaeac5bc01d5"},"headline":"TLs Contact : Des employ\u00e9s protestent contre des licenciements abusifs","datePublished":"2016-06-14T14:18:32+00:00","mainEntityOfPage":{"@id":"https:\/\/kapitalis.com\/tunisie\/2016\/06\/14\/tls-contact-des-employes-protestent-contre-des-licenciements-abusifs\/"},"wordCount":253,"commentCount":0,"publisher":{"@id":"https:\/\/kapitalis.com\/tunisie\/#organization"},"image":{"@id":"https:\/\/kapitalis.com\/tunisie\/2016\/06\/14\/tls-contact-des-employes-protestent-contre-des-licenciements-abusifs\/#primaryimage"},"thumbnailUrl":"","articleSection":["SOCIETE","Tunisie"],"inLanguage":"fr-FR","potentialAction":[{"@type":"CommentAction","name":"Comment","target":["https:\/\/kapitalis.com\/tunisie\/2016\/06\/14\/tls-contact-des-employes-protestent-contre-des-licenciements-abusifs\/#respond"]}]},{"@type":"WebPage","@id":"https:\/\/kapitalis.com\/tunisie\/2016\/06\/14\/tls-contact-des-employes-protestent-contre-des-licenciements-abusifs\/","url":"https:\/\/kapitalis.com\/tunisie\/2016\/06\/14\/tls-contact-des-employes-protestent-contre-des-licenciements-abusifs\/","name":"TLs Contact : Des employ\u00e9s protestent contre des licenciements abusifs - Kapitalis","isPartOf":{"@id":"https:\/\/kapitalis.com\/tunisie\/#website"},"primaryImageOfPage":{"@id":"https:\/\/kapitalis.com\/tunisie\/2016\/06\/14\/tls-contact-des-employes-protestent-contre-des-licenciements-abusifs\/#primaryimage"},"image":{"@id":"https:\/\/kapitalis.com\/tunisie\/2016\/06\/14\/tls-contact-des-employes-protestent-contre-des-licenciements-abusifs\/#primaryimage"},"thumbnailUrl":"","datePublished":"2016-06-14T14:18:32+00:00","breadcrumb":{"@id":"https:\/\/kapitalis.com\/tunisie\/2016\/06\/14\/tls-contact-des-employes-protestent-contre-des-licenciements-abusifs\/#breadcrumb"},"inLanguage":"fr-FR","potentialAction":[{"@type":"ReadAction","target":["https:\/\/kapitalis.com\/tunisie\/2016\/06\/14\/tls-contact-des-employes-protestent-contre-des-licenciements-abusifs\/"]}]},{"@type":"ImageObject","inLanguage":"fr-FR","@id":"https:\/\/kapitalis.com\/tunisie\/2016\/06\/14\/tls-contact-des-employes-protestent-contre-des-licenciements-abusifs\/#primaryimage","url":"","contentUrl":""},{"@type":"BreadcrumbList","@id":"https:\/\/kapitalis.com\/tunisie\/2016\/06\/14\/tls-contact-des-employes-protestent-contre-des-licenciements-abusifs\/#breadcrumb","itemListElement":[{"@type":"ListItem","position":1,"name":"Accueil","item":"https:\/\/kapitalis.com\/tunisie\/"},{"@type":"ListItem","position":2,"name":"TLs Contact : Des employ\u00e9s protestent contre des licenciements abusifs"}]},{"@type":"WebSite","@id":"https:\/\/kapitalis.com\/tunisie\/#website","url":"https:\/\/kapitalis.com\/tunisie\/","name":"Kapitalis","description":"L&#039;actualit\u00e9 en Tunisie et dans le monde","publisher":{"@id":"https:\/\/kapitalis.com\/tunisie\/#organization"},"potentialAction":[{"@type":"SearchAction","target":{"@type":"EntryPoint","urlTemplate":"https:\/\/kapitalis.com\/tunisie\/?s={search_term_string}"},"query-input":{"@type":"PropertyValueSpecification","valueRequired":true,"valueName":"search_term_string"}}],"inLanguage":"fr-FR"},{"@type":"Organization","@id":"https:\/\/kapitalis.com\/tunisie\/#organization","name":"Kapitalis","url":"https:\/\/kapitalis.com\/tunisie\/","logo":{"@type":"ImageObject","inLanguage":"fr-FR","@id":"https:\/\/kapitalis.com\/tunisie\/#\/schema\/logo\/image\/","url":"https:\/\/kapitalis.com\/tunisie\/wp-content\/uploads\/2022\/05\/Kapitalis-big-size.png","contentUrl":"https:\/\/kapitalis.com\/tunisie\/wp-content\/uploads\/2022\/05\/Kapitalis-big-size.png","width":5000,"height":1500,"caption":"Kapitalis"},"image":{"@id":"https:\/\/kapitalis.com\/tunisie\/#\/schema\/logo\/image\/"},"sameAs":["https:\/\/www.facebook.com\/KapitalisInfo\/","https:\/\/x.com\/KapitalisInfo","https:\/\/www.youtube.com\/channel\/UC-yDYrHyfFBWWZaOw3FPg9Q"]},{"@type":"Person","@id":"https:\/\/kapitalis.com\/tunisie\/#\/schema\/person\/74bbde0154d49d790a92aaeac5bc01d5","name":"Yusra NY","url":"https:\/\/kapitalis.com\/tunisie\/author\/yuza_adam\/"}]}},"_links":{"self":[{"href":"https:\/\/kapitalis.com\/tunisie\/wp-json\/wp\/v2\/posts\/53935","targetHints":{"allow":["GET"]}}],"collection":[{"href":"https:\/\/kapitalis.com\/tunisie\/wp-json\/wp\/v2\/posts"}],"about":[{"href":"https:\/\/kapitalis.com\/tunisie\/wp-json\/wp\/v2\/types\/post"}],"author":[{"embeddable":true,"href":"https:\/\/kapitalis.com\/tunisie\/wp-json\/wp\/v2\/users\/6"}],"replies":[{"embeddable":true,"href":"https:\/\/kapitalis.com\/tunisie\/wp-json\/wp\/v2\/comments?post=53935"}],"version-history":[{"count":0,"href":"https:\/\/kapitalis.com\/tunisie\/wp-json\/wp\/v2\/posts\/53935\/revisions"}],"wp:featuredmedia":[{"embeddable":true,"href":"https:\/\/kapitalis.com\/tunisie\/wp-json\/wp\/v2\/media\/53938"}],"wp:attachment":[{"href":"https:\/\/kapitalis.com\/tunisie\/wp-json\/wp\/v2\/media?parent=53935"}],"wp:term":[{"taxonomy":"category","embeddable":true,"href":"https:\/\/kapitalis.com\/tunisie\/wp-json\/wp\/v2\/categories?post=53935"},{"taxonomy":"post_tag","embeddable":true,"href":"https:\/\/kapitalis.com\/tunisie\/wp-json\/wp\/v2\/tags?post=53935"}],"curies":[{"name":"wp","href":"https:\/\/api.w.org\/{rel}","templated":true}]}}