{"id":5410,"date":"2015-06-28T08:04:20","date_gmt":"2015-06-28T07:04:20","guid":{"rendered":"http:\/\/kapitalis.com\/tunisie\/?p=5410"},"modified":"2015-06-28T08:04:20","modified_gmt":"2015-06-28T07:04:20","slug":"attentat-de-sousse-peu-de-francais-ont-quitte-la-tunisie","status":"publish","type":"post","link":"https:\/\/kapitalis.com\/tunisie\/2015\/06\/28\/attentat-de-sousse-peu-de-francais-ont-quitte-la-tunisie\/","title":{"rendered":"Attentat de Sousse : Peu de Fran\u00e7ais ont quitt\u00e9 la Tunisie"},"content":{"rendered":"<p><img loading=\"lazy\" decoding=\"async\" class=\"aligncenter size-full wp-image-5411\" src=\"http:\/\/kapitalis.com\/tunisie\/wp-content\/uploads\/2015\/06\/Attentat-de-Sousse-Recueillement.jpg\" alt=\"Attentat-de-Sousse-Recueillement\" width=\"626\" height=\"380\" \/><\/p>\n<p><em><strong>Apr\u00e8s l&rsquo;attentat terroriste de Sousse (39 morts, 39 bless\u00e9s), le vendredi 26 juin 2015, peu de touristes fran\u00e7ais en vacances en Tunisie ont demand\u00e9 d&rsquo;\u00eatre rapatri\u00e9s.<\/strong> <\/em><\/p>\n<p><!--more--><\/p>\n<p>Les repr\u00e9sentants des professionnels fran\u00e7ais du tourisme ont \u00e9t\u00e9 re\u00e7us dans l\u2019apr\u00e8s-midi du samedi 27 juin, au Quai d\u2019Orsay, pour faire le point sur la situation en Tunisie, 24 heures apr\u00e8s l\u2019attentat sanglant de Sousse.<\/p>\n<p>\u00ab<em>Ils se sont de nouveau engag\u00e9s \u00e0 proposer une solution de retour anticip\u00e9 pour chacun de leurs clients pr\u00e9sents en Tunisie dans le cadre de voyages \u00e0 forfait qui en ferait la demande\u00bb<\/em>, a indiqu\u00e9 un communiqu\u00e9 du Quai D\u2019Orsay, tout en soulignant que \u00ab<em>tr\u00e8s peu de demandes de ce type avaient \u00e9t\u00e9 enregistr\u00e9es \u00e0 ce stade.<\/em>\u00bb<\/p>\n<p>Toutes les mesures de \u00ab<em>souplesse commerciale\u00bb<\/em> ont par ailleurs \u00e9t\u00e9 mises en \u0153uvre pour permettre aux clients ayant r\u00e9serv\u00e9 un voyage \u00e0 forfait en Tunisie pour la saison d\u2019\u00e9t\u00e9 2015 de maintenir ou non le choix de cette destination.<\/p>\n<p style=\"text-align: right;\"><strong>I. B.<\/strong><\/p>\n","protected":false},"excerpt":{"rendered":"<p>Apr\u00e8s l&rsquo;attentat terroriste de Sousse (39 morts, 39 bless\u00e9s), le vendredi 26 juin 2015, peu de touristes fran\u00e7ais en vacances en Tunisie ont demand\u00e9 d&rsquo;\u00eatre rapatri\u00e9s.<\/p>\n","protected":false},"author":5,"featured_media":5411,"comment_status":"open","ping_status":"open","sticky":false,"template":"","format":"standard","meta":{"footnotes":""},"categories":[995,2433],"tags":[2668,301,2669,908,2667],"class_list":["post-5410","post","type-post","status-publish","format-standard","has-post-thumbnail","hentry","category-economie","category-tunisie","tag-attentat-de-sousse","tag-economie","tag-quai-dorsay","tag-tourisme","tag-touristes-francais"],"yoast_head":"<!-- This site is optimized with the Yoast SEO plugin v26.6 - https:\/\/yoast.com\/wordpress\/plugins\/seo\/ -->\n<title>Attentat de Sousse : Peu de Fran\u00e7ais ont quitt\u00e9 la Tunisie - Kapitalis<\/title>\n<meta name=\"robots\" content=\"index, follow, max-snippet:-1, max-image-preview:large, max-video-preview:-1\" \/>\n<link rel=\"canonical\" href=\"https:\/\/kapitalis.com\/tunisie\/2015\/06\/28\/attentat-de-sousse-peu-de-francais-ont-quitte-la-tunisie\/\" \/>\n<meta property=\"og:locale\" content=\"fr_FR\" \/>\n<meta property=\"og:type\" content=\"article\" \/>\n<meta property=\"og:title\" content=\"Attentat de Sousse : Peu de Fran\u00e7ais ont quitt\u00e9 la Tunisie - Kapitalis\" \/>\n<meta property=\"og:description\" content=\"Apr\u00e8s l&rsquo;attentat terroriste de Sousse (39 morts, 39 bless\u00e9s), le vendredi 26 juin 2015, peu de touristes fran\u00e7ais en vacances en Tunisie ont demand\u00e9 d&rsquo;\u00eatre rapatri\u00e9s.\" \/>\n<meta property=\"og:url\" content=\"https:\/\/kapitalis.com\/tunisie\/2015\/06\/28\/attentat-de-sousse-peu-de-francais-ont-quitte-la-tunisie\/\" \/>\n<meta property=\"og:site_name\" content=\"Kapitalis\" \/>\n<meta property=\"article:publisher\" content=\"https:\/\/www.facebook.com\/KapitalisInfo\/\" \/>\n<meta property=\"article:published_time\" content=\"2015-06-28T07:04:20+00:00\" \/>\n<meta property=\"og:image\" content=\"https:\/\/kapitalis.com\/tunisie\/wp-content\/uploads\/2022\/05\/kapitalis-logo-fb.png\" \/>\n\t<meta property=\"og:image:width\" content=\"1200\" \/>\n\t<meta property=\"og:image:height\" content=\"630\" \/>\n\t<meta property=\"og:image:type\" content=\"image\/png\" \/>\n<meta name=\"author\" content=\"Ridha Elkefi\" \/>\n<meta name=\"twitter:card\" content=\"summary_large_image\" \/>\n<meta name=\"twitter:creator\" content=\"@KapitalisInfo\" \/>\n<meta name=\"twitter:site\" content=\"@KapitalisInfo\" \/>\n<meta name=\"twitter:label1\" content=\"\u00c9crit par\" \/>\n\t<meta name=\"twitter:data1\" content=\"Ridha Elkefi\" \/>\n\t<meta name=\"twitter:label2\" content=\"Dur\u00e9e de lecture estim\u00e9e\" \/>\n\t<meta name=\"twitter:data2\" content=\"1 minute\" \/>\n<script type=\"application\/ld+json\" class=\"yoast-schema-graph\">{\"@context\":\"https:\/\/schema.org\",\"@graph\":[{\"@type\":\"Article\",\"@id\":\"https:\/\/kapitalis.com\/tunisie\/2015\/06\/28\/attentat-de-sousse-peu-de-francais-ont-quitte-la-tunisie\/#article\",\"isPartOf\":{\"@id\":\"https:\/\/kapitalis.com\/tunisie\/2015\/06\/28\/attentat-de-sousse-peu-de-francais-ont-quitte-la-tunisie\/\"},\"author\":{\"name\":\"Ridha Elkefi\",\"@id\":\"https:\/\/kapitalis.com\/tunisie\/#\/schema\/person\/16627fc9b2fc0116230e88af071eebab\"},\"headline\":\"Attentat de Sousse : Peu de Fran\u00e7ais ont quitt\u00e9 la Tunisie\",\"datePublished\":\"2015-06-28T07:04:20+00:00\",\"mainEntityOfPage\":{\"@id\":\"https:\/\/kapitalis.com\/tunisie\/2015\/06\/28\/attentat-de-sousse-peu-de-francais-ont-quitte-la-tunisie\/\"},\"wordCount\":179,\"commentCount\":0,\"publisher\":{\"@id\":\"https:\/\/kapitalis.com\/tunisie\/#organization\"},\"image\":{\"@id\":\"https:\/\/kapitalis.com\/tunisie\/2015\/06\/28\/attentat-de-sousse-peu-de-francais-ont-quitte-la-tunisie\/#primaryimage\"},\"thumbnailUrl\":\"\",\"keywords\":[\"attentat de Sousse\",\"\u00e9conomie\",\"Quai d'Orsay\",\"tourisme\",\"touristes fran\u00e7ais\"],\"articleSection\":[\"ECONOMIE\",\"Tunisie\"],\"inLanguage\":\"fr-FR\",\"potentialAction\":[{\"@type\":\"CommentAction\",\"name\":\"Comment\",\"target\":[\"https:\/\/kapitalis.com\/tunisie\/2015\/06\/28\/attentat-de-sousse-peu-de-francais-ont-quitte-la-tunisie\/#respond\"]}]},{\"@type\":\"WebPage\",\"@id\":\"https:\/\/kapitalis.com\/tunisie\/2015\/06\/28\/attentat-de-sousse-peu-de-francais-ont-quitte-la-tunisie\/\",\"url\":\"https:\/\/kapitalis.com\/tunisie\/2015\/06\/28\/attentat-de-sousse-peu-de-francais-ont-quitte-la-tunisie\/\",\"name\":\"Attentat de Sousse : Peu de Fran\u00e7ais ont quitt\u00e9 la Tunisie - Kapitalis\",\"isPartOf\":{\"@id\":\"https:\/\/kapitalis.com\/tunisie\/#website\"},\"primaryImageOfPage\":{\"@id\":\"https:\/\/kapitalis.com\/tunisie\/2015\/06\/28\/attentat-de-sousse-peu-de-francais-ont-quitte-la-tunisie\/#primaryimage\"},\"image\":{\"@id\":\"https:\/\/kapitalis.com\/tunisie\/2015\/06\/28\/attentat-de-sousse-peu-de-francais-ont-quitte-la-tunisie\/#primaryimage\"},\"thumbnailUrl\":\"\",\"datePublished\":\"2015-06-28T07:04:20+00:00\",\"breadcrumb\":{\"@id\":\"https:\/\/kapitalis.com\/tunisie\/2015\/06\/28\/attentat-de-sousse-peu-de-francais-ont-quitte-la-tunisie\/#breadcrumb\"},\"inLanguage\":\"fr-FR\",\"potentialAction\":[{\"@type\":\"ReadAction\",\"target\":[\"https:\/\/kapitalis.com\/tunisie\/2015\/06\/28\/attentat-de-sousse-peu-de-francais-ont-quitte-la-tunisie\/\"]}]},{\"@type\":\"ImageObject\",\"inLanguage\":\"fr-FR\",\"@id\":\"https:\/\/kapitalis.com\/tunisie\/2015\/06\/28\/attentat-de-sousse-peu-de-francais-ont-quitte-la-tunisie\/#primaryimage\",\"url\":\"\",\"contentUrl\":\"\"},{\"@type\":\"BreadcrumbList\",\"@id\":\"https:\/\/kapitalis.com\/tunisie\/2015\/06\/28\/attentat-de-sousse-peu-de-francais-ont-quitte-la-tunisie\/#breadcrumb\",\"itemListElement\":[{\"@type\":\"ListItem\",\"position\":1,\"name\":\"Accueil\",\"item\":\"https:\/\/kapitalis.com\/tunisie\/\"},{\"@type\":\"ListItem\",\"position\":2,\"name\":\"Attentat de Sousse : Peu de Fran\u00e7ais ont quitt\u00e9 la Tunisie\"}]},{\"@type\":\"WebSite\",\"@id\":\"https:\/\/kapitalis.com\/tunisie\/#website\",\"url\":\"https:\/\/kapitalis.com\/tunisie\/\",\"name\":\"Kapitalis\",\"description\":\"L&#039;actualit\u00e9 en Tunisie et dans le monde\",\"publisher\":{\"@id\":\"https:\/\/kapitalis.com\/tunisie\/#organization\"},\"potentialAction\":[{\"@type\":\"SearchAction\",\"target\":{\"@type\":\"EntryPoint\",\"urlTemplate\":\"https:\/\/kapitalis.com\/tunisie\/?s={search_term_string}\"},\"query-input\":{\"@type\":\"PropertyValueSpecification\",\"valueRequired\":true,\"valueName\":\"search_term_string\"}}],\"inLanguage\":\"fr-FR\"},{\"@type\":\"Organization\",\"@id\":\"https:\/\/kapitalis.com\/tunisie\/#organization\",\"name\":\"Kapitalis\",\"url\":\"https:\/\/kapitalis.com\/tunisie\/\",\"logo\":{\"@type\":\"ImageObject\",\"inLanguage\":\"fr-FR\",\"@id\":\"https:\/\/kapitalis.com\/tunisie\/#\/schema\/logo\/image\/\",\"url\":\"https:\/\/kapitalis.com\/tunisie\/wp-content\/uploads\/2022\/05\/Kapitalis-big-size.png\",\"contentUrl\":\"https:\/\/kapitalis.com\/tunisie\/wp-content\/uploads\/2022\/05\/Kapitalis-big-size.png\",\"width\":5000,\"height\":1500,\"caption\":\"Kapitalis\"},\"image\":{\"@id\":\"https:\/\/kapitalis.com\/tunisie\/#\/schema\/logo\/image\/\"},\"sameAs\":[\"https:\/\/www.facebook.com\/KapitalisInfo\/\",\"https:\/\/x.com\/KapitalisInfo\",\"https:\/\/www.youtube.com\/channel\/UC-yDYrHyfFBWWZaOw3FPg9Q\"]},{\"@type\":\"Person\",\"@id\":\"https:\/\/kapitalis.com\/tunisie\/#\/schema\/person\/16627fc9b2fc0116230e88af071eebab\",\"name\":\"Ridha Elkefi\",\"url\":\"https:\/\/kapitalis.com\/tunisie\/author\/ridha-kefi\/\"}]}<\/script>\n<!-- \/ Yoast SEO plugin. -->","yoast_head_json":{"title":"Attentat de Sousse : Peu de Fran\u00e7ais ont quitt\u00e9 la Tunisie - Kapitalis","robots":{"index":"index","follow":"follow","max-snippet":"max-snippet:-1","max-image-preview":"max-image-preview:large","max-video-preview":"max-video-preview:-1"},"canonical":"https:\/\/kapitalis.com\/tunisie\/2015\/06\/28\/attentat-de-sousse-peu-de-francais-ont-quitte-la-tunisie\/","og_locale":"fr_FR","og_type":"article","og_title":"Attentat de Sousse : Peu de Fran\u00e7ais ont quitt\u00e9 la Tunisie - Kapitalis","og_description":"Apr\u00e8s l&rsquo;attentat terroriste de Sousse (39 morts, 39 bless\u00e9s), le vendredi 26 juin 2015, peu de touristes fran\u00e7ais en vacances en Tunisie ont demand\u00e9 d&rsquo;\u00eatre rapatri\u00e9s.","og_url":"https:\/\/kapitalis.com\/tunisie\/2015\/06\/28\/attentat-de-sousse-peu-de-francais-ont-quitte-la-tunisie\/","og_site_name":"Kapitalis","article_publisher":"https:\/\/www.facebook.com\/KapitalisInfo\/","article_published_time":"2015-06-28T07:04:20+00:00","og_image":[{"width":1200,"height":630,"url":"https:\/\/kapitalis.com\/tunisie\/wp-content\/uploads\/2022\/05\/kapitalis-logo-fb.png","type":"image\/png"}],"author":"Ridha Elkefi","twitter_card":"summary_large_image","twitter_creator":"@KapitalisInfo","twitter_site":"@KapitalisInfo","twitter_misc":{"\u00c9crit par":"Ridha Elkefi","Dur\u00e9e de lecture estim\u00e9e":"1 minute"},"schema":{"@context":"https:\/\/schema.org","@graph":[{"@type":"Article","@id":"https:\/\/kapitalis.com\/tunisie\/2015\/06\/28\/attentat-de-sousse-peu-de-francais-ont-quitte-la-tunisie\/#article","isPartOf":{"@id":"https:\/\/kapitalis.com\/tunisie\/2015\/06\/28\/attentat-de-sousse-peu-de-francais-ont-quitte-la-tunisie\/"},"author":{"name":"Ridha Elkefi","@id":"https:\/\/kapitalis.com\/tunisie\/#\/schema\/person\/16627fc9b2fc0116230e88af071eebab"},"headline":"Attentat de Sousse : Peu de Fran\u00e7ais ont quitt\u00e9 la Tunisie","datePublished":"2015-06-28T07:04:20+00:00","mainEntityOfPage":{"@id":"https:\/\/kapitalis.com\/tunisie\/2015\/06\/28\/attentat-de-sousse-peu-de-francais-ont-quitte-la-tunisie\/"},"wordCount":179,"commentCount":0,"publisher":{"@id":"https:\/\/kapitalis.com\/tunisie\/#organization"},"image":{"@id":"https:\/\/kapitalis.com\/tunisie\/2015\/06\/28\/attentat-de-sousse-peu-de-francais-ont-quitte-la-tunisie\/#primaryimage"},"thumbnailUrl":"","keywords":["attentat de Sousse","\u00e9conomie","Quai d'Orsay","tourisme","touristes fran\u00e7ais"],"articleSection":["ECONOMIE","Tunisie"],"inLanguage":"fr-FR","potentialAction":[{"@type":"CommentAction","name":"Comment","target":["https:\/\/kapitalis.com\/tunisie\/2015\/06\/28\/attentat-de-sousse-peu-de-francais-ont-quitte-la-tunisie\/#respond"]}]},{"@type":"WebPage","@id":"https:\/\/kapitalis.com\/tunisie\/2015\/06\/28\/attentat-de-sousse-peu-de-francais-ont-quitte-la-tunisie\/","url":"https:\/\/kapitalis.com\/tunisie\/2015\/06\/28\/attentat-de-sousse-peu-de-francais-ont-quitte-la-tunisie\/","name":"Attentat de Sousse : Peu de Fran\u00e7ais ont quitt\u00e9 la Tunisie - Kapitalis","isPartOf":{"@id":"https:\/\/kapitalis.com\/tunisie\/#website"},"primaryImageOfPage":{"@id":"https:\/\/kapitalis.com\/tunisie\/2015\/06\/28\/attentat-de-sousse-peu-de-francais-ont-quitte-la-tunisie\/#primaryimage"},"image":{"@id":"https:\/\/kapitalis.com\/tunisie\/2015\/06\/28\/attentat-de-sousse-peu-de-francais-ont-quitte-la-tunisie\/#primaryimage"},"thumbnailUrl":"","datePublished":"2015-06-28T07:04:20+00:00","breadcrumb":{"@id":"https:\/\/kapitalis.com\/tunisie\/2015\/06\/28\/attentat-de-sousse-peu-de-francais-ont-quitte-la-tunisie\/#breadcrumb"},"inLanguage":"fr-FR","potentialAction":[{"@type":"ReadAction","target":["https:\/\/kapitalis.com\/tunisie\/2015\/06\/28\/attentat-de-sousse-peu-de-francais-ont-quitte-la-tunisie\/"]}]},{"@type":"ImageObject","inLanguage":"fr-FR","@id":"https:\/\/kapitalis.com\/tunisie\/2015\/06\/28\/attentat-de-sousse-peu-de-francais-ont-quitte-la-tunisie\/#primaryimage","url":"","contentUrl":""},{"@type":"BreadcrumbList","@id":"https:\/\/kapitalis.com\/tunisie\/2015\/06\/28\/attentat-de-sousse-peu-de-francais-ont-quitte-la-tunisie\/#breadcrumb","itemListElement":[{"@type":"ListItem","position":1,"name":"Accueil","item":"https:\/\/kapitalis.com\/tunisie\/"},{"@type":"ListItem","position":2,"name":"Attentat de Sousse : Peu de Fran\u00e7ais ont quitt\u00e9 la Tunisie"}]},{"@type":"WebSite","@id":"https:\/\/kapitalis.com\/tunisie\/#website","url":"https:\/\/kapitalis.com\/tunisie\/","name":"Kapitalis","description":"L&#039;actualit\u00e9 en Tunisie et dans le monde","publisher":{"@id":"https:\/\/kapitalis.com\/tunisie\/#organization"},"potentialAction":[{"@type":"SearchAction","target":{"@type":"EntryPoint","urlTemplate":"https:\/\/kapitalis.com\/tunisie\/?s={search_term_string}"},"query-input":{"@type":"PropertyValueSpecification","valueRequired":true,"valueName":"search_term_string"}}],"inLanguage":"fr-FR"},{"@type":"Organization","@id":"https:\/\/kapitalis.com\/tunisie\/#organization","name":"Kapitalis","url":"https:\/\/kapitalis.com\/tunisie\/","logo":{"@type":"ImageObject","inLanguage":"fr-FR","@id":"https:\/\/kapitalis.com\/tunisie\/#\/schema\/logo\/image\/","url":"https:\/\/kapitalis.com\/tunisie\/wp-content\/uploads\/2022\/05\/Kapitalis-big-size.png","contentUrl":"https:\/\/kapitalis.com\/tunisie\/wp-content\/uploads\/2022\/05\/Kapitalis-big-size.png","width":5000,"height":1500,"caption":"Kapitalis"},"image":{"@id":"https:\/\/kapitalis.com\/tunisie\/#\/schema\/logo\/image\/"},"sameAs":["https:\/\/www.facebook.com\/KapitalisInfo\/","https:\/\/x.com\/KapitalisInfo","https:\/\/www.youtube.com\/channel\/UC-yDYrHyfFBWWZaOw3FPg9Q"]},{"@type":"Person","@id":"https:\/\/kapitalis.com\/tunisie\/#\/schema\/person\/16627fc9b2fc0116230e88af071eebab","name":"Ridha Elkefi","url":"https:\/\/kapitalis.com\/tunisie\/author\/ridha-kefi\/"}]}},"_links":{"self":[{"href":"https:\/\/kapitalis.com\/tunisie\/wp-json\/wp\/v2\/posts\/5410","targetHints":{"allow":["GET"]}}],"collection":[{"href":"https:\/\/kapitalis.com\/tunisie\/wp-json\/wp\/v2\/posts"}],"about":[{"href":"https:\/\/kapitalis.com\/tunisie\/wp-json\/wp\/v2\/types\/post"}],"author":[{"embeddable":true,"href":"https:\/\/kapitalis.com\/tunisie\/wp-json\/wp\/v2\/users\/5"}],"replies":[{"embeddable":true,"href":"https:\/\/kapitalis.com\/tunisie\/wp-json\/wp\/v2\/comments?post=5410"}],"version-history":[{"count":0,"href":"https:\/\/kapitalis.com\/tunisie\/wp-json\/wp\/v2\/posts\/5410\/revisions"}],"wp:featuredmedia":[{"embeddable":true,"href":"https:\/\/kapitalis.com\/tunisie\/wp-json\/wp\/v2\/media\/5411"}],"wp:attachment":[{"href":"https:\/\/kapitalis.com\/tunisie\/wp-json\/wp\/v2\/media?parent=5410"}],"wp:term":[{"taxonomy":"category","embeddable":true,"href":"https:\/\/kapitalis.com\/tunisie\/wp-json\/wp\/v2\/categories?post=5410"},{"taxonomy":"post_tag","embeddable":true,"href":"https:\/\/kapitalis.com\/tunisie\/wp-json\/wp\/v2\/tags?post=5410"}],"curies":[{"name":"wp","href":"https:\/\/api.w.org\/{rel}","templated":true}]}}