{"id":54188,"date":"2016-06-16T10:23:08","date_gmt":"2016-06-16T09:23:08","guid":{"rendered":"http:\/\/kapitalis.com\/tunisie\/?p=54188"},"modified":"2016-06-16T10:23:08","modified_gmt":"2016-06-16T09:23:08","slug":"pour-son-5e-anniversaire-aerotunisie-com-fait-peau-neuve","status":"publish","type":"post","link":"https:\/\/kapitalis.com\/tunisie\/2016\/06\/16\/pour-son-5e-anniversaire-aerotunisie-com-fait-peau-neuve\/","title":{"rendered":"Pour son 5e anniversaire, AeroTunisie.com fait peau neuve"},"content":{"rendered":"<p><img loading=\"lazy\" decoding=\"async\" class=\"alignnone size-full wp-image-54189 aligncenter\" src=\"http:\/\/kapitalis.com\/tunisie\/wp-content\/uploads\/2016\/06\/Aero-Tunisie.jpg\" alt=\"Aero-Tunisie\" width=\"626\" height=\"380\" \/><\/p>\n<p><strong><em>Pour f\u00eater ses 5 ans, le portail sp\u00e9cialis\u00e9 dans l\u2019aviation AeroTunisie fait peau neuve et se modernise en annon\u00e7ant le d\u00e9but d\u2019une nouvelle \u00e9poque.<\/em> <\/strong><\/p>\n<p><!--more--><\/p>\n<p>Avec un format \u00ab<em>responsive design<\/em>\u00bb, qui s\u2019adapte \u00e0 tous les supports num\u00e9riques, il permet une navigation optimale quel que soit l\u2019endroit o\u00f9 l\u2019on se trouve.<\/p>\n<p>Devenu une r\u00e9f\u00e9rence de l\u2019actualit\u00e9 a\u00e9ronautique, en Tunisie et au Maghreb, AeroTunisie est d\u00e9clin\u00e9 en trois langues (fran\u00e7ais, anglais et arabe).<\/p>\n<p>Plus qu\u2019un simple lifting infographique, la nouvelle mouture enrichit le site de nouvelles rubriques afin d\u2019attirer le maximum d\u2019internautes et devenir un outil indispensable pour suivre l\u2019actualit\u00e9 a\u00e9rienne, tant nationale qu\u2019internationale.<\/p>\n<p>Une nouveaut\u00e9, le \u2018\u2018<em>Blog Voyage<\/em>!\u2019\u2019, propose les bons plans voyages gr\u00e2ce aux nouveaux tests de vols, compagnies a\u00e9riennes et destinations. Il pr\u00e9sente les meilleures offres, les bonnes compagnies, les services utiles\u2026<\/p>\n<p>Le site est actuellement en version b\u00eata, donc ouvert aux remarques, suggestions et autres retours d\u2019erreurs potentielles et les internautes peuvent interagir via <a href=\"http:\/\/www.aerotunisie.com\/contact\">ce lien de contact<\/a>.<\/p>\n<p style=\"text-align: right;\"><strong>I. B.<\/strong> (avec communiqu\u00e9).<\/p>\n<p>&nbsp;<\/p>\n","protected":false},"excerpt":{"rendered":"<p>Pour f\u00eater ses 5 ans, le portail sp\u00e9cialis\u00e9 dans l\u2019aviation AeroTunisie fait peau neuve et se modernise en annon\u00e7ant le d\u00e9but d\u2019une nouvelle \u00e9poque.<\/p>\n","protected":false},"author":8,"featured_media":54189,"comment_status":"open","ping_status":"open","sticky":false,"template":"","format":"standard","meta":{"footnotes":""},"categories":[996,2433],"tags":[5251,4587],"class_list":["post-54188","post","type-post","status-publish","format-standard","has-post-thumbnail","hentry","category-media","category-tunisie","tag-aviation","tag-vols"],"yoast_head":"<!-- This site is optimized with the Yoast SEO plugin v26.6 - https:\/\/yoast.com\/wordpress\/plugins\/seo\/ -->\n<title>Pour son 5e anniversaire, AeroTunisie.com fait peau neuve - Kapitalis<\/title>\n<meta name=\"robots\" content=\"index, follow, max-snippet:-1, max-image-preview:large, max-video-preview:-1\" \/>\n<link rel=\"canonical\" href=\"https:\/\/kapitalis.com\/tunisie\/2016\/06\/16\/pour-son-5e-anniversaire-aerotunisie-com-fait-peau-neuve\/\" \/>\n<meta property=\"og:locale\" content=\"fr_FR\" \/>\n<meta property=\"og:type\" content=\"article\" \/>\n<meta property=\"og:title\" content=\"Pour son 5e anniversaire, AeroTunisie.com fait peau neuve - Kapitalis\" \/>\n<meta property=\"og:description\" content=\"Pour f\u00eater ses 5 ans, le portail sp\u00e9cialis\u00e9 dans l\u2019aviation AeroTunisie fait peau neuve et se modernise en annon\u00e7ant le d\u00e9but d\u2019une nouvelle \u00e9poque.\" \/>\n<meta property=\"og:url\" content=\"https:\/\/kapitalis.com\/tunisie\/2016\/06\/16\/pour-son-5e-anniversaire-aerotunisie-com-fait-peau-neuve\/\" \/>\n<meta property=\"og:site_name\" content=\"Kapitalis\" \/>\n<meta property=\"article:publisher\" content=\"https:\/\/www.facebook.com\/KapitalisInfo\/\" \/>\n<meta property=\"article:published_time\" content=\"2016-06-16T09:23:08+00:00\" \/>\n<meta property=\"og:image\" content=\"https:\/\/kapitalis.com\/tunisie\/wp-content\/uploads\/2022\/05\/kapitalis-logo-fb.png\" \/>\n\t<meta property=\"og:image:width\" content=\"1200\" \/>\n\t<meta property=\"og:image:height\" content=\"630\" \/>\n\t<meta property=\"og:image:type\" content=\"image\/png\" \/>\n<meta name=\"author\" content=\"webmaster kapitalis\" \/>\n<meta name=\"twitter:card\" content=\"summary_large_image\" \/>\n<meta name=\"twitter:creator\" content=\"@KapitalisInfo\" \/>\n<meta name=\"twitter:site\" content=\"@KapitalisInfo\" \/>\n<meta name=\"twitter:label1\" content=\"\u00c9crit par\" \/>\n\t<meta name=\"twitter:data1\" content=\"webmaster kapitalis\" \/>\n\t<meta name=\"twitter:label2\" content=\"Dur\u00e9e de lecture estim\u00e9e\" \/>\n\t<meta name=\"twitter:data2\" content=\"1 minute\" \/>\n<script type=\"application\/ld+json\" class=\"yoast-schema-graph\">{\"@context\":\"https:\/\/schema.org\",\"@graph\":[{\"@type\":\"Article\",\"@id\":\"https:\/\/kapitalis.com\/tunisie\/2016\/06\/16\/pour-son-5e-anniversaire-aerotunisie-com-fait-peau-neuve\/#article\",\"isPartOf\":{\"@id\":\"https:\/\/kapitalis.com\/tunisie\/2016\/06\/16\/pour-son-5e-anniversaire-aerotunisie-com-fait-peau-neuve\/\"},\"author\":{\"name\":\"webmaster kapitalis\",\"@id\":\"https:\/\/kapitalis.com\/tunisie\/#\/schema\/person\/d71f33a9ca44f7bad4698210b480c8e9\"},\"headline\":\"Pour son 5e anniversaire, AeroTunisie.com fait peau neuve\",\"datePublished\":\"2016-06-16T09:23:08+00:00\",\"mainEntityOfPage\":{\"@id\":\"https:\/\/kapitalis.com\/tunisie\/2016\/06\/16\/pour-son-5e-anniversaire-aerotunisie-com-fait-peau-neuve\/\"},\"wordCount\":198,\"commentCount\":0,\"publisher\":{\"@id\":\"https:\/\/kapitalis.com\/tunisie\/#organization\"},\"image\":{\"@id\":\"https:\/\/kapitalis.com\/tunisie\/2016\/06\/16\/pour-son-5e-anniversaire-aerotunisie-com-fait-peau-neuve\/#primaryimage\"},\"thumbnailUrl\":\"\",\"keywords\":[\"aviation\",\"vols\"],\"articleSection\":[\"MEDIA\",\"Tunisie\"],\"inLanguage\":\"fr-FR\",\"potentialAction\":[{\"@type\":\"CommentAction\",\"name\":\"Comment\",\"target\":[\"https:\/\/kapitalis.com\/tunisie\/2016\/06\/16\/pour-son-5e-anniversaire-aerotunisie-com-fait-peau-neuve\/#respond\"]}]},{\"@type\":\"WebPage\",\"@id\":\"https:\/\/kapitalis.com\/tunisie\/2016\/06\/16\/pour-son-5e-anniversaire-aerotunisie-com-fait-peau-neuve\/\",\"url\":\"https:\/\/kapitalis.com\/tunisie\/2016\/06\/16\/pour-son-5e-anniversaire-aerotunisie-com-fait-peau-neuve\/\",\"name\":\"Pour son 5e anniversaire, AeroTunisie.com fait peau neuve - Kapitalis\",\"isPartOf\":{\"@id\":\"https:\/\/kapitalis.com\/tunisie\/#website\"},\"primaryImageOfPage\":{\"@id\":\"https:\/\/kapitalis.com\/tunisie\/2016\/06\/16\/pour-son-5e-anniversaire-aerotunisie-com-fait-peau-neuve\/#primaryimage\"},\"image\":{\"@id\":\"https:\/\/kapitalis.com\/tunisie\/2016\/06\/16\/pour-son-5e-anniversaire-aerotunisie-com-fait-peau-neuve\/#primaryimage\"},\"thumbnailUrl\":\"\",\"datePublished\":\"2016-06-16T09:23:08+00:00\",\"breadcrumb\":{\"@id\":\"https:\/\/kapitalis.com\/tunisie\/2016\/06\/16\/pour-son-5e-anniversaire-aerotunisie-com-fait-peau-neuve\/#breadcrumb\"},\"inLanguage\":\"fr-FR\",\"potentialAction\":[{\"@type\":\"ReadAction\",\"target\":[\"https:\/\/kapitalis.com\/tunisie\/2016\/06\/16\/pour-son-5e-anniversaire-aerotunisie-com-fait-peau-neuve\/\"]}]},{\"@type\":\"ImageObject\",\"inLanguage\":\"fr-FR\",\"@id\":\"https:\/\/kapitalis.com\/tunisie\/2016\/06\/16\/pour-son-5e-anniversaire-aerotunisie-com-fait-peau-neuve\/#primaryimage\",\"url\":\"\",\"contentUrl\":\"\"},{\"@type\":\"BreadcrumbList\",\"@id\":\"https:\/\/kapitalis.com\/tunisie\/2016\/06\/16\/pour-son-5e-anniversaire-aerotunisie-com-fait-peau-neuve\/#breadcrumb\",\"itemListElement\":[{\"@type\":\"ListItem\",\"position\":1,\"name\":\"Accueil\",\"item\":\"https:\/\/kapitalis.com\/tunisie\/\"},{\"@type\":\"ListItem\",\"position\":2,\"name\":\"Pour son 5e anniversaire, AeroTunisie.com fait peau neuve\"}]},{\"@type\":\"WebSite\",\"@id\":\"https:\/\/kapitalis.com\/tunisie\/#website\",\"url\":\"https:\/\/kapitalis.com\/tunisie\/\",\"name\":\"Kapitalis\",\"description\":\"L&#039;actualit\u00e9 en Tunisie et dans le monde\",\"publisher\":{\"@id\":\"https:\/\/kapitalis.com\/tunisie\/#organization\"},\"potentialAction\":[{\"@type\":\"SearchAction\",\"target\":{\"@type\":\"EntryPoint\",\"urlTemplate\":\"https:\/\/kapitalis.com\/tunisie\/?s={search_term_string}\"},\"query-input\":{\"@type\":\"PropertyValueSpecification\",\"valueRequired\":true,\"valueName\":\"search_term_string\"}}],\"inLanguage\":\"fr-FR\"},{\"@type\":\"Organization\",\"@id\":\"https:\/\/kapitalis.com\/tunisie\/#organization\",\"name\":\"Kapitalis\",\"url\":\"https:\/\/kapitalis.com\/tunisie\/\",\"logo\":{\"@type\":\"ImageObject\",\"inLanguage\":\"fr-FR\",\"@id\":\"https:\/\/kapitalis.com\/tunisie\/#\/schema\/logo\/image\/\",\"url\":\"https:\/\/kapitalis.com\/tunisie\/wp-content\/uploads\/2022\/05\/Kapitalis-big-size.png\",\"contentUrl\":\"https:\/\/kapitalis.com\/tunisie\/wp-content\/uploads\/2022\/05\/Kapitalis-big-size.png\",\"width\":5000,\"height\":1500,\"caption\":\"Kapitalis\"},\"image\":{\"@id\":\"https:\/\/kapitalis.com\/tunisie\/#\/schema\/logo\/image\/\"},\"sameAs\":[\"https:\/\/www.facebook.com\/KapitalisInfo\/\",\"https:\/\/x.com\/KapitalisInfo\",\"https:\/\/www.youtube.com\/channel\/UC-yDYrHyfFBWWZaOw3FPg9Q\"]},{\"@type\":\"Person\",\"@id\":\"https:\/\/kapitalis.com\/tunisie\/#\/schema\/person\/d71f33a9ca44f7bad4698210b480c8e9\",\"name\":\"webmaster kapitalis\",\"url\":\"https:\/\/kapitalis.com\/tunisie\/author\/webmaster-kapitalis\/\"}]}<\/script>\n<!-- \/ Yoast SEO plugin. -->","yoast_head_json":{"title":"Pour son 5e anniversaire, AeroTunisie.com fait peau neuve - Kapitalis","robots":{"index":"index","follow":"follow","max-snippet":"max-snippet:-1","max-image-preview":"max-image-preview:large","max-video-preview":"max-video-preview:-1"},"canonical":"https:\/\/kapitalis.com\/tunisie\/2016\/06\/16\/pour-son-5e-anniversaire-aerotunisie-com-fait-peau-neuve\/","og_locale":"fr_FR","og_type":"article","og_title":"Pour son 5e anniversaire, AeroTunisie.com fait peau neuve - Kapitalis","og_description":"Pour f\u00eater ses 5 ans, le portail sp\u00e9cialis\u00e9 dans l\u2019aviation AeroTunisie fait peau neuve et se modernise en annon\u00e7ant le d\u00e9but d\u2019une nouvelle \u00e9poque.","og_url":"https:\/\/kapitalis.com\/tunisie\/2016\/06\/16\/pour-son-5e-anniversaire-aerotunisie-com-fait-peau-neuve\/","og_site_name":"Kapitalis","article_publisher":"https:\/\/www.facebook.com\/KapitalisInfo\/","article_published_time":"2016-06-16T09:23:08+00:00","og_image":[{"width":1200,"height":630,"url":"https:\/\/kapitalis.com\/tunisie\/wp-content\/uploads\/2022\/05\/kapitalis-logo-fb.png","type":"image\/png"}],"author":"webmaster kapitalis","twitter_card":"summary_large_image","twitter_creator":"@KapitalisInfo","twitter_site":"@KapitalisInfo","twitter_misc":{"\u00c9crit par":"webmaster kapitalis","Dur\u00e9e de lecture estim\u00e9e":"1 minute"},"schema":{"@context":"https:\/\/schema.org","@graph":[{"@type":"Article","@id":"https:\/\/kapitalis.com\/tunisie\/2016\/06\/16\/pour-son-5e-anniversaire-aerotunisie-com-fait-peau-neuve\/#article","isPartOf":{"@id":"https:\/\/kapitalis.com\/tunisie\/2016\/06\/16\/pour-son-5e-anniversaire-aerotunisie-com-fait-peau-neuve\/"},"author":{"name":"webmaster kapitalis","@id":"https:\/\/kapitalis.com\/tunisie\/#\/schema\/person\/d71f33a9ca44f7bad4698210b480c8e9"},"headline":"Pour son 5e anniversaire, AeroTunisie.com fait peau neuve","datePublished":"2016-06-16T09:23:08+00:00","mainEntityOfPage":{"@id":"https:\/\/kapitalis.com\/tunisie\/2016\/06\/16\/pour-son-5e-anniversaire-aerotunisie-com-fait-peau-neuve\/"},"wordCount":198,"commentCount":0,"publisher":{"@id":"https:\/\/kapitalis.com\/tunisie\/#organization"},"image":{"@id":"https:\/\/kapitalis.com\/tunisie\/2016\/06\/16\/pour-son-5e-anniversaire-aerotunisie-com-fait-peau-neuve\/#primaryimage"},"thumbnailUrl":"","keywords":["aviation","vols"],"articleSection":["MEDIA","Tunisie"],"inLanguage":"fr-FR","potentialAction":[{"@type":"CommentAction","name":"Comment","target":["https:\/\/kapitalis.com\/tunisie\/2016\/06\/16\/pour-son-5e-anniversaire-aerotunisie-com-fait-peau-neuve\/#respond"]}]},{"@type":"WebPage","@id":"https:\/\/kapitalis.com\/tunisie\/2016\/06\/16\/pour-son-5e-anniversaire-aerotunisie-com-fait-peau-neuve\/","url":"https:\/\/kapitalis.com\/tunisie\/2016\/06\/16\/pour-son-5e-anniversaire-aerotunisie-com-fait-peau-neuve\/","name":"Pour son 5e anniversaire, AeroTunisie.com fait peau neuve - Kapitalis","isPartOf":{"@id":"https:\/\/kapitalis.com\/tunisie\/#website"},"primaryImageOfPage":{"@id":"https:\/\/kapitalis.com\/tunisie\/2016\/06\/16\/pour-son-5e-anniversaire-aerotunisie-com-fait-peau-neuve\/#primaryimage"},"image":{"@id":"https:\/\/kapitalis.com\/tunisie\/2016\/06\/16\/pour-son-5e-anniversaire-aerotunisie-com-fait-peau-neuve\/#primaryimage"},"thumbnailUrl":"","datePublished":"2016-06-16T09:23:08+00:00","breadcrumb":{"@id":"https:\/\/kapitalis.com\/tunisie\/2016\/06\/16\/pour-son-5e-anniversaire-aerotunisie-com-fait-peau-neuve\/#breadcrumb"},"inLanguage":"fr-FR","potentialAction":[{"@type":"ReadAction","target":["https:\/\/kapitalis.com\/tunisie\/2016\/06\/16\/pour-son-5e-anniversaire-aerotunisie-com-fait-peau-neuve\/"]}]},{"@type":"ImageObject","inLanguage":"fr-FR","@id":"https:\/\/kapitalis.com\/tunisie\/2016\/06\/16\/pour-son-5e-anniversaire-aerotunisie-com-fait-peau-neuve\/#primaryimage","url":"","contentUrl":""},{"@type":"BreadcrumbList","@id":"https:\/\/kapitalis.com\/tunisie\/2016\/06\/16\/pour-son-5e-anniversaire-aerotunisie-com-fait-peau-neuve\/#breadcrumb","itemListElement":[{"@type":"ListItem","position":1,"name":"Accueil","item":"https:\/\/kapitalis.com\/tunisie\/"},{"@type":"ListItem","position":2,"name":"Pour son 5e anniversaire, AeroTunisie.com fait peau neuve"}]},{"@type":"WebSite","@id":"https:\/\/kapitalis.com\/tunisie\/#website","url":"https:\/\/kapitalis.com\/tunisie\/","name":"Kapitalis","description":"L&#039;actualit\u00e9 en Tunisie et dans le monde","publisher":{"@id":"https:\/\/kapitalis.com\/tunisie\/#organization"},"potentialAction":[{"@type":"SearchAction","target":{"@type":"EntryPoint","urlTemplate":"https:\/\/kapitalis.com\/tunisie\/?s={search_term_string}"},"query-input":{"@type":"PropertyValueSpecification","valueRequired":true,"valueName":"search_term_string"}}],"inLanguage":"fr-FR"},{"@type":"Organization","@id":"https:\/\/kapitalis.com\/tunisie\/#organization","name":"Kapitalis","url":"https:\/\/kapitalis.com\/tunisie\/","logo":{"@type":"ImageObject","inLanguage":"fr-FR","@id":"https:\/\/kapitalis.com\/tunisie\/#\/schema\/logo\/image\/","url":"https:\/\/kapitalis.com\/tunisie\/wp-content\/uploads\/2022\/05\/Kapitalis-big-size.png","contentUrl":"https:\/\/kapitalis.com\/tunisie\/wp-content\/uploads\/2022\/05\/Kapitalis-big-size.png","width":5000,"height":1500,"caption":"Kapitalis"},"image":{"@id":"https:\/\/kapitalis.com\/tunisie\/#\/schema\/logo\/image\/"},"sameAs":["https:\/\/www.facebook.com\/KapitalisInfo\/","https:\/\/x.com\/KapitalisInfo","https:\/\/www.youtube.com\/channel\/UC-yDYrHyfFBWWZaOw3FPg9Q"]},{"@type":"Person","@id":"https:\/\/kapitalis.com\/tunisie\/#\/schema\/person\/d71f33a9ca44f7bad4698210b480c8e9","name":"webmaster kapitalis","url":"https:\/\/kapitalis.com\/tunisie\/author\/webmaster-kapitalis\/"}]}},"_links":{"self":[{"href":"https:\/\/kapitalis.com\/tunisie\/wp-json\/wp\/v2\/posts\/54188","targetHints":{"allow":["GET"]}}],"collection":[{"href":"https:\/\/kapitalis.com\/tunisie\/wp-json\/wp\/v2\/posts"}],"about":[{"href":"https:\/\/kapitalis.com\/tunisie\/wp-json\/wp\/v2\/types\/post"}],"author":[{"embeddable":true,"href":"https:\/\/kapitalis.com\/tunisie\/wp-json\/wp\/v2\/users\/8"}],"replies":[{"embeddable":true,"href":"https:\/\/kapitalis.com\/tunisie\/wp-json\/wp\/v2\/comments?post=54188"}],"version-history":[{"count":0,"href":"https:\/\/kapitalis.com\/tunisie\/wp-json\/wp\/v2\/posts\/54188\/revisions"}],"wp:featuredmedia":[{"embeddable":true,"href":"https:\/\/kapitalis.com\/tunisie\/wp-json\/wp\/v2\/media\/54189"}],"wp:attachment":[{"href":"https:\/\/kapitalis.com\/tunisie\/wp-json\/wp\/v2\/media?parent=54188"}],"wp:term":[{"taxonomy":"category","embeddable":true,"href":"https:\/\/kapitalis.com\/tunisie\/wp-json\/wp\/v2\/categories?post=54188"},{"taxonomy":"post_tag","embeddable":true,"href":"https:\/\/kapitalis.com\/tunisie\/wp-json\/wp\/v2\/tags?post=54188"}],"curies":[{"name":"wp","href":"https:\/\/api.w.org\/{rel}","templated":true}]}}