{"id":5427615,"date":"2022-12-01T21:38:27","date_gmt":"2022-12-01T20:38:27","guid":{"rendered":"https:\/\/kapitalis.com\/tunisie\/?p=5427615"},"modified":"2022-12-01T21:59:59","modified_gmt":"2022-12-01T20:59:59","slug":"tunisie-details-de-laugmentation-des-tarifs-du-transport-irregulier-taxis-louages","status":"publish","type":"post","link":"https:\/\/kapitalis.com\/tunisie\/2022\/12\/01\/tunisie-details-de-laugmentation-des-tarifs-du-transport-irregulier-taxis-louages\/","title":{"rendered":"Tunisie : D\u00e9tails de l&rsquo;augmentation des tarifs du transport irr\u00e9gulier (Taxis &amp; Louages)"},"content":{"rendered":"\n<p><strong><em>Le minist\u00e8re du Transport a annonc\u00e9, ce jeudi 1er d\u00e9cembre 2022, une augmentation des tarifs du transport irr\u00e9gulier (Taxis &amp; Louages) qui sera appliqu\u00e9e \u00e0 partir du d\u00e9cembre courant.<\/em><\/strong><\/p>\n\n\n\n<!--more-->\n\n\n\n<p>Cette augmentation concerne les taxis individuels et collectifs, les taxis touristiques, les louages (transport interurbain) ainsi que le transport rural, ajoute la m\u00eame source, en pr\u00e9cisant que cette d\u00e9cision a \u00e9t\u00e9 prise en coordination avec le minist\u00e8re du Commerce et en publiant les d\u00e9tails des nouveaux tarifs :<\/p>\n\n\n\n<p>Taxis individuels :<\/p>\n\n\n\n<ul class=\"wp-block-list\">\n<li>900 millimes au compteur au d\u00e9part<\/li>\n\n\n\n<li>Distance : 79 m\u00e8tres \u00e0 46 millimes<\/li>\n\n\n\n<li>Attente : 18 secondes \u00e0 46 millimes<\/li>\n\n\n\n<li>Bagage de plus de 10 kg : 1000 millimes (pi\u00e8ce)<\/li>\n\n\n\n<li>Tarif de nuit : majoration de 50% de 21h \u00e0 5h<\/li>\n\n\n\n<li>Depuis la station de l\u2019a\u00e9roport : 4500 millimes au compteur au d\u00e9part<\/li>\n<\/ul>\n\n\n\n<p>Taxis collectifs :<\/p>\n\n\n\n<ul class=\"wp-block-list\">\n<li>Jusqu\u2019\u00e0 5 km: 750 millimes<\/li>\n\n\n\n<li>De 5 \u00e0 9 km: 850 millimes<\/li>\n\n\n\n<li>De 9 \u00e0 12 km: 1150 millimes<\/li>\n\n\n\n<li>De 12 \u00e0 15 km: 1250 millimes<\/li>\n\n\n\n<li>De 15 \u00e0 19 km: 1650 millimes<\/li>\n\n\n\n<li>De 19 \u00e0 22km : 2.150 millimes<\/li>\n\n\n\n<li>De 22 \u00e0 27 km: 2.300 millimes<\/li>\n\n\n\n<li>Plus de 27 km: 86 millimes par kilom\u00e8tre<\/li>\n\n\n\n<li>Bagages de plus de 10 kg : 1000 millimes (pi\u00e8ce)<\/li>\n<\/ul>\n\n\n\n<p>Taxis touristiques<\/p>\n\n\n\n<ul class=\"wp-block-list\">\n<li>1350 au compteur au d\u00e9part<\/li>\n\n\n\n<li>Distance : 70 m\u00e8tres \u00e0 70 millimes<\/li>\n\n\n\n<li>Attente : 23 secondes \u00e0 70 millimes<\/li>\n\n\n\n<li>Bagages de plus de 10 kg : 1000 millimes (pi\u00e8ce)<\/li>\n\n\n\n<li>Majoration de 10% pour les v\u00e9hicules climatis\u00e9s<\/li>\n\n\n\n<li>Tarifs de nuit : majoration de 50% de 21h \u00e0 5h<\/li>\n\n\n\n<li>Depuis la station de l\u2019a\u00e9roport : 4500 millimes suppl\u00e9mentaires<\/li>\n<\/ul>\n\n\n\n<p>Louages :<\/p>\n\n\n\n<ul class=\"wp-block-list\">\n<li>Jusqu\u2019\u00e0 10 km: 850 millimes<\/li>\n\n\n\n<li>De 10 \u00e0 150 km : 86 millimes par kilom\u00e8tre<\/li>\n\n\n\n<li>Plus de 150 km : 71 millimes par kilom\u00e8tre<\/li>\n\n\n\n<li>Bagages de plus de 10 kg : 1000 millimes (pi\u00e8ce)<\/li>\n\n\n\n<li>V\u00e9hicules climatis\u00e9s : + 15% jusqu\u2019\u00e0 150 km, et 12% pour une distance sup\u00e9rieure \u00e0 150 km<\/li>\n\n\n\n<li>P\u00e9ages autoroutes : 60% du prix aux frais de tous les passagers<\/li>\n<\/ul>\n\n\n\n<p>Transport rural :<\/p>\n\n\n\n<ul class=\"wp-block-list\">\n<li>Jusqu\u2019\u00e0 5 km: 750 millimes<\/li>\n\n\n\n<li>De 5 \u00e0 10 km : 850 millimes<\/li>\n\n\n\n<li>Plus de 10 km : 86 millimes le km<\/li>\n\n\n\n<li>Bagages de plus de 10 kg : 1000 millimes (pi\u00e8ce)<\/li>\n<\/ul>\n\n\n\n<p class=\"has-text-align-right\"><strong>Y. N.<\/strong><\/p>\n","protected":false},"excerpt":{"rendered":"<p>Tunisie : D\u00e9tails de l&rsquo;augmentation des tarifs du transport irr\u00e9gulier (Taxis &#038; Louages)<\/p>\n","protected":false},"author":6,"featured_media":5428079,"comment_status":"open","ping_status":"open","sticky":false,"template":"","format":"standard","meta":{"footnotes":""},"categories":[998,2433],"tags":[34,2150,3287,4827,2916,11276,13849,30736,62643],"class_list":["post-5427615","post","type-post","status-publish","format-standard","has-post-thumbnail","hentry","category-societe","category-tunisie","tag-aeroport","tag-augmentation","tag-louage","tag-ministere-du-transport","tag-tarifs","tag-taxis","tag-touristique","tag-transport-rural","tag-tunisie"],"yoast_head":"<!-- This site is optimized with the Yoast SEO plugin v26.6 - https:\/\/yoast.com\/wordpress\/plugins\/seo\/ -->\n<title>Tunisie : D\u00e9tails de l&#039;augmentation des tarifs du transport irr\u00e9gulier (Taxis &amp; Louages) - Kapitalis<\/title>\n<meta name=\"description\" content=\"Le minist\u00e8re du Transport a annonc\u00e9, ce jeudi 1er d\u00e9cembre 2022, une augmentation des tarifs du transport irr\u00e9gulier (Taxis &amp; Louages) qui sera appliqu\u00e9e \u00e0 partir du d\u00e9cembre courant.\" \/>\n<meta name=\"robots\" content=\"index, follow, max-snippet:-1, max-image-preview:large, max-video-preview:-1\" \/>\n<link rel=\"canonical\" href=\"https:\/\/kapitalis.com\/tunisie\/2022\/12\/01\/tunisie-details-de-laugmentation-des-tarifs-du-transport-irregulier-taxis-louages\/\" \/>\n<meta property=\"og:locale\" content=\"fr_FR\" \/>\n<meta property=\"og:type\" content=\"article\" \/>\n<meta property=\"og:title\" content=\"Tunisie : D\u00e9tails de l&#039;augmentation des tarifs du transport irr\u00e9gulier (Taxis &amp; Louages) - Kapitalis\" \/>\n<meta property=\"og:description\" content=\"Le minist\u00e8re du Transport a annonc\u00e9, ce jeudi 1er d\u00e9cembre 2022, une augmentation des tarifs du transport irr\u00e9gulier (Taxis &amp; Louages) qui sera appliqu\u00e9e \u00e0 partir du d\u00e9cembre courant.\" \/>\n<meta property=\"og:url\" content=\"https:\/\/kapitalis.com\/tunisie\/2022\/12\/01\/tunisie-details-de-laugmentation-des-tarifs-du-transport-irregulier-taxis-louages\/\" \/>\n<meta property=\"og:site_name\" content=\"Kapitalis\" \/>\n<meta property=\"article:publisher\" content=\"https:\/\/www.facebook.com\/KapitalisInfo\/\" \/>\n<meta property=\"article:published_time\" content=\"2022-12-01T20:38:27+00:00\" \/>\n<meta property=\"article:modified_time\" content=\"2022-12-01T20:59:59+00:00\" \/>\n<meta property=\"og:image\" content=\"https:\/\/kapitalis.com\/tunisie\/wp-content\/uploads\/2022\/12\/tarifs-taxis-louages-tunsiie.jpg\" \/>\n\t<meta property=\"og:image:width\" content=\"1200\" \/>\n\t<meta property=\"og:image:height\" content=\"630\" \/>\n\t<meta property=\"og:image:type\" content=\"image\/jpeg\" \/>\n<meta name=\"author\" content=\"Yusra NY\" \/>\n<meta name=\"twitter:card\" content=\"summary_large_image\" \/>\n<meta name=\"twitter:creator\" content=\"@KapitalisInfo\" \/>\n<meta name=\"twitter:site\" content=\"@KapitalisInfo\" \/>\n<meta name=\"twitter:label1\" content=\"\u00c9crit par\" \/>\n\t<meta name=\"twitter:data1\" content=\"Yusra NY\" \/>\n\t<meta name=\"twitter:label2\" content=\"Dur\u00e9e de lecture estim\u00e9e\" \/>\n\t<meta name=\"twitter:data2\" content=\"2 minutes\" \/>\n<script type=\"application\/ld+json\" class=\"yoast-schema-graph\">{\"@context\":\"https:\/\/schema.org\",\"@graph\":[{\"@type\":\"Article\",\"@id\":\"https:\/\/kapitalis.com\/tunisie\/2022\/12\/01\/tunisie-details-de-laugmentation-des-tarifs-du-transport-irregulier-taxis-louages\/#article\",\"isPartOf\":{\"@id\":\"https:\/\/kapitalis.com\/tunisie\/2022\/12\/01\/tunisie-details-de-laugmentation-des-tarifs-du-transport-irregulier-taxis-louages\/\"},\"author\":{\"name\":\"Yusra NY\",\"@id\":\"https:\/\/kapitalis.com\/tunisie\/#\/schema\/person\/74bbde0154d49d790a92aaeac5bc01d5\"},\"headline\":\"Tunisie : D\u00e9tails de l&rsquo;augmentation des tarifs du transport irr\u00e9gulier (Taxis &amp; Louages)\",\"datePublished\":\"2022-12-01T20:38:27+00:00\",\"dateModified\":\"2022-12-01T20:59:59+00:00\",\"mainEntityOfPage\":{\"@id\":\"https:\/\/kapitalis.com\/tunisie\/2022\/12\/01\/tunisie-details-de-laugmentation-des-tarifs-du-transport-irregulier-taxis-louages\/\"},\"wordCount\":301,\"commentCount\":0,\"publisher\":{\"@id\":\"https:\/\/kapitalis.com\/tunisie\/#organization\"},\"image\":{\"@id\":\"https:\/\/kapitalis.com\/tunisie\/2022\/12\/01\/tunisie-details-de-laugmentation-des-tarifs-du-transport-irregulier-taxis-louages\/#primaryimage\"},\"thumbnailUrl\":\"https:\/\/kapitalis.com\/tunisie\/wp-content\/uploads\/2022\/12\/tarifs-taxis-louages-tunsiie.jpg\",\"keywords\":[\"a\u00e9roport\",\"augmentation\",\"Louage\",\"minist\u00e8re du Transport\",\"tarifs\",\"taxis\",\"touristique\",\"transport rural\",\"Tunisie\"],\"articleSection\":[\"SOCIETE\",\"Tunisie\"],\"inLanguage\":\"fr-FR\",\"potentialAction\":[{\"@type\":\"CommentAction\",\"name\":\"Comment\",\"target\":[\"https:\/\/kapitalis.com\/tunisie\/2022\/12\/01\/tunisie-details-de-laugmentation-des-tarifs-du-transport-irregulier-taxis-louages\/#respond\"]}]},{\"@type\":\"WebPage\",\"@id\":\"https:\/\/kapitalis.com\/tunisie\/2022\/12\/01\/tunisie-details-de-laugmentation-des-tarifs-du-transport-irregulier-taxis-louages\/\",\"url\":\"https:\/\/kapitalis.com\/tunisie\/2022\/12\/01\/tunisie-details-de-laugmentation-des-tarifs-du-transport-irregulier-taxis-louages\/\",\"name\":\"Tunisie : D\u00e9tails de l'augmentation des tarifs du transport irr\u00e9gulier (Taxis &amp; Louages) - Kapitalis\",\"isPartOf\":{\"@id\":\"https:\/\/kapitalis.com\/tunisie\/#website\"},\"primaryImageOfPage\":{\"@id\":\"https:\/\/kapitalis.com\/tunisie\/2022\/12\/01\/tunisie-details-de-laugmentation-des-tarifs-du-transport-irregulier-taxis-louages\/#primaryimage\"},\"image\":{\"@id\":\"https:\/\/kapitalis.com\/tunisie\/2022\/12\/01\/tunisie-details-de-laugmentation-des-tarifs-du-transport-irregulier-taxis-louages\/#primaryimage\"},\"thumbnailUrl\":\"https:\/\/kapitalis.com\/tunisie\/wp-content\/uploads\/2022\/12\/tarifs-taxis-louages-tunsiie.jpg\",\"datePublished\":\"2022-12-01T20:38:27+00:00\",\"dateModified\":\"2022-12-01T20:59:59+00:00\",\"description\":\"Le minist\u00e8re du Transport a annonc\u00e9, ce jeudi 1er d\u00e9cembre 2022, une augmentation des tarifs du transport irr\u00e9gulier (Taxis & Louages) qui sera appliqu\u00e9e \u00e0 partir du d\u00e9cembre courant.\",\"breadcrumb\":{\"@id\":\"https:\/\/kapitalis.com\/tunisie\/2022\/12\/01\/tunisie-details-de-laugmentation-des-tarifs-du-transport-irregulier-taxis-louages\/#breadcrumb\"},\"inLanguage\":\"fr-FR\",\"potentialAction\":[{\"@type\":\"ReadAction\",\"target\":[\"https:\/\/kapitalis.com\/tunisie\/2022\/12\/01\/tunisie-details-de-laugmentation-des-tarifs-du-transport-irregulier-taxis-louages\/\"]}]},{\"@type\":\"ImageObject\",\"inLanguage\":\"fr-FR\",\"@id\":\"https:\/\/kapitalis.com\/tunisie\/2022\/12\/01\/tunisie-details-de-laugmentation-des-tarifs-du-transport-irregulier-taxis-louages\/#primaryimage\",\"url\":\"https:\/\/kapitalis.com\/tunisie\/wp-content\/uploads\/2022\/12\/tarifs-taxis-louages-tunsiie.jpg\",\"contentUrl\":\"https:\/\/kapitalis.com\/tunisie\/wp-content\/uploads\/2022\/12\/tarifs-taxis-louages-tunsiie.jpg\",\"width\":1200,\"height\":630},{\"@type\":\"BreadcrumbList\",\"@id\":\"https:\/\/kapitalis.com\/tunisie\/2022\/12\/01\/tunisie-details-de-laugmentation-des-tarifs-du-transport-irregulier-taxis-louages\/#breadcrumb\",\"itemListElement\":[{\"@type\":\"ListItem\",\"position\":1,\"name\":\"Accueil\",\"item\":\"https:\/\/kapitalis.com\/tunisie\/\"},{\"@type\":\"ListItem\",\"position\":2,\"name\":\"Tunisie : D\u00e9tails de l&rsquo;augmentation des tarifs du transport irr\u00e9gulier (Taxis &amp; Louages)\"}]},{\"@type\":\"WebSite\",\"@id\":\"https:\/\/kapitalis.com\/tunisie\/#website\",\"url\":\"https:\/\/kapitalis.com\/tunisie\/\",\"name\":\"Kapitalis\",\"description\":\"L&#039;actualit\u00e9 en Tunisie et dans le monde\",\"publisher\":{\"@id\":\"https:\/\/kapitalis.com\/tunisie\/#organization\"},\"potentialAction\":[{\"@type\":\"SearchAction\",\"target\":{\"@type\":\"EntryPoint\",\"urlTemplate\":\"https:\/\/kapitalis.com\/tunisie\/?s={search_term_string}\"},\"query-input\":{\"@type\":\"PropertyValueSpecification\",\"valueRequired\":true,\"valueName\":\"search_term_string\"}}],\"inLanguage\":\"fr-FR\"},{\"@type\":\"Organization\",\"@id\":\"https:\/\/kapitalis.com\/tunisie\/#organization\",\"name\":\"Kapitalis\",\"url\":\"https:\/\/kapitalis.com\/tunisie\/\",\"logo\":{\"@type\":\"ImageObject\",\"inLanguage\":\"fr-FR\",\"@id\":\"https:\/\/kapitalis.com\/tunisie\/#\/schema\/logo\/image\/\",\"url\":\"https:\/\/kapitalis.com\/tunisie\/wp-content\/uploads\/2022\/05\/Kapitalis-big-size.png\",\"contentUrl\":\"https:\/\/kapitalis.com\/tunisie\/wp-content\/uploads\/2022\/05\/Kapitalis-big-size.png\",\"width\":5000,\"height\":1500,\"caption\":\"Kapitalis\"},\"image\":{\"@id\":\"https:\/\/kapitalis.com\/tunisie\/#\/schema\/logo\/image\/\"},\"sameAs\":[\"https:\/\/www.facebook.com\/KapitalisInfo\/\",\"https:\/\/x.com\/KapitalisInfo\",\"https:\/\/www.youtube.com\/channel\/UC-yDYrHyfFBWWZaOw3FPg9Q\"]},{\"@type\":\"Person\",\"@id\":\"https:\/\/kapitalis.com\/tunisie\/#\/schema\/person\/74bbde0154d49d790a92aaeac5bc01d5\",\"name\":\"Yusra NY\",\"url\":\"https:\/\/kapitalis.com\/tunisie\/author\/yuza_adam\/\"}]}<\/script>\n<!-- \/ Yoast SEO plugin. -->","yoast_head_json":{"title":"Tunisie : D\u00e9tails de l'augmentation des tarifs du transport irr\u00e9gulier (Taxis &amp; Louages) - Kapitalis","description":"Le minist\u00e8re du Transport a annonc\u00e9, ce jeudi 1er d\u00e9cembre 2022, une augmentation des tarifs du transport irr\u00e9gulier (Taxis & Louages) qui sera appliqu\u00e9e \u00e0 partir du d\u00e9cembre courant.","robots":{"index":"index","follow":"follow","max-snippet":"max-snippet:-1","max-image-preview":"max-image-preview:large","max-video-preview":"max-video-preview:-1"},"canonical":"https:\/\/kapitalis.com\/tunisie\/2022\/12\/01\/tunisie-details-de-laugmentation-des-tarifs-du-transport-irregulier-taxis-louages\/","og_locale":"fr_FR","og_type":"article","og_title":"Tunisie : D\u00e9tails de l'augmentation des tarifs du transport irr\u00e9gulier (Taxis &amp; Louages) - Kapitalis","og_description":"Le minist\u00e8re du Transport a annonc\u00e9, ce jeudi 1er d\u00e9cembre 2022, une augmentation des tarifs du transport irr\u00e9gulier (Taxis & Louages) qui sera appliqu\u00e9e \u00e0 partir du d\u00e9cembre courant.","og_url":"https:\/\/kapitalis.com\/tunisie\/2022\/12\/01\/tunisie-details-de-laugmentation-des-tarifs-du-transport-irregulier-taxis-louages\/","og_site_name":"Kapitalis","article_publisher":"https:\/\/www.facebook.com\/KapitalisInfo\/","article_published_time":"2022-12-01T20:38:27+00:00","article_modified_time":"2022-12-01T20:59:59+00:00","og_image":[{"width":1200,"height":630,"url":"https:\/\/kapitalis.com\/tunisie\/wp-content\/uploads\/2022\/12\/tarifs-taxis-louages-tunsiie.jpg","type":"image\/jpeg"}],"author":"Yusra NY","twitter_card":"summary_large_image","twitter_creator":"@KapitalisInfo","twitter_site":"@KapitalisInfo","twitter_misc":{"\u00c9crit par":"Yusra NY","Dur\u00e9e de lecture estim\u00e9e":"2 minutes"},"schema":{"@context":"https:\/\/schema.org","@graph":[{"@type":"Article","@id":"https:\/\/kapitalis.com\/tunisie\/2022\/12\/01\/tunisie-details-de-laugmentation-des-tarifs-du-transport-irregulier-taxis-louages\/#article","isPartOf":{"@id":"https:\/\/kapitalis.com\/tunisie\/2022\/12\/01\/tunisie-details-de-laugmentation-des-tarifs-du-transport-irregulier-taxis-louages\/"},"author":{"name":"Yusra NY","@id":"https:\/\/kapitalis.com\/tunisie\/#\/schema\/person\/74bbde0154d49d790a92aaeac5bc01d5"},"headline":"Tunisie : D\u00e9tails de l&rsquo;augmentation des tarifs du transport irr\u00e9gulier (Taxis &amp; Louages)","datePublished":"2022-12-01T20:38:27+00:00","dateModified":"2022-12-01T20:59:59+00:00","mainEntityOfPage":{"@id":"https:\/\/kapitalis.com\/tunisie\/2022\/12\/01\/tunisie-details-de-laugmentation-des-tarifs-du-transport-irregulier-taxis-louages\/"},"wordCount":301,"commentCount":0,"publisher":{"@id":"https:\/\/kapitalis.com\/tunisie\/#organization"},"image":{"@id":"https:\/\/kapitalis.com\/tunisie\/2022\/12\/01\/tunisie-details-de-laugmentation-des-tarifs-du-transport-irregulier-taxis-louages\/#primaryimage"},"thumbnailUrl":"https:\/\/kapitalis.com\/tunisie\/wp-content\/uploads\/2022\/12\/tarifs-taxis-louages-tunsiie.jpg","keywords":["a\u00e9roport","augmentation","Louage","minist\u00e8re du Transport","tarifs","taxis","touristique","transport rural","Tunisie"],"articleSection":["SOCIETE","Tunisie"],"inLanguage":"fr-FR","potentialAction":[{"@type":"CommentAction","name":"Comment","target":["https:\/\/kapitalis.com\/tunisie\/2022\/12\/01\/tunisie-details-de-laugmentation-des-tarifs-du-transport-irregulier-taxis-louages\/#respond"]}]},{"@type":"WebPage","@id":"https:\/\/kapitalis.com\/tunisie\/2022\/12\/01\/tunisie-details-de-laugmentation-des-tarifs-du-transport-irregulier-taxis-louages\/","url":"https:\/\/kapitalis.com\/tunisie\/2022\/12\/01\/tunisie-details-de-laugmentation-des-tarifs-du-transport-irregulier-taxis-louages\/","name":"Tunisie : D\u00e9tails de l'augmentation des tarifs du transport irr\u00e9gulier (Taxis &amp; Louages) - Kapitalis","isPartOf":{"@id":"https:\/\/kapitalis.com\/tunisie\/#website"},"primaryImageOfPage":{"@id":"https:\/\/kapitalis.com\/tunisie\/2022\/12\/01\/tunisie-details-de-laugmentation-des-tarifs-du-transport-irregulier-taxis-louages\/#primaryimage"},"image":{"@id":"https:\/\/kapitalis.com\/tunisie\/2022\/12\/01\/tunisie-details-de-laugmentation-des-tarifs-du-transport-irregulier-taxis-louages\/#primaryimage"},"thumbnailUrl":"https:\/\/kapitalis.com\/tunisie\/wp-content\/uploads\/2022\/12\/tarifs-taxis-louages-tunsiie.jpg","datePublished":"2022-12-01T20:38:27+00:00","dateModified":"2022-12-01T20:59:59+00:00","description":"Le minist\u00e8re du Transport a annonc\u00e9, ce jeudi 1er d\u00e9cembre 2022, une augmentation des tarifs du transport irr\u00e9gulier (Taxis & Louages) qui sera appliqu\u00e9e \u00e0 partir du d\u00e9cembre courant.","breadcrumb":{"@id":"https:\/\/kapitalis.com\/tunisie\/2022\/12\/01\/tunisie-details-de-laugmentation-des-tarifs-du-transport-irregulier-taxis-louages\/#breadcrumb"},"inLanguage":"fr-FR","potentialAction":[{"@type":"ReadAction","target":["https:\/\/kapitalis.com\/tunisie\/2022\/12\/01\/tunisie-details-de-laugmentation-des-tarifs-du-transport-irregulier-taxis-louages\/"]}]},{"@type":"ImageObject","inLanguage":"fr-FR","@id":"https:\/\/kapitalis.com\/tunisie\/2022\/12\/01\/tunisie-details-de-laugmentation-des-tarifs-du-transport-irregulier-taxis-louages\/#primaryimage","url":"https:\/\/kapitalis.com\/tunisie\/wp-content\/uploads\/2022\/12\/tarifs-taxis-louages-tunsiie.jpg","contentUrl":"https:\/\/kapitalis.com\/tunisie\/wp-content\/uploads\/2022\/12\/tarifs-taxis-louages-tunsiie.jpg","width":1200,"height":630},{"@type":"BreadcrumbList","@id":"https:\/\/kapitalis.com\/tunisie\/2022\/12\/01\/tunisie-details-de-laugmentation-des-tarifs-du-transport-irregulier-taxis-louages\/#breadcrumb","itemListElement":[{"@type":"ListItem","position":1,"name":"Accueil","item":"https:\/\/kapitalis.com\/tunisie\/"},{"@type":"ListItem","position":2,"name":"Tunisie : D\u00e9tails de l&rsquo;augmentation des tarifs du transport irr\u00e9gulier (Taxis &amp; Louages)"}]},{"@type":"WebSite","@id":"https:\/\/kapitalis.com\/tunisie\/#website","url":"https:\/\/kapitalis.com\/tunisie\/","name":"Kapitalis","description":"L&#039;actualit\u00e9 en Tunisie et dans le monde","publisher":{"@id":"https:\/\/kapitalis.com\/tunisie\/#organization"},"potentialAction":[{"@type":"SearchAction","target":{"@type":"EntryPoint","urlTemplate":"https:\/\/kapitalis.com\/tunisie\/?s={search_term_string}"},"query-input":{"@type":"PropertyValueSpecification","valueRequired":true,"valueName":"search_term_string"}}],"inLanguage":"fr-FR"},{"@type":"Organization","@id":"https:\/\/kapitalis.com\/tunisie\/#organization","name":"Kapitalis","url":"https:\/\/kapitalis.com\/tunisie\/","logo":{"@type":"ImageObject","inLanguage":"fr-FR","@id":"https:\/\/kapitalis.com\/tunisie\/#\/schema\/logo\/image\/","url":"https:\/\/kapitalis.com\/tunisie\/wp-content\/uploads\/2022\/05\/Kapitalis-big-size.png","contentUrl":"https:\/\/kapitalis.com\/tunisie\/wp-content\/uploads\/2022\/05\/Kapitalis-big-size.png","width":5000,"height":1500,"caption":"Kapitalis"},"image":{"@id":"https:\/\/kapitalis.com\/tunisie\/#\/schema\/logo\/image\/"},"sameAs":["https:\/\/www.facebook.com\/KapitalisInfo\/","https:\/\/x.com\/KapitalisInfo","https:\/\/www.youtube.com\/channel\/UC-yDYrHyfFBWWZaOw3FPg9Q"]},{"@type":"Person","@id":"https:\/\/kapitalis.com\/tunisie\/#\/schema\/person\/74bbde0154d49d790a92aaeac5bc01d5","name":"Yusra NY","url":"https:\/\/kapitalis.com\/tunisie\/author\/yuza_adam\/"}]}},"_links":{"self":[{"href":"https:\/\/kapitalis.com\/tunisie\/wp-json\/wp\/v2\/posts\/5427615","targetHints":{"allow":["GET"]}}],"collection":[{"href":"https:\/\/kapitalis.com\/tunisie\/wp-json\/wp\/v2\/posts"}],"about":[{"href":"https:\/\/kapitalis.com\/tunisie\/wp-json\/wp\/v2\/types\/post"}],"author":[{"embeddable":true,"href":"https:\/\/kapitalis.com\/tunisie\/wp-json\/wp\/v2\/users\/6"}],"replies":[{"embeddable":true,"href":"https:\/\/kapitalis.com\/tunisie\/wp-json\/wp\/v2\/comments?post=5427615"}],"version-history":[{"count":3,"href":"https:\/\/kapitalis.com\/tunisie\/wp-json\/wp\/v2\/posts\/5427615\/revisions"}],"predecessor-version":[{"id":5428527,"href":"https:\/\/kapitalis.com\/tunisie\/wp-json\/wp\/v2\/posts\/5427615\/revisions\/5428527"}],"wp:featuredmedia":[{"embeddable":true,"href":"https:\/\/kapitalis.com\/tunisie\/wp-json\/wp\/v2\/media\/5428079"}],"wp:attachment":[{"href":"https:\/\/kapitalis.com\/tunisie\/wp-json\/wp\/v2\/media?parent=5427615"}],"wp:term":[{"taxonomy":"category","embeddable":true,"href":"https:\/\/kapitalis.com\/tunisie\/wp-json\/wp\/v2\/categories?post=5427615"},{"taxonomy":"post_tag","embeddable":true,"href":"https:\/\/kapitalis.com\/tunisie\/wp-json\/wp\/v2\/tags?post=5427615"}],"curies":[{"name":"wp","href":"https:\/\/api.w.org\/{rel}","templated":true}]}}