{"id":5431595,"date":"2022-12-01T23:23:41","date_gmt":"2022-12-01T22:23:41","guid":{"rendered":"https:\/\/kapitalis.com\/tunisie\/?p=5431595"},"modified":"2022-12-01T23:26:34","modified_gmt":"2022-12-01T22:26:34","slug":"sousse-un-jeune-de-22-ans-dans-un-etat-critique-apres-avoir-mis-le-feu-a-son-corps","status":"publish","type":"post","link":"https:\/\/kapitalis.com\/tunisie\/2022\/12\/01\/sousse-un-jeune-de-22-ans-dans-un-etat-critique-apres-avoir-mis-le-feu-a-son-corps\/","title":{"rendered":"Sousse : Un jeune de 22 ans dans un \u00e9tat critique apr\u00e8s avoir mis le feu \u00e0 son corps"},"content":{"rendered":"\n<p><strong><em>La protection civile a secouru un jeune homme de 22 ans qui a tent\u00e9 de se suicider en mettant le feu \u00e0 son corps, hier, en pleine rue \u00e0 Sousse. Br\u00fbl\u00e9 au 3e degr\u00e9, son \u00e9tat est jug\u00e9 grave\u2026<\/em><\/strong><\/p>\n\n\n\n<!--more-->\n\n\n\n<p>C&rsquo;est ce qu&rsquo;indique la Direction g\u00e9n\u00e9rale de la protection civile dans un communiqu\u00e9 publi\u00e9 ce jeudi 1er d\u00e9cembre 2022, en pr\u00e9cisant que les agents ont \u00e9t\u00e9 alert\u00e9s \u00e0 19h15 et se sont rapidement rendus sur les lieux \u00e0 Zaouiet Sousse, d\u00e9couvrant le jeune gri\u00e8vement br\u00fbl\u00e9 au 3e degr\u00e9 sur tout le corps.<\/p>\n\n\n\n<p>La victime a \u00e9t\u00e9 transport\u00e9e dans un \u00e9tat critique \u00e0 l&rsquo;h\u00f4pital Sahloul \u00e0 Sousse, ajoute la m\u00eame source.<\/p>\n\n\n\n<p>Notons qu&rsquo;il s&rsquo;agit de la 3e tentative d&rsquo;immolation par le feu en 10 jours, apr\u00e8s celui enregistr\u00e9 le 24 novembre \u00e0 Nabeul (homme de 30 ans) et le 29 novembre \u00e0 El-Mourouj (femme de 30 ans), sachant qu&rsquo;une femme est morte le 3 novembre apr\u00e8s avoir mis le feu \u00e0 son corps, chez elle au Bardo\u2026<\/p>\n\n\n\n<p class=\"has-text-align-right\">Y. N.<\/p>\n\n\n\n<figure class=\"wp-block-embed is-type-wp-embed is-provider-kapitalis wp-block-embed-kapitalis\"><div class=\"wp-block-embed__wrapper\">\n<blockquote class=\"wp-embedded-content\" data-secret=\"oKD5TBLK8j\"><a href=\"https:\/\/kapitalis.com\/tunisie\/2022\/11\/04\/drame-au-bardo-deces-dun-femme-de-30-ans-qui-sest-immolee-par-le-feu\/\">Drame au Bardo : D\u00e9c\u00e8s d&rsquo;un femme de 30 ans qui s&rsquo;est immol\u00e9e par le feu<\/a><\/blockquote><iframe loading=\"lazy\" class=\"wp-embedded-content\" sandbox=\"allow-scripts\" security=\"restricted\" style=\"position: absolute; clip: rect(1px, 1px, 1px, 1px);\" title=\"\u00ab\u00a0Drame au Bardo : D\u00e9c\u00e8s d&rsquo;un femme de 30 ans qui s&rsquo;est immol\u00e9e par le feu\u00a0\u00bb &#8212; Kapitalis\" src=\"https:\/\/kapitalis.com\/tunisie\/2022\/11\/04\/drame-au-bardo-deces-dun-femme-de-30-ans-qui-sest-immolee-par-le-feu\/embed\/#?secret=6Z8QWsqHTf#?secret=oKD5TBLK8j\" data-secret=\"oKD5TBLK8j\" width=\"600\" height=\"338\" frameborder=\"0\" marginwidth=\"0\" marginheight=\"0\" scrolling=\"no\"><\/iframe>\n<\/div><\/figure>\n\n\n\n<figure class=\"wp-block-embed is-type-wp-embed is-provider-kapitalis wp-block-embed-kapitalis\"><div class=\"wp-block-embed__wrapper\">\n<blockquote class=\"wp-embedded-content\" data-secret=\"ayyt7Skz53\"><a href=\"https:\/\/kapitalis.com\/tunisie\/2022\/11\/24\/nabeul-un-homme-de-30-ans-met-le-feu-a-son-corps-a-menzel-bouzelfa\/\">Nabeul : Un homme de 30 ans met le feu \u00e0 son corps \u00e0 Menzel Bouzelfa<\/a><\/blockquote><iframe loading=\"lazy\" class=\"wp-embedded-content\" sandbox=\"allow-scripts\" security=\"restricted\" style=\"position: absolute; clip: rect(1px, 1px, 1px, 1px);\" title=\"\u00ab\u00a0Nabeul : Un homme de 30 ans met le feu \u00e0 son corps \u00e0 Menzel Bouzelfa\u00a0\u00bb &#8212; Kapitalis\" src=\"https:\/\/kapitalis.com\/tunisie\/2022\/11\/24\/nabeul-un-homme-de-30-ans-met-le-feu-a-son-corps-a-menzel-bouzelfa\/embed\/#?secret=pgNT8i9e0h#?secret=ayyt7Skz53\" data-secret=\"ayyt7Skz53\" width=\"600\" height=\"338\" frameborder=\"0\" marginwidth=\"0\" marginheight=\"0\" scrolling=\"no\"><\/iframe>\n<\/div><\/figure>\n\n\n\n<figure class=\"wp-block-embed is-type-wp-embed is-provider-kapitalis wp-block-embed-kapitalis\"><div class=\"wp-block-embed__wrapper\">\n<blockquote class=\"wp-embedded-content\" data-secret=\"apfGjxvQQg\"><a href=\"https:\/\/kapitalis.com\/tunisie\/2022\/11\/29\/el-mourouj-une-femme-tente-de-se-suicider-en-mettant-le-feu-a-son-corps\/\">El-Mourouj : Une femme tente de se suicider en mettant le feu \u00e0 son corps<\/a><\/blockquote><iframe loading=\"lazy\" class=\"wp-embedded-content\" sandbox=\"allow-scripts\" security=\"restricted\" style=\"position: absolute; clip: rect(1px, 1px, 1px, 1px);\" title=\"\u00ab\u00a0El-Mourouj : Une femme tente de se suicider en mettant le feu \u00e0 son corps\u00a0\u00bb &#8212; Kapitalis\" src=\"https:\/\/kapitalis.com\/tunisie\/2022\/11\/29\/el-mourouj-une-femme-tente-de-se-suicider-en-mettant-le-feu-a-son-corps\/embed\/#?secret=f5EKM0tgo2#?secret=apfGjxvQQg\" data-secret=\"apfGjxvQQg\" width=\"600\" height=\"338\" frameborder=\"0\" marginwidth=\"0\" marginheight=\"0\" scrolling=\"no\"><\/iframe>\n<\/div><\/figure>\n","protected":false},"excerpt":{"rendered":"<p>Sousse : Un jeune de 22 ans dans un \u00e9tat critique apr\u00e8s avoir mis le feu \u00e0 son corps<\/p>\n","protected":false},"author":6,"featured_media":5431685,"comment_status":"open","ping_status":"open","sticky":false,"template":"","format":"standard","meta":{"footnotes":""},"categories":[998,2433],"tags":[97358,104797,754,854,865,104798],"class_list":["post-5431595","post","type-post","status-publish","format-standard","has-post-thumbnail","hentry","category-societe","category-tunisie","tag-brulures-3e-degre","tag-immolation-par-le-feu","tag-protection-civile","tag-sousse","tag-suicide","tag-zaouiet-sousse"],"yoast_head":"<!-- This site is optimized with the Yoast SEO plugin v26.6 - https:\/\/yoast.com\/wordpress\/plugins\/seo\/ -->\n<title>Sousse : Un jeune de 22 ans dans un \u00e9tat critique apr\u00e8s avoir mis le feu \u00e0 son corps - Kapitalis<\/title>\n<meta name=\"description\" content=\"La protection civile a secouru un jeune homme de 22 ans qui a tent\u00e9 de se suicider en mettant le feu \u00e0 son corps, hier, en pleine rue \u00e0 Sousse. Br\u00fbl\u00e9 au 3e degr\u00e9, son \u00e9tat est jug\u00e9 grave\u2026\" \/>\n<meta name=\"robots\" content=\"index, follow, max-snippet:-1, max-image-preview:large, max-video-preview:-1\" \/>\n<link rel=\"canonical\" href=\"https:\/\/kapitalis.com\/tunisie\/2022\/12\/01\/sousse-un-jeune-de-22-ans-dans-un-etat-critique-apres-avoir-mis-le-feu-a-son-corps\/\" \/>\n<meta property=\"og:locale\" content=\"fr_FR\" \/>\n<meta property=\"og:type\" content=\"article\" \/>\n<meta property=\"og:title\" content=\"Sousse : Un jeune de 22 ans dans un \u00e9tat critique apr\u00e8s avoir mis le feu \u00e0 son corps - Kapitalis\" \/>\n<meta property=\"og:description\" content=\"La protection civile a secouru un jeune homme de 22 ans qui a tent\u00e9 de se suicider en mettant le feu \u00e0 son corps, hier, en pleine rue \u00e0 Sousse. Br\u00fbl\u00e9 au 3e degr\u00e9, son \u00e9tat est jug\u00e9 grave\u2026\" \/>\n<meta property=\"og:url\" content=\"https:\/\/kapitalis.com\/tunisie\/2022\/12\/01\/sousse-un-jeune-de-22-ans-dans-un-etat-critique-apres-avoir-mis-le-feu-a-son-corps\/\" \/>\n<meta property=\"og:site_name\" content=\"Kapitalis\" \/>\n<meta property=\"article:publisher\" content=\"https:\/\/www.facebook.com\/KapitalisInfo\/\" \/>\n<meta property=\"article:published_time\" content=\"2022-12-01T22:23:41+00:00\" \/>\n<meta property=\"article:modified_time\" content=\"2022-12-01T22:26:34+00:00\" \/>\n<meta property=\"og:image\" content=\"https:\/\/kapitalis.com\/tunisie\/wp-content\/uploads\/2022\/12\/protection-civile.jpg\" \/>\n\t<meta property=\"og:image:width\" content=\"1200\" \/>\n\t<meta property=\"og:image:height\" content=\"630\" \/>\n\t<meta property=\"og:image:type\" content=\"image\/jpeg\" \/>\n<meta name=\"author\" content=\"Yusra NY\" \/>\n<meta name=\"twitter:card\" content=\"summary_large_image\" \/>\n<meta name=\"twitter:creator\" content=\"@KapitalisInfo\" \/>\n<meta name=\"twitter:site\" content=\"@KapitalisInfo\" \/>\n<meta name=\"twitter:label1\" content=\"\u00c9crit par\" \/>\n\t<meta name=\"twitter:data1\" content=\"Yusra NY\" \/>\n\t<meta name=\"twitter:label2\" content=\"Dur\u00e9e de lecture estim\u00e9e\" \/>\n\t<meta name=\"twitter:data2\" content=\"1 minute\" \/>\n<script type=\"application\/ld+json\" class=\"yoast-schema-graph\">{\"@context\":\"https:\/\/schema.org\",\"@graph\":[{\"@type\":\"Article\",\"@id\":\"https:\/\/kapitalis.com\/tunisie\/2022\/12\/01\/sousse-un-jeune-de-22-ans-dans-un-etat-critique-apres-avoir-mis-le-feu-a-son-corps\/#article\",\"isPartOf\":{\"@id\":\"https:\/\/kapitalis.com\/tunisie\/2022\/12\/01\/sousse-un-jeune-de-22-ans-dans-un-etat-critique-apres-avoir-mis-le-feu-a-son-corps\/\"},\"author\":{\"name\":\"Yusra NY\",\"@id\":\"https:\/\/kapitalis.com\/tunisie\/#\/schema\/person\/74bbde0154d49d790a92aaeac5bc01d5\"},\"headline\":\"Sousse : Un jeune de 22 ans dans un \u00e9tat critique apr\u00e8s avoir mis le feu \u00e0 son corps\",\"datePublished\":\"2022-12-01T22:23:41+00:00\",\"dateModified\":\"2022-12-01T22:26:34+00:00\",\"mainEntityOfPage\":{\"@id\":\"https:\/\/kapitalis.com\/tunisie\/2022\/12\/01\/sousse-un-jeune-de-22-ans-dans-un-etat-critique-apres-avoir-mis-le-feu-a-son-corps\/\"},\"wordCount\":198,\"commentCount\":1,\"publisher\":{\"@id\":\"https:\/\/kapitalis.com\/tunisie\/#organization\"},\"image\":{\"@id\":\"https:\/\/kapitalis.com\/tunisie\/2022\/12\/01\/sousse-un-jeune-de-22-ans-dans-un-etat-critique-apres-avoir-mis-le-feu-a-son-corps\/#primaryimage\"},\"thumbnailUrl\":\"https:\/\/kapitalis.com\/tunisie\/wp-content\/uploads\/2022\/12\/protection-civile.jpg\",\"keywords\":[\"br\u00fblures 3e degr\u00e9\",\"immolation par le feu\",\"protection civile\",\"Sousse\",\"suicide\",\"Zaouiet Sousse\"],\"articleSection\":[\"SOCIETE\",\"Tunisie\"],\"inLanguage\":\"fr-FR\",\"potentialAction\":[{\"@type\":\"CommentAction\",\"name\":\"Comment\",\"target\":[\"https:\/\/kapitalis.com\/tunisie\/2022\/12\/01\/sousse-un-jeune-de-22-ans-dans-un-etat-critique-apres-avoir-mis-le-feu-a-son-corps\/#respond\"]}]},{\"@type\":\"WebPage\",\"@id\":\"https:\/\/kapitalis.com\/tunisie\/2022\/12\/01\/sousse-un-jeune-de-22-ans-dans-un-etat-critique-apres-avoir-mis-le-feu-a-son-corps\/\",\"url\":\"https:\/\/kapitalis.com\/tunisie\/2022\/12\/01\/sousse-un-jeune-de-22-ans-dans-un-etat-critique-apres-avoir-mis-le-feu-a-son-corps\/\",\"name\":\"Sousse : Un jeune de 22 ans dans un \u00e9tat critique apr\u00e8s avoir mis le feu \u00e0 son corps - Kapitalis\",\"isPartOf\":{\"@id\":\"https:\/\/kapitalis.com\/tunisie\/#website\"},\"primaryImageOfPage\":{\"@id\":\"https:\/\/kapitalis.com\/tunisie\/2022\/12\/01\/sousse-un-jeune-de-22-ans-dans-un-etat-critique-apres-avoir-mis-le-feu-a-son-corps\/#primaryimage\"},\"image\":{\"@id\":\"https:\/\/kapitalis.com\/tunisie\/2022\/12\/01\/sousse-un-jeune-de-22-ans-dans-un-etat-critique-apres-avoir-mis-le-feu-a-son-corps\/#primaryimage\"},\"thumbnailUrl\":\"https:\/\/kapitalis.com\/tunisie\/wp-content\/uploads\/2022\/12\/protection-civile.jpg\",\"datePublished\":\"2022-12-01T22:23:41+00:00\",\"dateModified\":\"2022-12-01T22:26:34+00:00\",\"description\":\"La protection civile a secouru un jeune homme de 22 ans qui a tent\u00e9 de se suicider en mettant le feu \u00e0 son corps, hier, en pleine rue \u00e0 Sousse. Br\u00fbl\u00e9 au 3e degr\u00e9, son \u00e9tat est jug\u00e9 grave\u2026\",\"breadcrumb\":{\"@id\":\"https:\/\/kapitalis.com\/tunisie\/2022\/12\/01\/sousse-un-jeune-de-22-ans-dans-un-etat-critique-apres-avoir-mis-le-feu-a-son-corps\/#breadcrumb\"},\"inLanguage\":\"fr-FR\",\"potentialAction\":[{\"@type\":\"ReadAction\",\"target\":[\"https:\/\/kapitalis.com\/tunisie\/2022\/12\/01\/sousse-un-jeune-de-22-ans-dans-un-etat-critique-apres-avoir-mis-le-feu-a-son-corps\/\"]}]},{\"@type\":\"ImageObject\",\"inLanguage\":\"fr-FR\",\"@id\":\"https:\/\/kapitalis.com\/tunisie\/2022\/12\/01\/sousse-un-jeune-de-22-ans-dans-un-etat-critique-apres-avoir-mis-le-feu-a-son-corps\/#primaryimage\",\"url\":\"https:\/\/kapitalis.com\/tunisie\/wp-content\/uploads\/2022\/12\/protection-civile.jpg\",\"contentUrl\":\"https:\/\/kapitalis.com\/tunisie\/wp-content\/uploads\/2022\/12\/protection-civile.jpg\",\"width\":1200,\"height\":630},{\"@type\":\"BreadcrumbList\",\"@id\":\"https:\/\/kapitalis.com\/tunisie\/2022\/12\/01\/sousse-un-jeune-de-22-ans-dans-un-etat-critique-apres-avoir-mis-le-feu-a-son-corps\/#breadcrumb\",\"itemListElement\":[{\"@type\":\"ListItem\",\"position\":1,\"name\":\"Accueil\",\"item\":\"https:\/\/kapitalis.com\/tunisie\/\"},{\"@type\":\"ListItem\",\"position\":2,\"name\":\"Sousse : Un jeune de 22 ans dans un \u00e9tat critique apr\u00e8s avoir mis le feu \u00e0 son corps\"}]},{\"@type\":\"WebSite\",\"@id\":\"https:\/\/kapitalis.com\/tunisie\/#website\",\"url\":\"https:\/\/kapitalis.com\/tunisie\/\",\"name\":\"Kapitalis\",\"description\":\"L&#039;actualit\u00e9 en Tunisie et dans le monde\",\"publisher\":{\"@id\":\"https:\/\/kapitalis.com\/tunisie\/#organization\"},\"potentialAction\":[{\"@type\":\"SearchAction\",\"target\":{\"@type\":\"EntryPoint\",\"urlTemplate\":\"https:\/\/kapitalis.com\/tunisie\/?s={search_term_string}\"},\"query-input\":{\"@type\":\"PropertyValueSpecification\",\"valueRequired\":true,\"valueName\":\"search_term_string\"}}],\"inLanguage\":\"fr-FR\"},{\"@type\":\"Organization\",\"@id\":\"https:\/\/kapitalis.com\/tunisie\/#organization\",\"name\":\"Kapitalis\",\"url\":\"https:\/\/kapitalis.com\/tunisie\/\",\"logo\":{\"@type\":\"ImageObject\",\"inLanguage\":\"fr-FR\",\"@id\":\"https:\/\/kapitalis.com\/tunisie\/#\/schema\/logo\/image\/\",\"url\":\"https:\/\/kapitalis.com\/tunisie\/wp-content\/uploads\/2022\/05\/Kapitalis-big-size.png\",\"contentUrl\":\"https:\/\/kapitalis.com\/tunisie\/wp-content\/uploads\/2022\/05\/Kapitalis-big-size.png\",\"width\":5000,\"height\":1500,\"caption\":\"Kapitalis\"},\"image\":{\"@id\":\"https:\/\/kapitalis.com\/tunisie\/#\/schema\/logo\/image\/\"},\"sameAs\":[\"https:\/\/www.facebook.com\/KapitalisInfo\/\",\"https:\/\/x.com\/KapitalisInfo\",\"https:\/\/www.youtube.com\/channel\/UC-yDYrHyfFBWWZaOw3FPg9Q\"]},{\"@type\":\"Person\",\"@id\":\"https:\/\/kapitalis.com\/tunisie\/#\/schema\/person\/74bbde0154d49d790a92aaeac5bc01d5\",\"name\":\"Yusra NY\",\"url\":\"https:\/\/kapitalis.com\/tunisie\/author\/yuza_adam\/\"}]}<\/script>\n<!-- \/ Yoast SEO plugin. -->","yoast_head_json":{"title":"Sousse : Un jeune de 22 ans dans un \u00e9tat critique apr\u00e8s avoir mis le feu \u00e0 son corps - Kapitalis","description":"La protection civile a secouru un jeune homme de 22 ans qui a tent\u00e9 de se suicider en mettant le feu \u00e0 son corps, hier, en pleine rue \u00e0 Sousse. Br\u00fbl\u00e9 au 3e degr\u00e9, son \u00e9tat est jug\u00e9 grave\u2026","robots":{"index":"index","follow":"follow","max-snippet":"max-snippet:-1","max-image-preview":"max-image-preview:large","max-video-preview":"max-video-preview:-1"},"canonical":"https:\/\/kapitalis.com\/tunisie\/2022\/12\/01\/sousse-un-jeune-de-22-ans-dans-un-etat-critique-apres-avoir-mis-le-feu-a-son-corps\/","og_locale":"fr_FR","og_type":"article","og_title":"Sousse : Un jeune de 22 ans dans un \u00e9tat critique apr\u00e8s avoir mis le feu \u00e0 son corps - Kapitalis","og_description":"La protection civile a secouru un jeune homme de 22 ans qui a tent\u00e9 de se suicider en mettant le feu \u00e0 son corps, hier, en pleine rue \u00e0 Sousse. Br\u00fbl\u00e9 au 3e degr\u00e9, son \u00e9tat est jug\u00e9 grave\u2026","og_url":"https:\/\/kapitalis.com\/tunisie\/2022\/12\/01\/sousse-un-jeune-de-22-ans-dans-un-etat-critique-apres-avoir-mis-le-feu-a-son-corps\/","og_site_name":"Kapitalis","article_publisher":"https:\/\/www.facebook.com\/KapitalisInfo\/","article_published_time":"2022-12-01T22:23:41+00:00","article_modified_time":"2022-12-01T22:26:34+00:00","og_image":[{"width":1200,"height":630,"url":"https:\/\/kapitalis.com\/tunisie\/wp-content\/uploads\/2022\/12\/protection-civile.jpg","type":"image\/jpeg"}],"author":"Yusra NY","twitter_card":"summary_large_image","twitter_creator":"@KapitalisInfo","twitter_site":"@KapitalisInfo","twitter_misc":{"\u00c9crit par":"Yusra NY","Dur\u00e9e de lecture estim\u00e9e":"1 minute"},"schema":{"@context":"https:\/\/schema.org","@graph":[{"@type":"Article","@id":"https:\/\/kapitalis.com\/tunisie\/2022\/12\/01\/sousse-un-jeune-de-22-ans-dans-un-etat-critique-apres-avoir-mis-le-feu-a-son-corps\/#article","isPartOf":{"@id":"https:\/\/kapitalis.com\/tunisie\/2022\/12\/01\/sousse-un-jeune-de-22-ans-dans-un-etat-critique-apres-avoir-mis-le-feu-a-son-corps\/"},"author":{"name":"Yusra NY","@id":"https:\/\/kapitalis.com\/tunisie\/#\/schema\/person\/74bbde0154d49d790a92aaeac5bc01d5"},"headline":"Sousse : Un jeune de 22 ans dans un \u00e9tat critique apr\u00e8s avoir mis le feu \u00e0 son corps","datePublished":"2022-12-01T22:23:41+00:00","dateModified":"2022-12-01T22:26:34+00:00","mainEntityOfPage":{"@id":"https:\/\/kapitalis.com\/tunisie\/2022\/12\/01\/sousse-un-jeune-de-22-ans-dans-un-etat-critique-apres-avoir-mis-le-feu-a-son-corps\/"},"wordCount":198,"commentCount":1,"publisher":{"@id":"https:\/\/kapitalis.com\/tunisie\/#organization"},"image":{"@id":"https:\/\/kapitalis.com\/tunisie\/2022\/12\/01\/sousse-un-jeune-de-22-ans-dans-un-etat-critique-apres-avoir-mis-le-feu-a-son-corps\/#primaryimage"},"thumbnailUrl":"https:\/\/kapitalis.com\/tunisie\/wp-content\/uploads\/2022\/12\/protection-civile.jpg","keywords":["br\u00fblures 3e degr\u00e9","immolation par le feu","protection civile","Sousse","suicide","Zaouiet Sousse"],"articleSection":["SOCIETE","Tunisie"],"inLanguage":"fr-FR","potentialAction":[{"@type":"CommentAction","name":"Comment","target":["https:\/\/kapitalis.com\/tunisie\/2022\/12\/01\/sousse-un-jeune-de-22-ans-dans-un-etat-critique-apres-avoir-mis-le-feu-a-son-corps\/#respond"]}]},{"@type":"WebPage","@id":"https:\/\/kapitalis.com\/tunisie\/2022\/12\/01\/sousse-un-jeune-de-22-ans-dans-un-etat-critique-apres-avoir-mis-le-feu-a-son-corps\/","url":"https:\/\/kapitalis.com\/tunisie\/2022\/12\/01\/sousse-un-jeune-de-22-ans-dans-un-etat-critique-apres-avoir-mis-le-feu-a-son-corps\/","name":"Sousse : Un jeune de 22 ans dans un \u00e9tat critique apr\u00e8s avoir mis le feu \u00e0 son corps - Kapitalis","isPartOf":{"@id":"https:\/\/kapitalis.com\/tunisie\/#website"},"primaryImageOfPage":{"@id":"https:\/\/kapitalis.com\/tunisie\/2022\/12\/01\/sousse-un-jeune-de-22-ans-dans-un-etat-critique-apres-avoir-mis-le-feu-a-son-corps\/#primaryimage"},"image":{"@id":"https:\/\/kapitalis.com\/tunisie\/2022\/12\/01\/sousse-un-jeune-de-22-ans-dans-un-etat-critique-apres-avoir-mis-le-feu-a-son-corps\/#primaryimage"},"thumbnailUrl":"https:\/\/kapitalis.com\/tunisie\/wp-content\/uploads\/2022\/12\/protection-civile.jpg","datePublished":"2022-12-01T22:23:41+00:00","dateModified":"2022-12-01T22:26:34+00:00","description":"La protection civile a secouru un jeune homme de 22 ans qui a tent\u00e9 de se suicider en mettant le feu \u00e0 son corps, hier, en pleine rue \u00e0 Sousse. Br\u00fbl\u00e9 au 3e degr\u00e9, son \u00e9tat est jug\u00e9 grave\u2026","breadcrumb":{"@id":"https:\/\/kapitalis.com\/tunisie\/2022\/12\/01\/sousse-un-jeune-de-22-ans-dans-un-etat-critique-apres-avoir-mis-le-feu-a-son-corps\/#breadcrumb"},"inLanguage":"fr-FR","potentialAction":[{"@type":"ReadAction","target":["https:\/\/kapitalis.com\/tunisie\/2022\/12\/01\/sousse-un-jeune-de-22-ans-dans-un-etat-critique-apres-avoir-mis-le-feu-a-son-corps\/"]}]},{"@type":"ImageObject","inLanguage":"fr-FR","@id":"https:\/\/kapitalis.com\/tunisie\/2022\/12\/01\/sousse-un-jeune-de-22-ans-dans-un-etat-critique-apres-avoir-mis-le-feu-a-son-corps\/#primaryimage","url":"https:\/\/kapitalis.com\/tunisie\/wp-content\/uploads\/2022\/12\/protection-civile.jpg","contentUrl":"https:\/\/kapitalis.com\/tunisie\/wp-content\/uploads\/2022\/12\/protection-civile.jpg","width":1200,"height":630},{"@type":"BreadcrumbList","@id":"https:\/\/kapitalis.com\/tunisie\/2022\/12\/01\/sousse-un-jeune-de-22-ans-dans-un-etat-critique-apres-avoir-mis-le-feu-a-son-corps\/#breadcrumb","itemListElement":[{"@type":"ListItem","position":1,"name":"Accueil","item":"https:\/\/kapitalis.com\/tunisie\/"},{"@type":"ListItem","position":2,"name":"Sousse : Un jeune de 22 ans dans un \u00e9tat critique apr\u00e8s avoir mis le feu \u00e0 son corps"}]},{"@type":"WebSite","@id":"https:\/\/kapitalis.com\/tunisie\/#website","url":"https:\/\/kapitalis.com\/tunisie\/","name":"Kapitalis","description":"L&#039;actualit\u00e9 en Tunisie et dans le monde","publisher":{"@id":"https:\/\/kapitalis.com\/tunisie\/#organization"},"potentialAction":[{"@type":"SearchAction","target":{"@type":"EntryPoint","urlTemplate":"https:\/\/kapitalis.com\/tunisie\/?s={search_term_string}"},"query-input":{"@type":"PropertyValueSpecification","valueRequired":true,"valueName":"search_term_string"}}],"inLanguage":"fr-FR"},{"@type":"Organization","@id":"https:\/\/kapitalis.com\/tunisie\/#organization","name":"Kapitalis","url":"https:\/\/kapitalis.com\/tunisie\/","logo":{"@type":"ImageObject","inLanguage":"fr-FR","@id":"https:\/\/kapitalis.com\/tunisie\/#\/schema\/logo\/image\/","url":"https:\/\/kapitalis.com\/tunisie\/wp-content\/uploads\/2022\/05\/Kapitalis-big-size.png","contentUrl":"https:\/\/kapitalis.com\/tunisie\/wp-content\/uploads\/2022\/05\/Kapitalis-big-size.png","width":5000,"height":1500,"caption":"Kapitalis"},"image":{"@id":"https:\/\/kapitalis.com\/tunisie\/#\/schema\/logo\/image\/"},"sameAs":["https:\/\/www.facebook.com\/KapitalisInfo\/","https:\/\/x.com\/KapitalisInfo","https:\/\/www.youtube.com\/channel\/UC-yDYrHyfFBWWZaOw3FPg9Q"]},{"@type":"Person","@id":"https:\/\/kapitalis.com\/tunisie\/#\/schema\/person\/74bbde0154d49d790a92aaeac5bc01d5","name":"Yusra NY","url":"https:\/\/kapitalis.com\/tunisie\/author\/yuza_adam\/"}]}},"_links":{"self":[{"href":"https:\/\/kapitalis.com\/tunisie\/wp-json\/wp\/v2\/posts\/5431595","targetHints":{"allow":["GET"]}}],"collection":[{"href":"https:\/\/kapitalis.com\/tunisie\/wp-json\/wp\/v2\/posts"}],"about":[{"href":"https:\/\/kapitalis.com\/tunisie\/wp-json\/wp\/v2\/types\/post"}],"author":[{"embeddable":true,"href":"https:\/\/kapitalis.com\/tunisie\/wp-json\/wp\/v2\/users\/6"}],"replies":[{"embeddable":true,"href":"https:\/\/kapitalis.com\/tunisie\/wp-json\/wp\/v2\/comments?post=5431595"}],"version-history":[{"count":3,"href":"https:\/\/kapitalis.com\/tunisie\/wp-json\/wp\/v2\/posts\/5431595\/revisions"}],"predecessor-version":[{"id":5431784,"href":"https:\/\/kapitalis.com\/tunisie\/wp-json\/wp\/v2\/posts\/5431595\/revisions\/5431784"}],"wp:featuredmedia":[{"embeddable":true,"href":"https:\/\/kapitalis.com\/tunisie\/wp-json\/wp\/v2\/media\/5431685"}],"wp:attachment":[{"href":"https:\/\/kapitalis.com\/tunisie\/wp-json\/wp\/v2\/media?parent=5431595"}],"wp:term":[{"taxonomy":"category","embeddable":true,"href":"https:\/\/kapitalis.com\/tunisie\/wp-json\/wp\/v2\/categories?post=5431595"},{"taxonomy":"post_tag","embeddable":true,"href":"https:\/\/kapitalis.com\/tunisie\/wp-json\/wp\/v2\/tags?post=5431595"}],"curies":[{"name":"wp","href":"https:\/\/api.w.org\/{rel}","templated":true}]}}