{"id":5457940,"date":"2022-12-03T08:19:25","date_gmt":"2022-12-03T07:19:25","guid":{"rendered":"https:\/\/kapitalis.com\/tunisie\/?p=5457940"},"modified":"2022-12-03T08:19:26","modified_gmt":"2022-12-03T07:19:26","slug":"tunisie-lugtt-soutient-lelargissement-de-lassiette-fiscale","status":"publish","type":"post","link":"https:\/\/kapitalis.com\/tunisie\/2022\/12\/03\/tunisie-lugtt-soutient-lelargissement-de-lassiette-fiscale\/","title":{"rendered":"Tunisie\u00a0: l\u2019UGTT soutient l\u2019\u00e9largissement de l\u2019assiette fiscale"},"content":{"rendered":"\n<p><strong><em>L\u2019Union g\u00e9n\u00e9rale tunisienne du travail (UGTT) ne s\u2019oppose pas \u00e0 toutes les d\u00e9cisions du gouvernement. La preuve\u00a0: elle soutient les mesures prises par le gouvernement dans le cadre de la loi de finances pour l\u2019exercice 2023 visant \u00e0 renforcer la capacit\u00e9 de l\u2019\u00c9tat \u00e0 assurer le recouvrement de ses recettes fiscales, \u00e0 \u00e9largir l\u2019assiette de l\u2019imp\u00f4t et \u00e0 rapprocher l\u2019imposition des revenus du capital de celle des salaires.<\/em><\/strong><\/p>\n\n\n\n<!--more-->\n\n\n\n<p>Lors d\u2019une rencontre tenue vendredi 2 d\u00e9cembre 2022 avec la ministre des Finances, Sihem Nemsia, des experts et des membres de la centrale syndicale ont exprim\u00e9 leur volont\u00e9 de consacrer le principe de justice fiscale et de r\u00e9partition \u00e9quitable de la charge fiscale entre les diff\u00e9rents contribuables, en plus de l\u2019int\u00e9gration de l\u2019\u00e9conomie informelle. Ils ont \u00e9galement discut\u00e9 de la n\u00e9cessit\u00e9 de fixer le nombre de b\u00e9n\u00e9ficiaires du r\u00e9gime forfaitaire, indique un communiqu\u00e9 publi\u00e9 par le minist\u00e8re des Finances.<\/p>\n\n\n\n<p>La s\u00e9ance a \u00e9t\u00e9 consacr\u00e9e \u00e0 l\u2019examen des diff\u00e9rentes mesures propos\u00e9es dans le cadre du projet de loi de finances pour l\u2019ann\u00e9e 2023, outre les questions li\u00e9es \u00e0 la conjoncture \u00e9conomique et aux pressions sur les finances publiques.<\/p>\n\n\n\n<p>A leur tour, les membres du bureau ex\u00e9cutif de l\u2019UGTT ont soulign\u00e9 l\u2019importance de l\u2019approche participative dans la mise en \u0153uvre du programme de r\u00e9formes. Ils ont \u00e9galement soulign\u00e9 la n\u00e9cessit\u00e9 de renforcer les garanties n\u00e9cessaires aux cat\u00e9gories vuln\u00e9rables et moyennes pour les aider \u00e0 faire face aux difficult\u00e9s de la situation actuelle.<\/p>\n\n\n\n<p>Pour sa part, la ministre des Finances a soulign\u00e9 que le rel\u00e8vement de la notation de la Tunisie par l\u2019agence Fitch Ratings et la conclusion du programme d&rsquo;appui avec le Fonds mon\u00e9taire international (FMI) permettront \u00e0 la Tunisie d\u2019obtenir, aupr\u00e8s des bailleurs de fonds internationaux dans le cadre de partenariats bilat\u00e9raux, les fonds n\u00e9cessaires pour r\u00e9pondre aux besoins de financement du pays.<\/p>\n\n\n\n<p>Elle a rappel\u00e9 que le projet de loi de finances comporte un certain nombre de mesures qui s\u2019inscrivent dans le cadre du programme de r\u00e9forme du syst\u00e8me fiscal, de lutte contre l\u2019\u00e9vasion fiscale, d\u2019\u00e9largissement de l\u2019assiette fiscale et d\u2019int\u00e9gration de l\u2019\u00e9conomie informelle. Mme Nemsia a mis l\u2019accent sur l\u2019importance de la dimension sociale dans le projet de loi de finances, soulignant que le gouvernement est particuli\u00e8rement int\u00e9ress\u00e9 par les m\u00e9canismes d\u2019accompagnement du programme en question, notamment en mati\u00e8re de sensibilisation des cat\u00e9gories sociales basses et moyennes. &nbsp;<\/p>\n\n\n\n<p class=\"has-text-align-right\"><strong>I. B. <\/strong>(avec Tap).<\/p>\n","protected":false},"excerpt":{"rendered":"<p>L&rsquo;UGTT soutient certaines mesures fiscales prises par le gouvernement dans le cadre de la loi de finances pour l\u2019exercice 2023. <\/p>\n","protected":false},"author":8,"featured_media":5458030,"comment_status":"open","ping_status":"open","sticky":false,"template":"","format":"standard","meta":{"footnotes":""},"categories":[995,2433],"tags":[8482,104097,1656,9129,72707,62643,936],"class_list":["post-5457940","post","type-post","status-publish","format-standard","has-post-thumbnail","hentry","category-economie","category-tunisie","tag-economie-informelle","tag-loi-de-finances-2023","tag-recettes-fiscales","tag-regime-forfaitaire","tag-sihem-nemsia","tag-tunisie","tag-ugtt"],"yoast_head":"<!-- This site is optimized with the Yoast SEO plugin v26.6 - https:\/\/yoast.com\/wordpress\/plugins\/seo\/ -->\n<title>Tunisie\u00a0: l\u2019UGTT soutient l\u2019\u00e9largissement de l\u2019assiette fiscale - Kapitalis<\/title>\n<meta name=\"robots\" content=\"index, follow, max-snippet:-1, max-image-preview:large, max-video-preview:-1\" \/>\n<link rel=\"canonical\" href=\"https:\/\/kapitalis.com\/tunisie\/2022\/12\/03\/tunisie-lugtt-soutient-lelargissement-de-lassiette-fiscale\/\" \/>\n<meta property=\"og:locale\" content=\"fr_FR\" \/>\n<meta property=\"og:type\" content=\"article\" \/>\n<meta property=\"og:title\" content=\"Tunisie\u00a0: l\u2019UGTT soutient l\u2019\u00e9largissement de l\u2019assiette fiscale - Kapitalis\" \/>\n<meta property=\"og:description\" content=\"L&#039;UGTT soutient certaines mesures fiscales prises par le gouvernement dans le cadre de la loi de finances pour l\u2019exercice 2023.\" \/>\n<meta property=\"og:url\" content=\"https:\/\/kapitalis.com\/tunisie\/2022\/12\/03\/tunisie-lugtt-soutient-lelargissement-de-lassiette-fiscale\/\" \/>\n<meta property=\"og:site_name\" content=\"Kapitalis\" \/>\n<meta property=\"article:publisher\" content=\"https:\/\/www.facebook.com\/KapitalisInfo\/\" \/>\n<meta property=\"article:published_time\" content=\"2022-12-03T07:19:25+00:00\" \/>\n<meta property=\"article:modified_time\" content=\"2022-12-03T07:19:26+00:00\" \/>\n<meta property=\"og:image\" content=\"https:\/\/kapitalis.com\/tunisie\/wp-content\/uploads\/2022\/12\/Sihem-Nemsia-UGTT.jpg\" \/>\n\t<meta property=\"og:image:width\" content=\"1200\" \/>\n\t<meta property=\"og:image:height\" content=\"630\" \/>\n\t<meta property=\"og:image:type\" content=\"image\/jpeg\" \/>\n<meta name=\"author\" content=\"webmaster kapitalis\" \/>\n<meta name=\"twitter:card\" content=\"summary_large_image\" \/>\n<meta name=\"twitter:creator\" content=\"@KapitalisInfo\" \/>\n<meta name=\"twitter:site\" content=\"@KapitalisInfo\" \/>\n<meta name=\"twitter:label1\" content=\"\u00c9crit par\" \/>\n\t<meta name=\"twitter:data1\" content=\"webmaster kapitalis\" \/>\n\t<meta name=\"twitter:label2\" content=\"Dur\u00e9e de lecture estim\u00e9e\" \/>\n\t<meta name=\"twitter:data2\" content=\"2 minutes\" \/>\n<script type=\"application\/ld+json\" class=\"yoast-schema-graph\">{\"@context\":\"https:\/\/schema.org\",\"@graph\":[{\"@type\":\"Article\",\"@id\":\"https:\/\/kapitalis.com\/tunisie\/2022\/12\/03\/tunisie-lugtt-soutient-lelargissement-de-lassiette-fiscale\/#article\",\"isPartOf\":{\"@id\":\"https:\/\/kapitalis.com\/tunisie\/2022\/12\/03\/tunisie-lugtt-soutient-lelargissement-de-lassiette-fiscale\/\"},\"author\":{\"name\":\"webmaster kapitalis\",\"@id\":\"https:\/\/kapitalis.com\/tunisie\/#\/schema\/person\/d71f33a9ca44f7bad4698210b480c8e9\"},\"headline\":\"Tunisie\u00a0: l\u2019UGTT soutient l\u2019\u00e9largissement de l\u2019assiette fiscale\",\"datePublished\":\"2022-12-03T07:19:25+00:00\",\"dateModified\":\"2022-12-03T07:19:26+00:00\",\"mainEntityOfPage\":{\"@id\":\"https:\/\/kapitalis.com\/tunisie\/2022\/12\/03\/tunisie-lugtt-soutient-lelargissement-de-lassiette-fiscale\/\"},\"wordCount\":454,\"commentCount\":0,\"publisher\":{\"@id\":\"https:\/\/kapitalis.com\/tunisie\/#organization\"},\"image\":{\"@id\":\"https:\/\/kapitalis.com\/tunisie\/2022\/12\/03\/tunisie-lugtt-soutient-lelargissement-de-lassiette-fiscale\/#primaryimage\"},\"thumbnailUrl\":\"https:\/\/kapitalis.com\/tunisie\/wp-content\/uploads\/2022\/12\/Sihem-Nemsia-UGTT.jpg\",\"keywords\":[\"\u00e9conomie informelle\",\"loi de finances 2023\",\"recettes fiscales\",\"r\u00e9gime forfaitaire\",\"Sihem Nemsia\",\"Tunisie\",\"UGTT\"],\"articleSection\":[\"ECONOMIE\",\"Tunisie\"],\"inLanguage\":\"fr-FR\",\"potentialAction\":[{\"@type\":\"CommentAction\",\"name\":\"Comment\",\"target\":[\"https:\/\/kapitalis.com\/tunisie\/2022\/12\/03\/tunisie-lugtt-soutient-lelargissement-de-lassiette-fiscale\/#respond\"]}]},{\"@type\":\"WebPage\",\"@id\":\"https:\/\/kapitalis.com\/tunisie\/2022\/12\/03\/tunisie-lugtt-soutient-lelargissement-de-lassiette-fiscale\/\",\"url\":\"https:\/\/kapitalis.com\/tunisie\/2022\/12\/03\/tunisie-lugtt-soutient-lelargissement-de-lassiette-fiscale\/\",\"name\":\"Tunisie\u00a0: l\u2019UGTT soutient l\u2019\u00e9largissement de l\u2019assiette fiscale - Kapitalis\",\"isPartOf\":{\"@id\":\"https:\/\/kapitalis.com\/tunisie\/#website\"},\"primaryImageOfPage\":{\"@id\":\"https:\/\/kapitalis.com\/tunisie\/2022\/12\/03\/tunisie-lugtt-soutient-lelargissement-de-lassiette-fiscale\/#primaryimage\"},\"image\":{\"@id\":\"https:\/\/kapitalis.com\/tunisie\/2022\/12\/03\/tunisie-lugtt-soutient-lelargissement-de-lassiette-fiscale\/#primaryimage\"},\"thumbnailUrl\":\"https:\/\/kapitalis.com\/tunisie\/wp-content\/uploads\/2022\/12\/Sihem-Nemsia-UGTT.jpg\",\"datePublished\":\"2022-12-03T07:19:25+00:00\",\"dateModified\":\"2022-12-03T07:19:26+00:00\",\"breadcrumb\":{\"@id\":\"https:\/\/kapitalis.com\/tunisie\/2022\/12\/03\/tunisie-lugtt-soutient-lelargissement-de-lassiette-fiscale\/#breadcrumb\"},\"inLanguage\":\"fr-FR\",\"potentialAction\":[{\"@type\":\"ReadAction\",\"target\":[\"https:\/\/kapitalis.com\/tunisie\/2022\/12\/03\/tunisie-lugtt-soutient-lelargissement-de-lassiette-fiscale\/\"]}]},{\"@type\":\"ImageObject\",\"inLanguage\":\"fr-FR\",\"@id\":\"https:\/\/kapitalis.com\/tunisie\/2022\/12\/03\/tunisie-lugtt-soutient-lelargissement-de-lassiette-fiscale\/#primaryimage\",\"url\":\"https:\/\/kapitalis.com\/tunisie\/wp-content\/uploads\/2022\/12\/Sihem-Nemsia-UGTT.jpg\",\"contentUrl\":\"https:\/\/kapitalis.com\/tunisie\/wp-content\/uploads\/2022\/12\/Sihem-Nemsia-UGTT.jpg\",\"width\":1200,\"height\":630},{\"@type\":\"BreadcrumbList\",\"@id\":\"https:\/\/kapitalis.com\/tunisie\/2022\/12\/03\/tunisie-lugtt-soutient-lelargissement-de-lassiette-fiscale\/#breadcrumb\",\"itemListElement\":[{\"@type\":\"ListItem\",\"position\":1,\"name\":\"Accueil\",\"item\":\"https:\/\/kapitalis.com\/tunisie\/\"},{\"@type\":\"ListItem\",\"position\":2,\"name\":\"Tunisie\u00a0: l\u2019UGTT soutient l\u2019\u00e9largissement de l\u2019assiette fiscale\"}]},{\"@type\":\"WebSite\",\"@id\":\"https:\/\/kapitalis.com\/tunisie\/#website\",\"url\":\"https:\/\/kapitalis.com\/tunisie\/\",\"name\":\"Kapitalis\",\"description\":\"L&#039;actualit\u00e9 en Tunisie et dans le monde\",\"publisher\":{\"@id\":\"https:\/\/kapitalis.com\/tunisie\/#organization\"},\"potentialAction\":[{\"@type\":\"SearchAction\",\"target\":{\"@type\":\"EntryPoint\",\"urlTemplate\":\"https:\/\/kapitalis.com\/tunisie\/?s={search_term_string}\"},\"query-input\":{\"@type\":\"PropertyValueSpecification\",\"valueRequired\":true,\"valueName\":\"search_term_string\"}}],\"inLanguage\":\"fr-FR\"},{\"@type\":\"Organization\",\"@id\":\"https:\/\/kapitalis.com\/tunisie\/#organization\",\"name\":\"Kapitalis\",\"url\":\"https:\/\/kapitalis.com\/tunisie\/\",\"logo\":{\"@type\":\"ImageObject\",\"inLanguage\":\"fr-FR\",\"@id\":\"https:\/\/kapitalis.com\/tunisie\/#\/schema\/logo\/image\/\",\"url\":\"https:\/\/kapitalis.com\/tunisie\/wp-content\/uploads\/2022\/05\/Kapitalis-big-size.png\",\"contentUrl\":\"https:\/\/kapitalis.com\/tunisie\/wp-content\/uploads\/2022\/05\/Kapitalis-big-size.png\",\"width\":5000,\"height\":1500,\"caption\":\"Kapitalis\"},\"image\":{\"@id\":\"https:\/\/kapitalis.com\/tunisie\/#\/schema\/logo\/image\/\"},\"sameAs\":[\"https:\/\/www.facebook.com\/KapitalisInfo\/\",\"https:\/\/x.com\/KapitalisInfo\",\"https:\/\/www.youtube.com\/channel\/UC-yDYrHyfFBWWZaOw3FPg9Q\"]},{\"@type\":\"Person\",\"@id\":\"https:\/\/kapitalis.com\/tunisie\/#\/schema\/person\/d71f33a9ca44f7bad4698210b480c8e9\",\"name\":\"webmaster kapitalis\",\"url\":\"https:\/\/kapitalis.com\/tunisie\/author\/webmaster-kapitalis\/\"}]}<\/script>\n<!-- \/ Yoast SEO plugin. -->","yoast_head_json":{"title":"Tunisie\u00a0: l\u2019UGTT soutient l\u2019\u00e9largissement de l\u2019assiette fiscale - Kapitalis","robots":{"index":"index","follow":"follow","max-snippet":"max-snippet:-1","max-image-preview":"max-image-preview:large","max-video-preview":"max-video-preview:-1"},"canonical":"https:\/\/kapitalis.com\/tunisie\/2022\/12\/03\/tunisie-lugtt-soutient-lelargissement-de-lassiette-fiscale\/","og_locale":"fr_FR","og_type":"article","og_title":"Tunisie\u00a0: l\u2019UGTT soutient l\u2019\u00e9largissement de l\u2019assiette fiscale - Kapitalis","og_description":"L'UGTT soutient certaines mesures fiscales prises par le gouvernement dans le cadre de la loi de finances pour l\u2019exercice 2023.","og_url":"https:\/\/kapitalis.com\/tunisie\/2022\/12\/03\/tunisie-lugtt-soutient-lelargissement-de-lassiette-fiscale\/","og_site_name":"Kapitalis","article_publisher":"https:\/\/www.facebook.com\/KapitalisInfo\/","article_published_time":"2022-12-03T07:19:25+00:00","article_modified_time":"2022-12-03T07:19:26+00:00","og_image":[{"width":1200,"height":630,"url":"https:\/\/kapitalis.com\/tunisie\/wp-content\/uploads\/2022\/12\/Sihem-Nemsia-UGTT.jpg","type":"image\/jpeg"}],"author":"webmaster kapitalis","twitter_card":"summary_large_image","twitter_creator":"@KapitalisInfo","twitter_site":"@KapitalisInfo","twitter_misc":{"\u00c9crit par":"webmaster kapitalis","Dur\u00e9e de lecture estim\u00e9e":"2 minutes"},"schema":{"@context":"https:\/\/schema.org","@graph":[{"@type":"Article","@id":"https:\/\/kapitalis.com\/tunisie\/2022\/12\/03\/tunisie-lugtt-soutient-lelargissement-de-lassiette-fiscale\/#article","isPartOf":{"@id":"https:\/\/kapitalis.com\/tunisie\/2022\/12\/03\/tunisie-lugtt-soutient-lelargissement-de-lassiette-fiscale\/"},"author":{"name":"webmaster kapitalis","@id":"https:\/\/kapitalis.com\/tunisie\/#\/schema\/person\/d71f33a9ca44f7bad4698210b480c8e9"},"headline":"Tunisie\u00a0: l\u2019UGTT soutient l\u2019\u00e9largissement de l\u2019assiette fiscale","datePublished":"2022-12-03T07:19:25+00:00","dateModified":"2022-12-03T07:19:26+00:00","mainEntityOfPage":{"@id":"https:\/\/kapitalis.com\/tunisie\/2022\/12\/03\/tunisie-lugtt-soutient-lelargissement-de-lassiette-fiscale\/"},"wordCount":454,"commentCount":0,"publisher":{"@id":"https:\/\/kapitalis.com\/tunisie\/#organization"},"image":{"@id":"https:\/\/kapitalis.com\/tunisie\/2022\/12\/03\/tunisie-lugtt-soutient-lelargissement-de-lassiette-fiscale\/#primaryimage"},"thumbnailUrl":"https:\/\/kapitalis.com\/tunisie\/wp-content\/uploads\/2022\/12\/Sihem-Nemsia-UGTT.jpg","keywords":["\u00e9conomie informelle","loi de finances 2023","recettes fiscales","r\u00e9gime forfaitaire","Sihem Nemsia","Tunisie","UGTT"],"articleSection":["ECONOMIE","Tunisie"],"inLanguage":"fr-FR","potentialAction":[{"@type":"CommentAction","name":"Comment","target":["https:\/\/kapitalis.com\/tunisie\/2022\/12\/03\/tunisie-lugtt-soutient-lelargissement-de-lassiette-fiscale\/#respond"]}]},{"@type":"WebPage","@id":"https:\/\/kapitalis.com\/tunisie\/2022\/12\/03\/tunisie-lugtt-soutient-lelargissement-de-lassiette-fiscale\/","url":"https:\/\/kapitalis.com\/tunisie\/2022\/12\/03\/tunisie-lugtt-soutient-lelargissement-de-lassiette-fiscale\/","name":"Tunisie\u00a0: l\u2019UGTT soutient l\u2019\u00e9largissement de l\u2019assiette fiscale - Kapitalis","isPartOf":{"@id":"https:\/\/kapitalis.com\/tunisie\/#website"},"primaryImageOfPage":{"@id":"https:\/\/kapitalis.com\/tunisie\/2022\/12\/03\/tunisie-lugtt-soutient-lelargissement-de-lassiette-fiscale\/#primaryimage"},"image":{"@id":"https:\/\/kapitalis.com\/tunisie\/2022\/12\/03\/tunisie-lugtt-soutient-lelargissement-de-lassiette-fiscale\/#primaryimage"},"thumbnailUrl":"https:\/\/kapitalis.com\/tunisie\/wp-content\/uploads\/2022\/12\/Sihem-Nemsia-UGTT.jpg","datePublished":"2022-12-03T07:19:25+00:00","dateModified":"2022-12-03T07:19:26+00:00","breadcrumb":{"@id":"https:\/\/kapitalis.com\/tunisie\/2022\/12\/03\/tunisie-lugtt-soutient-lelargissement-de-lassiette-fiscale\/#breadcrumb"},"inLanguage":"fr-FR","potentialAction":[{"@type":"ReadAction","target":["https:\/\/kapitalis.com\/tunisie\/2022\/12\/03\/tunisie-lugtt-soutient-lelargissement-de-lassiette-fiscale\/"]}]},{"@type":"ImageObject","inLanguage":"fr-FR","@id":"https:\/\/kapitalis.com\/tunisie\/2022\/12\/03\/tunisie-lugtt-soutient-lelargissement-de-lassiette-fiscale\/#primaryimage","url":"https:\/\/kapitalis.com\/tunisie\/wp-content\/uploads\/2022\/12\/Sihem-Nemsia-UGTT.jpg","contentUrl":"https:\/\/kapitalis.com\/tunisie\/wp-content\/uploads\/2022\/12\/Sihem-Nemsia-UGTT.jpg","width":1200,"height":630},{"@type":"BreadcrumbList","@id":"https:\/\/kapitalis.com\/tunisie\/2022\/12\/03\/tunisie-lugtt-soutient-lelargissement-de-lassiette-fiscale\/#breadcrumb","itemListElement":[{"@type":"ListItem","position":1,"name":"Accueil","item":"https:\/\/kapitalis.com\/tunisie\/"},{"@type":"ListItem","position":2,"name":"Tunisie\u00a0: l\u2019UGTT soutient l\u2019\u00e9largissement de l\u2019assiette fiscale"}]},{"@type":"WebSite","@id":"https:\/\/kapitalis.com\/tunisie\/#website","url":"https:\/\/kapitalis.com\/tunisie\/","name":"Kapitalis","description":"L&#039;actualit\u00e9 en Tunisie et dans le monde","publisher":{"@id":"https:\/\/kapitalis.com\/tunisie\/#organization"},"potentialAction":[{"@type":"SearchAction","target":{"@type":"EntryPoint","urlTemplate":"https:\/\/kapitalis.com\/tunisie\/?s={search_term_string}"},"query-input":{"@type":"PropertyValueSpecification","valueRequired":true,"valueName":"search_term_string"}}],"inLanguage":"fr-FR"},{"@type":"Organization","@id":"https:\/\/kapitalis.com\/tunisie\/#organization","name":"Kapitalis","url":"https:\/\/kapitalis.com\/tunisie\/","logo":{"@type":"ImageObject","inLanguage":"fr-FR","@id":"https:\/\/kapitalis.com\/tunisie\/#\/schema\/logo\/image\/","url":"https:\/\/kapitalis.com\/tunisie\/wp-content\/uploads\/2022\/05\/Kapitalis-big-size.png","contentUrl":"https:\/\/kapitalis.com\/tunisie\/wp-content\/uploads\/2022\/05\/Kapitalis-big-size.png","width":5000,"height":1500,"caption":"Kapitalis"},"image":{"@id":"https:\/\/kapitalis.com\/tunisie\/#\/schema\/logo\/image\/"},"sameAs":["https:\/\/www.facebook.com\/KapitalisInfo\/","https:\/\/x.com\/KapitalisInfo","https:\/\/www.youtube.com\/channel\/UC-yDYrHyfFBWWZaOw3FPg9Q"]},{"@type":"Person","@id":"https:\/\/kapitalis.com\/tunisie\/#\/schema\/person\/d71f33a9ca44f7bad4698210b480c8e9","name":"webmaster kapitalis","url":"https:\/\/kapitalis.com\/tunisie\/author\/webmaster-kapitalis\/"}]}},"_links":{"self":[{"href":"https:\/\/kapitalis.com\/tunisie\/wp-json\/wp\/v2\/posts\/5457940","targetHints":{"allow":["GET"]}}],"collection":[{"href":"https:\/\/kapitalis.com\/tunisie\/wp-json\/wp\/v2\/posts"}],"about":[{"href":"https:\/\/kapitalis.com\/tunisie\/wp-json\/wp\/v2\/types\/post"}],"author":[{"embeddable":true,"href":"https:\/\/kapitalis.com\/tunisie\/wp-json\/wp\/v2\/users\/8"}],"replies":[{"embeddable":true,"href":"https:\/\/kapitalis.com\/tunisie\/wp-json\/wp\/v2\/comments?post=5457940"}],"version-history":[{"count":1,"href":"https:\/\/kapitalis.com\/tunisie\/wp-json\/wp\/v2\/posts\/5457940\/revisions"}],"predecessor-version":[{"id":5458059,"href":"https:\/\/kapitalis.com\/tunisie\/wp-json\/wp\/v2\/posts\/5457940\/revisions\/5458059"}],"wp:featuredmedia":[{"embeddable":true,"href":"https:\/\/kapitalis.com\/tunisie\/wp-json\/wp\/v2\/media\/5458030"}],"wp:attachment":[{"href":"https:\/\/kapitalis.com\/tunisie\/wp-json\/wp\/v2\/media?parent=5457940"}],"wp:term":[{"taxonomy":"category","embeddable":true,"href":"https:\/\/kapitalis.com\/tunisie\/wp-json\/wp\/v2\/categories?post=5457940"},{"taxonomy":"post_tag","embeddable":true,"href":"https:\/\/kapitalis.com\/tunisie\/wp-json\/wp\/v2\/tags?post=5457940"}],"curies":[{"name":"wp","href":"https:\/\/api.w.org\/{rel}","templated":true}]}}