{"id":5459690,"date":"2022-12-03T10:55:24","date_gmt":"2022-12-03T09:55:24","guid":{"rendered":"https:\/\/kapitalis.com\/tunisie\/?p=5459690"},"modified":"2022-12-03T10:55:26","modified_gmt":"2022-12-03T09:55:26","slug":"tunisie-mort-suspecte-dune-septuagenaire-a-bouficha","status":"publish","type":"post","link":"https:\/\/kapitalis.com\/tunisie\/2022\/12\/03\/tunisie-mort-suspecte-dune-septuagenaire-a-bouficha\/","title":{"rendered":"Tunisie&nbsp;: mort suspecte d\u2019une septuag\u00e9naire \u00e0 Bouficha"},"content":{"rendered":"\n<p><strong><em>Les unit\u00e9s de la Protection civile ont \u00e9t\u00e9 inform\u00e9es, hier, vendredi 2 d\u00e9cembre 2022, du d\u00e9c\u00e8s d\u2019une septuag\u00e9naire, qui a \u00e9t\u00e9 retrouv\u00e9e pendue \u00e0 une porte dans sa maison \u00e0 Bouficha, gouvernorat de Sousse. <\/em><\/strong><\/p>\n\n\n\n<!--more-->\n\n\n\n<p>Selon <a href=\"https:\/\/www.mosaiquefm.net\/ar\/%D8%A3%D8%AE%D8%A8%D8%A7%D8%B1-%D8%AA%D9%88%D9%86%D8%B3-%D8%AC%D9%87%D8%A7%D8%AA\/1111116\/%D8%A8%D9%88%D9%81%D9%8A%D8%B4%D8%A9-%D9%88%D9%81%D8%A7%D8%A9-%D9%85%D8%B3%D8%AA%D8%B1%D8%A7%D8%A8%D8%A9-%D9%84%D8%B3%D8%A8%D8%B9%D9%8A%D9%86%D9%8A-%D8%A9\" target=\"_blank\" rel=\"noreferrer noopener\">Mosa\u00efque<\/a>, le corps de la d\u00e9funte a \u00e9t\u00e9 envoy\u00e9 au service de m\u00e9decine l\u00e9gale de l\u2019h\u00f4pital universitaire Farhat Hached \u00e0 Sousse o\u00f9 une autopsie sera effectu\u00e9e pour d\u00e9terminer les v\u00e9ritables causes du d\u00e9c\u00e8s, qu\u2019il s\u2019agisse de suicide ou de meurtre.<\/p>\n\n\n\n<p class=\"has-text-align-right\"><strong>I. B. <\/strong><\/p>\n","protected":false},"excerpt":{"rendered":"<p>Une septuag\u00e9naire retrouv\u00e9e pendue dans sa maison \u00e0 Bouficha, Sousse. <\/p>\n","protected":false},"author":8,"featured_media":5459966,"comment_status":"open","ping_status":"open","sticky":false,"template":"","format":"standard","meta":{"footnotes":""},"categories":[998,2433],"tags":[22397,95510,93900,854,62643],"class_list":["post-5459690","post","type-post","status-publish","format-standard","has-post-thumbnail","hentry","category-societe","category-tunisie","tag-bouficha","tag-mort-suspecte","tag-septuagenaire","tag-sousse","tag-tunisie"],"yoast_head":"<!-- This site is optimized with the Yoast SEO plugin v26.6 - https:\/\/yoast.com\/wordpress\/plugins\/seo\/ -->\n<title>Tunisie&nbsp;: mort suspecte d\u2019une septuag\u00e9naire \u00e0 Bouficha - Kapitalis<\/title>\n<meta name=\"robots\" content=\"index, follow, max-snippet:-1, max-image-preview:large, max-video-preview:-1\" \/>\n<link rel=\"canonical\" href=\"https:\/\/kapitalis.com\/tunisie\/2022\/12\/03\/tunisie-mort-suspecte-dune-septuagenaire-a-bouficha\/\" \/>\n<meta property=\"og:locale\" content=\"fr_FR\" \/>\n<meta property=\"og:type\" content=\"article\" \/>\n<meta property=\"og:title\" content=\"Tunisie&nbsp;: mort suspecte d\u2019une septuag\u00e9naire \u00e0 Bouficha - Kapitalis\" \/>\n<meta property=\"og:description\" content=\"Une septuag\u00e9naire retrouv\u00e9e pendue dans sa maison \u00e0 Bouficha, Sousse.\" \/>\n<meta property=\"og:url\" content=\"https:\/\/kapitalis.com\/tunisie\/2022\/12\/03\/tunisie-mort-suspecte-dune-septuagenaire-a-bouficha\/\" \/>\n<meta property=\"og:site_name\" content=\"Kapitalis\" \/>\n<meta property=\"article:publisher\" content=\"https:\/\/www.facebook.com\/KapitalisInfo\/\" \/>\n<meta property=\"article:published_time\" content=\"2022-12-03T09:55:24+00:00\" \/>\n<meta property=\"article:modified_time\" content=\"2022-12-03T09:55:26+00:00\" \/>\n<meta property=\"og:image\" content=\"https:\/\/kapitalis.com\/tunisie\/wp-content\/uploads\/2022\/12\/Vieille-femme.jpg\" \/>\n\t<meta property=\"og:image:width\" content=\"1200\" \/>\n\t<meta property=\"og:image:height\" content=\"630\" \/>\n\t<meta property=\"og:image:type\" content=\"image\/jpeg\" \/>\n<meta name=\"author\" content=\"webmaster kapitalis\" \/>\n<meta name=\"twitter:card\" content=\"summary_large_image\" \/>\n<meta name=\"twitter:creator\" content=\"@KapitalisInfo\" \/>\n<meta name=\"twitter:site\" content=\"@KapitalisInfo\" \/>\n<meta name=\"twitter:label1\" content=\"\u00c9crit par\" \/>\n\t<meta name=\"twitter:data1\" content=\"webmaster kapitalis\" \/>\n\t<meta name=\"twitter:label2\" content=\"Dur\u00e9e de lecture estim\u00e9e\" \/>\n\t<meta name=\"twitter:data2\" content=\"1 minute\" \/>\n<script type=\"application\/ld+json\" class=\"yoast-schema-graph\">{\"@context\":\"https:\/\/schema.org\",\"@graph\":[{\"@type\":\"Article\",\"@id\":\"https:\/\/kapitalis.com\/tunisie\/2022\/12\/03\/tunisie-mort-suspecte-dune-septuagenaire-a-bouficha\/#article\",\"isPartOf\":{\"@id\":\"https:\/\/kapitalis.com\/tunisie\/2022\/12\/03\/tunisie-mort-suspecte-dune-septuagenaire-a-bouficha\/\"},\"author\":{\"name\":\"webmaster kapitalis\",\"@id\":\"https:\/\/kapitalis.com\/tunisie\/#\/schema\/person\/d71f33a9ca44f7bad4698210b480c8e9\"},\"headline\":\"Tunisie&nbsp;: mort suspecte d\u2019une septuag\u00e9naire \u00e0 Bouficha\",\"datePublished\":\"2022-12-03T09:55:24+00:00\",\"dateModified\":\"2022-12-03T09:55:26+00:00\",\"mainEntityOfPage\":{\"@id\":\"https:\/\/kapitalis.com\/tunisie\/2022\/12\/03\/tunisie-mort-suspecte-dune-septuagenaire-a-bouficha\/\"},\"wordCount\":102,\"commentCount\":0,\"publisher\":{\"@id\":\"https:\/\/kapitalis.com\/tunisie\/#organization\"},\"image\":{\"@id\":\"https:\/\/kapitalis.com\/tunisie\/2022\/12\/03\/tunisie-mort-suspecte-dune-septuagenaire-a-bouficha\/#primaryimage\"},\"thumbnailUrl\":\"https:\/\/kapitalis.com\/tunisie\/wp-content\/uploads\/2022\/12\/Vieille-femme.jpg\",\"keywords\":[\"Bouficha\",\"mort suspecte\",\"septuag\u00e9naire\",\"Sousse\",\"Tunisie\"],\"articleSection\":[\"SOCIETE\",\"Tunisie\"],\"inLanguage\":\"fr-FR\",\"potentialAction\":[{\"@type\":\"CommentAction\",\"name\":\"Comment\",\"target\":[\"https:\/\/kapitalis.com\/tunisie\/2022\/12\/03\/tunisie-mort-suspecte-dune-septuagenaire-a-bouficha\/#respond\"]}]},{\"@type\":\"WebPage\",\"@id\":\"https:\/\/kapitalis.com\/tunisie\/2022\/12\/03\/tunisie-mort-suspecte-dune-septuagenaire-a-bouficha\/\",\"url\":\"https:\/\/kapitalis.com\/tunisie\/2022\/12\/03\/tunisie-mort-suspecte-dune-septuagenaire-a-bouficha\/\",\"name\":\"Tunisie&nbsp;: mort suspecte d\u2019une septuag\u00e9naire \u00e0 Bouficha - Kapitalis\",\"isPartOf\":{\"@id\":\"https:\/\/kapitalis.com\/tunisie\/#website\"},\"primaryImageOfPage\":{\"@id\":\"https:\/\/kapitalis.com\/tunisie\/2022\/12\/03\/tunisie-mort-suspecte-dune-septuagenaire-a-bouficha\/#primaryimage\"},\"image\":{\"@id\":\"https:\/\/kapitalis.com\/tunisie\/2022\/12\/03\/tunisie-mort-suspecte-dune-septuagenaire-a-bouficha\/#primaryimage\"},\"thumbnailUrl\":\"https:\/\/kapitalis.com\/tunisie\/wp-content\/uploads\/2022\/12\/Vieille-femme.jpg\",\"datePublished\":\"2022-12-03T09:55:24+00:00\",\"dateModified\":\"2022-12-03T09:55:26+00:00\",\"breadcrumb\":{\"@id\":\"https:\/\/kapitalis.com\/tunisie\/2022\/12\/03\/tunisie-mort-suspecte-dune-septuagenaire-a-bouficha\/#breadcrumb\"},\"inLanguage\":\"fr-FR\",\"potentialAction\":[{\"@type\":\"ReadAction\",\"target\":[\"https:\/\/kapitalis.com\/tunisie\/2022\/12\/03\/tunisie-mort-suspecte-dune-septuagenaire-a-bouficha\/\"]}]},{\"@type\":\"ImageObject\",\"inLanguage\":\"fr-FR\",\"@id\":\"https:\/\/kapitalis.com\/tunisie\/2022\/12\/03\/tunisie-mort-suspecte-dune-septuagenaire-a-bouficha\/#primaryimage\",\"url\":\"https:\/\/kapitalis.com\/tunisie\/wp-content\/uploads\/2022\/12\/Vieille-femme.jpg\",\"contentUrl\":\"https:\/\/kapitalis.com\/tunisie\/wp-content\/uploads\/2022\/12\/Vieille-femme.jpg\",\"width\":1200,\"height\":630},{\"@type\":\"BreadcrumbList\",\"@id\":\"https:\/\/kapitalis.com\/tunisie\/2022\/12\/03\/tunisie-mort-suspecte-dune-septuagenaire-a-bouficha\/#breadcrumb\",\"itemListElement\":[{\"@type\":\"ListItem\",\"position\":1,\"name\":\"Accueil\",\"item\":\"https:\/\/kapitalis.com\/tunisie\/\"},{\"@type\":\"ListItem\",\"position\":2,\"name\":\"Tunisie&nbsp;: mort suspecte d\u2019une septuag\u00e9naire \u00e0 Bouficha\"}]},{\"@type\":\"WebSite\",\"@id\":\"https:\/\/kapitalis.com\/tunisie\/#website\",\"url\":\"https:\/\/kapitalis.com\/tunisie\/\",\"name\":\"Kapitalis\",\"description\":\"L&#039;actualit\u00e9 en Tunisie et dans le monde\",\"publisher\":{\"@id\":\"https:\/\/kapitalis.com\/tunisie\/#organization\"},\"potentialAction\":[{\"@type\":\"SearchAction\",\"target\":{\"@type\":\"EntryPoint\",\"urlTemplate\":\"https:\/\/kapitalis.com\/tunisie\/?s={search_term_string}\"},\"query-input\":{\"@type\":\"PropertyValueSpecification\",\"valueRequired\":true,\"valueName\":\"search_term_string\"}}],\"inLanguage\":\"fr-FR\"},{\"@type\":\"Organization\",\"@id\":\"https:\/\/kapitalis.com\/tunisie\/#organization\",\"name\":\"Kapitalis\",\"url\":\"https:\/\/kapitalis.com\/tunisie\/\",\"logo\":{\"@type\":\"ImageObject\",\"inLanguage\":\"fr-FR\",\"@id\":\"https:\/\/kapitalis.com\/tunisie\/#\/schema\/logo\/image\/\",\"url\":\"https:\/\/kapitalis.com\/tunisie\/wp-content\/uploads\/2022\/05\/Kapitalis-big-size.png\",\"contentUrl\":\"https:\/\/kapitalis.com\/tunisie\/wp-content\/uploads\/2022\/05\/Kapitalis-big-size.png\",\"width\":5000,\"height\":1500,\"caption\":\"Kapitalis\"},\"image\":{\"@id\":\"https:\/\/kapitalis.com\/tunisie\/#\/schema\/logo\/image\/\"},\"sameAs\":[\"https:\/\/www.facebook.com\/KapitalisInfo\/\",\"https:\/\/x.com\/KapitalisInfo\",\"https:\/\/www.youtube.com\/channel\/UC-yDYrHyfFBWWZaOw3FPg9Q\"]},{\"@type\":\"Person\",\"@id\":\"https:\/\/kapitalis.com\/tunisie\/#\/schema\/person\/d71f33a9ca44f7bad4698210b480c8e9\",\"name\":\"webmaster kapitalis\",\"url\":\"https:\/\/kapitalis.com\/tunisie\/author\/webmaster-kapitalis\/\"}]}<\/script>\n<!-- \/ Yoast SEO plugin. -->","yoast_head_json":{"title":"Tunisie&nbsp;: mort suspecte d\u2019une septuag\u00e9naire \u00e0 Bouficha - Kapitalis","robots":{"index":"index","follow":"follow","max-snippet":"max-snippet:-1","max-image-preview":"max-image-preview:large","max-video-preview":"max-video-preview:-1"},"canonical":"https:\/\/kapitalis.com\/tunisie\/2022\/12\/03\/tunisie-mort-suspecte-dune-septuagenaire-a-bouficha\/","og_locale":"fr_FR","og_type":"article","og_title":"Tunisie&nbsp;: mort suspecte d\u2019une septuag\u00e9naire \u00e0 Bouficha - Kapitalis","og_description":"Une septuag\u00e9naire retrouv\u00e9e pendue dans sa maison \u00e0 Bouficha, Sousse.","og_url":"https:\/\/kapitalis.com\/tunisie\/2022\/12\/03\/tunisie-mort-suspecte-dune-septuagenaire-a-bouficha\/","og_site_name":"Kapitalis","article_publisher":"https:\/\/www.facebook.com\/KapitalisInfo\/","article_published_time":"2022-12-03T09:55:24+00:00","article_modified_time":"2022-12-03T09:55:26+00:00","og_image":[{"width":1200,"height":630,"url":"https:\/\/kapitalis.com\/tunisie\/wp-content\/uploads\/2022\/12\/Vieille-femme.jpg","type":"image\/jpeg"}],"author":"webmaster kapitalis","twitter_card":"summary_large_image","twitter_creator":"@KapitalisInfo","twitter_site":"@KapitalisInfo","twitter_misc":{"\u00c9crit par":"webmaster kapitalis","Dur\u00e9e de lecture estim\u00e9e":"1 minute"},"schema":{"@context":"https:\/\/schema.org","@graph":[{"@type":"Article","@id":"https:\/\/kapitalis.com\/tunisie\/2022\/12\/03\/tunisie-mort-suspecte-dune-septuagenaire-a-bouficha\/#article","isPartOf":{"@id":"https:\/\/kapitalis.com\/tunisie\/2022\/12\/03\/tunisie-mort-suspecte-dune-septuagenaire-a-bouficha\/"},"author":{"name":"webmaster kapitalis","@id":"https:\/\/kapitalis.com\/tunisie\/#\/schema\/person\/d71f33a9ca44f7bad4698210b480c8e9"},"headline":"Tunisie&nbsp;: mort suspecte d\u2019une septuag\u00e9naire \u00e0 Bouficha","datePublished":"2022-12-03T09:55:24+00:00","dateModified":"2022-12-03T09:55:26+00:00","mainEntityOfPage":{"@id":"https:\/\/kapitalis.com\/tunisie\/2022\/12\/03\/tunisie-mort-suspecte-dune-septuagenaire-a-bouficha\/"},"wordCount":102,"commentCount":0,"publisher":{"@id":"https:\/\/kapitalis.com\/tunisie\/#organization"},"image":{"@id":"https:\/\/kapitalis.com\/tunisie\/2022\/12\/03\/tunisie-mort-suspecte-dune-septuagenaire-a-bouficha\/#primaryimage"},"thumbnailUrl":"https:\/\/kapitalis.com\/tunisie\/wp-content\/uploads\/2022\/12\/Vieille-femme.jpg","keywords":["Bouficha","mort suspecte","septuag\u00e9naire","Sousse","Tunisie"],"articleSection":["SOCIETE","Tunisie"],"inLanguage":"fr-FR","potentialAction":[{"@type":"CommentAction","name":"Comment","target":["https:\/\/kapitalis.com\/tunisie\/2022\/12\/03\/tunisie-mort-suspecte-dune-septuagenaire-a-bouficha\/#respond"]}]},{"@type":"WebPage","@id":"https:\/\/kapitalis.com\/tunisie\/2022\/12\/03\/tunisie-mort-suspecte-dune-septuagenaire-a-bouficha\/","url":"https:\/\/kapitalis.com\/tunisie\/2022\/12\/03\/tunisie-mort-suspecte-dune-septuagenaire-a-bouficha\/","name":"Tunisie&nbsp;: mort suspecte d\u2019une septuag\u00e9naire \u00e0 Bouficha - Kapitalis","isPartOf":{"@id":"https:\/\/kapitalis.com\/tunisie\/#website"},"primaryImageOfPage":{"@id":"https:\/\/kapitalis.com\/tunisie\/2022\/12\/03\/tunisie-mort-suspecte-dune-septuagenaire-a-bouficha\/#primaryimage"},"image":{"@id":"https:\/\/kapitalis.com\/tunisie\/2022\/12\/03\/tunisie-mort-suspecte-dune-septuagenaire-a-bouficha\/#primaryimage"},"thumbnailUrl":"https:\/\/kapitalis.com\/tunisie\/wp-content\/uploads\/2022\/12\/Vieille-femme.jpg","datePublished":"2022-12-03T09:55:24+00:00","dateModified":"2022-12-03T09:55:26+00:00","breadcrumb":{"@id":"https:\/\/kapitalis.com\/tunisie\/2022\/12\/03\/tunisie-mort-suspecte-dune-septuagenaire-a-bouficha\/#breadcrumb"},"inLanguage":"fr-FR","potentialAction":[{"@type":"ReadAction","target":["https:\/\/kapitalis.com\/tunisie\/2022\/12\/03\/tunisie-mort-suspecte-dune-septuagenaire-a-bouficha\/"]}]},{"@type":"ImageObject","inLanguage":"fr-FR","@id":"https:\/\/kapitalis.com\/tunisie\/2022\/12\/03\/tunisie-mort-suspecte-dune-septuagenaire-a-bouficha\/#primaryimage","url":"https:\/\/kapitalis.com\/tunisie\/wp-content\/uploads\/2022\/12\/Vieille-femme.jpg","contentUrl":"https:\/\/kapitalis.com\/tunisie\/wp-content\/uploads\/2022\/12\/Vieille-femme.jpg","width":1200,"height":630},{"@type":"BreadcrumbList","@id":"https:\/\/kapitalis.com\/tunisie\/2022\/12\/03\/tunisie-mort-suspecte-dune-septuagenaire-a-bouficha\/#breadcrumb","itemListElement":[{"@type":"ListItem","position":1,"name":"Accueil","item":"https:\/\/kapitalis.com\/tunisie\/"},{"@type":"ListItem","position":2,"name":"Tunisie&nbsp;: mort suspecte d\u2019une septuag\u00e9naire \u00e0 Bouficha"}]},{"@type":"WebSite","@id":"https:\/\/kapitalis.com\/tunisie\/#website","url":"https:\/\/kapitalis.com\/tunisie\/","name":"Kapitalis","description":"L&#039;actualit\u00e9 en Tunisie et dans le monde","publisher":{"@id":"https:\/\/kapitalis.com\/tunisie\/#organization"},"potentialAction":[{"@type":"SearchAction","target":{"@type":"EntryPoint","urlTemplate":"https:\/\/kapitalis.com\/tunisie\/?s={search_term_string}"},"query-input":{"@type":"PropertyValueSpecification","valueRequired":true,"valueName":"search_term_string"}}],"inLanguage":"fr-FR"},{"@type":"Organization","@id":"https:\/\/kapitalis.com\/tunisie\/#organization","name":"Kapitalis","url":"https:\/\/kapitalis.com\/tunisie\/","logo":{"@type":"ImageObject","inLanguage":"fr-FR","@id":"https:\/\/kapitalis.com\/tunisie\/#\/schema\/logo\/image\/","url":"https:\/\/kapitalis.com\/tunisie\/wp-content\/uploads\/2022\/05\/Kapitalis-big-size.png","contentUrl":"https:\/\/kapitalis.com\/tunisie\/wp-content\/uploads\/2022\/05\/Kapitalis-big-size.png","width":5000,"height":1500,"caption":"Kapitalis"},"image":{"@id":"https:\/\/kapitalis.com\/tunisie\/#\/schema\/logo\/image\/"},"sameAs":["https:\/\/www.facebook.com\/KapitalisInfo\/","https:\/\/x.com\/KapitalisInfo","https:\/\/www.youtube.com\/channel\/UC-yDYrHyfFBWWZaOw3FPg9Q"]},{"@type":"Person","@id":"https:\/\/kapitalis.com\/tunisie\/#\/schema\/person\/d71f33a9ca44f7bad4698210b480c8e9","name":"webmaster kapitalis","url":"https:\/\/kapitalis.com\/tunisie\/author\/webmaster-kapitalis\/"}]}},"_links":{"self":[{"href":"https:\/\/kapitalis.com\/tunisie\/wp-json\/wp\/v2\/posts\/5459690","targetHints":{"allow":["GET"]}}],"collection":[{"href":"https:\/\/kapitalis.com\/tunisie\/wp-json\/wp\/v2\/posts"}],"about":[{"href":"https:\/\/kapitalis.com\/tunisie\/wp-json\/wp\/v2\/types\/post"}],"author":[{"embeddable":true,"href":"https:\/\/kapitalis.com\/tunisie\/wp-json\/wp\/v2\/users\/8"}],"replies":[{"embeddable":true,"href":"https:\/\/kapitalis.com\/tunisie\/wp-json\/wp\/v2\/comments?post=5459690"}],"version-history":[{"count":1,"href":"https:\/\/kapitalis.com\/tunisie\/wp-json\/wp\/v2\/posts\/5459690\/revisions"}],"predecessor-version":[{"id":5459972,"href":"https:\/\/kapitalis.com\/tunisie\/wp-json\/wp\/v2\/posts\/5459690\/revisions\/5459972"}],"wp:featuredmedia":[{"embeddable":true,"href":"https:\/\/kapitalis.com\/tunisie\/wp-json\/wp\/v2\/media\/5459966"}],"wp:attachment":[{"href":"https:\/\/kapitalis.com\/tunisie\/wp-json\/wp\/v2\/media?parent=5459690"}],"wp:term":[{"taxonomy":"category","embeddable":true,"href":"https:\/\/kapitalis.com\/tunisie\/wp-json\/wp\/v2\/categories?post=5459690"},{"taxonomy":"post_tag","embeddable":true,"href":"https:\/\/kapitalis.com\/tunisie\/wp-json\/wp\/v2\/tags?post=5459690"}],"curies":[{"name":"wp","href":"https:\/\/api.w.org\/{rel}","templated":true}]}}