{"id":54932,"date":"2016-06-21T13:17:44","date_gmt":"2016-06-21T12:17:44","guid":{"rendered":"http:\/\/kapitalis.com\/tunisie\/?p=54932"},"modified":"2016-06-21T13:17:44","modified_gmt":"2016-06-21T12:17:44","slug":"ce-soir-la-fete-de-la-musique-a-tunis-sousse-et-sfax","status":"publish","type":"post","link":"https:\/\/kapitalis.com\/tunisie\/2016\/06\/21\/ce-soir-la-fete-de-la-musique-a-tunis-sousse-et-sfax\/","title":{"rendered":"Ce soir la F\u00eate de la musique \u00e0 Tunis, Sousse et Sfax"},"content":{"rendered":"<p><img loading=\"lazy\" decoding=\"async\" class=\"alignnone size-full wp-image-54933 aligncenter\" src=\"http:\/\/kapitalis.com\/tunisie\/wp-content\/uploads\/2016\/06\/Fete-de-la-Musique.jpg\" alt=\"Fete-de-la-Musique\" width=\"626\" height=\"380\" \/><\/p>\n<p><em><strong>La F\u00eate de la musique se tiendra, ce soir, avec un concert \u00e9v\u00e9nement, gratuit et ouvert \u00e0 tous, sur l\u2019avenue Bourguiba, au centre de Tunis.<\/strong> <\/em><\/p>\n<p><!--more--><\/p>\n<p>Comme en 2015 avec Djmawi Africa (Alg\u00e9rie), l\u2019Institut fran\u00e7ais de Tunisie (IFT), qui organise cet \u00e9v\u00e9nement en collaboration avec le minist\u00e8re de la Culture et de la Sauvegarde du patrimoine, met la jeune sc\u00e8ne musicale franco-maghr\u00e9bine \u00e0 l\u2019honneur en invitant trois groupes : Ghoula et Black Unit (Tunisie) et N3rdistan (France).<\/p>\n<p>La F\u00eate de la musique est une grande manifestation populaire, gratuite, ouverte \u00e0 tous et accessible chaque ann\u00e9e \u00e0 des millions de personnes. Lanc\u00e9e en France, en 1982, elle est devenue une f\u00eate internationale, pr\u00e9sente aujourd\u2019hui dans plus de 100 pays sur les cinq continents, chaque 21 juin.<\/p>\n<p>Son territoire privil\u00e9gi\u00e9 est le plein air, les rues, les places, les jardins, les cours d\u2019immeubles, de mus\u00e9es, ou de ch\u00e2teaux&#8230; mais la F\u00eate de la Musique est \u00e9galement l\u2019occasion de sugg\u00e9rer aux grandes institutions musicales (orchestres, op\u00e9ras, ch\u0153urs, etc.) de sortir de leurs murs, ou au contraire d\u2019accueillir d\u2019autres genres musicaux.<\/p>\n<p>Cette ann\u00e9e, Ghoula, le nouveau projet de l\u2019artiste tunisien Wael Jegham, sera en t\u00eate d\u2019affiche d\u2019une programmation vari\u00e9e.<\/p>\n<p>Amoureux de l\u2019h\u00e9ritage culturel nord-africain, Ghoula fait revivre un patrimoine riche et pourtant m\u00e9connu. Accompagn\u00e9 de DJ Gamra aux platines, il m\u00e9lange musiques populaires traditionnelles et grooves allant du hip-hop au rock, en passant par la folk et l\u2019\u00e9lectro. Ghoula sortira son premier album, intitul\u00e9 <em>\u2018\u2018Hlib El-Ghoula\u2019\u2019<\/em>, \u00e0 la rentr\u00e9e sur le label Shouka, d\u2019Amine Mettani.<\/p>\n<p>En ouverture du grand concert, le groupe de rap Black Unit, form\u00e9 de Malek, Jawhar, et Hamza se produira \u00e0 Tunis, \u00e0 l\u2019invitation de l\u2019IFT et de l\u2019association Siwa. Originaires de Redeyef, l\u2019une des villes mini\u00e8res les plus recul\u00e9es et les plus pauvres de Tunisie. <em>\u00abLe rap, c\u2019est une mani\u00e8re de raconter, de t\u00e9moigner de la vie ici\u00bb<\/em>, a dit Malek. La puissance politique et po\u00e9tique, l\u2019\u00e9nergie que d\u00e9gagent leurs voix, leurs paroles, leurs corps cr\u00e8vent la sc\u00e8ne.<\/p>\n<p>En cl\u00f4ture, apr\u00e8s minuit, le groupe N3rdistan, entra\u00eenera le public entre rock, trip hop, \u00e9lectro, oriental-beat ou influences world, ou se m\u00eale comme une \u00e9vidence, la puissance du digital, la po\u00e9sie arabe ancestrale, les diatribes engag\u00e9es ou les m\u00e9lodies d\u2019une kora ou d\u2019une fl\u00fbte peul \u00e9gren\u00e9es.<\/p>\n<p><strong>La musique se f\u00eate aussi \u00e0 Sousse et Sfax <\/strong><\/p>\n<p>Le Relais culturel fran\u00e7ais, en association avec la municipalit\u00e9 de la ville, la d\u00e9l\u00e9gation r\u00e9gionale \u00e0 la culture et l\u2019Institut sup\u00e9rieur de musique (ISM) de Sousse, organis\u00e9, ce soir, \u00e0 l\u2019auditorium de l\u2019ISM, le groupe Azirem qui pr\u00e9sentera son spectacle <em>\u2018\u2018Fusion\u2019\u2019<\/em>, une cr\u00e9ation m\u00ealant musique, po\u00e9sie, chansons orientales et occidentales.<\/p>\n<p>Pour la premi\u00e8re fois \u00e0 Sfax, une formule itin\u00e9rante en boucle a \u00e9t\u00e9 choisie, de la M\u00e9dina \u00e0 la M\u00e9dina, en passant par la Maison de France et les 100 m\u00e8tres. Cette promenade commencera avec la rupture du je\u00fbne et se prolongera jusqu\u2019au milieu de la nuit. D\u2019un endroit \u00e0 l\u2019autre, le public sera accompagn\u00e9 au son du <em>\u2018\u2018<\/em><em>Tabel Kerkennah\u2019\u2019<\/em>, la Maison de France l\u2019accueillera pour le concert Ifriqiyya Electrique par Fran\u00e7ois Cambuzat avec la banga de Tozeur, et la <em>\u2018\u2018<\/em><em>Hadra de Sfax<\/em>\u00bb l\u2019emm\u00e8nera jusqu\u2019au c\u0153ur de la m\u00e9dina, pour y terminer la nuit en musique.<\/p>\n<p style=\"text-align: right;\"><strong>I. B.<\/strong> (avec communiqu\u00e9).<\/p>\n","protected":false},"excerpt":{"rendered":"<p>La F\u00eate de la musique se tiendra, ce soir, avec un concert \u00e9v\u00e9nement, gratuit et ouvert \u00e0 tous, sur l\u2019avenue Bourguiba, au centre de Tunis.<\/p>\n","protected":false},"author":8,"featured_media":54933,"comment_status":"open","ping_status":"open","sticky":false,"template":"","format":"standard","meta":{"footnotes":""},"categories":[994,2433],"tags":[19553],"class_list":["post-54932","post","type-post","status-publish","format-standard","has-post-thumbnail","hentry","category-culture","category-tunisie","tag-fete-de-la-musique"],"yoast_head":"<!-- This site is optimized with the Yoast SEO plugin v26.6 - https:\/\/yoast.com\/wordpress\/plugins\/seo\/ -->\n<title>Ce soir la F\u00eate de la musique \u00e0 Tunis, Sousse et Sfax - Kapitalis<\/title>\n<meta name=\"robots\" content=\"index, follow, max-snippet:-1, max-image-preview:large, max-video-preview:-1\" \/>\n<link rel=\"canonical\" href=\"https:\/\/kapitalis.com\/tunisie\/2016\/06\/21\/ce-soir-la-fete-de-la-musique-a-tunis-sousse-et-sfax\/\" \/>\n<meta property=\"og:locale\" content=\"fr_FR\" \/>\n<meta property=\"og:type\" content=\"article\" \/>\n<meta property=\"og:title\" content=\"Ce soir la F\u00eate de la musique \u00e0 Tunis, Sousse et Sfax - Kapitalis\" \/>\n<meta property=\"og:description\" content=\"La F\u00eate de la musique se tiendra, ce soir, avec un concert \u00e9v\u00e9nement, gratuit et ouvert \u00e0 tous, sur l\u2019avenue Bourguiba, au centre de Tunis.\" \/>\n<meta property=\"og:url\" content=\"https:\/\/kapitalis.com\/tunisie\/2016\/06\/21\/ce-soir-la-fete-de-la-musique-a-tunis-sousse-et-sfax\/\" \/>\n<meta property=\"og:site_name\" content=\"Kapitalis\" \/>\n<meta property=\"article:publisher\" content=\"https:\/\/www.facebook.com\/KapitalisInfo\/\" \/>\n<meta property=\"article:published_time\" content=\"2016-06-21T12:17:44+00:00\" \/>\n<meta property=\"og:image\" content=\"https:\/\/kapitalis.com\/tunisie\/wp-content\/uploads\/2022\/05\/kapitalis-logo-fb.png\" \/>\n\t<meta property=\"og:image:width\" content=\"1200\" \/>\n\t<meta property=\"og:image:height\" content=\"630\" \/>\n\t<meta property=\"og:image:type\" content=\"image\/png\" \/>\n<meta name=\"author\" content=\"webmaster kapitalis\" \/>\n<meta name=\"twitter:card\" content=\"summary_large_image\" \/>\n<meta name=\"twitter:creator\" content=\"@KapitalisInfo\" \/>\n<meta name=\"twitter:site\" content=\"@KapitalisInfo\" \/>\n<meta name=\"twitter:label1\" content=\"\u00c9crit par\" \/>\n\t<meta name=\"twitter:data1\" content=\"webmaster kapitalis\" \/>\n\t<meta name=\"twitter:label2\" content=\"Dur\u00e9e de lecture estim\u00e9e\" \/>\n\t<meta name=\"twitter:data2\" content=\"3 minutes\" \/>\n<script type=\"application\/ld+json\" class=\"yoast-schema-graph\">{\"@context\":\"https:\/\/schema.org\",\"@graph\":[{\"@type\":\"Article\",\"@id\":\"https:\/\/kapitalis.com\/tunisie\/2016\/06\/21\/ce-soir-la-fete-de-la-musique-a-tunis-sousse-et-sfax\/#article\",\"isPartOf\":{\"@id\":\"https:\/\/kapitalis.com\/tunisie\/2016\/06\/21\/ce-soir-la-fete-de-la-musique-a-tunis-sousse-et-sfax\/\"},\"author\":{\"name\":\"webmaster kapitalis\",\"@id\":\"https:\/\/kapitalis.com\/tunisie\/#\/schema\/person\/d71f33a9ca44f7bad4698210b480c8e9\"},\"headline\":\"Ce soir la F\u00eate de la musique \u00e0 Tunis, Sousse et Sfax\",\"datePublished\":\"2016-06-21T12:17:44+00:00\",\"mainEntityOfPage\":{\"@id\":\"https:\/\/kapitalis.com\/tunisie\/2016\/06\/21\/ce-soir-la-fete-de-la-musique-a-tunis-sousse-et-sfax\/\"},\"wordCount\":623,\"commentCount\":1,\"publisher\":{\"@id\":\"https:\/\/kapitalis.com\/tunisie\/#organization\"},\"image\":{\"@id\":\"https:\/\/kapitalis.com\/tunisie\/2016\/06\/21\/ce-soir-la-fete-de-la-musique-a-tunis-sousse-et-sfax\/#primaryimage\"},\"thumbnailUrl\":\"\",\"keywords\":[\"F\u00eate de la musique\"],\"articleSection\":[\"CULTURE\",\"Tunisie\"],\"inLanguage\":\"fr-FR\",\"potentialAction\":[{\"@type\":\"CommentAction\",\"name\":\"Comment\",\"target\":[\"https:\/\/kapitalis.com\/tunisie\/2016\/06\/21\/ce-soir-la-fete-de-la-musique-a-tunis-sousse-et-sfax\/#respond\"]}]},{\"@type\":\"WebPage\",\"@id\":\"https:\/\/kapitalis.com\/tunisie\/2016\/06\/21\/ce-soir-la-fete-de-la-musique-a-tunis-sousse-et-sfax\/\",\"url\":\"https:\/\/kapitalis.com\/tunisie\/2016\/06\/21\/ce-soir-la-fete-de-la-musique-a-tunis-sousse-et-sfax\/\",\"name\":\"Ce soir la F\u00eate de la musique \u00e0 Tunis, Sousse et Sfax - Kapitalis\",\"isPartOf\":{\"@id\":\"https:\/\/kapitalis.com\/tunisie\/#website\"},\"primaryImageOfPage\":{\"@id\":\"https:\/\/kapitalis.com\/tunisie\/2016\/06\/21\/ce-soir-la-fete-de-la-musique-a-tunis-sousse-et-sfax\/#primaryimage\"},\"image\":{\"@id\":\"https:\/\/kapitalis.com\/tunisie\/2016\/06\/21\/ce-soir-la-fete-de-la-musique-a-tunis-sousse-et-sfax\/#primaryimage\"},\"thumbnailUrl\":\"\",\"datePublished\":\"2016-06-21T12:17:44+00:00\",\"breadcrumb\":{\"@id\":\"https:\/\/kapitalis.com\/tunisie\/2016\/06\/21\/ce-soir-la-fete-de-la-musique-a-tunis-sousse-et-sfax\/#breadcrumb\"},\"inLanguage\":\"fr-FR\",\"potentialAction\":[{\"@type\":\"ReadAction\",\"target\":[\"https:\/\/kapitalis.com\/tunisie\/2016\/06\/21\/ce-soir-la-fete-de-la-musique-a-tunis-sousse-et-sfax\/\"]}]},{\"@type\":\"ImageObject\",\"inLanguage\":\"fr-FR\",\"@id\":\"https:\/\/kapitalis.com\/tunisie\/2016\/06\/21\/ce-soir-la-fete-de-la-musique-a-tunis-sousse-et-sfax\/#primaryimage\",\"url\":\"\",\"contentUrl\":\"\"},{\"@type\":\"BreadcrumbList\",\"@id\":\"https:\/\/kapitalis.com\/tunisie\/2016\/06\/21\/ce-soir-la-fete-de-la-musique-a-tunis-sousse-et-sfax\/#breadcrumb\",\"itemListElement\":[{\"@type\":\"ListItem\",\"position\":1,\"name\":\"Accueil\",\"item\":\"https:\/\/kapitalis.com\/tunisie\/\"},{\"@type\":\"ListItem\",\"position\":2,\"name\":\"Ce soir la F\u00eate de la musique \u00e0 Tunis, Sousse et Sfax\"}]},{\"@type\":\"WebSite\",\"@id\":\"https:\/\/kapitalis.com\/tunisie\/#website\",\"url\":\"https:\/\/kapitalis.com\/tunisie\/\",\"name\":\"Kapitalis\",\"description\":\"L&#039;actualit\u00e9 en Tunisie et dans le monde\",\"publisher\":{\"@id\":\"https:\/\/kapitalis.com\/tunisie\/#organization\"},\"potentialAction\":[{\"@type\":\"SearchAction\",\"target\":{\"@type\":\"EntryPoint\",\"urlTemplate\":\"https:\/\/kapitalis.com\/tunisie\/?s={search_term_string}\"},\"query-input\":{\"@type\":\"PropertyValueSpecification\",\"valueRequired\":true,\"valueName\":\"search_term_string\"}}],\"inLanguage\":\"fr-FR\"},{\"@type\":\"Organization\",\"@id\":\"https:\/\/kapitalis.com\/tunisie\/#organization\",\"name\":\"Kapitalis\",\"url\":\"https:\/\/kapitalis.com\/tunisie\/\",\"logo\":{\"@type\":\"ImageObject\",\"inLanguage\":\"fr-FR\",\"@id\":\"https:\/\/kapitalis.com\/tunisie\/#\/schema\/logo\/image\/\",\"url\":\"https:\/\/kapitalis.com\/tunisie\/wp-content\/uploads\/2022\/05\/Kapitalis-big-size.png\",\"contentUrl\":\"https:\/\/kapitalis.com\/tunisie\/wp-content\/uploads\/2022\/05\/Kapitalis-big-size.png\",\"width\":5000,\"height\":1500,\"caption\":\"Kapitalis\"},\"image\":{\"@id\":\"https:\/\/kapitalis.com\/tunisie\/#\/schema\/logo\/image\/\"},\"sameAs\":[\"https:\/\/www.facebook.com\/KapitalisInfo\/\",\"https:\/\/x.com\/KapitalisInfo\",\"https:\/\/www.youtube.com\/channel\/UC-yDYrHyfFBWWZaOw3FPg9Q\"]},{\"@type\":\"Person\",\"@id\":\"https:\/\/kapitalis.com\/tunisie\/#\/schema\/person\/d71f33a9ca44f7bad4698210b480c8e9\",\"name\":\"webmaster kapitalis\",\"url\":\"https:\/\/kapitalis.com\/tunisie\/author\/webmaster-kapitalis\/\"}]}<\/script>\n<!-- \/ Yoast SEO plugin. -->","yoast_head_json":{"title":"Ce soir la F\u00eate de la musique \u00e0 Tunis, Sousse et Sfax - Kapitalis","robots":{"index":"index","follow":"follow","max-snippet":"max-snippet:-1","max-image-preview":"max-image-preview:large","max-video-preview":"max-video-preview:-1"},"canonical":"https:\/\/kapitalis.com\/tunisie\/2016\/06\/21\/ce-soir-la-fete-de-la-musique-a-tunis-sousse-et-sfax\/","og_locale":"fr_FR","og_type":"article","og_title":"Ce soir la F\u00eate de la musique \u00e0 Tunis, Sousse et Sfax - Kapitalis","og_description":"La F\u00eate de la musique se tiendra, ce soir, avec un concert \u00e9v\u00e9nement, gratuit et ouvert \u00e0 tous, sur l\u2019avenue Bourguiba, au centre de Tunis.","og_url":"https:\/\/kapitalis.com\/tunisie\/2016\/06\/21\/ce-soir-la-fete-de-la-musique-a-tunis-sousse-et-sfax\/","og_site_name":"Kapitalis","article_publisher":"https:\/\/www.facebook.com\/KapitalisInfo\/","article_published_time":"2016-06-21T12:17:44+00:00","og_image":[{"width":1200,"height":630,"url":"https:\/\/kapitalis.com\/tunisie\/wp-content\/uploads\/2022\/05\/kapitalis-logo-fb.png","type":"image\/png"}],"author":"webmaster kapitalis","twitter_card":"summary_large_image","twitter_creator":"@KapitalisInfo","twitter_site":"@KapitalisInfo","twitter_misc":{"\u00c9crit par":"webmaster kapitalis","Dur\u00e9e de lecture estim\u00e9e":"3 minutes"},"schema":{"@context":"https:\/\/schema.org","@graph":[{"@type":"Article","@id":"https:\/\/kapitalis.com\/tunisie\/2016\/06\/21\/ce-soir-la-fete-de-la-musique-a-tunis-sousse-et-sfax\/#article","isPartOf":{"@id":"https:\/\/kapitalis.com\/tunisie\/2016\/06\/21\/ce-soir-la-fete-de-la-musique-a-tunis-sousse-et-sfax\/"},"author":{"name":"webmaster kapitalis","@id":"https:\/\/kapitalis.com\/tunisie\/#\/schema\/person\/d71f33a9ca44f7bad4698210b480c8e9"},"headline":"Ce soir la F\u00eate de la musique \u00e0 Tunis, Sousse et Sfax","datePublished":"2016-06-21T12:17:44+00:00","mainEntityOfPage":{"@id":"https:\/\/kapitalis.com\/tunisie\/2016\/06\/21\/ce-soir-la-fete-de-la-musique-a-tunis-sousse-et-sfax\/"},"wordCount":623,"commentCount":1,"publisher":{"@id":"https:\/\/kapitalis.com\/tunisie\/#organization"},"image":{"@id":"https:\/\/kapitalis.com\/tunisie\/2016\/06\/21\/ce-soir-la-fete-de-la-musique-a-tunis-sousse-et-sfax\/#primaryimage"},"thumbnailUrl":"","keywords":["F\u00eate de la musique"],"articleSection":["CULTURE","Tunisie"],"inLanguage":"fr-FR","potentialAction":[{"@type":"CommentAction","name":"Comment","target":["https:\/\/kapitalis.com\/tunisie\/2016\/06\/21\/ce-soir-la-fete-de-la-musique-a-tunis-sousse-et-sfax\/#respond"]}]},{"@type":"WebPage","@id":"https:\/\/kapitalis.com\/tunisie\/2016\/06\/21\/ce-soir-la-fete-de-la-musique-a-tunis-sousse-et-sfax\/","url":"https:\/\/kapitalis.com\/tunisie\/2016\/06\/21\/ce-soir-la-fete-de-la-musique-a-tunis-sousse-et-sfax\/","name":"Ce soir la F\u00eate de la musique \u00e0 Tunis, Sousse et Sfax - Kapitalis","isPartOf":{"@id":"https:\/\/kapitalis.com\/tunisie\/#website"},"primaryImageOfPage":{"@id":"https:\/\/kapitalis.com\/tunisie\/2016\/06\/21\/ce-soir-la-fete-de-la-musique-a-tunis-sousse-et-sfax\/#primaryimage"},"image":{"@id":"https:\/\/kapitalis.com\/tunisie\/2016\/06\/21\/ce-soir-la-fete-de-la-musique-a-tunis-sousse-et-sfax\/#primaryimage"},"thumbnailUrl":"","datePublished":"2016-06-21T12:17:44+00:00","breadcrumb":{"@id":"https:\/\/kapitalis.com\/tunisie\/2016\/06\/21\/ce-soir-la-fete-de-la-musique-a-tunis-sousse-et-sfax\/#breadcrumb"},"inLanguage":"fr-FR","potentialAction":[{"@type":"ReadAction","target":["https:\/\/kapitalis.com\/tunisie\/2016\/06\/21\/ce-soir-la-fete-de-la-musique-a-tunis-sousse-et-sfax\/"]}]},{"@type":"ImageObject","inLanguage":"fr-FR","@id":"https:\/\/kapitalis.com\/tunisie\/2016\/06\/21\/ce-soir-la-fete-de-la-musique-a-tunis-sousse-et-sfax\/#primaryimage","url":"","contentUrl":""},{"@type":"BreadcrumbList","@id":"https:\/\/kapitalis.com\/tunisie\/2016\/06\/21\/ce-soir-la-fete-de-la-musique-a-tunis-sousse-et-sfax\/#breadcrumb","itemListElement":[{"@type":"ListItem","position":1,"name":"Accueil","item":"https:\/\/kapitalis.com\/tunisie\/"},{"@type":"ListItem","position":2,"name":"Ce soir la F\u00eate de la musique \u00e0 Tunis, Sousse et Sfax"}]},{"@type":"WebSite","@id":"https:\/\/kapitalis.com\/tunisie\/#website","url":"https:\/\/kapitalis.com\/tunisie\/","name":"Kapitalis","description":"L&#039;actualit\u00e9 en Tunisie et dans le monde","publisher":{"@id":"https:\/\/kapitalis.com\/tunisie\/#organization"},"potentialAction":[{"@type":"SearchAction","target":{"@type":"EntryPoint","urlTemplate":"https:\/\/kapitalis.com\/tunisie\/?s={search_term_string}"},"query-input":{"@type":"PropertyValueSpecification","valueRequired":true,"valueName":"search_term_string"}}],"inLanguage":"fr-FR"},{"@type":"Organization","@id":"https:\/\/kapitalis.com\/tunisie\/#organization","name":"Kapitalis","url":"https:\/\/kapitalis.com\/tunisie\/","logo":{"@type":"ImageObject","inLanguage":"fr-FR","@id":"https:\/\/kapitalis.com\/tunisie\/#\/schema\/logo\/image\/","url":"https:\/\/kapitalis.com\/tunisie\/wp-content\/uploads\/2022\/05\/Kapitalis-big-size.png","contentUrl":"https:\/\/kapitalis.com\/tunisie\/wp-content\/uploads\/2022\/05\/Kapitalis-big-size.png","width":5000,"height":1500,"caption":"Kapitalis"},"image":{"@id":"https:\/\/kapitalis.com\/tunisie\/#\/schema\/logo\/image\/"},"sameAs":["https:\/\/www.facebook.com\/KapitalisInfo\/","https:\/\/x.com\/KapitalisInfo","https:\/\/www.youtube.com\/channel\/UC-yDYrHyfFBWWZaOw3FPg9Q"]},{"@type":"Person","@id":"https:\/\/kapitalis.com\/tunisie\/#\/schema\/person\/d71f33a9ca44f7bad4698210b480c8e9","name":"webmaster kapitalis","url":"https:\/\/kapitalis.com\/tunisie\/author\/webmaster-kapitalis\/"}]}},"_links":{"self":[{"href":"https:\/\/kapitalis.com\/tunisie\/wp-json\/wp\/v2\/posts\/54932","targetHints":{"allow":["GET"]}}],"collection":[{"href":"https:\/\/kapitalis.com\/tunisie\/wp-json\/wp\/v2\/posts"}],"about":[{"href":"https:\/\/kapitalis.com\/tunisie\/wp-json\/wp\/v2\/types\/post"}],"author":[{"embeddable":true,"href":"https:\/\/kapitalis.com\/tunisie\/wp-json\/wp\/v2\/users\/8"}],"replies":[{"embeddable":true,"href":"https:\/\/kapitalis.com\/tunisie\/wp-json\/wp\/v2\/comments?post=54932"}],"version-history":[{"count":0,"href":"https:\/\/kapitalis.com\/tunisie\/wp-json\/wp\/v2\/posts\/54932\/revisions"}],"wp:featuredmedia":[{"embeddable":true,"href":"https:\/\/kapitalis.com\/tunisie\/wp-json\/wp\/v2\/media\/54933"}],"wp:attachment":[{"href":"https:\/\/kapitalis.com\/tunisie\/wp-json\/wp\/v2\/media?parent=54932"}],"wp:term":[{"taxonomy":"category","embeddable":true,"href":"https:\/\/kapitalis.com\/tunisie\/wp-json\/wp\/v2\/categories?post=54932"},{"taxonomy":"post_tag","embeddable":true,"href":"https:\/\/kapitalis.com\/tunisie\/wp-json\/wp\/v2\/tags?post=54932"}],"curies":[{"name":"wp","href":"https:\/\/api.w.org\/{rel}","templated":true}]}}