{"id":5494159,"date":"2022-12-05T12:46:03","date_gmt":"2022-12-05T11:46:03","guid":{"rendered":"https:\/\/kapitalis.com\/tunisie\/?p=5494159"},"modified":"2022-12-05T12:46:05","modified_gmt":"2022-12-05T11:46:05","slug":"tunisie-trois-journalistes-de-la-tap-entament-un-sit-in-ouvert-a-la-kasbah","status":"publish","type":"post","link":"https:\/\/kapitalis.com\/tunisie\/2022\/12\/05\/tunisie-trois-journalistes-de-la-tap-entament-un-sit-in-ouvert-a-la-kasbah\/","title":{"rendered":"Tunisie : Trois journalistes de la Tap entament un sit-in ouvert \u00e0 la Kasbah"},"content":{"rendered":"\n<p><strong><em>Trois journalistes de l&rsquo;agence Tunis Afrique Presse (Tap) ont annonc\u00e9 qu&rsquo;ils entament un sit-in ouvert devant le si\u00e8ge du gouvernement \u00e0 la Kasbah, \u00e0 partir de ce lundi 5 d\u00e9cembre 2022, pour protester contre leur exclusion de la liste des 33 journalistes dont la situation a \u00e9t\u00e9 r\u00e9cemment r\u00e9gl\u00e9e, au sein des m\u00e9dias publics, \u00abapr\u00e8s une longue lutte\u00bb.<\/em><\/strong><\/p>\n\n\n\n<!--more-->\n\n\n\n<p>Il s&rsquo;agit des journalistes Khmaies Ben Brik, Mehdi Ben Rjeb et Ines Lahej.<\/p>\n\n\n\n<p>Ils ont indiqu\u00e9 que le gouvernement, relayant le ministre des Affaires sociales, a justifi\u00e9 la d\u00e9cision de leur exclusion par l&rsquo;existence d&rsquo;une enqu\u00eate s\u00e9curitaire \u00e0 leur encontre, chose que le minist\u00e8re de l&rsquo;Int\u00e9rieur a contredit selon les 3 journalistes.<\/p>\n\n\n\n<p>Et d&rsquo;ajouter que cela fait plus d&rsquo;un mois qu&rsquo;ils sont au ch\u00f4mage sans que le gouvernement ne cherche s\u00e9rieusement \u00e0 comprendre leur situation en consultant le minist\u00e8re de l&rsquo;Int\u00e9rieur, malgr\u00e9 l&rsquo;appel, \u00e0 cet effet, de la part du Syndicat national des journalistes tunisiens (SNJT).<\/p>\n\n\n\n<p>Les 3 journalistes estiment que ce qui leur arrive est un crime odieux, une violation flagrante des droits de l&rsquo;homme les plus \u00e9l\u00e9mentaires et une atteinte \u00e0 leur droit constitutionnel au travail, appelant \u00ab<em>tous les journalistes libres<\/em>\u00bb \u00e0 rejoindre leurs mouvements de protestation.<\/p>\n\n\n\n<p class=\"has-text-align-right\"><strong>C. B. Y.<\/strong><\/p>\n","protected":false},"excerpt":{"rendered":"<p>Trois journalistes de l&rsquo;agence Tunis Afrique Presse (Tap) ont annonc\u00e9 qu&rsquo;ils entament un sit-in ouvert devant le si\u00e8ge du gouvernement \u00e0 la Kasbah, \u00e0 partir de ce lundi 5 d\u00e9cembre 2022, pour protester contre leur exclusion de la liste des 33 journalistes dont la situation a \u00e9t\u00e9 r\u00e9cemment r\u00e9gl\u00e9e, au sein des m\u00e9dias publics, \u00abapr\u00e8s&#8230;<\/p>\n","protected":false},"author":24,"featured_media":1283155,"comment_status":"open","ping_status":"open","sticky":false,"template":"","format":"standard","meta":{"footnotes":""},"categories":[996,2433],"tags":[104874,6245,838,62643],"class_list":["post-5494159","post","type-post","status-publish","format-standard","has-post-thumbnail","hentry","category-media","category-tunisie","tag-journalistes-de-la-tap","tag-kasbah","tag-snjt","tag-tunisie"],"yoast_head":"<!-- This site is optimized with the Yoast SEO plugin v26.6 - https:\/\/yoast.com\/wordpress\/plugins\/seo\/ -->\n<title>Tunisie : Trois journalistes de la Tap entament un sit-in ouvert \u00e0 la Kasbah - Kapitalis<\/title>\n<meta name=\"robots\" content=\"index, follow, max-snippet:-1, max-image-preview:large, max-video-preview:-1\" \/>\n<link rel=\"canonical\" href=\"https:\/\/kapitalis.com\/tunisie\/2022\/12\/05\/tunisie-trois-journalistes-de-la-tap-entament-un-sit-in-ouvert-a-la-kasbah\/\" \/>\n<meta property=\"og:locale\" content=\"fr_FR\" \/>\n<meta property=\"og:type\" content=\"article\" \/>\n<meta property=\"og:title\" content=\"Tunisie : Trois journalistes de la Tap entament un sit-in ouvert \u00e0 la Kasbah - Kapitalis\" \/>\n<meta property=\"og:description\" content=\"Trois journalistes de l&rsquo;agence Tunis Afrique Presse (Tap) ont annonc\u00e9 qu&rsquo;ils entament un sit-in ouvert devant le si\u00e8ge du gouvernement \u00e0 la Kasbah, \u00e0 partir de ce lundi 5 d\u00e9cembre 2022, pour protester contre leur exclusion de la liste des 33 journalistes dont la situation a \u00e9t\u00e9 r\u00e9cemment r\u00e9gl\u00e9e, au sein des m\u00e9dias publics, \u00abapr\u00e8s...\" \/>\n<meta property=\"og:url\" content=\"https:\/\/kapitalis.com\/tunisie\/2022\/12\/05\/tunisie-trois-journalistes-de-la-tap-entament-un-sit-in-ouvert-a-la-kasbah\/\" \/>\n<meta property=\"og:site_name\" content=\"Kapitalis\" \/>\n<meta property=\"article:publisher\" content=\"https:\/\/www.facebook.com\/KapitalisInfo\/\" \/>\n<meta property=\"article:published_time\" content=\"2022-12-05T11:46:03+00:00\" \/>\n<meta property=\"article:modified_time\" content=\"2022-12-05T11:46:05+00:00\" \/>\n<meta property=\"og:image\" content=\"https:\/\/kapitalis.com\/tunisie\/wp-content\/uploads\/2022\/06\/Palais-de-la-Kasbah.jpg\" \/>\n\t<meta property=\"og:image:width\" content=\"1200\" \/>\n\t<meta property=\"og:image:height\" content=\"630\" \/>\n\t<meta property=\"og:image:type\" content=\"image\/jpeg\" \/>\n<meta name=\"author\" content=\"Cherif Benyounes\" \/>\n<meta name=\"twitter:card\" content=\"summary_large_image\" \/>\n<meta name=\"twitter:creator\" content=\"@KapitalisInfo\" \/>\n<meta name=\"twitter:site\" content=\"@KapitalisInfo\" \/>\n<meta name=\"twitter:label1\" content=\"\u00c9crit par\" \/>\n\t<meta name=\"twitter:data1\" content=\"Cherif Benyounes\" \/>\n\t<meta name=\"twitter:label2\" content=\"Dur\u00e9e de lecture estim\u00e9e\" \/>\n\t<meta name=\"twitter:data2\" content=\"2 minutes\" \/>\n<script type=\"application\/ld+json\" class=\"yoast-schema-graph\">{\"@context\":\"https:\/\/schema.org\",\"@graph\":[{\"@type\":\"Article\",\"@id\":\"https:\/\/kapitalis.com\/tunisie\/2022\/12\/05\/tunisie-trois-journalistes-de-la-tap-entament-un-sit-in-ouvert-a-la-kasbah\/#article\",\"isPartOf\":{\"@id\":\"https:\/\/kapitalis.com\/tunisie\/2022\/12\/05\/tunisie-trois-journalistes-de-la-tap-entament-un-sit-in-ouvert-a-la-kasbah\/\"},\"author\":{\"name\":\"Cherif Benyounes\",\"@id\":\"https:\/\/kapitalis.com\/tunisie\/#\/schema\/person\/b35b8d631961131107263178aeb8019e\"},\"headline\":\"Tunisie : Trois journalistes de la Tap entament un sit-in ouvert \u00e0 la Kasbah\",\"datePublished\":\"2022-12-05T11:46:03+00:00\",\"dateModified\":\"2022-12-05T11:46:05+00:00\",\"mainEntityOfPage\":{\"@id\":\"https:\/\/kapitalis.com\/tunisie\/2022\/12\/05\/tunisie-trois-journalistes-de-la-tap-entament-un-sit-in-ouvert-a-la-kasbah\/\"},\"wordCount\":217,\"commentCount\":0,\"publisher\":{\"@id\":\"https:\/\/kapitalis.com\/tunisie\/#organization\"},\"image\":{\"@id\":\"https:\/\/kapitalis.com\/tunisie\/2022\/12\/05\/tunisie-trois-journalistes-de-la-tap-entament-un-sit-in-ouvert-a-la-kasbah\/#primaryimage\"},\"thumbnailUrl\":\"https:\/\/kapitalis.com\/tunisie\/wp-content\/uploads\/2022\/06\/Palais-de-la-Kasbah.jpg\",\"keywords\":[\"journalistes de la Tap\",\"Kasbah\",\"SNJT\",\"Tunisie\"],\"articleSection\":[\"MEDIA\",\"Tunisie\"],\"inLanguage\":\"fr-FR\",\"potentialAction\":[{\"@type\":\"CommentAction\",\"name\":\"Comment\",\"target\":[\"https:\/\/kapitalis.com\/tunisie\/2022\/12\/05\/tunisie-trois-journalistes-de-la-tap-entament-un-sit-in-ouvert-a-la-kasbah\/#respond\"]}]},{\"@type\":\"WebPage\",\"@id\":\"https:\/\/kapitalis.com\/tunisie\/2022\/12\/05\/tunisie-trois-journalistes-de-la-tap-entament-un-sit-in-ouvert-a-la-kasbah\/\",\"url\":\"https:\/\/kapitalis.com\/tunisie\/2022\/12\/05\/tunisie-trois-journalistes-de-la-tap-entament-un-sit-in-ouvert-a-la-kasbah\/\",\"name\":\"Tunisie : Trois journalistes de la Tap entament un sit-in ouvert \u00e0 la Kasbah - Kapitalis\",\"isPartOf\":{\"@id\":\"https:\/\/kapitalis.com\/tunisie\/#website\"},\"primaryImageOfPage\":{\"@id\":\"https:\/\/kapitalis.com\/tunisie\/2022\/12\/05\/tunisie-trois-journalistes-de-la-tap-entament-un-sit-in-ouvert-a-la-kasbah\/#primaryimage\"},\"image\":{\"@id\":\"https:\/\/kapitalis.com\/tunisie\/2022\/12\/05\/tunisie-trois-journalistes-de-la-tap-entament-un-sit-in-ouvert-a-la-kasbah\/#primaryimage\"},\"thumbnailUrl\":\"https:\/\/kapitalis.com\/tunisie\/wp-content\/uploads\/2022\/06\/Palais-de-la-Kasbah.jpg\",\"datePublished\":\"2022-12-05T11:46:03+00:00\",\"dateModified\":\"2022-12-05T11:46:05+00:00\",\"breadcrumb\":{\"@id\":\"https:\/\/kapitalis.com\/tunisie\/2022\/12\/05\/tunisie-trois-journalistes-de-la-tap-entament-un-sit-in-ouvert-a-la-kasbah\/#breadcrumb\"},\"inLanguage\":\"fr-FR\",\"potentialAction\":[{\"@type\":\"ReadAction\",\"target\":[\"https:\/\/kapitalis.com\/tunisie\/2022\/12\/05\/tunisie-trois-journalistes-de-la-tap-entament-un-sit-in-ouvert-a-la-kasbah\/\"]}]},{\"@type\":\"ImageObject\",\"inLanguage\":\"fr-FR\",\"@id\":\"https:\/\/kapitalis.com\/tunisie\/2022\/12\/05\/tunisie-trois-journalistes-de-la-tap-entament-un-sit-in-ouvert-a-la-kasbah\/#primaryimage\",\"url\":\"https:\/\/kapitalis.com\/tunisie\/wp-content\/uploads\/2022\/06\/Palais-de-la-Kasbah.jpg\",\"contentUrl\":\"https:\/\/kapitalis.com\/tunisie\/wp-content\/uploads\/2022\/06\/Palais-de-la-Kasbah.jpg\",\"width\":1200,\"height\":630},{\"@type\":\"BreadcrumbList\",\"@id\":\"https:\/\/kapitalis.com\/tunisie\/2022\/12\/05\/tunisie-trois-journalistes-de-la-tap-entament-un-sit-in-ouvert-a-la-kasbah\/#breadcrumb\",\"itemListElement\":[{\"@type\":\"ListItem\",\"position\":1,\"name\":\"Accueil\",\"item\":\"https:\/\/kapitalis.com\/tunisie\/\"},{\"@type\":\"ListItem\",\"position\":2,\"name\":\"Tunisie : Trois journalistes de la Tap entament un sit-in ouvert \u00e0 la Kasbah\"}]},{\"@type\":\"WebSite\",\"@id\":\"https:\/\/kapitalis.com\/tunisie\/#website\",\"url\":\"https:\/\/kapitalis.com\/tunisie\/\",\"name\":\"Kapitalis\",\"description\":\"L&#039;actualit\u00e9 en Tunisie et dans le monde\",\"publisher\":{\"@id\":\"https:\/\/kapitalis.com\/tunisie\/#organization\"},\"potentialAction\":[{\"@type\":\"SearchAction\",\"target\":{\"@type\":\"EntryPoint\",\"urlTemplate\":\"https:\/\/kapitalis.com\/tunisie\/?s={search_term_string}\"},\"query-input\":{\"@type\":\"PropertyValueSpecification\",\"valueRequired\":true,\"valueName\":\"search_term_string\"}}],\"inLanguage\":\"fr-FR\"},{\"@type\":\"Organization\",\"@id\":\"https:\/\/kapitalis.com\/tunisie\/#organization\",\"name\":\"Kapitalis\",\"url\":\"https:\/\/kapitalis.com\/tunisie\/\",\"logo\":{\"@type\":\"ImageObject\",\"inLanguage\":\"fr-FR\",\"@id\":\"https:\/\/kapitalis.com\/tunisie\/#\/schema\/logo\/image\/\",\"url\":\"https:\/\/kapitalis.com\/tunisie\/wp-content\/uploads\/2022\/05\/Kapitalis-big-size.png\",\"contentUrl\":\"https:\/\/kapitalis.com\/tunisie\/wp-content\/uploads\/2022\/05\/Kapitalis-big-size.png\",\"width\":5000,\"height\":1500,\"caption\":\"Kapitalis\"},\"image\":{\"@id\":\"https:\/\/kapitalis.com\/tunisie\/#\/schema\/logo\/image\/\"},\"sameAs\":[\"https:\/\/www.facebook.com\/KapitalisInfo\/\",\"https:\/\/x.com\/KapitalisInfo\",\"https:\/\/www.youtube.com\/channel\/UC-yDYrHyfFBWWZaOw3FPg9Q\"]},{\"@type\":\"Person\",\"@id\":\"https:\/\/kapitalis.com\/tunisie\/#\/schema\/person\/b35b8d631961131107263178aeb8019e\",\"name\":\"Cherif Benyounes\",\"url\":\"https:\/\/kapitalis.com\/tunisie\/author\/cherif\/\"}]}<\/script>\n<!-- \/ Yoast SEO plugin. -->","yoast_head_json":{"title":"Tunisie : Trois journalistes de la Tap entament un sit-in ouvert \u00e0 la Kasbah - Kapitalis","robots":{"index":"index","follow":"follow","max-snippet":"max-snippet:-1","max-image-preview":"max-image-preview:large","max-video-preview":"max-video-preview:-1"},"canonical":"https:\/\/kapitalis.com\/tunisie\/2022\/12\/05\/tunisie-trois-journalistes-de-la-tap-entament-un-sit-in-ouvert-a-la-kasbah\/","og_locale":"fr_FR","og_type":"article","og_title":"Tunisie : Trois journalistes de la Tap entament un sit-in ouvert \u00e0 la Kasbah - Kapitalis","og_description":"Trois journalistes de l&rsquo;agence Tunis Afrique Presse (Tap) ont annonc\u00e9 qu&rsquo;ils entament un sit-in ouvert devant le si\u00e8ge du gouvernement \u00e0 la Kasbah, \u00e0 partir de ce lundi 5 d\u00e9cembre 2022, pour protester contre leur exclusion de la liste des 33 journalistes dont la situation a \u00e9t\u00e9 r\u00e9cemment r\u00e9gl\u00e9e, au sein des m\u00e9dias publics, \u00abapr\u00e8s...","og_url":"https:\/\/kapitalis.com\/tunisie\/2022\/12\/05\/tunisie-trois-journalistes-de-la-tap-entament-un-sit-in-ouvert-a-la-kasbah\/","og_site_name":"Kapitalis","article_publisher":"https:\/\/www.facebook.com\/KapitalisInfo\/","article_published_time":"2022-12-05T11:46:03+00:00","article_modified_time":"2022-12-05T11:46:05+00:00","og_image":[{"width":1200,"height":630,"url":"https:\/\/kapitalis.com\/tunisie\/wp-content\/uploads\/2022\/06\/Palais-de-la-Kasbah.jpg","type":"image\/jpeg"}],"author":"Cherif Benyounes","twitter_card":"summary_large_image","twitter_creator":"@KapitalisInfo","twitter_site":"@KapitalisInfo","twitter_misc":{"\u00c9crit par":"Cherif Benyounes","Dur\u00e9e de lecture estim\u00e9e":"2 minutes"},"schema":{"@context":"https:\/\/schema.org","@graph":[{"@type":"Article","@id":"https:\/\/kapitalis.com\/tunisie\/2022\/12\/05\/tunisie-trois-journalistes-de-la-tap-entament-un-sit-in-ouvert-a-la-kasbah\/#article","isPartOf":{"@id":"https:\/\/kapitalis.com\/tunisie\/2022\/12\/05\/tunisie-trois-journalistes-de-la-tap-entament-un-sit-in-ouvert-a-la-kasbah\/"},"author":{"name":"Cherif Benyounes","@id":"https:\/\/kapitalis.com\/tunisie\/#\/schema\/person\/b35b8d631961131107263178aeb8019e"},"headline":"Tunisie : Trois journalistes de la Tap entament un sit-in ouvert \u00e0 la Kasbah","datePublished":"2022-12-05T11:46:03+00:00","dateModified":"2022-12-05T11:46:05+00:00","mainEntityOfPage":{"@id":"https:\/\/kapitalis.com\/tunisie\/2022\/12\/05\/tunisie-trois-journalistes-de-la-tap-entament-un-sit-in-ouvert-a-la-kasbah\/"},"wordCount":217,"commentCount":0,"publisher":{"@id":"https:\/\/kapitalis.com\/tunisie\/#organization"},"image":{"@id":"https:\/\/kapitalis.com\/tunisie\/2022\/12\/05\/tunisie-trois-journalistes-de-la-tap-entament-un-sit-in-ouvert-a-la-kasbah\/#primaryimage"},"thumbnailUrl":"https:\/\/kapitalis.com\/tunisie\/wp-content\/uploads\/2022\/06\/Palais-de-la-Kasbah.jpg","keywords":["journalistes de la Tap","Kasbah","SNJT","Tunisie"],"articleSection":["MEDIA","Tunisie"],"inLanguage":"fr-FR","potentialAction":[{"@type":"CommentAction","name":"Comment","target":["https:\/\/kapitalis.com\/tunisie\/2022\/12\/05\/tunisie-trois-journalistes-de-la-tap-entament-un-sit-in-ouvert-a-la-kasbah\/#respond"]}]},{"@type":"WebPage","@id":"https:\/\/kapitalis.com\/tunisie\/2022\/12\/05\/tunisie-trois-journalistes-de-la-tap-entament-un-sit-in-ouvert-a-la-kasbah\/","url":"https:\/\/kapitalis.com\/tunisie\/2022\/12\/05\/tunisie-trois-journalistes-de-la-tap-entament-un-sit-in-ouvert-a-la-kasbah\/","name":"Tunisie : Trois journalistes de la Tap entament un sit-in ouvert \u00e0 la Kasbah - Kapitalis","isPartOf":{"@id":"https:\/\/kapitalis.com\/tunisie\/#website"},"primaryImageOfPage":{"@id":"https:\/\/kapitalis.com\/tunisie\/2022\/12\/05\/tunisie-trois-journalistes-de-la-tap-entament-un-sit-in-ouvert-a-la-kasbah\/#primaryimage"},"image":{"@id":"https:\/\/kapitalis.com\/tunisie\/2022\/12\/05\/tunisie-trois-journalistes-de-la-tap-entament-un-sit-in-ouvert-a-la-kasbah\/#primaryimage"},"thumbnailUrl":"https:\/\/kapitalis.com\/tunisie\/wp-content\/uploads\/2022\/06\/Palais-de-la-Kasbah.jpg","datePublished":"2022-12-05T11:46:03+00:00","dateModified":"2022-12-05T11:46:05+00:00","breadcrumb":{"@id":"https:\/\/kapitalis.com\/tunisie\/2022\/12\/05\/tunisie-trois-journalistes-de-la-tap-entament-un-sit-in-ouvert-a-la-kasbah\/#breadcrumb"},"inLanguage":"fr-FR","potentialAction":[{"@type":"ReadAction","target":["https:\/\/kapitalis.com\/tunisie\/2022\/12\/05\/tunisie-trois-journalistes-de-la-tap-entament-un-sit-in-ouvert-a-la-kasbah\/"]}]},{"@type":"ImageObject","inLanguage":"fr-FR","@id":"https:\/\/kapitalis.com\/tunisie\/2022\/12\/05\/tunisie-trois-journalistes-de-la-tap-entament-un-sit-in-ouvert-a-la-kasbah\/#primaryimage","url":"https:\/\/kapitalis.com\/tunisie\/wp-content\/uploads\/2022\/06\/Palais-de-la-Kasbah.jpg","contentUrl":"https:\/\/kapitalis.com\/tunisie\/wp-content\/uploads\/2022\/06\/Palais-de-la-Kasbah.jpg","width":1200,"height":630},{"@type":"BreadcrumbList","@id":"https:\/\/kapitalis.com\/tunisie\/2022\/12\/05\/tunisie-trois-journalistes-de-la-tap-entament-un-sit-in-ouvert-a-la-kasbah\/#breadcrumb","itemListElement":[{"@type":"ListItem","position":1,"name":"Accueil","item":"https:\/\/kapitalis.com\/tunisie\/"},{"@type":"ListItem","position":2,"name":"Tunisie : Trois journalistes de la Tap entament un sit-in ouvert \u00e0 la Kasbah"}]},{"@type":"WebSite","@id":"https:\/\/kapitalis.com\/tunisie\/#website","url":"https:\/\/kapitalis.com\/tunisie\/","name":"Kapitalis","description":"L&#039;actualit\u00e9 en Tunisie et dans le monde","publisher":{"@id":"https:\/\/kapitalis.com\/tunisie\/#organization"},"potentialAction":[{"@type":"SearchAction","target":{"@type":"EntryPoint","urlTemplate":"https:\/\/kapitalis.com\/tunisie\/?s={search_term_string}"},"query-input":{"@type":"PropertyValueSpecification","valueRequired":true,"valueName":"search_term_string"}}],"inLanguage":"fr-FR"},{"@type":"Organization","@id":"https:\/\/kapitalis.com\/tunisie\/#organization","name":"Kapitalis","url":"https:\/\/kapitalis.com\/tunisie\/","logo":{"@type":"ImageObject","inLanguage":"fr-FR","@id":"https:\/\/kapitalis.com\/tunisie\/#\/schema\/logo\/image\/","url":"https:\/\/kapitalis.com\/tunisie\/wp-content\/uploads\/2022\/05\/Kapitalis-big-size.png","contentUrl":"https:\/\/kapitalis.com\/tunisie\/wp-content\/uploads\/2022\/05\/Kapitalis-big-size.png","width":5000,"height":1500,"caption":"Kapitalis"},"image":{"@id":"https:\/\/kapitalis.com\/tunisie\/#\/schema\/logo\/image\/"},"sameAs":["https:\/\/www.facebook.com\/KapitalisInfo\/","https:\/\/x.com\/KapitalisInfo","https:\/\/www.youtube.com\/channel\/UC-yDYrHyfFBWWZaOw3FPg9Q"]},{"@type":"Person","@id":"https:\/\/kapitalis.com\/tunisie\/#\/schema\/person\/b35b8d631961131107263178aeb8019e","name":"Cherif Benyounes","url":"https:\/\/kapitalis.com\/tunisie\/author\/cherif\/"}]}},"_links":{"self":[{"href":"https:\/\/kapitalis.com\/tunisie\/wp-json\/wp\/v2\/posts\/5494159","targetHints":{"allow":["GET"]}}],"collection":[{"href":"https:\/\/kapitalis.com\/tunisie\/wp-json\/wp\/v2\/posts"}],"about":[{"href":"https:\/\/kapitalis.com\/tunisie\/wp-json\/wp\/v2\/types\/post"}],"author":[{"embeddable":true,"href":"https:\/\/kapitalis.com\/tunisie\/wp-json\/wp\/v2\/users\/24"}],"replies":[{"embeddable":true,"href":"https:\/\/kapitalis.com\/tunisie\/wp-json\/wp\/v2\/comments?post=5494159"}],"version-history":[{"count":2,"href":"https:\/\/kapitalis.com\/tunisie\/wp-json\/wp\/v2\/posts\/5494159\/revisions"}],"predecessor-version":[{"id":5494348,"href":"https:\/\/kapitalis.com\/tunisie\/wp-json\/wp\/v2\/posts\/5494159\/revisions\/5494348"}],"wp:featuredmedia":[{"embeddable":true,"href":"https:\/\/kapitalis.com\/tunisie\/wp-json\/wp\/v2\/media\/1283155"}],"wp:attachment":[{"href":"https:\/\/kapitalis.com\/tunisie\/wp-json\/wp\/v2\/media?parent=5494159"}],"wp:term":[{"taxonomy":"category","embeddable":true,"href":"https:\/\/kapitalis.com\/tunisie\/wp-json\/wp\/v2\/categories?post=5494159"},{"taxonomy":"post_tag","embeddable":true,"href":"https:\/\/kapitalis.com\/tunisie\/wp-json\/wp\/v2\/tags?post=5494159"}],"curies":[{"name":"wp","href":"https:\/\/api.w.org\/{rel}","templated":true}]}}