{"id":5494974,"date":"2022-12-05T14:07:49","date_gmt":"2022-12-05T13:07:49","guid":{"rendered":"https:\/\/kapitalis.com\/tunisie\/?p=5494974"},"modified":"2022-12-05T14:07:52","modified_gmt":"2022-12-05T13:07:52","slug":"document-le-groupe-afd-fete-des-30-ans-en-tunisie","status":"publish","type":"post","link":"https:\/\/kapitalis.com\/tunisie\/2022\/12\/05\/document-le-groupe-afd-fete-des-30-ans-en-tunisie\/","title":{"rendered":"Document\u00a0: le Groupe AFD f\u00eate des 30 ans en Tunisie\u00a0"},"content":{"rendered":"\n<p><strong><em>Depuis 30 ans, le groupe AFD am\u00e9liore les conditions de vie des Tunisiens et des Tunisiennes. Le champ d\u2019action et les niveaux d\u2019engagement du groupe sont en croissance constante depuis 1992.<\/em><\/strong><\/p>\n\n\n\n<!--more-->\n\n\n\n<p>Le groupe Agence fran\u00e7aise de d\u00e9veloppement (AFD, Proparco, Expertise France et Digital Africa) f\u00eate en 2022 son 30<sup>e<\/sup> anniversaire d\u2019activit\u00e9 en Tunisie. A cette occasion, il organise un \u00e9v\u00e9nement le 7 d\u00e9cembre \u00e0 Tunis pour mettre en avant quelques projets qu\u2019il a soutenu en faveur de la jeunesse et la dynamique entrepreneuriale en Tunisie ainsi que les acteurs qui la portent.<\/p>\n\n\n\n<p>Le groupe AFD contribue \u00e0 mettre en \u0153uvre la politique de la France en mati\u00e8re de d\u00e9veloppement et de solidarit\u00e9 internationale. Son action s\u2019inscrit dans le cadre des objectifs de d\u00e9veloppement durable (ODD) d\u00e9finis par les Nations unies en 2015 et dans celui de la strat\u00e9gie 100% Accords de Paris du groupe.<\/p>\n\n\n\n<p>Le groupe AFD est compos\u00e9 de :<\/p>\n\n\n\n<p>&#8211; l\u2019AFD, en charge du financement du secteur public et des ONG, de la recherche et de la formation sur le d\u00e9veloppement durable&nbsp;;<\/p>\n\n\n\n<p>&#8211; Proparco, filiale d\u00e9di\u00e9e au financement du secteur priv\u00e9 dans les pays \u00e9mergents et en d\u00e9veloppement. Elle finance des institutions financi\u00e8res, des projets d\u2019infrastructures mais \u00e9galement des entreprises dans divers secteurs (agriculture, industries, services). Si elle peut financer les entreprises \u00e0 divers stades de maturit\u00e9 (de la S\u00e9rie A \u00e0 la grande entreprise), pour les projets tr\u00e8s early stage, elle dispose elle-m\u00eame depuis juin 2022 d\u2019une filiale, Digital Africa, qui se consacre au renforcement de la capacit\u00e9 des entrepreneurs africains \u00e0 concevoir et \u00e0 d\u00e9ployer des innovations num\u00e9riques au service de l\u2019\u00e9conomie r\u00e9elle;<\/p>\n\n\n\n<p>&#8211; Expertise France (entr\u00e9e dans le groupe le 1er janvier 2022), l\u2019agence fran\u00e7aise de coop\u00e9ration technique.<\/p>\n\n\n\n<p>La Tunisie est le plus important pays d\u2019intervention d\u2019Expertise France dans le monde; elle y d\u00e9ploie plus de 70 experts.<\/p>\n\n\n\n<p>En 2021, le groupe AFD a octroy\u00e9 plus de 12,1 milliards d\u2019euros de financement pour la r\u00e9alisation d\u2019environ 1 000 projets \u00e0 fort impact social et environnemental dans les Outre-mer fran\u00e7ais et 115 pays partenaires. Environ 50% de ces financements ont concern\u00e9 le continent africain.<\/p>\n\n\n\n<h2 class=\"wp-block-heading\">Depuis 30 ans aux c\u00f4t\u00e9s de la Tunisie<\/h2>\n\n\n\n<p>Depuis 30 ans, le groupe AFD am\u00e9liore les conditions de vie des Tunisiens et des Tunisiennes. Le champ d\u2019action et les niveaux d\u2019engagement du groupe sont en croissance constante depuis 1992. Depuis 1993, les engagements cumul\u00e9s du groupe atteignent 4 milliards d\u2019euros pour 200 projets soutenus, ainsi r\u00e9partis entre secteur priv\u00e9 (17,5%); eau et assainissement (16,3%); d\u00e9veloppement urbain (15,9%); gouvernance de l\u2019Etat (12,6%)\uf03b \u00e9ducation et formation professionnelle (8,5%)&nbsp;; agriculture et p\u00eache (7,3%); \u00e9nergie (6,8%), transport (5,4%); environnement et la biodiversit\u00e9 (4,7%); sant\u00e9 (4,7%); soci\u00e9t\u00e9 civile (0,3%).<\/p>\n\n\n\n<p>Depuis 2015, Proparco a engag\u00e9 plus de 100 M\u20ac en financement direct en faveur des TPE\/PME tunisiennes : banques et institutions financi\u00e8res (73 M\u20ac); microfinance (30 M\u20ac); \u00e9ducation (1,2 M\u20ac); innovation (1,1 M\u20ac).<\/p>\n\n\n\n<p>A fin 2022, ce sont plus de 50 M\u20ac d\u2019instructions qui sont en cours chez Proparco, avec deux secteurs prioritaires : \u00e9nergies renouvelables (32 M\u20ac); sant\u00e9 (20 M\u20ac).<\/p>\n\n\n\n<p>Enfin, Expertise France en Tunisie cumule des projets en cours d\u2019un montant de 123,7 M\u20ac dans les secteurs de l\u2019entrepreneuriat, des migrations, de la sant\u00e9, du patrimoine et de la r\u00e9duction des in\u00e9galit\u00e9s de genre.<\/p>\n\n\n\n<p>Tous ces engagements sont d\u00e9clin\u00e9s sous une large palette d\u2019outils financiers, compos\u00e9e de pr\u00eats concessionnels, de subventions, de garanties, de participations et de conversions de dettes.<\/p>\n\n\n\n<h2 class=\"wp-block-heading\">Solutions pour la jeunesse et de l\u2019entrepreneuriat<\/h2>\n\n\n\n<p>Le groupe AFD intervient depuis de nombreuses ann\u00e9es pour favoriser la formation de la jeunesse vers des m\u00e9tiers porteurs et les encourager vers l\u2019entrepreneuriat. Ces actions passent par le financement d\u2019\u00e9coles, le soutien \u00e0 l\u2019employabilit\u00e9, le renforcement des dispositifs de cr\u00e9ation d\u2019entreprises et d\u2019accompagnement et par le financement des jeunes pousses et des TPME.<\/p>\n\n\n\n<p>L\u2019ensemble des solutions du Groupe AFD en faveur des entrepreneurs tunisiens est pr\u00e9sent\u00e9 dans la fiche <em>\u00abChoose Africa\u00bb<\/em>, l\u2019initiative qui regroupe sous une m\u00eame marque l\u2019ensemble des outils et des projets en faveur de l\u2019entrepreneuriat en Afrique.<\/p>\n\n\n\n<p>La strat\u00e9gie g\u00e9n\u00e9rale de ces interventions veille \u00e0 assurer un continuum de solutions Groupe AFD :<\/p>\n\n\n\n<p>&#8211; pour contribuer \u00e0 structurer l\u2019\u00e9cosyst\u00e8me; &nbsp;<\/p>\n\n\n\n<p>&#8211; par la formation et l\u2019\u00e9ducation&nbsp;;<\/p>\n\n\n\n<p>&#8211; en accompagnement technique des entrepreneurs;<\/p>\n\n\n\n<p>&#8211; via le financement direct et indirect. &nbsp;<\/p>\n\n\n\n<p>Afin de soutenir les entrepreneurs \u00e0 diff\u00e9rents stades de d\u00e9veloppement de leurs soci\u00e9t\u00e9s :<\/p>\n\n\n\n<p>&#8211; en pr\u00e9-amor\u00e7age et amor\u00e7age de startups;<\/p>\n\n\n\n<p>&#8211; au moment du passage \u00e0 l\u2019\u00e9chelle.<\/p>\n\n\n\n<p>&#8211; puis pour favoriser l\u2019expansion.<\/p>\n\n\n\n<p>Les diff\u00e9rentes \u00e9tapes du d\u00e9placement presse, les 5 et 6 d\u00e9cembre, \u00e0 Tunis et Bizerte, refl\u00e8tent la vari\u00e9t\u00e9 de solutions et la coh\u00e9rence du soutien du Groupe AFD \u00e0 la jeunesse et \u00e0 l\u2019entrepreneuriat&nbsp;:<\/p>\n\n\n\n<p><strong>1. The Dot\u00a0<\/strong>: issu d\u2019une convergence d\u2019objectifs et de visions entre les acteurs publics et priv\u00e9s repr\u00e9sent\u00e9s par le minist\u00e8re des Technologies et de la Communication tunisien, la Fondation Tunisie pour le d\u00e9veloppement, Expertise France et la GIZ. The Dot , premier hub d\u2019innovation digitale est devenu depuis son lancement en 2021, un lieu d\u2019\u00e9change, de partage et de coworking, r\u00e9unissant dans un m\u00eame lieu, acteurs technologiques, op\u00e9rateurs du num\u00e9rique, startups et acteurs publics.<\/p>\n\n\n\n<p><em>Expertise France, au travers du projet Innov\u2019i \u2013 EU4Innovation, appuie la mise en place de ce lieu unique et contribue \u00e0 plus d\u2019un million d\u2019euros \u00e0 son financement.<\/em><\/p>\n\n\n\n<p><strong>2. GoMyCode<\/strong>\u00a0dont la mission est de combler le foss\u00e9 entre l&rsquo;infrastructure \u00e9ducative existante dans la r\u00e9gion et les comp\u00e9tences num\u00e9riques requises sur le march\u00e9 du travail mondial actuel. La soci\u00e9t\u00e9, qui a d\u00e9marr\u00e9 ses activit\u00e9s en Tunisie, est maintenant pr\u00e9sente dans huit pays de la r\u00e9gion Moyen Orient et Afrique. Chaque mois, plus de 1 000 nouveaux \u00e9tudiants s&rsquo;inscrivent \u00e0 l&rsquo;un des 30 cours de GoMyCode dans le but d&rsquo;acqu\u00e9rir des comp\u00e9tences num\u00e9riques tr\u00e8s demand\u00e9es sur le march\u00e9 de l\u2019emploi.<\/p>\n\n\n\n<p><em>Proparco (avec Africinvest, Sawari Ventures et Wamda Capital) soutient depuis f\u00e9vrier 2022 l&rsquo;expansion en Afrique et au Moyen-Orient de la startup tunisienne, gr\u00e2ce \u00e0 une prise de participation de c. 1MUSD.<\/em><\/p>\n\n\n\n<p><strong><em>3. Flat6labs + Dabchy<\/em><\/strong>\u00a0: Flat6labs est une soci\u00e9t\u00e9 de capital-risque \/ amor\u00e7age majeure de la r\u00e9gion MENA. Flat6Labs g\u00e8re aussi des programmes d\u2019incubation et d\u2019acc\u00e9l\u00e9ration dans la r\u00e9gion. L\u2019un des programmes s\u2019intitule Scale Up Tunisia, programme d\u2019acc\u00e9l\u00e9ration pour les start-ups en phase de croissance. Il contribue \u00e0 renforcer et p\u00e9renniser la structuration de l\u2019\u00e9cosyst\u00e8me entrepreneurial en Tunisie.<\/p>\n\n\n\n<p>Scale Up Tunisia a \u00e9t\u00e9 financ\u00e9 \u00e0 travers le projet FAST (Femmes et Acc\u00e9l\u00e9ration pour les Start-ups et TPE), financ\u00e9 par l\u2019Agence fran\u00e7aise de D\u00e9veloppement (AFD) et mis en \u0153uvre par la Caisse des D\u00e9p\u00f4ts et Consignations (CDC) tunisienne, avec l\u2019assistance technique d\u2019Expertise France (Groupe AFD). Flat6Labs est une participation de Sawari ventures, financ\u00e9 par Proparco.<\/p>\n\n\n\n<p>Dabchy est une plateforme de vente en ligne de v\u00eatements d\u2019occasion entre particuliers, la premi\u00e8re du genre en Tunisie. Sur le m\u00eame mod\u00e8le que des acteurs comme Vinted en Europe, Dabchy connecte des vendeurs qui pr\u00e9sentent les articles dont ils souhaitent se s\u00e9parer \u00e0 travers un dressing virtuel, en fixant le prix de vente.<\/p>\n\n\n\n<p><em>Dabchy est incub\u00e9 par Flat6labs \u00e0 travers le programme Scale Up Tunisia, financ\u00e9 par l\u2019AFD. Parall\u00e8lement, Proparco soutient Dabchy directement via un financement Bridge by Digital Africa qui permet \u00e0 de jeunes start-up d&rsquo;obtenir rapidement un financement. Le pr\u00eat d\u2019un montant de 150 000 euros a \u00e9t\u00e9 accord\u00e9 fin 2021.<\/em><\/p>\n\n\n\n<p><strong>4. Enda Tamweel et Souk El Kahina <\/strong>(Boutique du terroir) Enda Tamweel (d\u00e9tenue par l\u2019ONG Enda) est une soci\u00e9t\u00e9 pionni\u00e8re de la microfinance en Tunisie qui d\u00e9tient plus de 80% de part de march\u00e9. Depuis 1995, Enda Tamweel a octroy\u00e9 plus de 2,8 millions de micro-cr\u00e9dits \u00e0 730 000 micro-entrepreneurs. Elle sert actuellement 337 000 micro-entrepreneurs, essentiellement des femmes, aussi bien urbains que ruraux. Enda Tamweel compte pr\u00e8s de 1 700 employ\u00e9s \u00e0 travers le pays. <\/p>\n\n\n\n<p><em>Prenant la suite de l\u2019AFD, Proparco soutient Enda Tamweel, via l\u2019octroi d\u2019un pr\u00eat en monnaie locale \u00e9quivalent \u00e0 8 millions d\u2019euros en 2016, accompagn\u00e9 du co-financement d\u2019une assistance technique pour la d\u00e9finition et le d\u00e9ploiement de sa strat\u00e9gie \u00abgenre\u00bb, visant \u00e0 favoriser l\u2019acc\u00e8s des femmes aux micro-cr\u00e9dits; et une prise de participation d\u2019environ 5,9 millions d\u2019euros dans Enda Tamweel dans le cadre d\u2019une augmentation de capital d\u2019un montant total de 72 millions de dinars (environ 24,3 millions d\u2019euros).<\/em><\/p>\n\n\n\n<p>Souk El Kahina (Boutique du terroir) Souk El Kahina propose un mod\u00e8le de d\u00e9veloppement alternatif bas\u00e9 sur les principes du commerce \u00e9quitable et local, visant \u00e0 soutenir une agriculture durable et responsable afin d\u2019assurer une production, une transformation et une commercialisation durables, permettant de g\u00e9n\u00e9rer des revenus et des emplois d\u00e9cents.<\/p>\n\n\n\n<p>Une convention de partenariat de 4,6 millions d\u2019euros a \u00e9t\u00e9 sign\u00e9e entre la CDC tunisienne et l\u2019AFD en mars 2021. Ce don est destin\u00e9 \u00e0 appuyer des initiatives en faveur de l\u2019entrepreneuriat f\u00e9minin en Tunisie. Il s\u2019inscrit dans le cadre de l\u2019initiative JET (jeunesse, entrepreneuriat et num\u00e9rique en Tunisie).<\/p>\n\n\n\n<p><em>Dans le contexte de cette initiative, et depuis septembre 2018, le partenariat entre l\u2019AFD et la CDC, \u00e0 travers le projet EnLien, a permis d\u2019appuyer cinq initiatives entrepreneuriales, dont Souk El Kahina, initi\u00e9 par Enda (elle-m\u00eame donc financ\u00e9e par Proparco).<\/em><\/p>\n\n\n\n<p><strong><em>5. Ecole nationale d\u2019ing\u00e9nieur de Bizerte (ENIB)<\/em><\/strong>\u00a0: l\u2019objectif de l\u2019ENIB est de former des ing\u00e9nieurs polyvalents dot\u00e9s d\u2019une solide formation scientifique et technique qui se sp\u00e9cialiseront dans l\u2019un des trois domaines suivants : le g\u00e9nie industriel, le g\u00e9nie civil ou le g\u00e9nie m\u00e9canique. Un partenariat acad\u00e9mique et scientifique franco-tunisien s\u2019est mis en place entre l\u2019ENIB et le groupe des \u00c9coles Nationales d\u2019Arts et M\u00e9tiers ParisTech (ENSAM) ainsi que Polytech Clermont Ferrand.<\/p>\n\n\n\n<p>L\u2019ENIB est dimensionn\u00e9e pour pourvoir accueillir plus de 1 000 \u00e9tudiants sur son campus.<\/p>\n\n\n\n<p>Apr\u00e8s une longue exp\u00e9rience dans le financement du secteur de la formation professionnelle, l\u2019AFD a \u00e9tendu son intervention en Tunisie \u00e0 l\u2019enseignement sup\u00e9rieur en soutenant depuis 2021 la construction de cette \u00e9cole d\u2019ing\u00e9nieurs, via un pr\u00eat de 15 millions d\u2019euros. Elle s\u2019est engag\u00e9e dans ce projet aux c\u00f4t\u00e9s de la R\u00e9publique tunisienne.<\/p>\n\n\n\n<p>6. Tunisia Baits&nbsp;: la premi\u00e8re ferme \u00e9cologique de production de vers marins destin\u00e9s aux p\u00eacheurs comme app\u00e2t et aux fermes d&rsquo;\u00e9levages de poisson et de crevettes comme aliment \u00e9cologique. Elle a \u00e9t\u00e9 cr\u00e9\u00e9e en 2019.<\/p>\n\n\n\n<p>Ces vers sont aussi utilis\u00e9s comme indicateur de pollution de s\u00e9diments marins, en raison de leur capacit\u00e9 \u00e0 bio-accumuler les m\u00e9taux lourds tandis qu\u2019ils g\u00e9n\u00e8rent la bioturbation du s\u00e9diment.<\/p>\n\n\n\n<p><em>A travers le projet Enlien, financ\u00e9 par l\u2019AFD et mis en \u0153uvre par la Caisse des D\u00e9p\u00f4ts et des Consignations (CDC) avec l\u2019assistance technique d\u2019Expertise France, le R\u00e9seau Entreprendre a pu accompagner 31 entrepreneurs dont 13 femmes, et 14 startups dont 90% sont d\u00e9j\u00e0 labellis\u00e9es. Dans ce cadre Tunisa Baits a \u00e9galement b\u00e9n\u00e9fici\u00e9 d\u2019un pr\u00eat d\u2019honneur de 30 000 dinars (10 000 euros). <\/em><\/p>\n\n\n\n<p>La diversit\u00e9 de ces exemples d\u2019interventions du Groupe AFD d\u00e9montre la volont\u00e9 d\u2019agir en faveur de l\u2019ensemble de l\u2019\u00e9cosyst\u00e8me tunisien des startups, sur la formation et l\u2019\u00e9ducation, l\u2019amor\u00e7age, et l\u2019investissement direct en faveur de la croissance, \u00e0 travers des investissements directs et indirects ainsi qu\u2019un accompagnement technique sur-mesure.<\/p>\n\n\n\n<p><strong><em>Communiqu\u00e9.<\/em><\/strong><\/p>\n","protected":false},"excerpt":{"rendered":"<p>Le Groupe AFD f\u00eate des 30 ans au service du d\u00e9veloppement et de l&rsquo;entrepreneuriat en Tunisie.<\/p>\n","protected":false},"author":8,"featured_media":5495042,"comment_status":"open","ping_status":"open","sticky":false,"template":"","format":"standard","meta":{"footnotes":""},"categories":[995,2433],"tags":[75408,18828,85282,11586,62643],"class_list":["post-5494974","post","type-post","status-publish","format-standard","has-post-thumbnail","hentry","category-economie","category-tunisie","tag-digital-africa","tag-expertise-france","tag-groupe-afd","tag-proparco","tag-tunisie"],"yoast_head":"<!-- This site is optimized with the Yoast SEO plugin v26.6 - https:\/\/yoast.com\/wordpress\/plugins\/seo\/ -->\n<title>Document\u00a0: le Groupe AFD f\u00eate des 30 ans en Tunisie\u00a0 - Kapitalis<\/title>\n<meta name=\"robots\" content=\"index, follow, max-snippet:-1, max-image-preview:large, max-video-preview:-1\" \/>\n<link rel=\"canonical\" href=\"https:\/\/kapitalis.com\/tunisie\/2022\/12\/05\/document-le-groupe-afd-fete-des-30-ans-en-tunisie\/\" \/>\n<meta property=\"og:locale\" content=\"fr_FR\" \/>\n<meta property=\"og:type\" content=\"article\" \/>\n<meta property=\"og:title\" content=\"Document\u00a0: le Groupe AFD f\u00eate des 30 ans en Tunisie\u00a0 - Kapitalis\" \/>\n<meta property=\"og:description\" content=\"Le Groupe AFD f\u00eate des 30 ans au service du d\u00e9veloppement et de l&#039;entrepreneuriat en Tunisie.\" \/>\n<meta property=\"og:url\" content=\"https:\/\/kapitalis.com\/tunisie\/2022\/12\/05\/document-le-groupe-afd-fete-des-30-ans-en-tunisie\/\" \/>\n<meta property=\"og:site_name\" content=\"Kapitalis\" \/>\n<meta property=\"article:publisher\" content=\"https:\/\/www.facebook.com\/KapitalisInfo\/\" \/>\n<meta property=\"article:published_time\" content=\"2022-12-05T13:07:49+00:00\" \/>\n<meta property=\"article:modified_time\" content=\"2022-12-05T13:07:52+00:00\" \/>\n<meta property=\"og:image\" content=\"https:\/\/kapitalis.com\/tunisie\/wp-content\/uploads\/2022\/12\/AFD-Proparco-Expertise-France.jpg\" \/>\n\t<meta property=\"og:image:width\" content=\"1200\" \/>\n\t<meta property=\"og:image:height\" content=\"630\" \/>\n\t<meta property=\"og:image:type\" content=\"image\/jpeg\" \/>\n<meta name=\"author\" content=\"webmaster kapitalis\" \/>\n<meta name=\"twitter:card\" content=\"summary_large_image\" \/>\n<meta name=\"twitter:creator\" content=\"@KapitalisInfo\" \/>\n<meta name=\"twitter:site\" content=\"@KapitalisInfo\" \/>\n<meta name=\"twitter:label1\" content=\"\u00c9crit par\" \/>\n\t<meta name=\"twitter:data1\" content=\"webmaster kapitalis\" \/>\n\t<meta name=\"twitter:label2\" content=\"Dur\u00e9e de lecture estim\u00e9e\" \/>\n\t<meta name=\"twitter:data2\" content=\"10 minutes\" \/>\n<script type=\"application\/ld+json\" class=\"yoast-schema-graph\">{\"@context\":\"https:\/\/schema.org\",\"@graph\":[{\"@type\":\"Article\",\"@id\":\"https:\/\/kapitalis.com\/tunisie\/2022\/12\/05\/document-le-groupe-afd-fete-des-30-ans-en-tunisie\/#article\",\"isPartOf\":{\"@id\":\"https:\/\/kapitalis.com\/tunisie\/2022\/12\/05\/document-le-groupe-afd-fete-des-30-ans-en-tunisie\/\"},\"author\":{\"name\":\"webmaster kapitalis\",\"@id\":\"https:\/\/kapitalis.com\/tunisie\/#\/schema\/person\/d71f33a9ca44f7bad4698210b480c8e9\"},\"headline\":\"Document\u00a0: le Groupe AFD f\u00eate des 30 ans en Tunisie\u00a0\",\"datePublished\":\"2022-12-05T13:07:49+00:00\",\"dateModified\":\"2022-12-05T13:07:52+00:00\",\"mainEntityOfPage\":{\"@id\":\"https:\/\/kapitalis.com\/tunisie\/2022\/12\/05\/document-le-groupe-afd-fete-des-30-ans-en-tunisie\/\"},\"wordCount\":1985,\"commentCount\":1,\"publisher\":{\"@id\":\"https:\/\/kapitalis.com\/tunisie\/#organization\"},\"image\":{\"@id\":\"https:\/\/kapitalis.com\/tunisie\/2022\/12\/05\/document-le-groupe-afd-fete-des-30-ans-en-tunisie\/#primaryimage\"},\"thumbnailUrl\":\"https:\/\/kapitalis.com\/tunisie\/wp-content\/uploads\/2022\/12\/AFD-Proparco-Expertise-France.jpg\",\"keywords\":[\"Digital Africa\",\"Expertise France\",\"Groupe AFD\",\"Proparco\",\"Tunisie\"],\"articleSection\":[\"ECONOMIE\",\"Tunisie\"],\"inLanguage\":\"fr-FR\",\"potentialAction\":[{\"@type\":\"CommentAction\",\"name\":\"Comment\",\"target\":[\"https:\/\/kapitalis.com\/tunisie\/2022\/12\/05\/document-le-groupe-afd-fete-des-30-ans-en-tunisie\/#respond\"]}]},{\"@type\":\"WebPage\",\"@id\":\"https:\/\/kapitalis.com\/tunisie\/2022\/12\/05\/document-le-groupe-afd-fete-des-30-ans-en-tunisie\/\",\"url\":\"https:\/\/kapitalis.com\/tunisie\/2022\/12\/05\/document-le-groupe-afd-fete-des-30-ans-en-tunisie\/\",\"name\":\"Document\u00a0: le Groupe AFD f\u00eate des 30 ans en Tunisie\u00a0 - Kapitalis\",\"isPartOf\":{\"@id\":\"https:\/\/kapitalis.com\/tunisie\/#website\"},\"primaryImageOfPage\":{\"@id\":\"https:\/\/kapitalis.com\/tunisie\/2022\/12\/05\/document-le-groupe-afd-fete-des-30-ans-en-tunisie\/#primaryimage\"},\"image\":{\"@id\":\"https:\/\/kapitalis.com\/tunisie\/2022\/12\/05\/document-le-groupe-afd-fete-des-30-ans-en-tunisie\/#primaryimage\"},\"thumbnailUrl\":\"https:\/\/kapitalis.com\/tunisie\/wp-content\/uploads\/2022\/12\/AFD-Proparco-Expertise-France.jpg\",\"datePublished\":\"2022-12-05T13:07:49+00:00\",\"dateModified\":\"2022-12-05T13:07:52+00:00\",\"breadcrumb\":{\"@id\":\"https:\/\/kapitalis.com\/tunisie\/2022\/12\/05\/document-le-groupe-afd-fete-des-30-ans-en-tunisie\/#breadcrumb\"},\"inLanguage\":\"fr-FR\",\"potentialAction\":[{\"@type\":\"ReadAction\",\"target\":[\"https:\/\/kapitalis.com\/tunisie\/2022\/12\/05\/document-le-groupe-afd-fete-des-30-ans-en-tunisie\/\"]}]},{\"@type\":\"ImageObject\",\"inLanguage\":\"fr-FR\",\"@id\":\"https:\/\/kapitalis.com\/tunisie\/2022\/12\/05\/document-le-groupe-afd-fete-des-30-ans-en-tunisie\/#primaryimage\",\"url\":\"https:\/\/kapitalis.com\/tunisie\/wp-content\/uploads\/2022\/12\/AFD-Proparco-Expertise-France.jpg\",\"contentUrl\":\"https:\/\/kapitalis.com\/tunisie\/wp-content\/uploads\/2022\/12\/AFD-Proparco-Expertise-France.jpg\",\"width\":1200,\"height\":630},{\"@type\":\"BreadcrumbList\",\"@id\":\"https:\/\/kapitalis.com\/tunisie\/2022\/12\/05\/document-le-groupe-afd-fete-des-30-ans-en-tunisie\/#breadcrumb\",\"itemListElement\":[{\"@type\":\"ListItem\",\"position\":1,\"name\":\"Accueil\",\"item\":\"https:\/\/kapitalis.com\/tunisie\/\"},{\"@type\":\"ListItem\",\"position\":2,\"name\":\"Document\u00a0: le Groupe AFD f\u00eate des 30 ans en Tunisie\u00a0\"}]},{\"@type\":\"WebSite\",\"@id\":\"https:\/\/kapitalis.com\/tunisie\/#website\",\"url\":\"https:\/\/kapitalis.com\/tunisie\/\",\"name\":\"Kapitalis\",\"description\":\"L&#039;actualit\u00e9 en Tunisie et dans le monde\",\"publisher\":{\"@id\":\"https:\/\/kapitalis.com\/tunisie\/#organization\"},\"potentialAction\":[{\"@type\":\"SearchAction\",\"target\":{\"@type\":\"EntryPoint\",\"urlTemplate\":\"https:\/\/kapitalis.com\/tunisie\/?s={search_term_string}\"},\"query-input\":{\"@type\":\"PropertyValueSpecification\",\"valueRequired\":true,\"valueName\":\"search_term_string\"}}],\"inLanguage\":\"fr-FR\"},{\"@type\":\"Organization\",\"@id\":\"https:\/\/kapitalis.com\/tunisie\/#organization\",\"name\":\"Kapitalis\",\"url\":\"https:\/\/kapitalis.com\/tunisie\/\",\"logo\":{\"@type\":\"ImageObject\",\"inLanguage\":\"fr-FR\",\"@id\":\"https:\/\/kapitalis.com\/tunisie\/#\/schema\/logo\/image\/\",\"url\":\"https:\/\/kapitalis.com\/tunisie\/wp-content\/uploads\/2022\/05\/Kapitalis-big-size.png\",\"contentUrl\":\"https:\/\/kapitalis.com\/tunisie\/wp-content\/uploads\/2022\/05\/Kapitalis-big-size.png\",\"width\":5000,\"height\":1500,\"caption\":\"Kapitalis\"},\"image\":{\"@id\":\"https:\/\/kapitalis.com\/tunisie\/#\/schema\/logo\/image\/\"},\"sameAs\":[\"https:\/\/www.facebook.com\/KapitalisInfo\/\",\"https:\/\/x.com\/KapitalisInfo\",\"https:\/\/www.youtube.com\/channel\/UC-yDYrHyfFBWWZaOw3FPg9Q\"]},{\"@type\":\"Person\",\"@id\":\"https:\/\/kapitalis.com\/tunisie\/#\/schema\/person\/d71f33a9ca44f7bad4698210b480c8e9\",\"name\":\"webmaster kapitalis\",\"url\":\"https:\/\/kapitalis.com\/tunisie\/author\/webmaster-kapitalis\/\"}]}<\/script>\n<!-- \/ Yoast SEO plugin. -->","yoast_head_json":{"title":"Document\u00a0: le Groupe AFD f\u00eate des 30 ans en Tunisie\u00a0 - Kapitalis","robots":{"index":"index","follow":"follow","max-snippet":"max-snippet:-1","max-image-preview":"max-image-preview:large","max-video-preview":"max-video-preview:-1"},"canonical":"https:\/\/kapitalis.com\/tunisie\/2022\/12\/05\/document-le-groupe-afd-fete-des-30-ans-en-tunisie\/","og_locale":"fr_FR","og_type":"article","og_title":"Document\u00a0: le Groupe AFD f\u00eate des 30 ans en Tunisie\u00a0 - Kapitalis","og_description":"Le Groupe AFD f\u00eate des 30 ans au service du d\u00e9veloppement et de l'entrepreneuriat en Tunisie.","og_url":"https:\/\/kapitalis.com\/tunisie\/2022\/12\/05\/document-le-groupe-afd-fete-des-30-ans-en-tunisie\/","og_site_name":"Kapitalis","article_publisher":"https:\/\/www.facebook.com\/KapitalisInfo\/","article_published_time":"2022-12-05T13:07:49+00:00","article_modified_time":"2022-12-05T13:07:52+00:00","og_image":[{"width":1200,"height":630,"url":"https:\/\/kapitalis.com\/tunisie\/wp-content\/uploads\/2022\/12\/AFD-Proparco-Expertise-France.jpg","type":"image\/jpeg"}],"author":"webmaster kapitalis","twitter_card":"summary_large_image","twitter_creator":"@KapitalisInfo","twitter_site":"@KapitalisInfo","twitter_misc":{"\u00c9crit par":"webmaster kapitalis","Dur\u00e9e de lecture estim\u00e9e":"10 minutes"},"schema":{"@context":"https:\/\/schema.org","@graph":[{"@type":"Article","@id":"https:\/\/kapitalis.com\/tunisie\/2022\/12\/05\/document-le-groupe-afd-fete-des-30-ans-en-tunisie\/#article","isPartOf":{"@id":"https:\/\/kapitalis.com\/tunisie\/2022\/12\/05\/document-le-groupe-afd-fete-des-30-ans-en-tunisie\/"},"author":{"name":"webmaster kapitalis","@id":"https:\/\/kapitalis.com\/tunisie\/#\/schema\/person\/d71f33a9ca44f7bad4698210b480c8e9"},"headline":"Document\u00a0: le Groupe AFD f\u00eate des 30 ans en Tunisie\u00a0","datePublished":"2022-12-05T13:07:49+00:00","dateModified":"2022-12-05T13:07:52+00:00","mainEntityOfPage":{"@id":"https:\/\/kapitalis.com\/tunisie\/2022\/12\/05\/document-le-groupe-afd-fete-des-30-ans-en-tunisie\/"},"wordCount":1985,"commentCount":1,"publisher":{"@id":"https:\/\/kapitalis.com\/tunisie\/#organization"},"image":{"@id":"https:\/\/kapitalis.com\/tunisie\/2022\/12\/05\/document-le-groupe-afd-fete-des-30-ans-en-tunisie\/#primaryimage"},"thumbnailUrl":"https:\/\/kapitalis.com\/tunisie\/wp-content\/uploads\/2022\/12\/AFD-Proparco-Expertise-France.jpg","keywords":["Digital Africa","Expertise France","Groupe AFD","Proparco","Tunisie"],"articleSection":["ECONOMIE","Tunisie"],"inLanguage":"fr-FR","potentialAction":[{"@type":"CommentAction","name":"Comment","target":["https:\/\/kapitalis.com\/tunisie\/2022\/12\/05\/document-le-groupe-afd-fete-des-30-ans-en-tunisie\/#respond"]}]},{"@type":"WebPage","@id":"https:\/\/kapitalis.com\/tunisie\/2022\/12\/05\/document-le-groupe-afd-fete-des-30-ans-en-tunisie\/","url":"https:\/\/kapitalis.com\/tunisie\/2022\/12\/05\/document-le-groupe-afd-fete-des-30-ans-en-tunisie\/","name":"Document\u00a0: le Groupe AFD f\u00eate des 30 ans en Tunisie\u00a0 - Kapitalis","isPartOf":{"@id":"https:\/\/kapitalis.com\/tunisie\/#website"},"primaryImageOfPage":{"@id":"https:\/\/kapitalis.com\/tunisie\/2022\/12\/05\/document-le-groupe-afd-fete-des-30-ans-en-tunisie\/#primaryimage"},"image":{"@id":"https:\/\/kapitalis.com\/tunisie\/2022\/12\/05\/document-le-groupe-afd-fete-des-30-ans-en-tunisie\/#primaryimage"},"thumbnailUrl":"https:\/\/kapitalis.com\/tunisie\/wp-content\/uploads\/2022\/12\/AFD-Proparco-Expertise-France.jpg","datePublished":"2022-12-05T13:07:49+00:00","dateModified":"2022-12-05T13:07:52+00:00","breadcrumb":{"@id":"https:\/\/kapitalis.com\/tunisie\/2022\/12\/05\/document-le-groupe-afd-fete-des-30-ans-en-tunisie\/#breadcrumb"},"inLanguage":"fr-FR","potentialAction":[{"@type":"ReadAction","target":["https:\/\/kapitalis.com\/tunisie\/2022\/12\/05\/document-le-groupe-afd-fete-des-30-ans-en-tunisie\/"]}]},{"@type":"ImageObject","inLanguage":"fr-FR","@id":"https:\/\/kapitalis.com\/tunisie\/2022\/12\/05\/document-le-groupe-afd-fete-des-30-ans-en-tunisie\/#primaryimage","url":"https:\/\/kapitalis.com\/tunisie\/wp-content\/uploads\/2022\/12\/AFD-Proparco-Expertise-France.jpg","contentUrl":"https:\/\/kapitalis.com\/tunisie\/wp-content\/uploads\/2022\/12\/AFD-Proparco-Expertise-France.jpg","width":1200,"height":630},{"@type":"BreadcrumbList","@id":"https:\/\/kapitalis.com\/tunisie\/2022\/12\/05\/document-le-groupe-afd-fete-des-30-ans-en-tunisie\/#breadcrumb","itemListElement":[{"@type":"ListItem","position":1,"name":"Accueil","item":"https:\/\/kapitalis.com\/tunisie\/"},{"@type":"ListItem","position":2,"name":"Document\u00a0: le Groupe AFD f\u00eate des 30 ans en Tunisie\u00a0"}]},{"@type":"WebSite","@id":"https:\/\/kapitalis.com\/tunisie\/#website","url":"https:\/\/kapitalis.com\/tunisie\/","name":"Kapitalis","description":"L&#039;actualit\u00e9 en Tunisie et dans le monde","publisher":{"@id":"https:\/\/kapitalis.com\/tunisie\/#organization"},"potentialAction":[{"@type":"SearchAction","target":{"@type":"EntryPoint","urlTemplate":"https:\/\/kapitalis.com\/tunisie\/?s={search_term_string}"},"query-input":{"@type":"PropertyValueSpecification","valueRequired":true,"valueName":"search_term_string"}}],"inLanguage":"fr-FR"},{"@type":"Organization","@id":"https:\/\/kapitalis.com\/tunisie\/#organization","name":"Kapitalis","url":"https:\/\/kapitalis.com\/tunisie\/","logo":{"@type":"ImageObject","inLanguage":"fr-FR","@id":"https:\/\/kapitalis.com\/tunisie\/#\/schema\/logo\/image\/","url":"https:\/\/kapitalis.com\/tunisie\/wp-content\/uploads\/2022\/05\/Kapitalis-big-size.png","contentUrl":"https:\/\/kapitalis.com\/tunisie\/wp-content\/uploads\/2022\/05\/Kapitalis-big-size.png","width":5000,"height":1500,"caption":"Kapitalis"},"image":{"@id":"https:\/\/kapitalis.com\/tunisie\/#\/schema\/logo\/image\/"},"sameAs":["https:\/\/www.facebook.com\/KapitalisInfo\/","https:\/\/x.com\/KapitalisInfo","https:\/\/www.youtube.com\/channel\/UC-yDYrHyfFBWWZaOw3FPg9Q"]},{"@type":"Person","@id":"https:\/\/kapitalis.com\/tunisie\/#\/schema\/person\/d71f33a9ca44f7bad4698210b480c8e9","name":"webmaster kapitalis","url":"https:\/\/kapitalis.com\/tunisie\/author\/webmaster-kapitalis\/"}]}},"_links":{"self":[{"href":"https:\/\/kapitalis.com\/tunisie\/wp-json\/wp\/v2\/posts\/5494974","targetHints":{"allow":["GET"]}}],"collection":[{"href":"https:\/\/kapitalis.com\/tunisie\/wp-json\/wp\/v2\/posts"}],"about":[{"href":"https:\/\/kapitalis.com\/tunisie\/wp-json\/wp\/v2\/types\/post"}],"author":[{"embeddable":true,"href":"https:\/\/kapitalis.com\/tunisie\/wp-json\/wp\/v2\/users\/8"}],"replies":[{"embeddable":true,"href":"https:\/\/kapitalis.com\/tunisie\/wp-json\/wp\/v2\/comments?post=5494974"}],"version-history":[{"count":1,"href":"https:\/\/kapitalis.com\/tunisie\/wp-json\/wp\/v2\/posts\/5494974\/revisions"}],"predecessor-version":[{"id":5495049,"href":"https:\/\/kapitalis.com\/tunisie\/wp-json\/wp\/v2\/posts\/5494974\/revisions\/5495049"}],"wp:featuredmedia":[{"embeddable":true,"href":"https:\/\/kapitalis.com\/tunisie\/wp-json\/wp\/v2\/media\/5495042"}],"wp:attachment":[{"href":"https:\/\/kapitalis.com\/tunisie\/wp-json\/wp\/v2\/media?parent=5494974"}],"wp:term":[{"taxonomy":"category","embeddable":true,"href":"https:\/\/kapitalis.com\/tunisie\/wp-json\/wp\/v2\/categories?post=5494974"},{"taxonomy":"post_tag","embeddable":true,"href":"https:\/\/kapitalis.com\/tunisie\/wp-json\/wp\/v2\/tags?post=5494974"}],"curies":[{"name":"wp","href":"https:\/\/api.w.org\/{rel}","templated":true}]}}