{"id":55189,"date":"2016-06-23T10:20:17","date_gmt":"2016-06-23T09:20:17","guid":{"rendered":"http:\/\/kapitalis.com\/tunisie\/?p=55189"},"modified":"2016-06-23T10:21:04","modified_gmt":"2016-06-23T09:21:04","slug":"hamma-hammami-pour-un-gouvernement-de-salut-national","status":"publish","type":"post","link":"https:\/\/kapitalis.com\/tunisie\/2016\/06\/23\/hamma-hammami-pour-un-gouvernement-de-salut-national\/","title":{"rendered":"Hamma Hammami pour un gouvernement de salut national"},"content":{"rendered":"<p><img loading=\"lazy\" decoding=\"async\" class=\"alignnone size-full wp-image-55190 aligncenter\" src=\"http:\/\/kapitalis.com\/tunisie\/wp-content\/uploads\/2016\/06\/Hamma-Hammami-Ban.jpg\" alt=\"Hamma-Hammami-Ban\" width=\"626\" height=\"380\" \/><\/p>\n<p><em><strong>Le contraire nous aurait \u00e9tonn\u00e9s : Le Front populaire (FP) ne participera pas aux concertations pour la formation d&rsquo;un gouvernement d&rsquo;union nationale.<\/strong><\/em><\/p>\n<p><!--more--><\/p>\n<p>Le porte-parole du FP, Hamma Hammami, avait exprim\u00e9, vendredi dernier, la disposition de cette coalition de partis de gauche \u00e0 contribuer \u00e0 la d\u00e9finition d\u2019un plan d\u2019action pour surmonter la situation difficile que traverse le pays. Mais bien qu\u2019il ait affich\u00e9 son soutien \u00e0 l\u2019initiative pr\u00e9sidentielle en faveur de la formation d\u2019un gouvernement d\u2019union nationale, y voyant surtout un aveu d\u2019\u00e9chec du gouvernement Habib Essid, en place depuis janvier 2015, le FP a annonc\u00e9, mercredi, qu\u2019il ne prendra pas aux r\u00e9unions de concertation pour la concr\u00e9tisation de cette initiative.<\/p>\n<p>Dans une d\u00e9claration aux m\u00e9dias, M. Hammami a qualifi\u00e9 l\u2019initiative pr\u00e9sidentielle d\u2019\u00abimprovis\u00e9e, formelle et inconstitutionnelle\u00bb. Elle a pour finalit\u00e9 de mettre de l\u2019ordre au sein de la coalition au pouvoir (Nidaa Tounes, Ennahdha, UPL et Afek Tounes) et plus particuli\u00e8rement au sein de Nidaa Tounes et d\u2019en \u00e9largir la base, a-t-il affirm\u00e9. Elle vise aussi, selon lui, \u00e0 mettre en place les conditions sociopolitiques n\u00e9cessaires pour imposer au peuple tunisien les diktats des institutions financi\u00e8res internationales.<\/p>\n<p><em>\u00abLe plan de travail propos\u00e9 et le dialogue marathonien engag\u00e9 ne peuvent qu\u2019aboutir \u00e0 un dialogue formel dont les r\u00e9sultats sont pr\u00e9alablement connus\u00bb<\/em>, a-t-il aussi affirm\u00e9.<\/p>\n<p>De surcro\u00eet, l\u2019initiative pr\u00e9sidentielle est anticonstitutionnelle, dans la mesure o\u00f9 les partis de la coalition au pouvoir auraient d\u00fb la soumettre cette initiative au parlement, a-t-il ajout\u00e9.<\/p>\n<p>Le document \u00e9labor\u00e9 par la pr\u00e9sidence de la r\u00e9publique n\u2019a pas propos\u00e9 une alternative aux orientations qui ont \u00e9t\u00e9 \u00e0 l\u2019origine m\u00eame de la crise, a encore soulign\u00e9 M. Hammami.<\/p>\n<p>Le porte-parole du Front populaire a, par ailleurs, r\u00e9it\u00e9r\u00e9 son appel pour la constitution d\u2019un gouvernement de salut national qui, a-t-il expliqu\u00e9, doit pr\u00e9voir des mesures et des orientations en rupture avec les choix et programmes qui ont d\u00e9j\u00e0 \u00e9chou\u00e9. C\u2019est le seul moyen, selon lui, pour reconstruire le pays et le sortir de la crise o\u00f9 il se morfond actuellement.<\/p>\n<p>R\u00e9agissant \u00e0 l\u2019absence du FP de la r\u00e9union de concertation sur le processus de formation d\u2019un gouvernement d\u2019union nationale, mercredi, au Palais de Carthage, le pr\u00e9sident de la r\u00e9publique B\u00e9ji Ca\u00efd Essebsi a fait part de son regret, ajoutant qu\u2019il s\u2019est entretenu longuement avec les repr\u00e9sentants du Front et <em>\u00abils avaient l\u2019air convaincu du projet et engag\u00e9 \u00e0 poursuivre les concertations\u00bb<\/em>, a-t-il pr\u00e9cis\u00e9. <em>\u00abNous regrettons profond\u00e9ment l&rsquo;absence du FP dont nous respectons la d\u00e9cision\u00bb<\/em>, a-t-il ajout\u00e9.<\/p>\n<p style=\"text-align: right;\"><strong>I. B.<\/strong> (avec Tap).<\/p>\n","protected":false},"excerpt":{"rendered":"<p>Le contraire nous aurait \u00e9tonn\u00e9s : Le Front populaire (FP) ne participera pas aux concertations pour la formation d&rsquo;un gouvernement d&rsquo;union nationale.<\/p>\n","protected":false},"author":8,"featured_media":55190,"comment_status":"open","ping_status":"open","sticky":false,"template":"","format":"standard","meta":{"footnotes":""},"categories":[997,2433],"tags":[399,14260,435,437],"class_list":["post-55189","post","type-post","status-publish","format-standard","has-post-thumbnail","hentry","category-politique","category-tunisie","tag-front-populaire","tag-gouvernement-dunion-nationale","tag-habib-essid","tag-hamma-hammami"],"yoast_head":"<!-- This site is optimized with the Yoast SEO plugin v26.6 - https:\/\/yoast.com\/wordpress\/plugins\/seo\/ -->\n<title>Hamma Hammami pour un gouvernement de salut national - Kapitalis<\/title>\n<meta name=\"robots\" content=\"index, follow, max-snippet:-1, max-image-preview:large, max-video-preview:-1\" \/>\n<link rel=\"canonical\" href=\"https:\/\/kapitalis.com\/tunisie\/2016\/06\/23\/hamma-hammami-pour-un-gouvernement-de-salut-national\/\" \/>\n<meta property=\"og:locale\" content=\"fr_FR\" \/>\n<meta property=\"og:type\" content=\"article\" \/>\n<meta property=\"og:title\" content=\"Hamma Hammami pour un gouvernement de salut national - Kapitalis\" \/>\n<meta property=\"og:description\" content=\"Le contraire nous aurait \u00e9tonn\u00e9s : Le Front populaire (FP) ne participera pas aux concertations pour la formation d&rsquo;un gouvernement d&rsquo;union nationale.\" \/>\n<meta property=\"og:url\" content=\"https:\/\/kapitalis.com\/tunisie\/2016\/06\/23\/hamma-hammami-pour-un-gouvernement-de-salut-national\/\" \/>\n<meta property=\"og:site_name\" content=\"Kapitalis\" \/>\n<meta property=\"article:publisher\" content=\"https:\/\/www.facebook.com\/KapitalisInfo\/\" \/>\n<meta property=\"article:published_time\" content=\"2016-06-23T09:20:17+00:00\" \/>\n<meta property=\"article:modified_time\" content=\"2016-06-23T09:21:04+00:00\" \/>\n<meta property=\"og:image\" content=\"https:\/\/kapitalis.com\/tunisie\/wp-content\/uploads\/2022\/05\/kapitalis-logo-fb.png\" \/>\n\t<meta property=\"og:image:width\" content=\"1200\" \/>\n\t<meta property=\"og:image:height\" content=\"630\" \/>\n\t<meta property=\"og:image:type\" content=\"image\/png\" \/>\n<meta name=\"author\" content=\"webmaster kapitalis\" \/>\n<meta name=\"twitter:card\" content=\"summary_large_image\" \/>\n<meta name=\"twitter:creator\" content=\"@KapitalisInfo\" \/>\n<meta name=\"twitter:site\" content=\"@KapitalisInfo\" \/>\n<meta name=\"twitter:label1\" content=\"\u00c9crit par\" \/>\n\t<meta name=\"twitter:data1\" content=\"webmaster kapitalis\" \/>\n\t<meta name=\"twitter:label2\" content=\"Dur\u00e9e de lecture estim\u00e9e\" \/>\n\t<meta name=\"twitter:data2\" content=\"2 minutes\" \/>\n<script type=\"application\/ld+json\" class=\"yoast-schema-graph\">{\"@context\":\"https:\/\/schema.org\",\"@graph\":[{\"@type\":\"Article\",\"@id\":\"https:\/\/kapitalis.com\/tunisie\/2016\/06\/23\/hamma-hammami-pour-un-gouvernement-de-salut-national\/#article\",\"isPartOf\":{\"@id\":\"https:\/\/kapitalis.com\/tunisie\/2016\/06\/23\/hamma-hammami-pour-un-gouvernement-de-salut-national\/\"},\"author\":{\"name\":\"webmaster kapitalis\",\"@id\":\"https:\/\/kapitalis.com\/tunisie\/#\/schema\/person\/d71f33a9ca44f7bad4698210b480c8e9\"},\"headline\":\"Hamma Hammami pour un gouvernement de salut national\",\"datePublished\":\"2016-06-23T09:20:17+00:00\",\"dateModified\":\"2016-06-23T09:21:04+00:00\",\"mainEntityOfPage\":{\"@id\":\"https:\/\/kapitalis.com\/tunisie\/2016\/06\/23\/hamma-hammami-pour-un-gouvernement-de-salut-national\/\"},\"wordCount\":466,\"commentCount\":3,\"publisher\":{\"@id\":\"https:\/\/kapitalis.com\/tunisie\/#organization\"},\"image\":{\"@id\":\"https:\/\/kapitalis.com\/tunisie\/2016\/06\/23\/hamma-hammami-pour-un-gouvernement-de-salut-national\/#primaryimage\"},\"thumbnailUrl\":\"\",\"keywords\":[\"Front populaire\",\"gouvernement d'union nationale\",\"Habib Essid\",\"Hamma Hammami\"],\"articleSection\":[\"POLITIQUE\",\"Tunisie\"],\"inLanguage\":\"fr-FR\",\"potentialAction\":[{\"@type\":\"CommentAction\",\"name\":\"Comment\",\"target\":[\"https:\/\/kapitalis.com\/tunisie\/2016\/06\/23\/hamma-hammami-pour-un-gouvernement-de-salut-national\/#respond\"]}]},{\"@type\":\"WebPage\",\"@id\":\"https:\/\/kapitalis.com\/tunisie\/2016\/06\/23\/hamma-hammami-pour-un-gouvernement-de-salut-national\/\",\"url\":\"https:\/\/kapitalis.com\/tunisie\/2016\/06\/23\/hamma-hammami-pour-un-gouvernement-de-salut-national\/\",\"name\":\"Hamma Hammami pour un gouvernement de salut national - Kapitalis\",\"isPartOf\":{\"@id\":\"https:\/\/kapitalis.com\/tunisie\/#website\"},\"primaryImageOfPage\":{\"@id\":\"https:\/\/kapitalis.com\/tunisie\/2016\/06\/23\/hamma-hammami-pour-un-gouvernement-de-salut-national\/#primaryimage\"},\"image\":{\"@id\":\"https:\/\/kapitalis.com\/tunisie\/2016\/06\/23\/hamma-hammami-pour-un-gouvernement-de-salut-national\/#primaryimage\"},\"thumbnailUrl\":\"\",\"datePublished\":\"2016-06-23T09:20:17+00:00\",\"dateModified\":\"2016-06-23T09:21:04+00:00\",\"breadcrumb\":{\"@id\":\"https:\/\/kapitalis.com\/tunisie\/2016\/06\/23\/hamma-hammami-pour-un-gouvernement-de-salut-national\/#breadcrumb\"},\"inLanguage\":\"fr-FR\",\"potentialAction\":[{\"@type\":\"ReadAction\",\"target\":[\"https:\/\/kapitalis.com\/tunisie\/2016\/06\/23\/hamma-hammami-pour-un-gouvernement-de-salut-national\/\"]}]},{\"@type\":\"ImageObject\",\"inLanguage\":\"fr-FR\",\"@id\":\"https:\/\/kapitalis.com\/tunisie\/2016\/06\/23\/hamma-hammami-pour-un-gouvernement-de-salut-national\/#primaryimage\",\"url\":\"\",\"contentUrl\":\"\"},{\"@type\":\"BreadcrumbList\",\"@id\":\"https:\/\/kapitalis.com\/tunisie\/2016\/06\/23\/hamma-hammami-pour-un-gouvernement-de-salut-national\/#breadcrumb\",\"itemListElement\":[{\"@type\":\"ListItem\",\"position\":1,\"name\":\"Accueil\",\"item\":\"https:\/\/kapitalis.com\/tunisie\/\"},{\"@type\":\"ListItem\",\"position\":2,\"name\":\"Hamma Hammami pour un gouvernement de salut national\"}]},{\"@type\":\"WebSite\",\"@id\":\"https:\/\/kapitalis.com\/tunisie\/#website\",\"url\":\"https:\/\/kapitalis.com\/tunisie\/\",\"name\":\"Kapitalis\",\"description\":\"L&#039;actualit\u00e9 en Tunisie et dans le monde\",\"publisher\":{\"@id\":\"https:\/\/kapitalis.com\/tunisie\/#organization\"},\"potentialAction\":[{\"@type\":\"SearchAction\",\"target\":{\"@type\":\"EntryPoint\",\"urlTemplate\":\"https:\/\/kapitalis.com\/tunisie\/?s={search_term_string}\"},\"query-input\":{\"@type\":\"PropertyValueSpecification\",\"valueRequired\":true,\"valueName\":\"search_term_string\"}}],\"inLanguage\":\"fr-FR\"},{\"@type\":\"Organization\",\"@id\":\"https:\/\/kapitalis.com\/tunisie\/#organization\",\"name\":\"Kapitalis\",\"url\":\"https:\/\/kapitalis.com\/tunisie\/\",\"logo\":{\"@type\":\"ImageObject\",\"inLanguage\":\"fr-FR\",\"@id\":\"https:\/\/kapitalis.com\/tunisie\/#\/schema\/logo\/image\/\",\"url\":\"https:\/\/kapitalis.com\/tunisie\/wp-content\/uploads\/2022\/05\/Kapitalis-big-size.png\",\"contentUrl\":\"https:\/\/kapitalis.com\/tunisie\/wp-content\/uploads\/2022\/05\/Kapitalis-big-size.png\",\"width\":5000,\"height\":1500,\"caption\":\"Kapitalis\"},\"image\":{\"@id\":\"https:\/\/kapitalis.com\/tunisie\/#\/schema\/logo\/image\/\"},\"sameAs\":[\"https:\/\/www.facebook.com\/KapitalisInfo\/\",\"https:\/\/x.com\/KapitalisInfo\",\"https:\/\/www.youtube.com\/channel\/UC-yDYrHyfFBWWZaOw3FPg9Q\"]},{\"@type\":\"Person\",\"@id\":\"https:\/\/kapitalis.com\/tunisie\/#\/schema\/person\/d71f33a9ca44f7bad4698210b480c8e9\",\"name\":\"webmaster kapitalis\",\"url\":\"https:\/\/kapitalis.com\/tunisie\/author\/webmaster-kapitalis\/\"}]}<\/script>\n<!-- \/ Yoast SEO plugin. -->","yoast_head_json":{"title":"Hamma Hammami pour un gouvernement de salut national - Kapitalis","robots":{"index":"index","follow":"follow","max-snippet":"max-snippet:-1","max-image-preview":"max-image-preview:large","max-video-preview":"max-video-preview:-1"},"canonical":"https:\/\/kapitalis.com\/tunisie\/2016\/06\/23\/hamma-hammami-pour-un-gouvernement-de-salut-national\/","og_locale":"fr_FR","og_type":"article","og_title":"Hamma Hammami pour un gouvernement de salut national - Kapitalis","og_description":"Le contraire nous aurait \u00e9tonn\u00e9s : Le Front populaire (FP) ne participera pas aux concertations pour la formation d&rsquo;un gouvernement d&rsquo;union nationale.","og_url":"https:\/\/kapitalis.com\/tunisie\/2016\/06\/23\/hamma-hammami-pour-un-gouvernement-de-salut-national\/","og_site_name":"Kapitalis","article_publisher":"https:\/\/www.facebook.com\/KapitalisInfo\/","article_published_time":"2016-06-23T09:20:17+00:00","article_modified_time":"2016-06-23T09:21:04+00:00","og_image":[{"width":1200,"height":630,"url":"https:\/\/kapitalis.com\/tunisie\/wp-content\/uploads\/2022\/05\/kapitalis-logo-fb.png","type":"image\/png"}],"author":"webmaster kapitalis","twitter_card":"summary_large_image","twitter_creator":"@KapitalisInfo","twitter_site":"@KapitalisInfo","twitter_misc":{"\u00c9crit par":"webmaster kapitalis","Dur\u00e9e de lecture estim\u00e9e":"2 minutes"},"schema":{"@context":"https:\/\/schema.org","@graph":[{"@type":"Article","@id":"https:\/\/kapitalis.com\/tunisie\/2016\/06\/23\/hamma-hammami-pour-un-gouvernement-de-salut-national\/#article","isPartOf":{"@id":"https:\/\/kapitalis.com\/tunisie\/2016\/06\/23\/hamma-hammami-pour-un-gouvernement-de-salut-national\/"},"author":{"name":"webmaster kapitalis","@id":"https:\/\/kapitalis.com\/tunisie\/#\/schema\/person\/d71f33a9ca44f7bad4698210b480c8e9"},"headline":"Hamma Hammami pour un gouvernement de salut national","datePublished":"2016-06-23T09:20:17+00:00","dateModified":"2016-06-23T09:21:04+00:00","mainEntityOfPage":{"@id":"https:\/\/kapitalis.com\/tunisie\/2016\/06\/23\/hamma-hammami-pour-un-gouvernement-de-salut-national\/"},"wordCount":466,"commentCount":3,"publisher":{"@id":"https:\/\/kapitalis.com\/tunisie\/#organization"},"image":{"@id":"https:\/\/kapitalis.com\/tunisie\/2016\/06\/23\/hamma-hammami-pour-un-gouvernement-de-salut-national\/#primaryimage"},"thumbnailUrl":"","keywords":["Front populaire","gouvernement d'union nationale","Habib Essid","Hamma Hammami"],"articleSection":["POLITIQUE","Tunisie"],"inLanguage":"fr-FR","potentialAction":[{"@type":"CommentAction","name":"Comment","target":["https:\/\/kapitalis.com\/tunisie\/2016\/06\/23\/hamma-hammami-pour-un-gouvernement-de-salut-national\/#respond"]}]},{"@type":"WebPage","@id":"https:\/\/kapitalis.com\/tunisie\/2016\/06\/23\/hamma-hammami-pour-un-gouvernement-de-salut-national\/","url":"https:\/\/kapitalis.com\/tunisie\/2016\/06\/23\/hamma-hammami-pour-un-gouvernement-de-salut-national\/","name":"Hamma Hammami pour un gouvernement de salut national - Kapitalis","isPartOf":{"@id":"https:\/\/kapitalis.com\/tunisie\/#website"},"primaryImageOfPage":{"@id":"https:\/\/kapitalis.com\/tunisie\/2016\/06\/23\/hamma-hammami-pour-un-gouvernement-de-salut-national\/#primaryimage"},"image":{"@id":"https:\/\/kapitalis.com\/tunisie\/2016\/06\/23\/hamma-hammami-pour-un-gouvernement-de-salut-national\/#primaryimage"},"thumbnailUrl":"","datePublished":"2016-06-23T09:20:17+00:00","dateModified":"2016-06-23T09:21:04+00:00","breadcrumb":{"@id":"https:\/\/kapitalis.com\/tunisie\/2016\/06\/23\/hamma-hammami-pour-un-gouvernement-de-salut-national\/#breadcrumb"},"inLanguage":"fr-FR","potentialAction":[{"@type":"ReadAction","target":["https:\/\/kapitalis.com\/tunisie\/2016\/06\/23\/hamma-hammami-pour-un-gouvernement-de-salut-national\/"]}]},{"@type":"ImageObject","inLanguage":"fr-FR","@id":"https:\/\/kapitalis.com\/tunisie\/2016\/06\/23\/hamma-hammami-pour-un-gouvernement-de-salut-national\/#primaryimage","url":"","contentUrl":""},{"@type":"BreadcrumbList","@id":"https:\/\/kapitalis.com\/tunisie\/2016\/06\/23\/hamma-hammami-pour-un-gouvernement-de-salut-national\/#breadcrumb","itemListElement":[{"@type":"ListItem","position":1,"name":"Accueil","item":"https:\/\/kapitalis.com\/tunisie\/"},{"@type":"ListItem","position":2,"name":"Hamma Hammami pour un gouvernement de salut national"}]},{"@type":"WebSite","@id":"https:\/\/kapitalis.com\/tunisie\/#website","url":"https:\/\/kapitalis.com\/tunisie\/","name":"Kapitalis","description":"L&#039;actualit\u00e9 en Tunisie et dans le monde","publisher":{"@id":"https:\/\/kapitalis.com\/tunisie\/#organization"},"potentialAction":[{"@type":"SearchAction","target":{"@type":"EntryPoint","urlTemplate":"https:\/\/kapitalis.com\/tunisie\/?s={search_term_string}"},"query-input":{"@type":"PropertyValueSpecification","valueRequired":true,"valueName":"search_term_string"}}],"inLanguage":"fr-FR"},{"@type":"Organization","@id":"https:\/\/kapitalis.com\/tunisie\/#organization","name":"Kapitalis","url":"https:\/\/kapitalis.com\/tunisie\/","logo":{"@type":"ImageObject","inLanguage":"fr-FR","@id":"https:\/\/kapitalis.com\/tunisie\/#\/schema\/logo\/image\/","url":"https:\/\/kapitalis.com\/tunisie\/wp-content\/uploads\/2022\/05\/Kapitalis-big-size.png","contentUrl":"https:\/\/kapitalis.com\/tunisie\/wp-content\/uploads\/2022\/05\/Kapitalis-big-size.png","width":5000,"height":1500,"caption":"Kapitalis"},"image":{"@id":"https:\/\/kapitalis.com\/tunisie\/#\/schema\/logo\/image\/"},"sameAs":["https:\/\/www.facebook.com\/KapitalisInfo\/","https:\/\/x.com\/KapitalisInfo","https:\/\/www.youtube.com\/channel\/UC-yDYrHyfFBWWZaOw3FPg9Q"]},{"@type":"Person","@id":"https:\/\/kapitalis.com\/tunisie\/#\/schema\/person\/d71f33a9ca44f7bad4698210b480c8e9","name":"webmaster kapitalis","url":"https:\/\/kapitalis.com\/tunisie\/author\/webmaster-kapitalis\/"}]}},"_links":{"self":[{"href":"https:\/\/kapitalis.com\/tunisie\/wp-json\/wp\/v2\/posts\/55189","targetHints":{"allow":["GET"]}}],"collection":[{"href":"https:\/\/kapitalis.com\/tunisie\/wp-json\/wp\/v2\/posts"}],"about":[{"href":"https:\/\/kapitalis.com\/tunisie\/wp-json\/wp\/v2\/types\/post"}],"author":[{"embeddable":true,"href":"https:\/\/kapitalis.com\/tunisie\/wp-json\/wp\/v2\/users\/8"}],"replies":[{"embeddable":true,"href":"https:\/\/kapitalis.com\/tunisie\/wp-json\/wp\/v2\/comments?post=55189"}],"version-history":[{"count":0,"href":"https:\/\/kapitalis.com\/tunisie\/wp-json\/wp\/v2\/posts\/55189\/revisions"}],"wp:featuredmedia":[{"embeddable":true,"href":"https:\/\/kapitalis.com\/tunisie\/wp-json\/wp\/v2\/media\/55190"}],"wp:attachment":[{"href":"https:\/\/kapitalis.com\/tunisie\/wp-json\/wp\/v2\/media?parent=55189"}],"wp:term":[{"taxonomy":"category","embeddable":true,"href":"https:\/\/kapitalis.com\/tunisie\/wp-json\/wp\/v2\/categories?post=55189"},{"taxonomy":"post_tag","embeddable":true,"href":"https:\/\/kapitalis.com\/tunisie\/wp-json\/wp\/v2\/tags?post=55189"}],"curies":[{"name":"wp","href":"https:\/\/api.w.org\/{rel}","templated":true}]}}