{"id":552347,"date":"2022-05-12T13:16:31","date_gmt":"2022-05-12T11:16:31","guid":{"rendered":"https:\/\/kapitalis.com\/tunisie\/?p=552347"},"modified":"2022-05-12T13:16:35","modified_gmt":"2022-05-12T11:16:35","slug":"le-cineaste-libanais-ghassen-salhab-presente-son-film-the-river-a-tunis","status":"publish","type":"post","link":"https:\/\/kapitalis.com\/tunisie\/2022\/05\/12\/le-cineaste-libanais-ghassen-salhab-presente-son-film-the-river-a-tunis\/","title":{"rendered":"Le cin\u00e9aste libanais Ghassen Salhab pr\u00e9sente son film \u00ab\u00a0The river\u00a0\u00bb \u00e0 Tunis"},"content":{"rendered":"\n<p><em><strong>Le Cin\u00e9Madart \u00e0 Carthage accueillera le samedi 14 mai le cin\u00e9aste libanais Ghassen Salhab dans le cadre d\u2019une projection-d\u00e9bat de son film \u00ab\u00a0The river\u00a0\u00bb.<\/strong><\/em><\/p>\n\n\n\n<!--more-->\n\n\n\n<p>Connu pour avoir r\u00e9alis\u00e9 des films comme \u00ab&nbsp;Beyrouth fant\u00f4me&nbsp;\u00bb (1998), \u00ab&nbsp;Terra incognita&nbsp;\u00bb (2022) ou encore \u00ab&nbsp;La vall\u00e9e&nbsp;\u00bb (2014), le r\u00e9alisateur, \u00e9crivain et critique libanais Ghassen Salhab a r\u00e9cemment sorti son 8<sup>e<\/sup> long-m\u00e9trage intitul\u00e9 \u00ab&nbsp;The river&nbsp;\u00bb (La rivi\u00e8re) ayant \u00e9t\u00e9 s\u00e9lectionn\u00e9 notamment au Festival international du Film de Locarno o\u00f9 il a remport\u00e9 la mention sp\u00e9ciale du jury.<\/p>\n\n\n\n<p>Le film sera pr\u00e9sent\u00e9 lors d\u2019une projection sp\u00e9ciale \u00e0 l\u2019espace Madart en pr\u00e9sence du cin\u00e9aste qui sera pr\u00e9sent pour une s\u00e9ance de d\u00e9bat avec le public cin\u00e9phile tunisien autour de sa derni\u00e8re \u0153uvre.<\/p>\n\n\n\n<p>Le film raconte l\u2019histoire d\u2019une femme et d\u2019un homme s\u2019appr\u00eatent \u00e0 quitter un restaurant situ\u00e9 au c\u0153ur d\u2019une montagne libanaise, mais des avions de chasse qui volent \u00e0 basse altitude les surprennent. Une nouvelle guerre semble en effet \u00e9clater au loin.<\/p>\n\n\n\n<p class=\"has-text-align-right\"><strong>F.B<\/strong><\/p>\n","protected":false},"excerpt":{"rendered":"<p>Le Cin\u00e9Madart \u00e0 Carthage accueillera le samedi 14 mai le cin\u00e9aste libanais Ghassen Salhab dans le cadre d\u2019une projection-d\u00e9bat de son film \u00ab\u00a0The river\u00a0\u00bb.<\/p>\n","protected":false},"author":26,"featured_media":553438,"comment_status":"open","ping_status":"open","sticky":false,"template":"","format":"standard","meta":{"footnotes":""},"categories":[994,2433],"tags":[17486,99651,99652,62643],"class_list":["post-552347","post","type-post","status-publish","format-standard","has-post-thumbnail","hentry","category-culture","category-tunisie","tag-cinemadart","tag-film-the-river","tag-ghassen-salhab","tag-tunisie"],"yoast_head":"<!-- This site is optimized with the Yoast SEO plugin v26.6 - https:\/\/yoast.com\/wordpress\/plugins\/seo\/ -->\n<title>Le cin\u00e9aste libanais Ghassen Salhab pr\u00e9sente son film \u00ab\u00a0The river\u00a0\u00bb \u00e0 Tunis - Kapitalis<\/title>\n<meta name=\"robots\" content=\"index, follow, max-snippet:-1, max-image-preview:large, max-video-preview:-1\" \/>\n<link rel=\"canonical\" href=\"https:\/\/kapitalis.com\/tunisie\/2022\/05\/12\/le-cineaste-libanais-ghassen-salhab-presente-son-film-the-river-a-tunis\/\" \/>\n<meta property=\"og:locale\" content=\"fr_FR\" \/>\n<meta property=\"og:type\" content=\"article\" \/>\n<meta property=\"og:title\" content=\"Le cin\u00e9aste libanais Ghassen Salhab pr\u00e9sente son film \u00ab\u00a0The river\u00a0\u00bb \u00e0 Tunis - Kapitalis\" \/>\n<meta property=\"og:description\" content=\"Le Cin\u00e9Madart \u00e0 Carthage accueillera le samedi 14 mai le cin\u00e9aste libanais Ghassen Salhab dans le cadre d\u2019une projection-d\u00e9bat de son film \u00ab\u00a0The river\u00a0\u00bb.\" \/>\n<meta property=\"og:url\" content=\"https:\/\/kapitalis.com\/tunisie\/2022\/05\/12\/le-cineaste-libanais-ghassen-salhab-presente-son-film-the-river-a-tunis\/\" \/>\n<meta property=\"og:site_name\" content=\"Kapitalis\" \/>\n<meta property=\"article:publisher\" content=\"https:\/\/www.facebook.com\/KapitalisInfo\/\" \/>\n<meta property=\"article:published_time\" content=\"2022-05-12T11:16:31+00:00\" \/>\n<meta property=\"article:modified_time\" content=\"2022-05-12T11:16:35+00:00\" \/>\n<meta property=\"og:image\" content=\"https:\/\/kapitalis.com\/tunisie\/wp-content\/uploads\/2022\/05\/Ghassen-Salhab.jpg\" \/>\n\t<meta property=\"og:image:width\" content=\"1200\" \/>\n\t<meta property=\"og:image:height\" content=\"630\" \/>\n\t<meta property=\"og:image:type\" content=\"image\/jpeg\" \/>\n<meta name=\"author\" content=\"Fawz BenAli\" \/>\n<meta name=\"twitter:card\" content=\"summary_large_image\" \/>\n<meta name=\"twitter:creator\" content=\"@KapitalisInfo\" \/>\n<meta name=\"twitter:site\" content=\"@KapitalisInfo\" \/>\n<meta name=\"twitter:label1\" content=\"\u00c9crit par\" \/>\n\t<meta name=\"twitter:data1\" content=\"Fawz BenAli\" \/>\n\t<meta name=\"twitter:label2\" content=\"Dur\u00e9e de lecture estim\u00e9e\" \/>\n\t<meta name=\"twitter:data2\" content=\"1 minute\" \/>\n<script type=\"application\/ld+json\" class=\"yoast-schema-graph\">{\"@context\":\"https:\/\/schema.org\",\"@graph\":[{\"@type\":\"Article\",\"@id\":\"https:\/\/kapitalis.com\/tunisie\/2022\/05\/12\/le-cineaste-libanais-ghassen-salhab-presente-son-film-the-river-a-tunis\/#article\",\"isPartOf\":{\"@id\":\"https:\/\/kapitalis.com\/tunisie\/2022\/05\/12\/le-cineaste-libanais-ghassen-salhab-presente-son-film-the-river-a-tunis\/\"},\"author\":{\"name\":\"Fawz BenAli\",\"@id\":\"https:\/\/kapitalis.com\/tunisie\/#\/schema\/person\/73a5ecc1f6ae540c6ed91342eadca948\"},\"headline\":\"Le cin\u00e9aste libanais Ghassen Salhab pr\u00e9sente son film \u00ab\u00a0The river\u00a0\u00bb \u00e0 Tunis\",\"datePublished\":\"2022-05-12T11:16:31+00:00\",\"dateModified\":\"2022-05-12T11:16:35+00:00\",\"mainEntityOfPage\":{\"@id\":\"https:\/\/kapitalis.com\/tunisie\/2022\/05\/12\/le-cineaste-libanais-ghassen-salhab-presente-son-film-the-river-a-tunis\/\"},\"wordCount\":201,\"commentCount\":0,\"publisher\":{\"@id\":\"https:\/\/kapitalis.com\/tunisie\/#organization\"},\"image\":{\"@id\":\"https:\/\/kapitalis.com\/tunisie\/2022\/05\/12\/le-cineaste-libanais-ghassen-salhab-presente-son-film-the-river-a-tunis\/#primaryimage\"},\"thumbnailUrl\":\"https:\/\/kapitalis.com\/tunisie\/wp-content\/uploads\/2022\/05\/Ghassen-Salhab.jpg\",\"keywords\":[\"Cin\u00e9Madart\",\"Film The river\",\"Ghassen Salhab\",\"Tunisie\"],\"articleSection\":[\"CULTURE\",\"Tunisie\"],\"inLanguage\":\"fr-FR\",\"potentialAction\":[{\"@type\":\"CommentAction\",\"name\":\"Comment\",\"target\":[\"https:\/\/kapitalis.com\/tunisie\/2022\/05\/12\/le-cineaste-libanais-ghassen-salhab-presente-son-film-the-river-a-tunis\/#respond\"]}]},{\"@type\":\"WebPage\",\"@id\":\"https:\/\/kapitalis.com\/tunisie\/2022\/05\/12\/le-cineaste-libanais-ghassen-salhab-presente-son-film-the-river-a-tunis\/\",\"url\":\"https:\/\/kapitalis.com\/tunisie\/2022\/05\/12\/le-cineaste-libanais-ghassen-salhab-presente-son-film-the-river-a-tunis\/\",\"name\":\"Le cin\u00e9aste libanais Ghassen Salhab pr\u00e9sente son film \u00ab\u00a0The river\u00a0\u00bb \u00e0 Tunis - Kapitalis\",\"isPartOf\":{\"@id\":\"https:\/\/kapitalis.com\/tunisie\/#website\"},\"primaryImageOfPage\":{\"@id\":\"https:\/\/kapitalis.com\/tunisie\/2022\/05\/12\/le-cineaste-libanais-ghassen-salhab-presente-son-film-the-river-a-tunis\/#primaryimage\"},\"image\":{\"@id\":\"https:\/\/kapitalis.com\/tunisie\/2022\/05\/12\/le-cineaste-libanais-ghassen-salhab-presente-son-film-the-river-a-tunis\/#primaryimage\"},\"thumbnailUrl\":\"https:\/\/kapitalis.com\/tunisie\/wp-content\/uploads\/2022\/05\/Ghassen-Salhab.jpg\",\"datePublished\":\"2022-05-12T11:16:31+00:00\",\"dateModified\":\"2022-05-12T11:16:35+00:00\",\"breadcrumb\":{\"@id\":\"https:\/\/kapitalis.com\/tunisie\/2022\/05\/12\/le-cineaste-libanais-ghassen-salhab-presente-son-film-the-river-a-tunis\/#breadcrumb\"},\"inLanguage\":\"fr-FR\",\"potentialAction\":[{\"@type\":\"ReadAction\",\"target\":[\"https:\/\/kapitalis.com\/tunisie\/2022\/05\/12\/le-cineaste-libanais-ghassen-salhab-presente-son-film-the-river-a-tunis\/\"]}]},{\"@type\":\"ImageObject\",\"inLanguage\":\"fr-FR\",\"@id\":\"https:\/\/kapitalis.com\/tunisie\/2022\/05\/12\/le-cineaste-libanais-ghassen-salhab-presente-son-film-the-river-a-tunis\/#primaryimage\",\"url\":\"https:\/\/kapitalis.com\/tunisie\/wp-content\/uploads\/2022\/05\/Ghassen-Salhab.jpg\",\"contentUrl\":\"https:\/\/kapitalis.com\/tunisie\/wp-content\/uploads\/2022\/05\/Ghassen-Salhab.jpg\",\"width\":1200,\"height\":630},{\"@type\":\"BreadcrumbList\",\"@id\":\"https:\/\/kapitalis.com\/tunisie\/2022\/05\/12\/le-cineaste-libanais-ghassen-salhab-presente-son-film-the-river-a-tunis\/#breadcrumb\",\"itemListElement\":[{\"@type\":\"ListItem\",\"position\":1,\"name\":\"Accueil\",\"item\":\"https:\/\/kapitalis.com\/tunisie\/\"},{\"@type\":\"ListItem\",\"position\":2,\"name\":\"Le cin\u00e9aste libanais Ghassen Salhab pr\u00e9sente son film \u00ab\u00a0The river\u00a0\u00bb \u00e0 Tunis\"}]},{\"@type\":\"WebSite\",\"@id\":\"https:\/\/kapitalis.com\/tunisie\/#website\",\"url\":\"https:\/\/kapitalis.com\/tunisie\/\",\"name\":\"Kapitalis\",\"description\":\"L&#039;actualit\u00e9 en Tunisie et dans le monde\",\"publisher\":{\"@id\":\"https:\/\/kapitalis.com\/tunisie\/#organization\"},\"potentialAction\":[{\"@type\":\"SearchAction\",\"target\":{\"@type\":\"EntryPoint\",\"urlTemplate\":\"https:\/\/kapitalis.com\/tunisie\/?s={search_term_string}\"},\"query-input\":{\"@type\":\"PropertyValueSpecification\",\"valueRequired\":true,\"valueName\":\"search_term_string\"}}],\"inLanguage\":\"fr-FR\"},{\"@type\":\"Organization\",\"@id\":\"https:\/\/kapitalis.com\/tunisie\/#organization\",\"name\":\"Kapitalis\",\"url\":\"https:\/\/kapitalis.com\/tunisie\/\",\"logo\":{\"@type\":\"ImageObject\",\"inLanguage\":\"fr-FR\",\"@id\":\"https:\/\/kapitalis.com\/tunisie\/#\/schema\/logo\/image\/\",\"url\":\"https:\/\/kapitalis.com\/tunisie\/wp-content\/uploads\/2022\/05\/Kapitalis-big-size.png\",\"contentUrl\":\"https:\/\/kapitalis.com\/tunisie\/wp-content\/uploads\/2022\/05\/Kapitalis-big-size.png\",\"width\":5000,\"height\":1500,\"caption\":\"Kapitalis\"},\"image\":{\"@id\":\"https:\/\/kapitalis.com\/tunisie\/#\/schema\/logo\/image\/\"},\"sameAs\":[\"https:\/\/www.facebook.com\/KapitalisInfo\/\",\"https:\/\/x.com\/KapitalisInfo\",\"https:\/\/www.youtube.com\/channel\/UC-yDYrHyfFBWWZaOw3FPg9Q\"]},{\"@type\":\"Person\",\"@id\":\"https:\/\/kapitalis.com\/tunisie\/#\/schema\/person\/73a5ecc1f6ae540c6ed91342eadca948\",\"name\":\"Fawz BenAli\",\"url\":\"https:\/\/kapitalis.com\/tunisie\/author\/fawz\/\"}]}<\/script>\n<!-- \/ Yoast SEO plugin. -->","yoast_head_json":{"title":"Le cin\u00e9aste libanais Ghassen Salhab pr\u00e9sente son film \u00ab\u00a0The river\u00a0\u00bb \u00e0 Tunis - Kapitalis","robots":{"index":"index","follow":"follow","max-snippet":"max-snippet:-1","max-image-preview":"max-image-preview:large","max-video-preview":"max-video-preview:-1"},"canonical":"https:\/\/kapitalis.com\/tunisie\/2022\/05\/12\/le-cineaste-libanais-ghassen-salhab-presente-son-film-the-river-a-tunis\/","og_locale":"fr_FR","og_type":"article","og_title":"Le cin\u00e9aste libanais Ghassen Salhab pr\u00e9sente son film \u00ab\u00a0The river\u00a0\u00bb \u00e0 Tunis - Kapitalis","og_description":"Le Cin\u00e9Madart \u00e0 Carthage accueillera le samedi 14 mai le cin\u00e9aste libanais Ghassen Salhab dans le cadre d\u2019une projection-d\u00e9bat de son film \u00ab\u00a0The river\u00a0\u00bb.","og_url":"https:\/\/kapitalis.com\/tunisie\/2022\/05\/12\/le-cineaste-libanais-ghassen-salhab-presente-son-film-the-river-a-tunis\/","og_site_name":"Kapitalis","article_publisher":"https:\/\/www.facebook.com\/KapitalisInfo\/","article_published_time":"2022-05-12T11:16:31+00:00","article_modified_time":"2022-05-12T11:16:35+00:00","og_image":[{"width":1200,"height":630,"url":"https:\/\/kapitalis.com\/tunisie\/wp-content\/uploads\/2022\/05\/Ghassen-Salhab.jpg","type":"image\/jpeg"}],"author":"Fawz BenAli","twitter_card":"summary_large_image","twitter_creator":"@KapitalisInfo","twitter_site":"@KapitalisInfo","twitter_misc":{"\u00c9crit par":"Fawz BenAli","Dur\u00e9e de lecture estim\u00e9e":"1 minute"},"schema":{"@context":"https:\/\/schema.org","@graph":[{"@type":"Article","@id":"https:\/\/kapitalis.com\/tunisie\/2022\/05\/12\/le-cineaste-libanais-ghassen-salhab-presente-son-film-the-river-a-tunis\/#article","isPartOf":{"@id":"https:\/\/kapitalis.com\/tunisie\/2022\/05\/12\/le-cineaste-libanais-ghassen-salhab-presente-son-film-the-river-a-tunis\/"},"author":{"name":"Fawz BenAli","@id":"https:\/\/kapitalis.com\/tunisie\/#\/schema\/person\/73a5ecc1f6ae540c6ed91342eadca948"},"headline":"Le cin\u00e9aste libanais Ghassen Salhab pr\u00e9sente son film \u00ab\u00a0The river\u00a0\u00bb \u00e0 Tunis","datePublished":"2022-05-12T11:16:31+00:00","dateModified":"2022-05-12T11:16:35+00:00","mainEntityOfPage":{"@id":"https:\/\/kapitalis.com\/tunisie\/2022\/05\/12\/le-cineaste-libanais-ghassen-salhab-presente-son-film-the-river-a-tunis\/"},"wordCount":201,"commentCount":0,"publisher":{"@id":"https:\/\/kapitalis.com\/tunisie\/#organization"},"image":{"@id":"https:\/\/kapitalis.com\/tunisie\/2022\/05\/12\/le-cineaste-libanais-ghassen-salhab-presente-son-film-the-river-a-tunis\/#primaryimage"},"thumbnailUrl":"https:\/\/kapitalis.com\/tunisie\/wp-content\/uploads\/2022\/05\/Ghassen-Salhab.jpg","keywords":["Cin\u00e9Madart","Film The river","Ghassen Salhab","Tunisie"],"articleSection":["CULTURE","Tunisie"],"inLanguage":"fr-FR","potentialAction":[{"@type":"CommentAction","name":"Comment","target":["https:\/\/kapitalis.com\/tunisie\/2022\/05\/12\/le-cineaste-libanais-ghassen-salhab-presente-son-film-the-river-a-tunis\/#respond"]}]},{"@type":"WebPage","@id":"https:\/\/kapitalis.com\/tunisie\/2022\/05\/12\/le-cineaste-libanais-ghassen-salhab-presente-son-film-the-river-a-tunis\/","url":"https:\/\/kapitalis.com\/tunisie\/2022\/05\/12\/le-cineaste-libanais-ghassen-salhab-presente-son-film-the-river-a-tunis\/","name":"Le cin\u00e9aste libanais Ghassen Salhab pr\u00e9sente son film \u00ab\u00a0The river\u00a0\u00bb \u00e0 Tunis - Kapitalis","isPartOf":{"@id":"https:\/\/kapitalis.com\/tunisie\/#website"},"primaryImageOfPage":{"@id":"https:\/\/kapitalis.com\/tunisie\/2022\/05\/12\/le-cineaste-libanais-ghassen-salhab-presente-son-film-the-river-a-tunis\/#primaryimage"},"image":{"@id":"https:\/\/kapitalis.com\/tunisie\/2022\/05\/12\/le-cineaste-libanais-ghassen-salhab-presente-son-film-the-river-a-tunis\/#primaryimage"},"thumbnailUrl":"https:\/\/kapitalis.com\/tunisie\/wp-content\/uploads\/2022\/05\/Ghassen-Salhab.jpg","datePublished":"2022-05-12T11:16:31+00:00","dateModified":"2022-05-12T11:16:35+00:00","breadcrumb":{"@id":"https:\/\/kapitalis.com\/tunisie\/2022\/05\/12\/le-cineaste-libanais-ghassen-salhab-presente-son-film-the-river-a-tunis\/#breadcrumb"},"inLanguage":"fr-FR","potentialAction":[{"@type":"ReadAction","target":["https:\/\/kapitalis.com\/tunisie\/2022\/05\/12\/le-cineaste-libanais-ghassen-salhab-presente-son-film-the-river-a-tunis\/"]}]},{"@type":"ImageObject","inLanguage":"fr-FR","@id":"https:\/\/kapitalis.com\/tunisie\/2022\/05\/12\/le-cineaste-libanais-ghassen-salhab-presente-son-film-the-river-a-tunis\/#primaryimage","url":"https:\/\/kapitalis.com\/tunisie\/wp-content\/uploads\/2022\/05\/Ghassen-Salhab.jpg","contentUrl":"https:\/\/kapitalis.com\/tunisie\/wp-content\/uploads\/2022\/05\/Ghassen-Salhab.jpg","width":1200,"height":630},{"@type":"BreadcrumbList","@id":"https:\/\/kapitalis.com\/tunisie\/2022\/05\/12\/le-cineaste-libanais-ghassen-salhab-presente-son-film-the-river-a-tunis\/#breadcrumb","itemListElement":[{"@type":"ListItem","position":1,"name":"Accueil","item":"https:\/\/kapitalis.com\/tunisie\/"},{"@type":"ListItem","position":2,"name":"Le cin\u00e9aste libanais Ghassen Salhab pr\u00e9sente son film \u00ab\u00a0The river\u00a0\u00bb \u00e0 Tunis"}]},{"@type":"WebSite","@id":"https:\/\/kapitalis.com\/tunisie\/#website","url":"https:\/\/kapitalis.com\/tunisie\/","name":"Kapitalis","description":"L&#039;actualit\u00e9 en Tunisie et dans le monde","publisher":{"@id":"https:\/\/kapitalis.com\/tunisie\/#organization"},"potentialAction":[{"@type":"SearchAction","target":{"@type":"EntryPoint","urlTemplate":"https:\/\/kapitalis.com\/tunisie\/?s={search_term_string}"},"query-input":{"@type":"PropertyValueSpecification","valueRequired":true,"valueName":"search_term_string"}}],"inLanguage":"fr-FR"},{"@type":"Organization","@id":"https:\/\/kapitalis.com\/tunisie\/#organization","name":"Kapitalis","url":"https:\/\/kapitalis.com\/tunisie\/","logo":{"@type":"ImageObject","inLanguage":"fr-FR","@id":"https:\/\/kapitalis.com\/tunisie\/#\/schema\/logo\/image\/","url":"https:\/\/kapitalis.com\/tunisie\/wp-content\/uploads\/2022\/05\/Kapitalis-big-size.png","contentUrl":"https:\/\/kapitalis.com\/tunisie\/wp-content\/uploads\/2022\/05\/Kapitalis-big-size.png","width":5000,"height":1500,"caption":"Kapitalis"},"image":{"@id":"https:\/\/kapitalis.com\/tunisie\/#\/schema\/logo\/image\/"},"sameAs":["https:\/\/www.facebook.com\/KapitalisInfo\/","https:\/\/x.com\/KapitalisInfo","https:\/\/www.youtube.com\/channel\/UC-yDYrHyfFBWWZaOw3FPg9Q"]},{"@type":"Person","@id":"https:\/\/kapitalis.com\/tunisie\/#\/schema\/person\/73a5ecc1f6ae540c6ed91342eadca948","name":"Fawz BenAli","url":"https:\/\/kapitalis.com\/tunisie\/author\/fawz\/"}]}},"_links":{"self":[{"href":"https:\/\/kapitalis.com\/tunisie\/wp-json\/wp\/v2\/posts\/552347","targetHints":{"allow":["GET"]}}],"collection":[{"href":"https:\/\/kapitalis.com\/tunisie\/wp-json\/wp\/v2\/posts"}],"about":[{"href":"https:\/\/kapitalis.com\/tunisie\/wp-json\/wp\/v2\/types\/post"}],"author":[{"embeddable":true,"href":"https:\/\/kapitalis.com\/tunisie\/wp-json\/wp\/v2\/users\/26"}],"replies":[{"embeddable":true,"href":"https:\/\/kapitalis.com\/tunisie\/wp-json\/wp\/v2\/comments?post=552347"}],"version-history":[{"count":0,"href":"https:\/\/kapitalis.com\/tunisie\/wp-json\/wp\/v2\/posts\/552347\/revisions"}],"wp:featuredmedia":[{"embeddable":true,"href":"https:\/\/kapitalis.com\/tunisie\/wp-json\/wp\/v2\/media\/553438"}],"wp:attachment":[{"href":"https:\/\/kapitalis.com\/tunisie\/wp-json\/wp\/v2\/media?parent=552347"}],"wp:term":[{"taxonomy":"category","embeddable":true,"href":"https:\/\/kapitalis.com\/tunisie\/wp-json\/wp\/v2\/categories?post=552347"},{"taxonomy":"post_tag","embeddable":true,"href":"https:\/\/kapitalis.com\/tunisie\/wp-json\/wp\/v2\/tags?post=552347"}],"curies":[{"name":"wp","href":"https:\/\/api.w.org\/{rel}","templated":true}]}}